{"id":55760,"date":"2020-12-06T16:56:55","date_gmt":"2020-12-06T22:56:55","guid":{"rendered":"http:\/\/www.grieta.org.mx\/?p=55760"},"modified":"2020-12-13T17:04:01","modified_gmt":"2020-12-13T23:04:01","slug":"hasta-30-mil-menores-de-edad-empezaran-a-trabajar-por-el-impacto-de-la-pandemia","status":"publish","type":"post","link":"https:\/\/www.grieta.org.mx\/index.php\/2020\/12\/06\/hasta-30-mil-menores-de-edad-empezaran-a-trabajar-por-el-impacto-de-la-pandemia\/","title":{"rendered":"Hasta 30 mil menores de edad empezar\u00e1n a trabajar por el impacto de la pandemia"},"content":{"rendered":"<p><img loading=\"lazy\" decoding=\"async\" data-attachment-id=\"55761\" data-permalink=\"https:\/\/www.grieta.org.mx\/index.php\/2020\/12\/06\/hasta-30-mil-menores-de-edad-empezaran-a-trabajar-por-el-impacto-de-la-pandemia\/hasta-30-mil-menores-de-edad-empezaran-a-trabajar-por-el-impacto-de-la-pandemia-ninez-dic-2020\/\" data-orig-file=\"https:\/\/www.grieta.org.mx\/wp-content\/uploads\/2020\/12\/Hasta-30-mil-menores-de-edad-empezaran-a-trabajar-por-el-impacto-de-la-pandemia-ninez-dic-2020.jpeg\" data-orig-size=\"1770,924\" data-comments-opened=\"0\" data-image-meta=\"{&quot;aperture&quot;:&quot;0&quot;,&quot;credit&quot;:&quot;&quot;,&quot;camera&quot;:&quot;&quot;,&quot;caption&quot;:&quot;&quot;,&quot;created_timestamp&quot;:&quot;0&quot;,&quot;copyright&quot;:&quot;&quot;,&quot;focal_length&quot;:&quot;0&quot;,&quot;iso&quot;:&quot;0&quot;,&quot;shutter_speed&quot;:&quot;0&quot;,&quot;title&quot;:&quot;&quot;,&quot;orientation&quot;:&quot;0&quot;}\" data-image-title=\"Hasta 30 mil menores de edad empezar\u00e1n a trabajar por el impacto de la pandemia ni\u00f1ez dic 2020\" data-image-description=\"\" data-image-caption=\"\" data-medium-file=\"https:\/\/www.grieta.org.mx\/wp-content\/uploads\/2020\/12\/Hasta-30-mil-menores-de-edad-empezaran-a-trabajar-por-el-impacto-de-la-pandemia-ninez-dic-2020-300x157.jpeg\" data-large-file=\"https:\/\/www.grieta.org.mx\/wp-content\/uploads\/2020\/12\/Hasta-30-mil-menores-de-edad-empezaran-a-trabajar-por-el-impacto-de-la-pandemia-ninez-dic-2020-1024x535.jpeg\" class=\"alignnone  wp-image-55761\" src=\"http:\/\/www.grieta.org.mx\/wp-content\/uploads\/2020\/12\/Hasta-30-mil-menores-de-edad-empezaran-a-trabajar-por-el-impacto-de-la-pandemia-ninez-dic-2020.jpeg\" alt=\"\" width=\"649\" height=\"339\" srcset=\"https:\/\/www.grieta.org.mx\/wp-content\/uploads\/2020\/12\/Hasta-30-mil-menores-de-edad-empezaran-a-trabajar-por-el-impacto-de-la-pandemia-ninez-dic-2020.jpeg 1770w, https:\/\/www.grieta.org.mx\/wp-content\/uploads\/2020\/12\/Hasta-30-mil-menores-de-edad-empezaran-a-trabajar-por-el-impacto-de-la-pandemia-ninez-dic-2020-300x157.jpeg 300w, https:\/\/www.grieta.org.mx\/wp-content\/uploads\/2020\/12\/Hasta-30-mil-menores-de-edad-empezaran-a-trabajar-por-el-impacto-de-la-pandemia-ninez-dic-2020-1024x535.jpeg 1024w, https:\/\/www.grieta.org.mx\/wp-content\/uploads\/2020\/12\/Hasta-30-mil-menores-de-edad-empezaran-a-trabajar-por-el-impacto-de-la-pandemia-ninez-dic-2020-768x401.jpeg 768w, https:\/\/www.grieta.org.mx\/wp-content\/uploads\/2020\/12\/Hasta-30-mil-menores-de-edad-empezaran-a-trabajar-por-el-impacto-de-la-pandemia-ninez-dic-2020-1536x802.jpeg 1536w, https:\/\/www.grieta.org.mx\/wp-content\/uploads\/2020\/12\/Hasta-30-mil-menores-de-edad-empezaran-a-trabajar-por-el-impacto-de-la-pandemia-ninez-dic-2020-958x500.jpeg 958w\" sizes=\"auto, (max-width: 649px) 100vw, 649px\" \/><\/p>\n<h6>Foto: Cuartoscuro<\/h6>\n<p>Itxaro Arteta \/ Animal Pol\u00edtico<\/p>\n<blockquote><p>Especialistas se\u00f1alan que el trabajo infantil perpet\u00faa la pobreza de las familias; OIT calcula que 30 mil menores de edad podr\u00edan incorporarse al mercado laboral en M\u00e9xico por la pandemia.<\/p><\/blockquote>\n<p>El impacto de la pandemia de COVID-19 en la econom\u00eda de M\u00e9xico provocar\u00e1 que muchos ni\u00f1os, ni\u00f1as y adolescentes se incorporen al mercado laboral para tratar de mejorar los ingresos de sus familias. La proyecci\u00f3n de la Organizaci\u00f3n Internacional del Trabajo (OIT) es que el trabajo infantil en el pa\u00eds suba entre 0.7 y 1%, lo que implica entre 21 mil y 30 mil menores de edad, de acuerdo con Marisela Reyes, de la Red por los Derechos de la Infancia en M\u00e9xico (Redim).<\/p>\n<p>La Comisi\u00f3n Econ\u00f3mica para Am\u00e9rica Latina y el Caribe (Cepal), por su parte, ha calculado el incremento del trabajo infantil en M\u00e9xico en un poco menos, 0.4%, pero ha subrayado que ser\u00e1 un retroceso de dos a\u00f1os en lo que se hab\u00eda avanzado en cuanto a combate de este problema, subray\u00f3 Alejandro L\u00f3pez Mercado, director de Administraci\u00f3n del Sistema Nacional de Protecci\u00f3n Integral de Ni\u00f1as, Ni\u00f1os y Adolescentes (Sipinna).<\/p>\n<p>Los especialistas participaron en la presentaci\u00f3n del informe <a href=\"https:\/\/www.masreformasmejortrabajo.mx\/index.php\/documentos\/ir-a-documentos\/item\/download\/44_b6cf6dde992982e3b6581e3d0ea141eb\" target=\"_blank\" rel=\"noopener\"><i>Infancia con derechos: Trabajo infantil y Trabajo infantil forzoso en M\u00e9xico<\/i><\/a>, de las investigadoras Alicia Vargas y Sandra Mej\u00eda, publicado por la Red de Mujeres Sindicalistas y la Fundaci\u00f3n Friedrich Ebert.<\/p>\n<p>Vargas remarc\u00f3 que cuando aumenta la pobreza, aumenta el trabajo de menores de edad, a pesar de que \u00e9ste no sirve como mecanismo para salir de ella, sino todo lo contrario.<\/p>\n<p>\u201cEl trabajo infantil lo que s\u00ed perpet\u00faa es la propia pobreza de las familias. El ingreso que se genera por el trabajo infantil no es lo suficientemente importante como para poder disminuir la pobreza de la familia; solamente es un paliativo que contribuye a atender las necesidades inmediatas, la urgencia inmediata de adquisici\u00f3n de bienes, a veces alimentarios, a veces escolares, a veces de vestimenta\u2026 lo m\u00e1s inmediato, pero que no necesariamente el ni\u00f1o que trabaja se convierte en un sostenedor fundamental y estrat\u00e9gico para modificar la pobreza de la familia\u201d, afirm\u00f3.<\/p>\n<p>La correlaci\u00f3n entre pobreza y trabajo infantil se ve m\u00e1s acentuada entre poblaci\u00f3n ind\u00edgena, que es tambi\u00e9n la que tiene peores condiciones econ\u00f3micas, seg\u00fan muestran las mediciones del Consejo Nacional de Evaluaci\u00f3n de la Pol\u00edtica de Desarrollo Social (Coneval).<\/p>\n<p>\u201cEntre la poblaci\u00f3n no-ind\u00edgena, 15.7% de ni\u00f1as y ni\u00f1os trabajan, mientras que en la poblaci\u00f3n ind\u00edgena el trabajo infantil representa m\u00e1s del doble, sobrepasando 36% de los ni\u00f1os y ni\u00f1as ind\u00edgenas que trabajan. (\u2026) Unicef nos se\u00f1ala que 40% de las ni\u00f1as y ni\u00f1os que trabajan no van a la escuela, pero en la poblaci\u00f3n ind\u00edgena el porcentaje se eleva hasta casi 60%\u201d, destaca el informe.<\/p>\n<p>Los datos oficiales son que de los m\u00e1s de 29 millones de menores entre 5 y 17 a\u00f1os que hay en el pa\u00eds, 3.6 millones trabajan, alrededor del 11%. Y de esos, 1.2 millones no tienen la edad m\u00ednima legal para trabajar, que son 14 a\u00f1os, de modo que no est\u00e1n bajo ning\u00fan tipo de supervisi\u00f3n o regulaci\u00f3n, lo cual deja en desprotecci\u00f3n sus derechos humanos.<\/p>\n<p>Las especialistas hicieron \u00e9nfasis en la necesidad de abordar el problema del trabajo infantil tambi\u00e9n con perspectiva de g\u00e9nero. La pandemia ha agravado y visibilizado que mucho del trabajo no remunerado de las tareas de cuidado y del hogar lo realizan ni\u00f1as y adolescentes mujeres.<\/p>\n<p>El 9.9% de servicios dom\u00e9sticos los realizan ni\u00f1as, mientras que solo hay un 1.1% de ni\u00f1os. Adem\u00e1s, la brecha salarial empieza desde esas edades: en las zonas m\u00e1s urbanizadas, los varones menores de edad que ganan tres salarios m\u00ednimos son cinco veces m\u00e1s que las mujeres que llegan a percibir eso.<\/p>\n<p><a href=\"https:\/\/www.animalpolitico.com\/2020\/12\/30-mil-menores-empezaran-a-trabajar-impacto-pandemia\/\" target=\"_blank\" rel=\"noopener\">https:\/\/www.animalpolitico.com\/2020\/12\/30-mil-menores-empezaran-a-trabajar-impacto-pandemia\/<\/a><\/p>\n","protected":false},"excerpt":{"rendered":"<p>Foto: Cuartoscuro Itxaro Arteta \/ Animal Pol\u00edtico Especialistas se\u00f1alan que el trabajo infantil perpet\u00faa la pobreza de las familias; OIT calcula que 30 mil menores de edad podr\u00edan incorporarse al &hellip; <a href=\"https:\/\/www.grieta.org.mx\/index.php\/2020\/12\/06\/hasta-30-mil-menores-de-edad-empezaran-a-trabajar-por-el-impacto-de-la-pandemia\/\" class=\"more-link\">Leer m\u00e1s<\/a><\/p>\n","protected":false},"author":2,"featured_media":55761,"comment_status":"closed","ping_status":"closed","sticky":false,"template":"","format":"standard","meta":{"ngg_post_thumbnail":0,"_jetpack_newsletter_access":"","_jetpack_dont_email_post_to_subs":false,"_jetpack_newsletter_tier_id":0,"_jetpack_memberships_contains_paywalled_content":false,"_jetpack_memberships_contains_paid_content":false,"footnotes":""},"categories":[80,918,1827,83],"tags":[2362],"class_list":["post-55760","post","type-post","status-publish","format-standard","has-post-thumbnail","hentry","category-cintillo","category-privatizacion-del-sector-salud","category-la-ninez-en-la-tormenta-capitalista","category-temas-nacionales","tag-la-ninez-en-la-tormenta","entry"],"jetpack_featured_media_url":"https:\/\/www.grieta.org.mx\/wp-content\/uploads\/2020\/12\/Hasta-30-mil-menores-de-edad-empezaran-a-trabajar-por-el-impacto-de-la-pandemia-ninez-dic-2020.jpeg","jetpack_sharing_enabled":true,"jetpack_shortlink":"https:\/\/wp.me\/p7ZJR4-evm","jetpack_likes_enabled":false,"jetpack-related-posts":[{"id":49339,"url":"https:\/\/www.grieta.org.mx\/index.php\/2020\/05\/11\/20-mil-ninos-trabajan-en-colima-56-en-actividades-peligrosas\/","url_meta":{"origin":55760,"position":0},"title":"20 mil ni\u00f1os trabajan en Colima; 56% en actividades peligrosas","author":"grieta","date":"11 mayo, 2020","format":false,"excerpt":"Foto: Ilustrativa Heidi de Le\u00f3n Guti\u00e9rrez \/ Diario Avanzada Colima, M\u00e9xico, Avanzada (11\/05\/2020).- La secretar\u00eda de Trabajo y Previsi\u00f3n Social (STYPS) detect\u00f3 a 20 mil 86 ni\u00f1os, ni\u00f1as y adolescentes que realizan una ocupaci\u00f3n o actividad laboral que no est\u00e1 permitida, principalmente en el campo colimense. Adem\u00e1s de esos 20\u2026","rel":"","context":"En &quot;CINTILLO&quot;","block_context":{"text":"CINTILLO","link":"https:\/\/www.grieta.org.mx\/index.php\/category\/cintillo\/"},"img":{"alt_text":"","src":"https:\/\/i0.wp.com\/www.grieta.org.mx\/wp-content\/uploads\/2020\/05\/b2d91eca3_normal_noticia.jpg?resize=350%2C200&ssl=1","width":350,"height":200,"srcset":"https:\/\/i0.wp.com\/www.grieta.org.mx\/wp-content\/uploads\/2020\/05\/b2d91eca3_normal_noticia.jpg?resize=350%2C200&ssl=1 1x, https:\/\/i0.wp.com\/www.grieta.org.mx\/wp-content\/uploads\/2020\/05\/b2d91eca3_normal_noticia.jpg?resize=525%2C300&ssl=1 1.5x, https:\/\/i0.wp.com\/www.grieta.org.mx\/wp-content\/uploads\/2020\/05\/b2d91eca3_normal_noticia.jpg?resize=700%2C400&ssl=1 2x"},"classes":[]},{"id":68813,"url":"https:\/\/www.grieta.org.mx\/index.php\/2024\/04\/11\/inegi-28-mil-menores-trabajan-en-colima-14-mil-en-labores-no-permitidas\/","url_meta":{"origin":55760,"position":1},"title":"INEGI: 28 mil menores trabajan en Colima, 14 mil en labores no permitidas","author":"grieta","date":"11 abril, 2024","format":false,"excerpt":"Imagen ilustrativa, creada con inteligencia artificial, Diario Avanzada Heidi de Le\u00f3n Guti\u00e9rrez\/ Diario Avanzada Colima, M\u00e9xico, Avanzada (11\/04\/2024).- La m\u00e1s reciente Encuesta Nacional de Trabajo Infantil elaborada por el INEGI revela que 28 mil ni\u00f1os en Colima est\u00e1n involucrados en actividades laborales, y la mitad de los menores de edad,\u2026","rel":"","context":"En &quot;CINTILLO&quot;","block_context":{"text":"CINTILLO","link":"https:\/\/www.grieta.org.mx\/index.php\/category\/cintillo\/"},"img":{"alt_text":"","src":"https:\/\/i0.wp.com\/www.grieta.org.mx\/wp-content\/uploads\/2024\/04\/aaa-77.jpg?resize=350%2C200&ssl=1","width":350,"height":200,"srcset":"https:\/\/i0.wp.com\/www.grieta.org.mx\/wp-content\/uploads\/2024\/04\/aaa-77.jpg?resize=350%2C200&ssl=1 1x, https:\/\/i0.wp.com\/www.grieta.org.mx\/wp-content\/uploads\/2024\/04\/aaa-77.jpg?resize=525%2C300&ssl=1 1.5x, https:\/\/i0.wp.com\/www.grieta.org.mx\/wp-content\/uploads\/2024\/04\/aaa-77.jpg?resize=700%2C400&ssl=1 2x, https:\/\/i0.wp.com\/www.grieta.org.mx\/wp-content\/uploads\/2024\/04\/aaa-77.jpg?resize=1050%2C600&ssl=1 3x, https:\/\/i0.wp.com\/www.grieta.org.mx\/wp-content\/uploads\/2024\/04\/aaa-77.jpg?resize=1400%2C800&ssl=1 4x"},"classes":[]},{"id":33155,"url":"https:\/\/www.grieta.org.mx\/index.php\/2019\/04\/30\/cambiaron-juguetes-por-herramientas-de-trabajo-hay-explotacion-infantil-en-2-8-mil-hogares-de-hidalgo\/","url_meta":{"origin":55760,"position":2},"title":"Cambiaron juguetes por herramientas de trabajo: hay explotaci\u00f3n infantil en 2.8 mil hogares de Hidalgo","author":"grieta","date":"30 abril, 2019","format":false,"excerpt":"Emmanuel Ameth \/ Todochicoloapan.com No s\u00f3lo explotaci\u00f3n infantil, tambi\u00e9n hay menores que trabajan \u201clegalmente\u201d Existen 96.5 mil ni\u00f1os hidalguenses que trabajan para poder tener sustento econ\u00f3mico; de estos, 54 mil 249 lo hacen en trabajos no permitidos, ya sea porque son menores a la edad m\u00ednima permitida de 15 a\u00f1os\u2026","rel":"","context":"En &quot;CINTILLO&quot;","block_context":{"text":"CINTILLO","link":"https:\/\/www.grieta.org.mx\/index.php\/category\/cintillo\/"},"img":{"alt_text":"","src":"https:\/\/i0.wp.com\/www.grieta.org.mx\/wp-content\/uploads\/2019\/05\/noticias_20190430181042_1625.jpg?resize=350%2C200&ssl=1","width":350,"height":200,"srcset":"https:\/\/i0.wp.com\/www.grieta.org.mx\/wp-content\/uploads\/2019\/05\/noticias_20190430181042_1625.jpg?resize=350%2C200&ssl=1 1x, https:\/\/i0.wp.com\/www.grieta.org.mx\/wp-content\/uploads\/2019\/05\/noticias_20190430181042_1625.jpg?resize=525%2C300&ssl=1 1.5x, https:\/\/i0.wp.com\/www.grieta.org.mx\/wp-content\/uploads\/2019\/05\/noticias_20190430181042_1625.jpg?resize=700%2C400&ssl=1 2x"},"classes":[]},{"id":40280,"url":"https:\/\/www.grieta.org.mx\/index.php\/2019\/10\/13\/cerca-de-302-mil-menores-trabajan-en-el-sector-informal-estado-de-mexico\/","url_meta":{"origin":55760,"position":3},"title":"Cerca de 302 mil menores trabajan en el sector informal (Estado de M\u00e9xico)","author":"grieta","date":"13 octubre, 2019","format":false,"excerpt":"Alma Rodr\u00edguez \/ Capital EdoMex En el Estado de M\u00e9xico se tiene un registro de 340 mil menores entre los 5 y 17 a\u00f1os de edad que labora, de los cuales, el 89% lo hace en condiciones no permitidas, es decir, cerca de 302 mil infantes y el 11% restante\u2026","rel":"","context":"En &quot;CINTILLO&quot;","block_context":{"text":"CINTILLO","link":"https:\/\/www.grieta.org.mx\/index.php\/category\/cintillo\/"},"img":{"alt_text":"","src":"https:\/\/i0.wp.com\/www.grieta.org.mx\/wp-content\/uploads\/2019\/10\/Cerca-de-302-mil-menores-trabajan-en-el-sector-informal-edomex-oct.jpg?resize=350%2C200","width":350,"height":200},"classes":[]},{"id":69196,"url":"https:\/\/www.grieta.org.mx\/index.php\/2024\/06\/13\/en-riesgo-14-mil-ninos-colimenses-5-mil-no-van-a-la-escuela-inegi-colima\/","url_meta":{"origin":55760,"position":4},"title":"En riesgo, 14 mil ni\u00f1os colimenses; 5 mil no van a la escuela: INEGI (Colima)","author":"grieta","date":"13 junio, 2024","format":false,"excerpt":"Imagen: Ilustrativa, tomada de la Red, Diario Avanzada Heidi de Le\u00f3n Guti\u00e9rrez \/ Diario Avanzada Colima, M\u00e9xico, Avanzada (13\/06\/2024).- En el marco del D\u00eda Mundial contra el Trabajo Infantil que se conmemor\u00f3 ayer, el Instituto Nacional de Estad\u00edstica y Geograf\u00eda (INEGI) revel\u00f3 que 14 mil ni\u00f1os y adolescentes colimenses, de\u2026","rel":"","context":"En &quot;CINTILLO&quot;","block_context":{"text":"CINTILLO","link":"https:\/\/www.grieta.org.mx\/index.php\/category\/cintillo\/"},"img":{"alt_text":"","src":"https:\/\/i0.wp.com\/www.grieta.org.mx\/wp-content\/uploads\/2024\/06\/img_0384-1.jpg?resize=350%2C200&ssl=1","width":350,"height":200,"srcset":"https:\/\/i0.wp.com\/www.grieta.org.mx\/wp-content\/uploads\/2024\/06\/img_0384-1.jpg?resize=350%2C200&ssl=1 1x, https:\/\/i0.wp.com\/www.grieta.org.mx\/wp-content\/uploads\/2024\/06\/img_0384-1.jpg?resize=525%2C300&ssl=1 1.5x, https:\/\/i0.wp.com\/www.grieta.org.mx\/wp-content\/uploads\/2024\/06\/img_0384-1.jpg?resize=700%2C400&ssl=1 2x, https:\/\/i0.wp.com\/www.grieta.org.mx\/wp-content\/uploads\/2024\/06\/img_0384-1.jpg?resize=1050%2C600&ssl=1 3x, https:\/\/i0.wp.com\/www.grieta.org.mx\/wp-content\/uploads\/2024\/06\/img_0384-1.jpg?resize=1400%2C800&ssl=1 4x"},"classes":[]},{"id":67919,"url":"https:\/\/www.grieta.org.mx\/index.php\/2023\/10\/06\/catorce-mil-ninos-en-colima-estan-en-riesgo-por-el-trabajo-que-realizan\/","url_meta":{"origin":55760,"position":5},"title":"Catorce mil ni\u00f1os en Colima est\u00e1n en riesgo por el trabajo que realizan","author":"grieta","date":"6 octubre, 2023","format":false,"excerpt":"Imagen: Diario Avanzada Heidi de Le\u00f3n Guti\u00e9rrez \/ luzia.com Colima, M\u00e9xico, Avanzada (06\/10\/2023).- La Encuesta Nacional de Trabajo Infantil (ENTI) 2022, revel\u00f3 que m\u00e1s de 28 mil ni\u00f1os y ni\u00f1as en Colima est\u00e1n involucrados en actividades laborales, y la mitad de ellos realizan trabajos no aptos para su edad, lo\u2026","rel":"","context":"En &quot;CINTILLO&quot;","block_context":{"text":"CINTILLO","link":"https:\/\/www.grieta.org.mx\/index.php\/category\/cintillo\/"},"img":{"alt_text":"","src":"https:\/\/i0.wp.com\/www.grieta.org.mx\/wp-content\/uploads\/2023\/10\/Imagen-de-WhatsApp-2023-10-06-a-las-07.09.10_ae8d068c.jpg?resize=350%2C200&ssl=1","width":350,"height":200,"srcset":"https:\/\/i0.wp.com\/www.grieta.org.mx\/wp-content\/uploads\/2023\/10\/Imagen-de-WhatsApp-2023-10-06-a-las-07.09.10_ae8d068c.jpg?resize=350%2C200&ssl=1 1x, https:\/\/i0.wp.com\/www.grieta.org.mx\/wp-content\/uploads\/2023\/10\/Imagen-de-WhatsApp-2023-10-06-a-las-07.09.10_ae8d068c.jpg?resize=525%2C300&ssl=1 1.5x, https:\/\/i0.wp.com\/www.grieta.org.mx\/wp-content\/uploads\/2023\/10\/Imagen-de-WhatsApp-2023-10-06-a-las-07.09.10_ae8d068c.jpg?resize=700%2C400&ssl=1 2x"},"classes":[]}],"_links":{"self":[{"href":"https:\/\/www.grieta.org.mx\/index.php\/wp-json\/wp\/v2\/posts\/55760","targetHints":{"allow":["GET"]}}],"collection":[{"href":"https:\/\/www.grieta.org.mx\/index.php\/wp-json\/wp\/v2\/posts"}],"about":[{"href":"https:\/\/www.grieta.org.mx\/index.php\/wp-json\/wp\/v2\/types\/post"}],"author":[{"embeddable":true,"href":"https:\/\/www.grieta.org.mx\/index.php\/wp-json\/wp\/v2\/users\/2"}],"replies":[{"embeddable":true,"href":"https:\/\/www.grieta.org.mx\/index.php\/wp-json\/wp\/v2\/comments?post=55760"}],"version-history":[{"count":1,"href":"https:\/\/www.grieta.org.mx\/index.php\/wp-json\/wp\/v2\/posts\/55760\/revisions"}],"predecessor-version":[{"id":55763,"href":"https:\/\/www.grieta.org.mx\/index.php\/wp-json\/wp\/v2\/posts\/55760\/revisions\/55763"}],"wp:featuredmedia":[{"embeddable":true,"href":"https:\/\/www.grieta.org.mx\/index.php\/wp-json\/wp\/v2\/media\/55761"}],"wp:attachment":[{"href":"https:\/\/www.grieta.org.mx\/index.php\/wp-json\/wp\/v2\/media?parent=55760"}],"wp:term":[{"taxonomy":"category","embeddable":true,"href":"https:\/\/www.grieta.org.mx\/index.php\/wp-json\/wp\/v2\/categories?post=55760"},{"taxonomy":"post_tag","embeddable":true,"href":"https:\/\/www.grieta.org.mx\/index.php\/wp-json\/wp\/v2\/tags?post=55760"}],"curies":[{"name":"wp","href":"https:\/\/api.w.org\/{rel}","templated":true}]}}