{"id":55752,"date":"2020-12-10T15:40:21","date_gmt":"2020-12-10T21:40:21","guid":{"rendered":"http:\/\/www.grieta.org.mx\/?p=55752"},"modified":"2020-12-12T15:51:37","modified_gmt":"2020-12-12T21:51:37","slug":"medicos-se-manifiestan-frente-a-palacio-de-gobierno-por-despidos-injustificados-nayarit","status":"publish","type":"post","link":"https:\/\/www.grieta.org.mx\/index.php\/2020\/12\/10\/medicos-se-manifiestan-frente-a-palacio-de-gobierno-por-despidos-injustificados-nayarit\/","title":{"rendered":"M\u00e9dicos se manifiestan frente a palacio de gobierno por despidos injustificados (Nayarit)"},"content":{"rendered":"<p><img loading=\"lazy\" decoding=\"async\" data-attachment-id=\"55753\" data-permalink=\"https:\/\/www.grieta.org.mx\/index.php\/2020\/12\/10\/medicos-se-manifiestan-frente-a-palacio-de-gobierno-por-despidos-injustificados-nayarit\/covid-9-630x420\/\" data-orig-file=\"https:\/\/www.grieta.org.mx\/wp-content\/uploads\/2020\/12\/covid-9-630x420-1.jpg\" data-orig-size=\"630,420\" data-comments-opened=\"0\" data-image-meta=\"{&quot;aperture&quot;:&quot;0&quot;,&quot;credit&quot;:&quot;&quot;,&quot;camera&quot;:&quot;&quot;,&quot;caption&quot;:&quot;&quot;,&quot;created_timestamp&quot;:&quot;0&quot;,&quot;copyright&quot;:&quot;&quot;,&quot;focal_length&quot;:&quot;0&quot;,&quot;iso&quot;:&quot;0&quot;,&quot;shutter_speed&quot;:&quot;0&quot;,&quot;title&quot;:&quot;&quot;,&quot;orientation&quot;:&quot;0&quot;}\" data-image-title=\"covid-9-630&amp;#215;420\" data-image-description=\"\" data-image-caption=\"\" data-medium-file=\"https:\/\/www.grieta.org.mx\/wp-content\/uploads\/2020\/12\/covid-9-630x420-1-300x200.jpg\" data-large-file=\"https:\/\/www.grieta.org.mx\/wp-content\/uploads\/2020\/12\/covid-9-630x420-1.jpg\" class=\" wp-image-55753 aligncenter\" src=\"http:\/\/www.grieta.org.mx\/wp-content\/uploads\/2020\/12\/covid-9-630x420-1.jpg\" alt=\"\" width=\"798\" height=\"532\" srcset=\"https:\/\/www.grieta.org.mx\/wp-content\/uploads\/2020\/12\/covid-9-630x420-1.jpg 630w, https:\/\/www.grieta.org.mx\/wp-content\/uploads\/2020\/12\/covid-9-630x420-1-300x200.jpg 300w\" sizes=\"auto, (max-width: 798px) 100vw, 798px\" \/><\/p>\n<p>Foto: Realidades de Nayarit<\/p>\n<p><em>El gobernador panista, Antonio Echevarr\u00eda Garc\u00eda, les da su regalo de Navidad despidi\u00e9ndolos despu\u00e9s de 20 a\u00f1os de trabajo y arriesgar su vida por el Covid, todo para acomodar antes de irse a sus amigotes y parentela sin experiencia<\/em><\/p>\n<p><em>Y continuar\u00e1n los despidos injustificados hasta completar los 250 trabajadores de confianza del Sector Salud<\/em><\/p>\n<p><em>Los galenos y enfermeras tachan al gobernador de insensible, injusto y corrupto<\/em><\/p>\n<p>Ver\u00f3nica Ram\u00edrez \/ Realidades de Nayarit<\/p>\n<p>Tepic, Nayarit.- jueves 10 de diciembre del 2020.- En plena pandemia del Covid-19 y justo cuando m\u00e1s se requiere del personal de salud para atender la emergencia sanitaria , el gobierno de Nayarit despide injustificadamente a los h\u00e9roes de capa blanca, m\u00e9dicos y enfermeras que arriesgaron su vida por la de sus pacientes.<\/p>\n<p>La ma\u00f1ana de este martes, un peque\u00f1o grupo de profesionales de la salud despedidos, se manifestaron frente a Palacio de Gobierno para exigir justicia laboral y la reincorporaci\u00f3n a sus fuentes de trabajo adem\u00e1s de un trato justo.<\/p>\n<p>En esta crisis sanitaria son m\u00e1s indispensables pero a la autoridad de salud se le ocurre despedir a 15 m\u00e9dicos y enfermeras del r\u00e9gimen de confianza para \u201cacomodar\u201d en esos espacios a sus allegados.<\/p>\n<p>Ir\u00f3nicamente despu\u00e9s de m\u00e1s de 20 a\u00f1os de servicio, simplemente se les orden\u00f3 salir por la puerta de atr\u00e1s, bajo el argumento de que son personal de \u201cconfianza\u201d y pueden ser cesados en cualquier momento, denunci\u00f3 Jes\u00fas P\u00e9rez Bernal, m\u00e9dico despedido del Centro de Salud de Santiago Ixcuintla.<\/p>\n<p>Resulta incongruente que en otras entidades del pa\u00eds, se reconozca a los m\u00e9dicos como h\u00e9roes y personas de mucha val\u00eda porque atienden al pueblo exponiendo su salud y la de sus hijos pero en Nayarit, el gobierno represor e inhumano, los despide, los deja sin trabajo y sin el sustento familiar.<\/p>\n<p>P\u00e9rez Bernal, explic\u00f3 que son m\u00e1s de 250 trabajadores de confianza de la Secretar\u00eda de Salud que desde hace algunos meses fueron maltratados, relegados y amenazados con correrlos pero optaron por hacerlo poco a poco para que no se organizaran e hicieran manifestaciones.<\/p>\n<p>Y poco a poco, se dieron los despidos pero la gota que derram\u00f3 el vaso fue el \u00faltimo paquete en donde 15 profesionales de la salud fueron despedidos sin motivo.<\/p>\n<p>\u201cTenemos tiempo sufriendo de este problema, desgraciadamente, no se nos ha hecho caso, hemos tocado puertas, hemos buscado encontrar justicia en manos de pol\u00edticos que actualmente desempe\u00f1an un cargo y que se han olvidado de las causas comunes\u201d, recalc\u00f3 el denunciante.<\/p>\n<p>Lamentablemente, el temor a las autoridades impidi\u00f3 que todos los despedidos a lo largo de las \u00faltimas semanas alzaran la voz y solo unos cuantos se atrevieron a salir a las calles para exigir justicia y se les regrese su fuente de trabajo.<\/p>\n<p>\u201cPedimos se\u00f1or gobernador que atienda y soluciones nuestro problema. No pedimos que se nos regale nada, solo queremos justicia, pedimos trabajo, algunos de nuestros compa\u00f1eros han sido despedidos y desgraciadamente no se ha hecho nada\u201d.<\/p>\n<p>Es verdaderamente injusto que aquellos trabajadores del \u00e1rea de la salud con m\u00e1s de 20 a\u00f1os de servicio que dejaron su vida por esa noble instituci\u00f3n de salud, hoy sean etiquetados como personal de confianza para despedirlos.<\/p>\n<p>\u201cYo pertenezco al municipio de Santiago Ixcuintla donde desgraciadamente hacen falta muchos m\u00e9dicos, enfermeras, entonces yo no entiendo el motivo de que se nos est\u00e1 despidiendo cuando m\u00e1s se nos necesita\u201d.<\/p>\n<p>Finalmente, los manifestantes reiteran el llamado al gobernador para que les haga justicia y los regresen a las cl\u00ednicas y hospitales donde prestaban sus servicios.<\/p>\n<p><a href=\"http:\/\/realidadessperiodico.com\/65348\/\">http:\/\/realidadessperiodico.com\/65348\/<\/a><\/p>\n","protected":false},"excerpt":{"rendered":"<p>Foto: Realidades de Nayarit El gobernador panista, Antonio Echevarr\u00eda Garc\u00eda, les da su regalo de Navidad despidi\u00e9ndolos despu\u00e9s de 20 a\u00f1os de trabajo y arriesgar su vida por el Covid, &hellip; <a href=\"https:\/\/www.grieta.org.mx\/index.php\/2020\/12\/10\/medicos-se-manifiestan-frente-a-palacio-de-gobierno-por-despidos-injustificados-nayarit\/\" class=\"more-link\">Leer m\u00e1s<\/a><\/p>\n","protected":false},"author":2,"featured_media":55753,"comment_status":"closed","ping_status":"closed","sticky":false,"template":"","format":"standard","meta":{"ngg_post_thumbnail":0,"_jetpack_newsletter_access":"","_jetpack_dont_email_post_to_subs":false,"_jetpack_newsletter_tier_id":0,"_jetpack_memberships_contains_paywalled_content":false,"_jetpack_memberships_contains_paid_content":false,"footnotes":""},"categories":[80,2573,23,2,83],"tags":[3133,2367,3549,2473,831],"class_list":["post-55752","post","type-post","status-publish","format-standard","has-post-thumbnail","hentry","category-cintillo","category-crisis-del-sector-salud-en-nayarit","category-nayarit","category-noticias-nacionales","category-temas-nacionales","tag-crisis-del-sector-salud","tag-crisis-en-el-sector-salud","tag-despidos-injustificados","tag-marcha-medicos","tag-sector-salud","entry"],"jetpack_featured_media_url":"https:\/\/www.grieta.org.mx\/wp-content\/uploads\/2020\/12\/covid-9-630x420-1.jpg","jetpack_sharing_enabled":true,"jetpack_shortlink":"https:\/\/wp.me\/p7ZJR4-eve","jetpack_likes_enabled":false,"jetpack-related-posts":[{"id":51530,"url":"https:\/\/www.grieta.org.mx\/index.php\/2020\/07\/02\/trabajadores-del-sector-salud-denuncian-despidos-nayarit\/","url_meta":{"origin":55752,"position":0},"title":"Trabajadores del sector salud denuncian despidos (Nayarit)","author":"grieta","date":"2 julio, 2020","format":false,"excerpt":"Foto: Realidades de Nayarit Denuncian trabajadores que el gobernador panista, Antonio Echevarr\u00eda est\u00e1 despidiendo a personal que tiene hasta 12 a\u00f1os laborando para hacerle campo a sus amigos, compadres y amiguitas, para dejarlos basificados antes de que termine su nefasto cuatrienio Ver\u00f3nica Ram\u00edrez \/ Realidades de Nayarit Tepic, Nayarit.- Jueves\u2026","rel":"","context":"En &quot;CINTILLO&quot;","block_context":{"text":"CINTILLO","link":"https:\/\/www.grieta.org.mx\/index.php\/category\/cintillo\/"},"img":{"alt_text":"","src":"https:\/\/i0.wp.com\/www.grieta.org.mx\/wp-content\/uploads\/2018\/03\/14524434_1106112876131411_958039263622046936_o.jpg?resize=350%2C200&ssl=1","width":350,"height":200,"srcset":"https:\/\/i0.wp.com\/www.grieta.org.mx\/wp-content\/uploads\/2018\/03\/14524434_1106112876131411_958039263622046936_o.jpg?resize=350%2C200&ssl=1 1x, https:\/\/i0.wp.com\/www.grieta.org.mx\/wp-content\/uploads\/2018\/03\/14524434_1106112876131411_958039263622046936_o.jpg?resize=525%2C300&ssl=1 1.5x, https:\/\/i0.wp.com\/www.grieta.org.mx\/wp-content\/uploads\/2018\/03\/14524434_1106112876131411_958039263622046936_o.jpg?resize=700%2C400&ssl=1 2x"},"classes":[]},{"id":53003,"url":"https:\/\/www.grieta.org.mx\/index.php\/2020\/09\/04\/cierran-el-nuevo-hospital-del-issste-nayarit\/","url_meta":{"origin":55752,"position":1},"title":"Cierran el nuevo hospital del ISSSTE (Nayarit)","author":"grieta","date":"4 septiembre, 2020","format":false,"excerpt":"Foto: Realidades de Nayarit Durante 5 d\u00edas no funcionar\u00e1 porque culminaron los contratos del personal m\u00e9dico que laboran all\u00ed Mildra Ben\u00edtez Robledo \/ Realidades de Nayarit Tepic, Nayarit.- Viernes 04 de septiembre del 2020.- El hospital del ISSSTE ubicado en la zona de La Cantera, Tepic, mismo que atiende a\u2026","rel":"","context":"En &quot;CINTILLO&quot;","block_context":{"text":"CINTILLO","link":"https:\/\/www.grieta.org.mx\/index.php\/category\/cintillo\/"},"img":{"alt_text":"","src":"https:\/\/i0.wp.com\/www.grieta.org.mx\/wp-content\/uploads\/2020\/09\/hospital.jpg?resize=350%2C200&ssl=1","width":350,"height":200,"srcset":"https:\/\/i0.wp.com\/www.grieta.org.mx\/wp-content\/uploads\/2020\/09\/hospital.jpg?resize=350%2C200&ssl=1 1x, https:\/\/i0.wp.com\/www.grieta.org.mx\/wp-content\/uploads\/2020\/09\/hospital.jpg?resize=525%2C300&ssl=1 1.5x, https:\/\/i0.wp.com\/www.grieta.org.mx\/wp-content\/uploads\/2020\/09\/hospital.jpg?resize=700%2C400&ssl=1 2x"},"classes":[]},{"id":47189,"url":"https:\/\/www.grieta.org.mx\/index.php\/2020\/04\/01\/protesta-personal-de-la-secretaria-de-salud-nayarit\/","url_meta":{"origin":55752,"position":2},"title":"Protesta personal de la Secretar\u00eda de Salud (Nayarit)","author":"grieta","date":"1 abril, 2020","format":false,"excerpt":"Foto: Realidades de Nayarit Mildre Ben\u00edtez Robledo \/ Realidades deNayarit Tepic, Nayarit; 01-abril-2020.- Pese a que los trabajadores de la Salud han pedido en diversas ocasiones al Gobierno Estatal que les surtan lo necesario, para hacerle frente a la pandemia que ha dejado miles de muertes en varios pa\u00edses del\u2026","rel":"","context":"En &quot;CINTILLO&quot;","block_context":{"text":"CINTILLO","link":"https:\/\/www.grieta.org.mx\/index.php\/category\/cintillo\/"},"img":{"alt_text":"","src":"https:\/\/i0.wp.com\/www.grieta.org.mx\/wp-content\/uploads\/2020\/04\/protesta-768x480.jpg?resize=350%2C200&ssl=1","width":350,"height":200,"srcset":"https:\/\/i0.wp.com\/www.grieta.org.mx\/wp-content\/uploads\/2020\/04\/protesta-768x480.jpg?resize=350%2C200&ssl=1 1x, https:\/\/i0.wp.com\/www.grieta.org.mx\/wp-content\/uploads\/2020\/04\/protesta-768x480.jpg?resize=525%2C300&ssl=1 1.5x, https:\/\/i0.wp.com\/www.grieta.org.mx\/wp-content\/uploads\/2020\/04\/protesta-768x480.jpg?resize=700%2C400&ssl=1 2x"},"classes":[]},{"id":51691,"url":"https:\/\/www.grieta.org.mx\/index.php\/2020\/07\/07\/trabajadores-de-la-salud-exigen-renuncia-de-tono-denuncian-que-escondio-equipos-de-proteccion-contra-el-covid-19-nayarit\/","url_meta":{"origin":55752,"position":3},"title":"Trabajadores de la salud exigen renuncia de To\u00f1o, denuncian que escondi\u00f3 equipos de protecci\u00f3n contra el Covid-19 (Nayarit)","author":"grieta","date":"7 julio, 2020","format":false,"excerpt":"Foto: Realidades de Nayarit M\u00e1s de 5 mil trabajadores del sector salud, entre ellos m\u00e9dicos y enfermeras, le exigen al gobernador panista, Antonio Echevarr\u00eda Garc\u00eda y al secretario de Salud, Ra\u00fal Santiago L\u00f3pez que renuncien por ineptos, mentirosos e irresponsables Los culpan de haber escondido 32 mil 184 equipos de\u2026","rel":"","context":"En &quot;CINTILLO&quot;","block_context":{"text":"CINTILLO","link":"https:\/\/www.grieta.org.mx\/index.php\/category\/cintillo\/"},"img":{"alt_text":"","src":"https:\/\/i0.wp.com\/www.grieta.org.mx\/wp-content\/uploads\/2018\/03\/14524434_1106112876131411_958039263622046936_o.jpg?resize=350%2C200&ssl=1","width":350,"height":200,"srcset":"https:\/\/i0.wp.com\/www.grieta.org.mx\/wp-content\/uploads\/2018\/03\/14524434_1106112876131411_958039263622046936_o.jpg?resize=350%2C200&ssl=1 1x, https:\/\/i0.wp.com\/www.grieta.org.mx\/wp-content\/uploads\/2018\/03\/14524434_1106112876131411_958039263622046936_o.jpg?resize=525%2C300&ssl=1 1.5x, https:\/\/i0.wp.com\/www.grieta.org.mx\/wp-content\/uploads\/2018\/03\/14524434_1106112876131411_958039263622046936_o.jpg?resize=700%2C400&ssl=1 2x"},"classes":[]},{"id":46888,"url":"https:\/\/www.grieta.org.mx\/index.php\/2020\/03\/26\/gobernador-de-nayarit-tiene-a-los-hospitales-en-la-ruina\/","url_meta":{"origin":55752,"position":4},"title":"Gobernador de Nayarit tiene a los hospitales en la ruina","author":"grieta","date":"26 marzo, 2020","format":false,"excerpt":"Foto: Realidades de Nayarit Denuncian los trabajadores del Sector Salud que el gobernador panista, Antonio Echevarr\u00eda Garc\u00eda, se la ha llevado a puros salivazos, pero no se ha preocupado porque los hospitales y centros de salud cuenten con lo m\u00ednimo indispensable para enfrentar la pandemia del Coronavirus Mildra Ben\u00edtez Robledo\u2026","rel":"","context":"En &quot;CINTILLO&quot;","block_context":{"text":"CINTILLO","link":"https:\/\/www.grieta.org.mx\/index.php\/category\/cintillo\/"},"img":{"alt_text":"","src":"https:\/\/i0.wp.com\/www.grieta.org.mx\/wp-content\/uploads\/2018\/03\/14524434_1106112876131411_958039263622046936_o.jpg?resize=350%2C200&ssl=1","width":350,"height":200,"srcset":"https:\/\/i0.wp.com\/www.grieta.org.mx\/wp-content\/uploads\/2018\/03\/14524434_1106112876131411_958039263622046936_o.jpg?resize=350%2C200&ssl=1 1x, https:\/\/i0.wp.com\/www.grieta.org.mx\/wp-content\/uploads\/2018\/03\/14524434_1106112876131411_958039263622046936_o.jpg?resize=525%2C300&ssl=1 1.5x, https:\/\/i0.wp.com\/www.grieta.org.mx\/wp-content\/uploads\/2018\/03\/14524434_1106112876131411_958039263622046936_o.jpg?resize=700%2C400&ssl=1 2x"},"classes":[]},{"id":47908,"url":"https:\/\/www.grieta.org.mx\/index.php\/2020\/04\/15\/ante-carencia-de-equipo-de-proteccion-retiran-a-internos-de-hospitales-nayarit\/","url_meta":{"origin":55752,"position":5},"title":"Ante carencia de equipo de protecci\u00f3n retiran a internos de hospitales (Nayarit)","author":"grieta","date":"15 abril, 2020","format":false,"excerpt":"Foto: Realidades de Nayarit Carecen de lo m\u00e1s indispensable para atender a la poblaci\u00f3n en plena pandemia Ver\u00f3nica Ram\u00edrez\/ Realidades de Nayarit Tepic, Nayarit.- Mi\u00e9rcoles 15 de abril del 2020.- La Federaci\u00f3n de Estudiantes de la Universidad Aut\u00f3noma de Nayarit (FEUAN) retira a los internos, pasantes y estudiantes de medicina\u2026","rel":"","context":"En &quot;CINTILLO&quot;","block_context":{"text":"CINTILLO","link":"https:\/\/www.grieta.org.mx\/index.php\/category\/cintillo\/"},"img":{"alt_text":"","src":"https:\/\/i0.wp.com\/www.grieta.org.mx\/wp-content\/uploads\/2020\/04\/Aar%C3%B3n-Verduzco.-L%C3%ADder-de-la-FEUAN.jpg?resize=350%2C200&ssl=1","width":350,"height":200,"srcset":"https:\/\/i0.wp.com\/www.grieta.org.mx\/wp-content\/uploads\/2020\/04\/Aar%C3%B3n-Verduzco.-L%C3%ADder-de-la-FEUAN.jpg?resize=350%2C200&ssl=1 1x, https:\/\/i0.wp.com\/www.grieta.org.mx\/wp-content\/uploads\/2020\/04\/Aar%C3%B3n-Verduzco.-L%C3%ADder-de-la-FEUAN.jpg?resize=525%2C300&ssl=1 1.5x, https:\/\/i0.wp.com\/www.grieta.org.mx\/wp-content\/uploads\/2020\/04\/Aar%C3%B3n-Verduzco.-L%C3%ADder-de-la-FEUAN.jpg?resize=700%2C400&ssl=1 2x"},"classes":[]}],"_links":{"self":[{"href":"https:\/\/www.grieta.org.mx\/index.php\/wp-json\/wp\/v2\/posts\/55752","targetHints":{"allow":["GET"]}}],"collection":[{"href":"https:\/\/www.grieta.org.mx\/index.php\/wp-json\/wp\/v2\/posts"}],"about":[{"href":"https:\/\/www.grieta.org.mx\/index.php\/wp-json\/wp\/v2\/types\/post"}],"author":[{"embeddable":true,"href":"https:\/\/www.grieta.org.mx\/index.php\/wp-json\/wp\/v2\/users\/2"}],"replies":[{"embeddable":true,"href":"https:\/\/www.grieta.org.mx\/index.php\/wp-json\/wp\/v2\/comments?post=55752"}],"version-history":[{"count":1,"href":"https:\/\/www.grieta.org.mx\/index.php\/wp-json\/wp\/v2\/posts\/55752\/revisions"}],"predecessor-version":[{"id":55755,"href":"https:\/\/www.grieta.org.mx\/index.php\/wp-json\/wp\/v2\/posts\/55752\/revisions\/55755"}],"wp:featuredmedia":[{"embeddable":true,"href":"https:\/\/www.grieta.org.mx\/index.php\/wp-json\/wp\/v2\/media\/55753"}],"wp:attachment":[{"href":"https:\/\/www.grieta.org.mx\/index.php\/wp-json\/wp\/v2\/media?parent=55752"}],"wp:term":[{"taxonomy":"category","embeddable":true,"href":"https:\/\/www.grieta.org.mx\/index.php\/wp-json\/wp\/v2\/categories?post=55752"},{"taxonomy":"post_tag","embeddable":true,"href":"https:\/\/www.grieta.org.mx\/index.php\/wp-json\/wp\/v2\/tags?post=55752"}],"curies":[{"name":"wp","href":"https:\/\/api.w.org\/{rel}","templated":true}]}}