{"id":55729,"date":"2020-12-10T13:09:02","date_gmt":"2020-12-10T19:09:02","guid":{"rendered":"http:\/\/www.grieta.org.mx\/?p=55729"},"modified":"2020-12-12T13:09:55","modified_gmt":"2020-12-12T19:09:55","slug":"suspende-issste-servicios-medicos-a-maestros-colima","status":"publish","type":"post","link":"https:\/\/www.grieta.org.mx\/index.php\/2020\/12\/10\/suspende-issste-servicios-medicos-a-maestros-colima\/","title":{"rendered":"Suspende Issste servicios m\u00e9dicos a maestros (Colima)"},"content":{"rendered":"<p><img loading=\"lazy\" decoding=\"async\" data-attachment-id=\"55730\" data-permalink=\"https:\/\/www.grieta.org.mx\/index.php\/2020\/12\/10\/suspende-issste-servicios-medicos-a-maestros-colima\/online-marketing-758535-unsplash\/\" data-orig-file=\"https:\/\/www.grieta.org.mx\/wp-content\/uploads\/2020\/12\/online-marketing-758535-unsplash.jpg\" data-orig-size=\"768,432\" data-comments-opened=\"0\" data-image-meta=\"{&quot;aperture&quot;:&quot;0&quot;,&quot;credit&quot;:&quot;&quot;,&quot;camera&quot;:&quot;&quot;,&quot;caption&quot;:&quot;&quot;,&quot;created_timestamp&quot;:&quot;0&quot;,&quot;copyright&quot;:&quot;&quot;,&quot;focal_length&quot;:&quot;0&quot;,&quot;iso&quot;:&quot;0&quot;,&quot;shutter_speed&quot;:&quot;0&quot;,&quot;title&quot;:&quot;&quot;,&quot;orientation&quot;:&quot;0&quot;}\" data-image-title=\"online-marketing-758535-unsplash\" data-image-description=\"\" data-image-caption=\"\" data-medium-file=\"https:\/\/www.grieta.org.mx\/wp-content\/uploads\/2020\/12\/online-marketing-758535-unsplash-300x169.jpg\" data-large-file=\"https:\/\/www.grieta.org.mx\/wp-content\/uploads\/2020\/12\/online-marketing-758535-unsplash.jpg\" class=\" wp-image-55730 aligncenter\" src=\"http:\/\/www.grieta.org.mx\/wp-content\/uploads\/2020\/12\/online-marketing-758535-unsplash.jpg\" alt=\"\" width=\"798\" height=\"449\" srcset=\"https:\/\/www.grieta.org.mx\/wp-content\/uploads\/2020\/12\/online-marketing-758535-unsplash.jpg 768w, https:\/\/www.grieta.org.mx\/wp-content\/uploads\/2020\/12\/online-marketing-758535-unsplash-300x169.jpg 300w\" sizes=\"auto, (max-width: 798px) 100vw, 798px\" \/><\/p>\n<p>Foto: Especial<\/p>\n<p>Alfredo Quiles Cabrera \/ El Noticiero<\/p>\n<p>Maestros de Educaci\u00f3n Media a Distancia (Emsad) y de Telebachilleratos dejaron de recibir atenci\u00f3n m\u00e9dica por parte del Issste una vez que \u201clas cuotas que se les descuentan y la aportaciones patronales no han sido radicadas o transferidas por la autoridad estatal a dicha instituci\u00f3n de salud desde noviembre del a\u00f1o pasado\u201d, adem\u00e1s de que por tal motivo \u201chan perdido su oportunidad de participar en los programas para la obtenci\u00f3n de cr\u00e9ditos hipotecarios y financieros del Issste\u201d.<\/p>\n<p>El secretario de Trabajo y Conflictos del Nivel Medio Superior del Sindicato Nacional de Trabajadores de la Educaci\u00f3n (Snte), Secci\u00f3n 6, Esteban Rivera, se\u00f1al\u00f3 que esta situaci\u00f3n se \u201cha convertido en un problemas grave para los maestros de los Emsad y Telebachilleratos, pues han perdido oportunidades crediticias y ahora, no han podido acceder a los servicios de salud del Issste, pues fueron dados de baja por falta de aportaciones\u201d.<\/p>\n<p>Explic\u00f3 que a los m\u00e1s de 275 trabajadores de la educaci\u00f3n de los Emsad y Telebachilleratos se les descuenta puntualmente de sus salarios la cuota respectiva que debe ser destinada al Issste.<\/p>\n<p>\u201cSin embargo, desde el mes de noviembre del a\u00f1o pasado estas aportaciones, as\u00ed como el recursos que le corresponde a la parte patronal, no han sido entregadas ni radicadas al Issste, desconoci\u00e9ndose las causas de ello\u201d.<\/p>\n<p>Esta situaci\u00f3n, insisti\u00f3, ha afectado seriamente a los trabajadores de la educaci\u00f3n pertenecientes a este subsistema educativo, pues muchos de ellos no pudieran acceder a cr\u00e9ditos hipotecarios o financieros y, ahora, se les niegan los servicios de salud.<\/p>\n<p>Afirm\u00f3 Rivera Vargas que la dirigencia de la Secci\u00f3n 6 del Snte ya ha intervenido en este tema y se ha dialogado con las autoridades educativas de la entidad para tratar de resolver el problema a la brevedad, pues en esta \u00e9poca de pandemia resulta imposible que los maestros y sus familias se queden desprotegidos en materia de salud.<\/p>\n<p>Agreg\u00f3 que la postura de las autoridades educativas estatales \u201cha sido de que en breve solventar\u00eda este tema\u201d y sin embargo \u201cha incumplido y no ha cubierto el pago de las cuotas de los trabajadores y las que le corresponde aplicar al propio estado\u201d.<\/p>\n<p>\u201cComo Sindicado agotaremos las instancias, queremos dar certeza a los trabajadores y seguiremos escalando y esperamos respuesta del gobierno antes de tomar cualquier otra medida\u201d, finaliz\u00f3.<\/p>\n<p><a href=\"https:\/\/elnoticieroenlinea.com\/suspende-issste-servicios-medicos-a-maestros\/\">https:\/\/elnoticieroenlinea.com\/suspende-issste-servicios-medicos-a-maestros\/<\/a><\/p>\n","protected":false},"excerpt":{"rendered":"<p>Foto: Especial Alfredo Quiles Cabrera \/ El Noticiero Maestros de Educaci\u00f3n Media a Distancia (Emsad) y de Telebachilleratos dejaron de recibir atenci\u00f3n m\u00e9dica por parte del Issste una vez que &hellip; <a href=\"https:\/\/www.grieta.org.mx\/index.php\/2020\/12\/10\/suspende-issste-servicios-medicos-a-maestros-colima\/\" class=\"more-link\">Leer m\u00e1s<\/a><\/p>\n","protected":false},"author":2,"featured_media":55730,"comment_status":"closed","ping_status":"closed","sticky":false,"template":"","format":"standard","meta":{"ngg_post_thumbnail":0,"_jetpack_newsletter_access":"","_jetpack_dont_email_post_to_subs":false,"_jetpack_newsletter_tier_id":0,"_jetpack_memberships_contains_paywalled_content":false,"_jetpack_memberships_contains_paid_content":false,"footnotes":""},"categories":[80,13,917,2221,2,83],"tags":[3454,2587,105,3134,492],"class_list":["post-55729","post","type-post","status-publish","format-standard","has-post-thumbnail","hentry","category-cintillo","category-colima","category-privatizacion-de-la-educacion-publica-analisis","category-crisis-en-el-sistema-educativo-de-colima","category-noticias-nacionales","category-temas-nacionales","tag-crisis-de-la-educacion-publica","tag-derecho-a-la-salud","tag-derechos-laborales","tag-falta-de-atencion-medica","tag-issste","entry"],"jetpack_featured_media_url":"https:\/\/www.grieta.org.mx\/wp-content\/uploads\/2020\/12\/online-marketing-758535-unsplash.jpg","jetpack_sharing_enabled":true,"jetpack_shortlink":"https:\/\/wp.me\/p7ZJR4-euR","jetpack_likes_enabled":false,"jetpack-related-posts":[{"id":49962,"url":"https:\/\/www.grieta.org.mx\/index.php\/2020\/05\/23\/niega-issste-colima-atencion-medica-a-medico-con-covid-19\/","url_meta":{"origin":55729,"position":0},"title":"Niega ISSSTE Colima atenci\u00f3n m\u00e9dica a m\u00e9dico con Covid-19","author":"grieta","date":"23 mayo, 2020","format":false,"excerpt":"Foto: Ecos de la Costa Infoecos \/ Ecos de la Costa Un m\u00e9dico del sistema de salud ISSSTE adscrito a la Cl\u00ednica de Manzanillo, sufri\u00f3 del contagio del COVID-19 conocido como Coronavirus, siendo trasladado a la Cl\u00ednica Hospital Miguel Trejo Ochoa del ISSSTE en Colima y donde le fue rechazada\u2026","rel":"","context":"En &quot;CINTILLO&quot;","block_context":{"text":"CINTILLO","link":"https:\/\/www.grieta.org.mx\/index.php\/category\/cintillo\/"},"img":{"alt_text":"","src":"https:\/\/i0.wp.com\/www.grieta.org.mx\/wp-content\/uploads\/2020\/05\/p1f1.jpg?resize=350%2C200&ssl=1","width":350,"height":200,"srcset":"https:\/\/i0.wp.com\/www.grieta.org.mx\/wp-content\/uploads\/2020\/05\/p1f1.jpg?resize=350%2C200&ssl=1 1x, https:\/\/i0.wp.com\/www.grieta.org.mx\/wp-content\/uploads\/2020\/05\/p1f1.jpg?resize=525%2C300&ssl=1 1.5x"},"classes":[]},{"id":63408,"url":"https:\/\/www.grieta.org.mx\/index.php\/2022\/02\/17\/issste-colima-sin-abasto-suficiente-de-medicamentos-y-con-falta-de-medicos-especialistas\/","url_meta":{"origin":55729,"position":1},"title":"ISSSTE Colima sin abasto suficiente de medicamentos y con falta de m\u00e9dicos especialistas","author":"grieta","date":"17 febrero, 2022","format":false,"excerpt":"Foto: Cortes\u00eda Redacci\u00f3n \/ El Occidental Una situaci\u00f3n grave se presenta en el Instituto de Seguridad y Servicios Sociales de los Trabajadores del Estado (ISSSTE) Colima, ya que de acuerdo al presidente de la Asociaci\u00f3n de Jubilados, Pensionados y Adultos Mayores, Manuel Godina Velasco, existe un desabasto de medicamentos y\u2026","rel":"","context":"En &quot;CINTILLO&quot;","block_context":{"text":"CINTILLO","link":"https:\/\/www.grieta.org.mx\/index.php\/category\/cintillo\/"},"img":{"alt_text":"","src":"https:\/\/i0.wp.com\/www.grieta.org.mx\/wp-content\/uploads\/2022\/02\/ISSSTE-Colima.jpg?resize=350%2C200&ssl=1","width":350,"height":200,"srcset":"https:\/\/i0.wp.com\/www.grieta.org.mx\/wp-content\/uploads\/2022\/02\/ISSSTE-Colima.jpg?resize=350%2C200&ssl=1 1x, https:\/\/i0.wp.com\/www.grieta.org.mx\/wp-content\/uploads\/2022\/02\/ISSSTE-Colima.jpg?resize=525%2C300&ssl=1 1.5x, https:\/\/i0.wp.com\/www.grieta.org.mx\/wp-content\/uploads\/2022\/02\/ISSSTE-Colima.jpg?resize=700%2C400&ssl=1 2x"},"classes":[]},{"id":53148,"url":"https:\/\/www.grieta.org.mx\/index.php\/2020\/09\/05\/dolores-gonzalez-exige-a-diputados-federales-busquen-resolver-servicio-medico-en-clinica-del-issste-colima\/","url_meta":{"origin":55729,"position":2},"title":"Dolores Gonz\u00e1lez exige a diputados federales busquen resolver servicio m\u00e9dico en cl\u00ednica del ISSSTE Colima","author":"grieta","date":"5 septiembre, 2020","format":false,"excerpt":"Foto: Colima Noticias Edgardo Zamora \/ Colima Noticias Colima, Col.- La dirigente de la secci\u00f3n 30 del Sindicato Nacional de Trabajadores de la Secretar\u00eda de Salud, Dolores Gonz\u00e1lez Meza, hizo un llamado en\u00e9rgico a diputados federales para que resuelvan el servicio en la cl\u00ednica del ISSSTE para trabajadores de la\u2026","rel":"","context":"En &quot;CINTILLO&quot;","block_context":{"text":"CINTILLO","link":"https:\/\/www.grieta.org.mx\/index.php\/category\/cintillo\/"},"img":{"alt_text":"","src":"https:\/\/i0.wp.com\/www.grieta.org.mx\/wp-content\/uploads\/2020\/09\/issste-covid-19-colima-696x522-1.jpeg?resize=350%2C200&ssl=1","width":350,"height":200,"srcset":"https:\/\/i0.wp.com\/www.grieta.org.mx\/wp-content\/uploads\/2020\/09\/issste-covid-19-colima-696x522-1.jpeg?resize=350%2C200&ssl=1 1x, https:\/\/i0.wp.com\/www.grieta.org.mx\/wp-content\/uploads\/2020\/09\/issste-covid-19-colima-696x522-1.jpeg?resize=525%2C300&ssl=1 1.5x"},"classes":[]},{"id":51539,"url":"https:\/\/www.grieta.org.mx\/index.php\/2020\/07\/02\/derechohabientes-denuncian-falta-de-medicamentos-en-issste-colima\/","url_meta":{"origin":55729,"position":3},"title":"Derechohabientes denuncian falta de medicamentos en ISSSTE Colima","author":"grieta","date":"2 julio, 2020","format":false,"excerpt":"Imagen: El Noticiero Anil\u00fa Salazar Mej\u00eda \/ El Noticiero erechohabientes del Issste Colima denuncian p\u00fablicamente de que hay varios medicamentos que faltan como son la insulina y el losartan, utilizados en enfermedades como la diabetes y la presi\u00f3n arterial, por lo que piden soluci\u00f3n a este desabasto. Los afectados, quienes\u2026","rel":"","context":"En &quot;CINTILLO&quot;","block_context":{"text":"CINTILLO","link":"https:\/\/www.grieta.org.mx\/index.php\/category\/cintillo\/"},"img":{"alt_text":"","src":"https:\/\/i0.wp.com\/www.grieta.org.mx\/wp-content\/uploads\/2020\/07\/insulina-1024x644-1-e1593710814946.jpg?resize=350%2C200&ssl=1","width":350,"height":200,"srcset":"https:\/\/i0.wp.com\/www.grieta.org.mx\/wp-content\/uploads\/2020\/07\/insulina-1024x644-1-e1593710814946.jpg?resize=350%2C200&ssl=1 1x, https:\/\/i0.wp.com\/www.grieta.org.mx\/wp-content\/uploads\/2020\/07\/insulina-1024x644-1-e1593710814946.jpg?resize=525%2C300&ssl=1 1.5x, https:\/\/i0.wp.com\/www.grieta.org.mx\/wp-content\/uploads\/2020\/07\/insulina-1024x644-1-e1593710814946.jpg?resize=700%2C400&ssl=1 2x"},"classes":[]},{"id":53911,"url":"https:\/\/www.grieta.org.mx\/index.php\/2020\/09\/28\/desdenan-autoridades-la-problematica-del-issste-en-colima\/","url_meta":{"origin":55729,"position":4},"title":"Desde\u00f1an autoridades la problem\u00e1tica del ISSSTE en Colima","author":"grieta","date":"28 septiembre, 2020","format":false,"excerpt":"Foto: El Comentario Francis Bravo \/ El Comentario Pese al llamado hecho en diversas ocasiones a los\u00a0legisladores federales\u00a0y al\u00a0gobierno estatal, para que intervengan y mejoren la p\u00e9sima situaci\u00f3n del\u00a0Instituto de Seguridad y Servicios Sociales de los Trabajadores del Estado\u00a0(ISSSTE) en\u00a0Colima, ninguno se ha hecho nada, la cosas siguen igual, seg\u00fan\u2026","rel":"","context":"En &quot;CINTILLO&quot;","block_context":{"text":"CINTILLO","link":"https:\/\/www.grieta.org.mx\/index.php\/category\/cintillo\/"},"img":{"alt_text":"","src":"https:\/\/i0.wp.com\/www.grieta.org.mx\/wp-content\/uploads\/2020\/10\/ad1feba6468a84a41854dcfb6ccabec2-1300x664-1.jpg?resize=350%2C200&ssl=1","width":350,"height":200,"srcset":"https:\/\/i0.wp.com\/www.grieta.org.mx\/wp-content\/uploads\/2020\/10\/ad1feba6468a84a41854dcfb6ccabec2-1300x664-1.jpg?resize=350%2C200&ssl=1 1x, https:\/\/i0.wp.com\/www.grieta.org.mx\/wp-content\/uploads\/2020\/10\/ad1feba6468a84a41854dcfb6ccabec2-1300x664-1.jpg?resize=525%2C300&ssl=1 1.5x, https:\/\/i0.wp.com\/www.grieta.org.mx\/wp-content\/uploads\/2020\/10\/ad1feba6468a84a41854dcfb6ccabec2-1300x664-1.jpg?resize=700%2C400&ssl=1 2x, https:\/\/i0.wp.com\/www.grieta.org.mx\/wp-content\/uploads\/2020\/10\/ad1feba6468a84a41854dcfb6ccabec2-1300x664-1.jpg?resize=1050%2C600&ssl=1 3x"},"classes":[]},{"id":51685,"url":"https:\/\/www.grieta.org.mx\/index.php\/2020\/07\/06\/issste-colima-con-desabasto-del-55-en-medicamentos-colima\/","url_meta":{"origin":55729,"position":5},"title":"ISSSTE Colima con desabasto del 55 % en medicamentos (Colima)","author":"grieta","date":"6 julio, 2020","format":false,"excerpt":"Foto: Ecos de la Costa Infoecos \/ Ecos de la Costa Derechohabientes del ISSSTE en Colima se quejan del desabasto de medicamentos que persiste en el sistema de salud hasta en un 55% en el cuadro b\u00e1sico, lo cual consideran como una afrenta grave por parte de las autoridades delegacionales\u2026","rel":"","context":"En &quot;CINTILLO&quot;","block_context":{"text":"CINTILLO","link":"https:\/\/www.grieta.org.mx\/index.php\/category\/cintillo\/"},"img":{"alt_text":"","src":"https:\/\/i0.wp.com\/www.grieta.org.mx\/wp-content\/uploads\/2020\/07\/p1f1.jpeg?resize=350%2C200&ssl=1","width":350,"height":200,"srcset":"https:\/\/i0.wp.com\/www.grieta.org.mx\/wp-content\/uploads\/2020\/07\/p1f1.jpeg?resize=350%2C200&ssl=1 1x, https:\/\/i0.wp.com\/www.grieta.org.mx\/wp-content\/uploads\/2020\/07\/p1f1.jpeg?resize=525%2C300&ssl=1 1.5x, https:\/\/i0.wp.com\/www.grieta.org.mx\/wp-content\/uploads\/2020\/07\/p1f1.jpeg?resize=700%2C400&ssl=1 2x"},"classes":[]}],"_links":{"self":[{"href":"https:\/\/www.grieta.org.mx\/index.php\/wp-json\/wp\/v2\/posts\/55729","targetHints":{"allow":["GET"]}}],"collection":[{"href":"https:\/\/www.grieta.org.mx\/index.php\/wp-json\/wp\/v2\/posts"}],"about":[{"href":"https:\/\/www.grieta.org.mx\/index.php\/wp-json\/wp\/v2\/types\/post"}],"author":[{"embeddable":true,"href":"https:\/\/www.grieta.org.mx\/index.php\/wp-json\/wp\/v2\/users\/2"}],"replies":[{"embeddable":true,"href":"https:\/\/www.grieta.org.mx\/index.php\/wp-json\/wp\/v2\/comments?post=55729"}],"version-history":[{"count":1,"href":"https:\/\/www.grieta.org.mx\/index.php\/wp-json\/wp\/v2\/posts\/55729\/revisions"}],"predecessor-version":[{"id":55731,"href":"https:\/\/www.grieta.org.mx\/index.php\/wp-json\/wp\/v2\/posts\/55729\/revisions\/55731"}],"wp:featuredmedia":[{"embeddable":true,"href":"https:\/\/www.grieta.org.mx\/index.php\/wp-json\/wp\/v2\/media\/55730"}],"wp:attachment":[{"href":"https:\/\/www.grieta.org.mx\/index.php\/wp-json\/wp\/v2\/media?parent=55729"}],"wp:term":[{"taxonomy":"category","embeddable":true,"href":"https:\/\/www.grieta.org.mx\/index.php\/wp-json\/wp\/v2\/categories?post=55729"},{"taxonomy":"post_tag","embeddable":true,"href":"https:\/\/www.grieta.org.mx\/index.php\/wp-json\/wp\/v2\/tags?post=55729"}],"curies":[{"name":"wp","href":"https:\/\/api.w.org\/{rel}","templated":true}]}}