{"id":55684,"date":"2020-12-04T23:48:23","date_gmt":"2020-12-05T05:48:23","guid":{"rendered":"http:\/\/www.grieta.org.mx\/?p=55684"},"modified":"2020-12-10T23:51:49","modified_gmt":"2020-12-11T05:51:49","slug":"protesta-fiob-por-cierre-de-comedores-para-hijos-de-jornaleros-en-sinaloa","status":"publish","type":"post","link":"https:\/\/www.grieta.org.mx\/index.php\/2020\/12\/04\/protesta-fiob-por-cierre-de-comedores-para-hijos-de-jornaleros-en-sinaloa\/","title":{"rendered":"Protesta FIOB por cierre de comedores para hijos de jornaleros en Sinaloa"},"content":{"rendered":"<p>Diario Marca<\/p>\n<p><img loading=\"lazy\" decoding=\"async\" class=\"\" src=\"https:\/\/www.diariomarca.com.mx\/wp-content\/uploads\/2020\/12\/60886382-8B8B-41BC-B6A3-639617418705.jpeg\" width=\"732\" height=\"486\" \/><\/p>\n<p>&nbsp;<\/p>\n<p><b>Huajuapan de Le\u00f3n, Oax.-<\/b>\u00a0El coordinador general del Frente Ind\u00edgena de Organizaciones Binacionales (FIOB), Ezequiel Rosales Carre\u00f1o, inform\u00f3 que el cierre de 27 comedores para hijos de jornaleros en Sinaloa, fue un duro golpe a este sector migrante por parte de la Secretar\u00eda del Bienestar (SEBIEN) a nivel federal, por lo que muchos mixtecos se ver\u00e1n afectados ya que no contar\u00e1n con esta garant\u00eda al emigrar a ese estado para trabajar en el campo.<\/p>\n<p>Se\u00f1al\u00f3 que en forma recurrente, el estado de Sinaloa es uno de los principales destinos que los jornaleros mixtecos eligen para generar mayores recursos econ\u00f3micos para sus familias durante algunas temporadas, sin embargo, con la cancelaci\u00f3n del Programa de Atenci\u00f3n de Jornaleros Agr\u00edcolas (PAJA), se afectar\u00e1 al primer eslab\u00f3n en la cadena productiva.<\/p>\n<p>\u201cEsta decisi\u00f3n fue tomada a pesar de que ellos aportan un gran trabajo para el fortalecimiento de la econom\u00eda, que producen verduras, granos, leguminosas, ca\u00f1a de az\u00facar, frutas y otros cultivos y todav\u00eda, sumado a esto, viven en condiciones deplorables, inhumanas. En muchas ocasiones no cuentan con contrato laboral y en consecuencia con prestaciones laborales, pero adem\u00e1s tienen salarios miserables que no satisfacen las necesidades b\u00e1sicas de los trabajadores\u201d, apunt\u00f3.<\/p>\n<p>Rosales Carre\u00f1o abund\u00f3 que en dicho estado se tiene estimado que existen alrededor de 200 mil trabajadores en los campos agr\u00edcolas de los diferentes estados de la Rep\u00fablica, principalmente de Oaxaca, Guerrero, Puebla, Chiapas y Veracruz, por lo que reprob\u00f3 el cierre de los comedores, e hizo un exhorto a las autoridades federales y dependencias correspondientes para restituir a la brevedad este programa de apoyo a los jornaleros.<\/p>\n<p>Manifest\u00f3 que no es posible que ante las condiciones de miseria que viven los trabajadores del campo, aunado a la crisis econ\u00f3mica provocada por el virus del COVID-19, en lugar de apoyar a las familias m\u00e1s necesitadas y vulnerables, se les retire un beneficio tan vital como lo es la alimentaci\u00f3n, por lo que exigi\u00f3 al Gobierno Federal atienda lo m\u00e1s pronto posible esta problem\u00e1tica.<\/p>\n<p>En este contexto, indic\u00f3 que lo \u00fanico dado a conocer tras el cierre de los comedores fue que correspondi\u00f3 a posible corrupci\u00f3n, por lo que puntualiz\u00f3 que en este caso se castigue a los funcionarios inmiscuidos en este problema y no se utilice esta medida como pretexto para quitar beneficios a las familias de los jornaleros migrantes, tanto mixtecos como de las dem\u00e1s zonas de la Rep\u00fablica Mexicana.<\/p>\n<p>\u201cConfiamos en que existan cambios sustantivos con esta llamada Cuarta Transformaci\u00f3n, como el aumento al salario, en el mejoramiento de las condiciones de trabajo y de vida de los jornaleros agr\u00edcolas en los diferentes campos, programas de reactivaci\u00f3n econ\u00f3mica; en fin, una serie de problem\u00e1ticas que persisten en M\u00e9xico\u201d, finaliz\u00f3 el Coordinador general del FIOB.}<\/p>\n<blockquote class=\"wp-embedded-content\" data-secret=\"CmVx2pZ5qL\"><p><a href=\"https:\/\/www.diariomarca.com.mx\/2020\/12\/protesta-fiob-por-cierre-de-comedores-para-hijos-de-jornaleros-en-sinaloa\/\">Protesta FIOB por cierre de comedores para hijos de jornaleros en Sinaloa<\/a><\/p><\/blockquote>\n<p><iframe loading=\"lazy\" class=\"wp-embedded-content\" sandbox=\"allow-scripts\" security=\"restricted\" style=\"position: absolute; clip: rect(1px, 1px, 1px, 1px);\" title=\"\u00abProtesta FIOB por cierre de comedores para hijos de jornaleros en Sinaloa\u00bb \u2014 Diario Marca\" src=\"https:\/\/www.diariomarca.com.mx\/2020\/12\/protesta-fiob-por-cierre-de-comedores-para-hijos-de-jornaleros-en-sinaloa\/embed\/#?secret=CmVx2pZ5qL\" data-secret=\"CmVx2pZ5qL\" width=\"600\" height=\"338\" frameborder=\"0\" marginwidth=\"0\" marginheight=\"0\" scrolling=\"no\"><\/iframe><\/p>\n","protected":false},"excerpt":{"rendered":"<p>Diario Marca &nbsp; Huajuapan de Le\u00f3n, Oax.-\u00a0El coordinador general del Frente Ind\u00edgena de Organizaciones Binacionales (FIOB), Ezequiel Rosales Carre\u00f1o, inform\u00f3 que el cierre de 27 comedores para hijos de jornaleros &hellip; <a href=\"https:\/\/www.grieta.org.mx\/index.php\/2020\/12\/04\/protesta-fiob-por-cierre-de-comedores-para-hijos-de-jornaleros-en-sinaloa\/\" class=\"more-link\">Leer m\u00e1s<\/a><\/p>\n","protected":false},"author":2,"featured_media":55685,"comment_status":"closed","ping_status":"closed","sticky":false,"template":"","format":"standard","meta":{"ngg_post_thumbnail":0,"_jetpack_newsletter_access":"","_jetpack_dont_email_post_to_subs":false,"_jetpack_newsletter_tier_id":0,"_jetpack_memberships_contains_paywalled_content":false,"_jetpack_memberships_contains_paid_content":false,"footnotes":""},"categories":[1658,2490,30],"tags":[204],"class_list":["post-55684","post","type-post","status-publish","format-standard","has-post-thumbnail","hentry","category-conflictos-laborales-en-sinaloa","category-jornaleros-en-sinaloa","category-sinaloa","tag-jornaleros","entry"],"jetpack_featured_media_url":"https:\/\/www.grieta.org.mx\/wp-content\/uploads\/2020\/12\/60886382-8B8B-41BC-B6A3-639617418705.jpeg","jetpack_sharing_enabled":true,"jetpack_shortlink":"https:\/\/wp.me\/p7ZJR4-eu8","jetpack_likes_enabled":false,"jetpack-related-posts":[{"id":41875,"url":"https:\/\/www.grieta.org.mx\/index.php\/2019\/12\/03\/ninos-jornaleros-en-sinaloa-en-riesgo-de-muerte-hasta-12-fallecen-cada-temporada\/","url_meta":{"origin":55684,"position":0},"title":"Ni\u00f1os jornaleros en Sinaloa, en riesgo de muerte: hasta 12 fallecen cada temporada","author":"grieta","date":"3 diciembre, 2019","format":false,"excerpt":"Idra Cirigo\/Contral\u00ednea Cada temporada agr\u00edcola entre\u00a0siete\u00a0y\u00a0doce\u00a0ni\u00f1os\u00a0pierden la vida por causas prevenibles. Los hijos de jornaleros que trabajan en los campos de\u00a0Sinaloa\u00a0mueren\u00a0por infecciones gastrointestinales,\u00a0anemia,\u00a0desnutrici\u00f3n\u00a0o accidentes durante la temporada de recolecci\u00f3n de cosechas, advirti\u00f3 la organizaci\u00f3n internacional Save the Children. Agreg\u00f3 que de los 200 mil jornaleros que llegan al estado, casi\u2026","rel":"","context":"En &quot;CINTILLO&quot;","block_context":{"text":"CINTILLO","link":"https:\/\/www.grieta.org.mx\/index.php\/category\/cintillo\/"},"img":{"alt_text":"","src":"https:\/\/i0.wp.com\/www.grieta.org.mx\/wp-content\/uploads\/2019\/12\/Guerrero_cosecha_mai769z-1.jpg?resize=350%2C200&ssl=1","width":350,"height":200,"srcset":"https:\/\/i0.wp.com\/www.grieta.org.mx\/wp-content\/uploads\/2019\/12\/Guerrero_cosecha_mai769z-1.jpg?resize=350%2C200&ssl=1 1x, https:\/\/i0.wp.com\/www.grieta.org.mx\/wp-content\/uploads\/2019\/12\/Guerrero_cosecha_mai769z-1.jpg?resize=525%2C300&ssl=1 1.5x"},"classes":[]},{"id":2770,"url":"https:\/\/www.grieta.org.mx\/index.php\/2015\/03\/31\/colima-entre-los-18-estados-donde-se-explota-a-los-jornaleros-agricolas-fiob\/","url_meta":{"origin":55684,"position":1},"title":"Colima, entre los 18 estados donde se explota a los jornaleros agr\u00edcolas: FIOB","author":"grieta","date":"31 marzo, 2015","format":false,"excerpt":"\u201cColima, M\u00e9xico. Avanzada (31 de marzo de 2015).- El Frente Ind\u00edgena de Organizaciones Binacionales (FIOB) denunci\u00f3 que en 18 estados del pa\u00eds, entre ellos Colima, Sinaloa, Sonora, Baja California, Jalisco y Nayarit, los jornaleros agr\u00edcolas viven en condiciones de vulnerabilidad y constante violaci\u00f3n a sus derechos fundamentales. \u201cSin que hasta\u2026","rel":"","context":"En &quot;CINTILLO&quot;","block_context":{"text":"CINTILLO","link":"https:\/\/www.grieta.org.mx\/index.php\/category\/cintillo\/"},"img":{"alt_text":"","src":"https:\/\/i0.wp.com\/www.grieta.org.mx\/wp-content\/uploads\/2018\/03\/14524434_1106112876131411_958039263622046936_o.jpg?resize=350%2C200&ssl=1","width":350,"height":200,"srcset":"https:\/\/i0.wp.com\/www.grieta.org.mx\/wp-content\/uploads\/2018\/03\/14524434_1106112876131411_958039263622046936_o.jpg?resize=350%2C200&ssl=1 1x, https:\/\/i0.wp.com\/www.grieta.org.mx\/wp-content\/uploads\/2018\/03\/14524434_1106112876131411_958039263622046936_o.jpg?resize=525%2C300&ssl=1 1.5x, https:\/\/i0.wp.com\/www.grieta.org.mx\/wp-content\/uploads\/2018\/03\/14524434_1106112876131411_958039263622046936_o.jpg?resize=700%2C400&ssl=1 2x"},"classes":[]},{"id":2763,"url":"https:\/\/www.grieta.org.mx\/index.php\/2015\/05\/19\/jornaleros-agricolas-en-colima\/","url_meta":{"origin":55684,"position":2},"title":"Jornaleros agr\u00edcolas en Colima","author":"grieta","date":"19 mayo, 2015","format":false,"excerpt":"19\/05\/15. Jornaleros agr\u00edcolas en Colima: explotados y sin nadie que los defiendaDiario Avanzada 23\/04\/15. \u2018Consiente\u2019 Colima explotaci\u00f3n de jornaleros mixtecosDiario Avanzada 31\/03\/15. Colima, entre los 18 estados donde se explota a los jornaleros agr\u00edcolas: FIOBDiario Avanzada","rel":"","context":"En &quot;Colima&quot;","block_context":{"text":"Colima","link":"https:\/\/www.grieta.org.mx\/index.php\/category\/noticias-nacionales\/colima\/"},"img":{"alt_text":"","src":"https:\/\/i0.wp.com\/www.grieta.org.mx\/wp-content\/uploads\/2018\/03\/14524434_1106112876131411_958039263622046936_o.jpg?resize=350%2C200&ssl=1","width":350,"height":200,"srcset":"https:\/\/i0.wp.com\/www.grieta.org.mx\/wp-content\/uploads\/2018\/03\/14524434_1106112876131411_958039263622046936_o.jpg?resize=350%2C200&ssl=1 1x, https:\/\/i0.wp.com\/www.grieta.org.mx\/wp-content\/uploads\/2018\/03\/14524434_1106112876131411_958039263622046936_o.jpg?resize=525%2C300&ssl=1 1.5x, https:\/\/i0.wp.com\/www.grieta.org.mx\/wp-content\/uploads\/2018\/03\/14524434_1106112876131411_958039263622046936_o.jpg?resize=700%2C400&ssl=1 2x"},"classes":[]},{"id":45369,"url":"https:\/\/www.grieta.org.mx\/index.php\/2020\/02\/20\/acusan-jornaleros-explotacion-laboral-en-campo-de-sinaloa\/","url_meta":{"origin":55684,"position":3},"title":"Acusan jornaleros explotaci\u00f3n laboral en campo de Sinaloa","author":"grieta","date":"20 febrero, 2020","format":false,"excerpt":"Linea Directa\/Verona Hernandez Culiac\u00e1n, Sin.- Cansados del bajo salario que perciben y presuntos maltratos por parte de sus contratistas, jornaleros de Veracruz y Oaxaca de conocida empresa del valle de Culiac\u00e1n se manifestaron con un paro de labores en su campamento. Jos\u00e9 de Aquino, jornalero de dicho campo agr\u00edcola, critic\u00f3\u2026","rel":"","context":"En &quot;CINTILLO&quot;","block_context":{"text":"CINTILLO","link":"https:\/\/www.grieta.org.mx\/index.php\/category\/cintillo\/"},"img":{"alt_text":"","src":"https:\/\/i0.wp.com\/www.grieta.org.mx\/wp-content\/uploads\/2020\/02\/WhatsApp-Image-2020-02-13-at-9.10.49-AM-2-1280x700.jpeg?resize=350%2C200&ssl=1","width":350,"height":200,"srcset":"https:\/\/i0.wp.com\/www.grieta.org.mx\/wp-content\/uploads\/2020\/02\/WhatsApp-Image-2020-02-13-at-9.10.49-AM-2-1280x700.jpeg?resize=350%2C200&ssl=1 1x, https:\/\/i0.wp.com\/www.grieta.org.mx\/wp-content\/uploads\/2020\/02\/WhatsApp-Image-2020-02-13-at-9.10.49-AM-2-1280x700.jpeg?resize=525%2C300&ssl=1 1.5x, https:\/\/i0.wp.com\/www.grieta.org.mx\/wp-content\/uploads\/2020\/02\/WhatsApp-Image-2020-02-13-at-9.10.49-AM-2-1280x700.jpeg?resize=700%2C400&ssl=1 2x, https:\/\/i0.wp.com\/www.grieta.org.mx\/wp-content\/uploads\/2020\/02\/WhatsApp-Image-2020-02-13-at-9.10.49-AM-2-1280x700.jpeg?resize=1050%2C600&ssl=1 3x"},"classes":[]},{"id":2761,"url":"https:\/\/www.grieta.org.mx\/index.php\/2015\/05\/19\/iniciojornaleros-jornaleros-agricolas-en-colima-explotados-y-sin-nadie-que-los-defienda\/","url_meta":{"origin":55684,"position":4},"title":"Jornaleros agr\u00edcolas en Colima: explotados y sin nadie que los defienda","author":"grieta","date":"19 mayo, 2015","format":false,"excerpt":"Heidi de Le\u00f3n Guti\u00e9rrez Diario Avanzada Publicado: 19 Mayo 2015 El Frente Ind\u00edgena de Organizaciones Binacionales (FIOB) denunci\u00f3 que en 18 estados del pa\u00eds, entre ellos Colima, los jornaleros agr\u00edcolas viven en condiciones de vulnerabilidad y constante violaci\u00f3n a sus derechos fundamentales Colima, M\u00e9xico. Avanzada (19 de mayo de 2015).-\u2026","rel":"","context":"En &quot;CINTILLO&quot;","block_context":{"text":"CINTILLO","link":"https:\/\/www.grieta.org.mx\/index.php\/category\/cintillo\/"},"img":{"alt_text":"","src":"https:\/\/i0.wp.com\/www.grieta.org.mx\/wp-content\/uploads\/2018\/03\/14524434_1106112876131411_958039263622046936_o.jpg?resize=350%2C200&ssl=1","width":350,"height":200,"srcset":"https:\/\/i0.wp.com\/www.grieta.org.mx\/wp-content\/uploads\/2018\/03\/14524434_1106112876131411_958039263622046936_o.jpg?resize=350%2C200&ssl=1 1x, https:\/\/i0.wp.com\/www.grieta.org.mx\/wp-content\/uploads\/2018\/03\/14524434_1106112876131411_958039263622046936_o.jpg?resize=525%2C300&ssl=1 1.5x, https:\/\/i0.wp.com\/www.grieta.org.mx\/wp-content\/uploads\/2018\/03\/14524434_1106112876131411_958039263622046936_o.jpg?resize=700%2C400&ssl=1 2x"},"classes":[]},{"id":64721,"url":"https:\/\/www.grieta.org.mx\/index.php\/2022\/08\/01\/en-camiones-chatarra-se-trasladan-jornaleros-a-campos-en-sinaloa\/","url_meta":{"origin":55684,"position":5},"title":"En camiones chatarra se trasladan jornaleros a campos en Sinaloa","author":"grieta","date":"1 agosto, 2022","format":false,"excerpt":"Debate\/Mar\u00eda Bustillos Sinaloa.-\u00a0Con las llantas lisas, ventanas selladas, l\u00e1minas oxidadas y siendo verdaderas chatarras circulan una gran cantidad de camiones que transportan a personas que trabajan en los empaques y campos agr\u00edcolas de Sinaloa. Percance El accidente en el que resultaron lesionados alrededor de 15 jornaleros, ocurrido el pasado jueves\u2026","rel":"","context":"En &quot;Jornaleros&quot;","block_context":{"text":"Jornaleros","link":"https:\/\/www.grieta.org.mx\/index.php\/category\/temas-nacionales\/jornaleros\/"},"img":{"alt_text":"","src":"https:\/\/i0.wp.com\/www.grieta.org.mx\/wp-content\/uploads\/2022\/08\/camion-jornaleros.jpg_172596871.webp?resize=350%2C200&ssl=1","width":350,"height":200,"srcset":"https:\/\/i0.wp.com\/www.grieta.org.mx\/wp-content\/uploads\/2022\/08\/camion-jornaleros.jpg_172596871.webp?resize=350%2C200&ssl=1 1x, https:\/\/i0.wp.com\/www.grieta.org.mx\/wp-content\/uploads\/2022\/08\/camion-jornaleros.jpg_172596871.webp?resize=525%2C300&ssl=1 1.5x, https:\/\/i0.wp.com\/www.grieta.org.mx\/wp-content\/uploads\/2022\/08\/camion-jornaleros.jpg_172596871.webp?resize=700%2C400&ssl=1 2x, https:\/\/i0.wp.com\/www.grieta.org.mx\/wp-content\/uploads\/2022\/08\/camion-jornaleros.jpg_172596871.webp?resize=1050%2C600&ssl=1 3x"},"classes":[]}],"_links":{"self":[{"href":"https:\/\/www.grieta.org.mx\/index.php\/wp-json\/wp\/v2\/posts\/55684","targetHints":{"allow":["GET"]}}],"collection":[{"href":"https:\/\/www.grieta.org.mx\/index.php\/wp-json\/wp\/v2\/posts"}],"about":[{"href":"https:\/\/www.grieta.org.mx\/index.php\/wp-json\/wp\/v2\/types\/post"}],"author":[{"embeddable":true,"href":"https:\/\/www.grieta.org.mx\/index.php\/wp-json\/wp\/v2\/users\/2"}],"replies":[{"embeddable":true,"href":"https:\/\/www.grieta.org.mx\/index.php\/wp-json\/wp\/v2\/comments?post=55684"}],"version-history":[{"count":1,"href":"https:\/\/www.grieta.org.mx\/index.php\/wp-json\/wp\/v2\/posts\/55684\/revisions"}],"predecessor-version":[{"id":55686,"href":"https:\/\/www.grieta.org.mx\/index.php\/wp-json\/wp\/v2\/posts\/55684\/revisions\/55686"}],"wp:featuredmedia":[{"embeddable":true,"href":"https:\/\/www.grieta.org.mx\/index.php\/wp-json\/wp\/v2\/media\/55685"}],"wp:attachment":[{"href":"https:\/\/www.grieta.org.mx\/index.php\/wp-json\/wp\/v2\/media?parent=55684"}],"wp:term":[{"taxonomy":"category","embeddable":true,"href":"https:\/\/www.grieta.org.mx\/index.php\/wp-json\/wp\/v2\/categories?post=55684"},{"taxonomy":"post_tag","embeddable":true,"href":"https:\/\/www.grieta.org.mx\/index.php\/wp-json\/wp\/v2\/tags?post=55684"}],"curies":[{"name":"wp","href":"https:\/\/api.w.org\/{rel}","templated":true}]}}