{"id":55668,"date":"2020-12-04T10:19:39","date_gmt":"2020-12-04T16:19:39","guid":{"rendered":"http:\/\/www.grieta.org.mx\/?p=55668"},"modified":"2020-12-09T22:27:11","modified_gmt":"2020-12-10T04:27:11","slug":"despues-de-30-meses-encuentran-sin-vida-al-hermano-del-artista-oaxaqueno-lukas-avendano","status":"publish","type":"post","link":"https:\/\/www.grieta.org.mx\/index.php\/2020\/12\/04\/despues-de-30-meses-encuentran-sin-vida-al-hermano-del-artista-oaxaqueno-lukas-avendano\/","title":{"rendered":"Despu\u00e9s de 30 meses encuentran sin vida al hermano del artista oaxaque\u00f1o Lukas Avenda\u00f1o"},"content":{"rendered":"<p>Avispa Midia \/ Sare Frabes.<\/p>\n<p><img loading=\"lazy\" decoding=\"async\" data-attachment-id=\"55669\" data-permalink=\"https:\/\/www.grieta.org.mx\/index.php\/2020\/12\/04\/despues-de-30-meses-encuentran-sin-vida-al-hermano-del-artista-oaxaqueno-lukas-avendano\/bruno-avendano\/\" data-orig-file=\"https:\/\/www.grieta.org.mx\/wp-content\/uploads\/2020\/12\/Bruno-Avendano.jpg\" data-orig-size=\"960,640\" data-comments-opened=\"0\" data-image-meta=\"{&quot;aperture&quot;:&quot;0&quot;,&quot;credit&quot;:&quot;XAVIER KAT&quot;,&quot;camera&quot;:&quot;&quot;,&quot;caption&quot;:&quot;&quot;,&quot;created_timestamp&quot;:&quot;0&quot;,&quot;copyright&quot;:&quot;KAT&quot;,&quot;focal_length&quot;:&quot;0&quot;,&quot;iso&quot;:&quot;0&quot;,&quot;shutter_speed&quot;:&quot;0&quot;,&quot;title&quot;:&quot;&quot;,&quot;orientation&quot;:&quot;0&quot;}\" data-image-title=\"Bruno-Avendano\" data-image-description=\"\" data-image-caption=\"\" data-medium-file=\"https:\/\/www.grieta.org.mx\/wp-content\/uploads\/2020\/12\/Bruno-Avendano-300x200.jpg\" data-large-file=\"https:\/\/www.grieta.org.mx\/wp-content\/uploads\/2020\/12\/Bruno-Avendano.jpg\" class=\"alignnone wp-image-55669\" src=\"http:\/\/www.grieta.org.mx\/wp-content\/uploads\/2020\/12\/Bruno-Avendano.jpg\" alt=\"\" width=\"800\" height=\"533\" srcset=\"https:\/\/www.grieta.org.mx\/wp-content\/uploads\/2020\/12\/Bruno-Avendano.jpg 960w, https:\/\/www.grieta.org.mx\/wp-content\/uploads\/2020\/12\/Bruno-Avendano-300x200.jpg 300w, https:\/\/www.grieta.org.mx\/wp-content\/uploads\/2020\/12\/Bruno-Avendano-768x512.jpg 768w, https:\/\/www.grieta.org.mx\/wp-content\/uploads\/2020\/12\/Bruno-Avendano-750x500.jpg 750w\" sizes=\"auto, (max-width: 800px) 100vw, 800px\" \/><\/p>\n<p>Este jueves 3 de diciembre el artista oaxaque\u00f1o Lukas Avenda\u00f1o inform\u00f3 en sus redes sociales que su hermano Bruno Avenda\u00f1o, miembro activo de la marina de M\u00e9xico, desaparecido en el Istmo de Tehuantepec, Oaxaca, hab\u00eda sido localizado en una fosa clandestina desde el pasado 12 de noviembre.<\/p>\n<p>El joven Bruno rondaba los 35 a\u00f1os de edad y estaba activo en la Secretar\u00eda de Marina cuando fue desaparecido. Para el artista y su familia fue una b\u00fasqueda interminable y, en su andar, reivindicaron a los miles de desaparecidos en M\u00e9xico. Desde el momento en que desapareci\u00f3 Bruno para el Estado tan solo pas\u00f3 a formar una cifra m\u00e1s y, con \u00e9l, sumaban 191 personas reportadas hasta ese momento como desaparecidas en Oaxaca.<\/p>\n<p>Por ello, en una entrevista realizada por Avispa Midia en 2018, Lukas Avenda\u00f1o reafirm\u00f3 que, aunque dieran con el paradero de su hermano, \u201cla b\u00fasqueda iba a terminar cuando se encuentre a la \u00faltima persona desaparecida en M\u00e9xico, porque el Estado ha sido indolente e incompetente\u201d, asever\u00f3.<\/p>\n<p>Ver tambi\u00e9n: Oaxaca: \u201cLa b\u00fasqueda terminar\u00e1 cuando encontremos al \u00faltimo desaparecido\u201d, Lukas Avenda\u00f1o<\/p>\n<p>Lukas y su familia se sumaron a las brigadas de b\u00fasqueda y rastreo de cad\u00e1veres en fosas clandestinas como parte de la b\u00fasqueda de su familiar, pero, tambi\u00e9n como parte de su activismo junto a otras familias que comparten la misma tragedia.<\/p>\n<p>Pero el cuerpo del marino fue hallado por autoridades de justicia de Oaxaca en una fosa clandestina entre los l\u00edmites de los municipios de Salina Cruz y Tehuantepec, Oaxaca.<\/p>\n<p>Hoy, mientras el sentir y el dolor inundan el coraz\u00f3n de la familia Avenda\u00f1o, el artista Lukas puntualiza qu\u00e9 mientras el peso del luto pase, lo que sigue es la exigencia de justicia y el esclarecimiento de la muerte de su hermano.<\/p>\n<p>El artista zapoteco llev\u00f3 a cabo una campa\u00f1a internacional para denunciar la desaparici\u00f3n de su hermano, pero solo recibi\u00f3 el silencio y o\u00eddos sordos por parte de la Fiscal\u00eda General del Estado de Oaxaca, as\u00ed como de la Secretar\u00eda de Gobierno.<\/p>\n<p>A m\u00e1s de dos a\u00f1os de desaparecido, hoy, los restos de Bruno fueron velados en la capilla de Santa Teresa de Jes\u00fas, en Tehuantepec. Fue despedido por sus amigos y familiares mientras una banda de m\u00fasica lo despidi\u00f3.<\/p>\n<p><a href=\"https:\/\/avispa.org\/despues-de-30-meses-encuentran-sin-vida-al-hermano-del-artista-oaxaqueno-lukas-avendano\/\" target=\"_blank\" rel=\"noopener noreferrer\">https:\/\/avispa.org\/despues-de-30-meses-encuentran-sin-vida-al-hermano-del-artista-oaxaqueno-lukas-avendano\/<\/a><\/p>\n","protected":false},"excerpt":{"rendered":"<p>Avispa Midia \/ Sare Frabes. Este jueves 3 de diciembre el artista oaxaque\u00f1o Lukas Avenda\u00f1o inform\u00f3 en sus redes sociales que su hermano Bruno Avenda\u00f1o, miembro activo de la marina &hellip; <a href=\"https:\/\/www.grieta.org.mx\/index.php\/2020\/12\/04\/despues-de-30-meses-encuentran-sin-vida-al-hermano-del-artista-oaxaqueno-lukas-avendano\/\" class=\"more-link\">Leer m\u00e1s<\/a><\/p>\n","protected":false},"author":2,"featured_media":55669,"comment_status":"closed","ping_status":"closed","sticky":false,"template":"","format":"standard","meta":{"ngg_post_thumbnail":0,"_jetpack_newsletter_access":"","_jetpack_dont_email_post_to_subs":false,"_jetpack_newsletter_tier_id":0,"_jetpack_memberships_contains_paywalled_content":false,"_jetpack_memberships_contains_paid_content":false,"footnotes":""},"categories":[80,2832,2,25],"tags":[],"class_list":["post-55668","post","type-post","status-publish","format-standard","has-post-thumbnail","hentry","category-cintillo","category-desaparecidos-en-oaxaca","category-noticias-nacionales","category-oaxaca","entry"],"jetpack_featured_media_url":"https:\/\/www.grieta.org.mx\/wp-content\/uploads\/2020\/12\/Bruno-Avendano.jpg","jetpack_sharing_enabled":true,"jetpack_shortlink":"https:\/\/wp.me\/p7ZJR4-etS","jetpack_likes_enabled":false,"jetpack-related-posts":[{"id":25482,"url":"https:\/\/www.grieta.org.mx\/index.php\/2018\/05\/18\/mexico-continua-busqueda-del-hermano-desaparecido-del-artista-oaxaqueno-lukas-avendano\/","url_meta":{"origin":55668,"position":0},"title":"M\u00e9xico: Contin\u00faa b\u00fasqueda del hermano desaparecido del artista oaxaque\u00f1o Lukas Avenda\u00f1o","author":"grieta","date":"18 mayo, 2018","format":false,"excerpt":"Avispa Midia. Lukas Avenda\u00f1o (1977) es del sur de Oaxaca, es perfomancero y antrop\u00f3logo. Quiz\u00e1 el m\u00e1s importante de la comunidad muxe oaxaque\u00f1a. Ha llevado su performance por M\u00e9xico, Canad\u00e1, Dinamarca, Estados Unidos, Polonia, Rep\u00fablica Checa, Colombia, Per\u00fa y Argentina. El 10 de mayo fue desaparecido su hermano Bruno Avenda\u00f1o\u2026","rel":"","context":"En &quot;CINTILLO&quot;","block_context":{"text":"CINTILLO","link":"https:\/\/www.grieta.org.mx\/index.php\/category\/cintillo\/"},"img":{"alt_text":"","src":"https:\/\/i0.wp.com\/www.grieta.org.mx\/wp-content\/uploads\/2018\/08\/c.jpg?resize=350%2C200&ssl=1","width":350,"height":200},"classes":[]},{"id":55609,"url":"https:\/\/www.grieta.org.mx\/index.php\/2020\/12\/03\/encuentran-sin-vida-a-bruno-avendano-marino-desaparecido-en-tehuantepec-oaxaca\/","url_meta":{"origin":55668,"position":1},"title":"Encuentran sin vida a Bruno Avenda\u00f1o, marino desaparecido en Tehuantepec (Oaxaca)","author":"grieta","date":"3 diciembre, 2020","format":false,"excerpt":"P\u00e1gina 3 \/ Diana Manzo. Familiares y amigos le dan el \u00faltimo adi\u00f3s con una eucarist\u00eda religiosa. Tehuantepec,Oax.- Bruno Alonso Avenda\u00f1o Mart\u00ednez, marino activo originario de Tehuantepec Oaxaca, volvi\u00f3 a su casa despu\u00e9s de 30 meses desaparecido, solo para despedirse de sus familiares que viven en la finca Santa Teresa.\u2026","rel":"","context":"En &quot;CINTILLO&quot;","block_context":{"text":"CINTILLO","link":"https:\/\/www.grieta.org.mx\/index.php\/category\/cintillo\/"},"img":{"alt_text":"","src":"https:\/\/i0.wp.com\/www.grieta.org.mx\/wp-content\/uploads\/2020\/12\/1.png?resize=350%2C200&ssl=1","width":350,"height":200,"srcset":"https:\/\/i0.wp.com\/www.grieta.org.mx\/wp-content\/uploads\/2020\/12\/1.png?resize=350%2C200&ssl=1 1x, https:\/\/i0.wp.com\/www.grieta.org.mx\/wp-content\/uploads\/2020\/12\/1.png?resize=525%2C300&ssl=1 1.5x, https:\/\/i0.wp.com\/www.grieta.org.mx\/wp-content\/uploads\/2020\/12\/1.png?resize=700%2C400&ssl=1 2x"},"classes":[]},{"id":33380,"url":"https:\/\/www.grieta.org.mx\/index.php\/2019\/05\/11\/exigen-investigacion-por-bruno-avendano-oaxaca\/","url_meta":{"origin":55668,"position":2},"title":"Exigen investigaci\u00f3n por Bruno Avenda\u00f1o (Oaxaca)","author":"grieta","date":"11 mayo, 2019","format":false,"excerpt":"Noticias. Por Agencia Reforma, Un grupo de manifestantes exigen a las autoridades investigaci\u00f3n de Bruno Avenda\u00f1o. CIUDAD DE M\u00c9XICO.- Familiares y amigos del marino Bruno Avenda\u00f1o Mart\u00ednez realizaron una protesta frente a la sede de la Fiscal\u00eda General de la Rep\u00fablica (FGR) para exigir una investigaci\u00f3n que permita der con\u2026","rel":"","context":"En &quot;CINTILLO&quot;","block_context":{"text":"CINTILLO","link":"https:\/\/www.grieta.org.mx\/index.php\/category\/cintillo\/"},"img":{"alt_text":"","src":"https:\/\/i0.wp.com\/www.grieta.org.mx\/wp-content\/uploads\/2019\/05\/image_7.jpg?resize=350%2C200&ssl=1","width":350,"height":200,"srcset":"https:\/\/i0.wp.com\/www.grieta.org.mx\/wp-content\/uploads\/2019\/05\/image_7.jpg?resize=350%2C200&ssl=1 1x, https:\/\/i0.wp.com\/www.grieta.org.mx\/wp-content\/uploads\/2019\/05\/image_7.jpg?resize=525%2C300&ssl=1 1.5x, https:\/\/i0.wp.com\/www.grieta.org.mx\/wp-content\/uploads\/2019\/05\/image_7.jpg?resize=700%2C400&ssl=1 2x, https:\/\/i0.wp.com\/www.grieta.org.mx\/wp-content\/uploads\/2019\/05\/image_7.jpg?resize=1050%2C600&ssl=1 3x"},"classes":[]},{"id":29357,"url":"https:\/\/www.grieta.org.mx\/index.php\/2019\/02\/21\/lukas-avendano-en-el-museo-de-arte-contemporaneo-de-oaxaca\/","url_meta":{"origin":55668,"position":3},"title":"Lukas Avenda\u00f1o en el Museo de Arte Contempor\u00e1neo de Oaxaca","author":"grieta","date":"21 febrero, 2019","format":false,"excerpt":"P\u00e1gina 3. Comunicados, \u00bfD\u00f3nde est\u00e1 Bruno? Performance La desaparici\u00f3n forzada que amenaza la vida en M\u00e9xico ha arrancado a m\u00e1s de 40 mil 180 personas desaparecidas y otras 36 mil 708 fallecidas sin identificar en el pa\u00eds, seg\u00fan la Secretaria de Gobernaci\u00f3n en los \u00faltimos 10 a\u00f1os. No est\u00e1n en\u2026","rel":"","context":"En &quot;CINTILLO&quot;","block_context":{"text":"CINTILLO","link":"https:\/\/www.grieta.org.mx\/index.php\/category\/cintillo\/"},"img":{"alt_text":"","src":"http:\/\/www.grieta.org.mx\/wp-content\/uploads\/2019\/02\/Lukas-Avendan?o-300x199.png","width":350,"height":200},"classes":[]},{"id":55362,"url":"https:\/\/www.grieta.org.mx\/index.php\/2020\/11\/12\/memoria-y-verdad-la-justicia-se-aleja-para-los-nadies-lukas-avendano-oaxaca\/","url_meta":{"origin":55668,"position":4},"title":"Memoria y verdad \u00abLa justicia se aleja para los nadies\u00bb: Lukas Avenda\u00f1o (Oaxaca)","author":"grieta","date":"12 noviembre, 2020","format":false,"excerpt":"Pie de P\u00e1gina \/ Mar\u00eda Ruiz Foto: Cortes\u00eda Bruno Avenda\u00f1o desapareci\u00f3 el 10 de mayo del 2018 a 5 kil\u00f3metros de la casa de su madre en el Istmo de Tehuantepec. Su hermano Lukas, artista de performance y muxe, volc\u00f3 su vida y su arte en la b\u00fasqueda. Pero como\u2026","rel":"","context":"En &quot;CINTILLO&quot;","block_context":{"text":"CINTILLO","link":"https:\/\/www.grieta.org.mx\/index.php\/category\/cintillo\/"},"img":{"alt_text":"","src":"https:\/\/i0.wp.com\/www.grieta.org.mx\/wp-content\/uploads\/2020\/11\/X.jpg?resize=350%2C200&ssl=1","width":350,"height":200,"srcset":"https:\/\/i0.wp.com\/www.grieta.org.mx\/wp-content\/uploads\/2020\/11\/X.jpg?resize=350%2C200&ssl=1 1x, https:\/\/i0.wp.com\/www.grieta.org.mx\/wp-content\/uploads\/2020\/11\/X.jpg?resize=525%2C300&ssl=1 1.5x, https:\/\/i0.wp.com\/www.grieta.org.mx\/wp-content\/uploads\/2020\/11\/X.jpg?resize=700%2C400&ssl=1 2x, https:\/\/i0.wp.com\/www.grieta.org.mx\/wp-content\/uploads\/2020\/11\/X.jpg?resize=1050%2C600&ssl=1 3x, https:\/\/i0.wp.com\/www.grieta.org.mx\/wp-content\/uploads\/2020\/11\/X.jpg?resize=1400%2C800&ssl=1 4x"},"classes":[]},{"id":25480,"url":"https:\/\/www.grieta.org.mx\/index.php\/2018\/08\/10\/oaxaca-la-busqueda-terminara-cuando-encontremos-al-ultimo-desaparecido-lukas-avendano\/","url_meta":{"origin":55668,"position":5},"title":"Oaxaca: \u201cLa b\u00fasqueda terminar\u00e1 cuando encontremos al \u00faltimo desaparecido\u201d, Lukas Avenda\u00f1o","author":"grieta","date":"10 agosto, 2018","format":false,"excerpt":"Avispa Midia. Por Jorge Gonz\u00e1lez Hay fuerza, en el cansancio de Lukas se puede percibir fortaleza. En sus ojos hay destellos de esperanza y melancol\u00eda, esa emoci\u00f3n tan humana que al paso del tiempo oxida. Pero en su mirada hay m\u00e1s que eso, una aproximaci\u00f3n, quiz\u00e1, a esa humanidad perdida\u2026","rel":"","context":"En &quot;CINTILLO&quot;","block_context":{"text":"CINTILLO","link":"https:\/\/www.grieta.org.mx\/index.php\/category\/cintillo\/"},"img":{"alt_text":"","src":"https:\/\/i0.wp.com\/www.grieta.org.mx\/wp-content\/uploads\/2018\/03\/14524434_1106112876131411_958039263622046936_o.jpg?resize=350%2C200&ssl=1","width":350,"height":200,"srcset":"https:\/\/i0.wp.com\/www.grieta.org.mx\/wp-content\/uploads\/2018\/03\/14524434_1106112876131411_958039263622046936_o.jpg?resize=350%2C200&ssl=1 1x, https:\/\/i0.wp.com\/www.grieta.org.mx\/wp-content\/uploads\/2018\/03\/14524434_1106112876131411_958039263622046936_o.jpg?resize=525%2C300&ssl=1 1.5x, https:\/\/i0.wp.com\/www.grieta.org.mx\/wp-content\/uploads\/2018\/03\/14524434_1106112876131411_958039263622046936_o.jpg?resize=700%2C400&ssl=1 2x"},"classes":[]}],"_links":{"self":[{"href":"https:\/\/www.grieta.org.mx\/index.php\/wp-json\/wp\/v2\/posts\/55668","targetHints":{"allow":["GET"]}}],"collection":[{"href":"https:\/\/www.grieta.org.mx\/index.php\/wp-json\/wp\/v2\/posts"}],"about":[{"href":"https:\/\/www.grieta.org.mx\/index.php\/wp-json\/wp\/v2\/types\/post"}],"author":[{"embeddable":true,"href":"https:\/\/www.grieta.org.mx\/index.php\/wp-json\/wp\/v2\/users\/2"}],"replies":[{"embeddable":true,"href":"https:\/\/www.grieta.org.mx\/index.php\/wp-json\/wp\/v2\/comments?post=55668"}],"version-history":[{"count":1,"href":"https:\/\/www.grieta.org.mx\/index.php\/wp-json\/wp\/v2\/posts\/55668\/revisions"}],"predecessor-version":[{"id":55670,"href":"https:\/\/www.grieta.org.mx\/index.php\/wp-json\/wp\/v2\/posts\/55668\/revisions\/55670"}],"wp:featuredmedia":[{"embeddable":true,"href":"https:\/\/www.grieta.org.mx\/index.php\/wp-json\/wp\/v2\/media\/55669"}],"wp:attachment":[{"href":"https:\/\/www.grieta.org.mx\/index.php\/wp-json\/wp\/v2\/media?parent=55668"}],"wp:term":[{"taxonomy":"category","embeddable":true,"href":"https:\/\/www.grieta.org.mx\/index.php\/wp-json\/wp\/v2\/categories?post=55668"},{"taxonomy":"post_tag","embeddable":true,"href":"https:\/\/www.grieta.org.mx\/index.php\/wp-json\/wp\/v2\/tags?post=55668"}],"curies":[{"name":"wp","href":"https:\/\/api.w.org\/{rel}","templated":true}]}}