{"id":55634,"date":"2020-11-30T19:06:40","date_gmt":"2020-12-01T01:06:40","guid":{"rendered":"http:\/\/www.grieta.org.mx\/?p=55634"},"modified":"2020-12-06T19:15:03","modified_gmt":"2020-12-07T01:15:03","slug":"maestros-de-nayarit-protestan-por-falta-del-pago","status":"publish","type":"post","link":"https:\/\/www.grieta.org.mx\/index.php\/2020\/11\/30\/maestros-de-nayarit-protestan-por-falta-del-pago\/","title":{"rendered":"Maestros de Nayarit protestan por falta del pago"},"content":{"rendered":"<p><img loading=\"lazy\" decoding=\"async\" data-attachment-id=\"55635\" data-permalink=\"https:\/\/www.grieta.org.mx\/index.php\/2020\/11\/30\/maestros-de-nayarit-protestan-por-falta-del-pago\/maestros-696x392\/\" data-orig-file=\"https:\/\/www.grieta.org.mx\/wp-content\/uploads\/2020\/12\/maestros-696x392-1.jpg\" data-orig-size=\"696,392\" data-comments-opened=\"0\" data-image-meta=\"{&quot;aperture&quot;:&quot;0&quot;,&quot;credit&quot;:&quot;&quot;,&quot;camera&quot;:&quot;&quot;,&quot;caption&quot;:&quot;&quot;,&quot;created_timestamp&quot;:&quot;0&quot;,&quot;copyright&quot;:&quot;&quot;,&quot;focal_length&quot;:&quot;0&quot;,&quot;iso&quot;:&quot;0&quot;,&quot;shutter_speed&quot;:&quot;0&quot;,&quot;title&quot;:&quot;&quot;,&quot;orientation&quot;:&quot;0&quot;}\" data-image-title=\"maestros-696&amp;#215;392\" data-image-description=\"\" data-image-caption=\"\" data-medium-file=\"https:\/\/www.grieta.org.mx\/wp-content\/uploads\/2020\/12\/maestros-696x392-1-300x169.jpg\" data-large-file=\"https:\/\/www.grieta.org.mx\/wp-content\/uploads\/2020\/12\/maestros-696x392-1.jpg\" class=\" wp-image-55635 aligncenter\" src=\"http:\/\/www.grieta.org.mx\/wp-content\/uploads\/2020\/12\/maestros-696x392-1.jpg\" alt=\"\" width=\"801\" height=\"452\" srcset=\"https:\/\/www.grieta.org.mx\/wp-content\/uploads\/2020\/12\/maestros-696x392-1.jpg 696w, https:\/\/www.grieta.org.mx\/wp-content\/uploads\/2020\/12\/maestros-696x392-1-300x169.jpg 300w\" sizes=\"auto, (max-width: 801px) 100vw, 801px\" \/><\/p>\n<p>Foto: Realidades de Nayarit<\/p>\n<p>Ver\u00f3nica Ram\u00edrez \/ Realidades de Nayarit<\/p>\n<p>Tepic, Nayarit.- 30 de noviembre del 2020.- Contin\u00faa el \u201cjineteo\u201d a lo grande del dinero enviado por la federaci\u00f3n para cubrir m\u00e1s de diez millones de pesos correspondientes a pago de 8 d\u00edas de salario de los maestros del Programa de Escuelas de Tiempo Completo (ETC).<\/p>\n<p>Teme el magisterio que en el a\u00f1o de Hidalgo, las autoridades educativas se vayan con todo el dinero que les adeudan.<\/p>\n<p>Desesperados por la falta de pago, este fin de semana, un grupo de aguerridos maestros de varios municipios de la entidad, se postraron afuera del Congreso del Estado para exigir la intervenci\u00f3n de los diputados para resolver esta situaci\u00f3n.<\/p>\n<p>Pero como siempre, se toparon con que ninguno de los legisladores se encontraba en la Casa del Pueblo porque se la pasan de chile frito encampa\u00f1ados, buscando brincar de una posici\u00f3n a otra, empezando por su l\u00edder Polo Dom\u00ednguez, a quien dijeron los maestros, le vale un cacahuate los problemas de los nayaritas, porque a \u00e9l lo \u00fanico que le interesa es hacer campa\u00f1a y quedar bien con su sobrinito el gobernador, pero los ciudadanos le cobrar\u00e1n sus arrastradas y lambisconas posturas que tanto han hecho a la educaci\u00f3n.<\/p>\n<p>Destacaron los profesores que el l\u00edder del Congreso no se conforma con robarle las becas a m\u00e1s de 200 mil ni\u00f1os nayaritas, sino que ahora se lanza tambi\u00e9n contra los maestros que de por s\u00ed ganan una miseria.<\/p>\n<p>Uno de los manifestantes, de nombre \u00c1ngel Gonzalo Guzm\u00e1n, subray\u00f3 que el gobierno les adeuda 8 quincenas, lo que representa un duro golpe a la econom\u00eda de los maestros de Tiempo completo quienes desde hace aproximadamente cuatro meses no reciben el pago de sus salarios.<\/p>\n<p>Y es que no es la primera vez que este sector levanta la voz, hace un par de meses, los m\u00e1s de 3 mil 500 docentes se preguntan qu\u00e9 pas\u00f3 con su dinero que desquitaron al impartir clases al final del ciclo escolar anterior.<\/p>\n<p>Como se recordar\u00e1, el gobierno de Nayarit recibe anualmente 130 millones de pesos al a\u00f1o para el funcionamiento de los programas de Escuela de Tiempo Completo pagaderos en 3 pagos: febrero, junio y octubre.<\/p>\n<p>Pero ante la pandemia, el ciclo escolar anterior se suspendi\u00f3 el pasado 19 de junio, y se acord\u00f3 que a los m\u00e1s de 3 mil 500 profesores del ETC se les \u201crecortar\u00eda\u201d el pago hasta dicho d\u00eda.<\/p>\n<p>Sin embargo, el magisterio de Nayarit solo recibi\u00f3 mil cien pesos correspondientes a 7 d\u00edas de pago del mes de junio, en lugar de 15 d\u00edas h\u00e1biles del mencionado mes como corresponde legalmente.<\/p>\n<p>En estos momentos en que los docentes al igual que todo el pueblo est\u00e1 en crisis a consecuencia de la emergencia sanitaria, exigen que les cumplan con el pago antes del mes de diciembre del presente a\u00f1o.<\/p>\n<p>Desilusionados con el torpe papel de los diputados que ni en quincena se aparecen por el Congreso local porque reciben su chequecito en sus cuentas bancarias, los maestros manifestantes volvieron a sus pueblos con la promesa de que esta semana, quiz\u00e1 sean recibidos por alg\u00fan representante popular.<\/p>\n<p><a href=\"http:\/\/realidadessperiodico.com\/64006\/\">http:\/\/realidadessperiodico.com\/64006\/<\/a><\/p>\n","protected":false},"excerpt":{"rendered":"<p>Foto: Realidades de Nayarit Ver\u00f3nica Ram\u00edrez \/ Realidades de Nayarit Tepic, Nayarit.- 30 de noviembre del 2020.- Contin\u00faa el \u201cjineteo\u201d a lo grande del dinero enviado por la federaci\u00f3n para &hellip; <a href=\"https:\/\/www.grieta.org.mx\/index.php\/2020\/11\/30\/maestros-de-nayarit-protestan-por-falta-del-pago\/\" class=\"more-link\">Leer m\u00e1s<\/a><\/p>\n","protected":false},"author":2,"featured_media":55635,"comment_status":"closed","ping_status":"closed","sticky":false,"template":"","format":"standard","meta":{"ngg_post_thumbnail":0,"_jetpack_newsletter_access":"","_jetpack_dont_email_post_to_subs":false,"_jetpack_newsletter_tier_id":0,"_jetpack_memberships_contains_paywalled_content":false,"_jetpack_memberships_contains_paid_content":false,"footnotes":""},"categories":[80,916,3315,23,2,83],"tags":[113,3454,3217,2453,1361],"class_list":["post-55634","post","type-post","status-publish","format-standard","has-post-thumbnail","hentry","category-cintillo","category-privatizacion-del-la-educacion-publica","category-crisis-del-sistema-educativo-en-nayarit","category-nayarit","category-noticias-nacionales","category-temas-nacionales","tag-conflictos-laborales","tag-crisis-de-la-educacion-publica","tag-falta-de-pagos-a-maestros","tag-manifestacion-de-maestros","tag-protestas-de-maestros","entry"],"jetpack_featured_media_url":"https:\/\/www.grieta.org.mx\/wp-content\/uploads\/2020\/12\/maestros-696x392-1.jpg","jetpack_sharing_enabled":true,"jetpack_shortlink":"https:\/\/wp.me\/p7ZJR4-etk","jetpack_likes_enabled":false,"jetpack-related-posts":[{"id":55984,"url":"https:\/\/www.grieta.org.mx\/index.php\/2020\/12\/23\/retrasaran-maestros-regreso-a-clases-por-falta-de-aguinaldos-en-nayarit\/","url_meta":{"origin":55634,"position":0},"title":"Retrasar\u00e1n maestros regreso a clases por falta de aguinaldos en Nayarit","author":"grieta","date":"23 diciembre, 2020","format":false,"excerpt":"Foto: Realidades de Nayarit Seguir\u00e1n manifest\u00e1ndose y exigiendo sus derechos Crys Ben\u00edtez \/ El Occidental TEPIC, Nayarit (OEM-Informex). -Maestros de la Secci\u00f3n 49 del Sindicato Nacional de Trabajadores de la Educaci\u00f3n (SNTE) en Nayarit, han manifestado que tomar\u00e1n acciones dr\u00e1sticas, ante la falta de pagos correspondientes a los aguinaldos y\u2026","rel":"","context":"En &quot;CINTILLO&quot;","block_context":{"text":"CINTILLO","link":"https:\/\/www.grieta.org.mx\/index.php\/category\/cintillo\/"},"img":{"alt_text":"","src":"https:\/\/i0.wp.com\/www.grieta.org.mx\/wp-content\/uploads\/2020\/12\/verde-1-636x420-1.jpg?resize=350%2C200&ssl=1","width":350,"height":200,"srcset":"https:\/\/i0.wp.com\/www.grieta.org.mx\/wp-content\/uploads\/2020\/12\/verde-1-636x420-1.jpg?resize=350%2C200&ssl=1 1x, https:\/\/i0.wp.com\/www.grieta.org.mx\/wp-content\/uploads\/2020\/12\/verde-1-636x420-1.jpg?resize=525%2C300&ssl=1 1.5x"},"classes":[]},{"id":55909,"url":"https:\/\/www.grieta.org.mx\/index.php\/2020\/12\/19\/maestros-de-la-49-exigen-su-aguinaldo-nayarit\/","url_meta":{"origin":55634,"position":1},"title":"Maestros de la 49 exigen su aguinaldo (Nayarit)","author":"grieta","date":"19 diciembre, 2020","format":false,"excerpt":"Foto: Realidades de Nayarit El gobernador hace o\u00eddos sordos a sus leg\u00edtimos reclamos Ver\u00f3nica Ram\u00edrez \/ Realidades de Nayarit Tepic, Nayarit.- S\u00e1bado 19 de diciembre del 2020.- Truena el magisterio estatal en contra del gobierno de To\u00f1o Echevarr\u00eda Garc\u00eda porque a unas horas de vencerse el plazo que estipula la\u2026","rel":"","context":"En &quot;CINTILLO&quot;","block_context":{"text":"CINTILLO","link":"https:\/\/www.grieta.org.mx\/index.php\/category\/cintillo\/"},"img":{"alt_text":"","src":"https:\/\/i0.wp.com\/www.grieta.org.mx\/wp-content\/uploads\/2020\/12\/pago-1.jpg?resize=350%2C200&ssl=1","width":350,"height":200,"srcset":"https:\/\/i0.wp.com\/www.grieta.org.mx\/wp-content\/uploads\/2020\/12\/pago-1.jpg?resize=350%2C200&ssl=1 1x, https:\/\/i0.wp.com\/www.grieta.org.mx\/wp-content\/uploads\/2020\/12\/pago-1.jpg?resize=525%2C300&ssl=1 1.5x, https:\/\/i0.wp.com\/www.grieta.org.mx\/wp-content\/uploads\/2020\/12\/pago-1.jpg?resize=700%2C400&ssl=1 2x"},"classes":[]},{"id":55756,"url":"https:\/\/www.grieta.org.mx\/index.php\/2020\/12\/12\/maestros-amenazan-con-movilizaciones-nayarit\/","url_meta":{"origin":55634,"position":2},"title":"Maestros amenazan con movilizaciones (Nayarit)","author":"grieta","date":"12 diciembre, 2020","format":false,"excerpt":"Foto: Realidades de Nayarit Mildra Ben\u00edtez Robledo \/ Realidades de Nayarit Tepic, Nayarit.- S\u00e1bado 12 de diciembre del 2020.- La expedici\u00f3n del calendario de pagos para aguinaldos y dem\u00e1s prestaciones de fin de a\u00f1o para los maestros de la Secci\u00f3n 49 del Sindicato Nacional de los Trabajadores de la Educaci\u00f3n\u2026","rel":"","context":"En &quot;CINTILLO&quot;","block_context":{"text":"CINTILLO","link":"https:\/\/www.grieta.org.mx\/index.php\/category\/cintillo\/"},"img":{"alt_text":"","src":"https:\/\/i0.wp.com\/www.grieta.org.mx\/wp-content\/uploads\/2020\/12\/paro-696x345-1.jpg?resize=350%2C200&ssl=1","width":350,"height":200,"srcset":"https:\/\/i0.wp.com\/www.grieta.org.mx\/wp-content\/uploads\/2020\/12\/paro-696x345-1.jpg?resize=350%2C200&ssl=1 1x, https:\/\/i0.wp.com\/www.grieta.org.mx\/wp-content\/uploads\/2020\/12\/paro-696x345-1.jpg?resize=525%2C300&ssl=1 1.5x"},"classes":[]},{"id":54070,"url":"https:\/\/www.grieta.org.mx\/index.php\/2020\/10\/01\/planton-de-maestros-frente-a-gobierno-nayarti\/","url_meta":{"origin":55634,"position":3},"title":"Plant\u00f3n de maestros frente a Gobierno (Nayarti)","author":"grieta","date":"1 octubre, 2020","format":false,"excerpt":"Foto: Realidades de Nayarit Ver\u00f3nica Ram\u00edrez Tepic, Nayarit.- Jueves 01 de octubre del 2020.- Desesperados por la falta del pago quincenal, el aumento salarial retroactivo, y la segunda parte de la Compensaci\u00f3n Nacional \u00danica, el magisterio estatal tron\u00f3 en contra del gobierno de To\u00f1o y tomaron las calles para reclamar\u2026","rel":"","context":"En &quot;CINTILLO&quot;","block_context":{"text":"CINTILLO","link":"https:\/\/www.grieta.org.mx\/index.php\/category\/cintillo\/"},"img":{"alt_text":"","src":"https:\/\/i0.wp.com\/www.grieta.org.mx\/wp-content\/uploads\/2020\/10\/palacio.jpg?resize=350%2C200&ssl=1","width":350,"height":200,"srcset":"https:\/\/i0.wp.com\/www.grieta.org.mx\/wp-content\/uploads\/2020\/10\/palacio.jpg?resize=350%2C200&ssl=1 1x, https:\/\/i0.wp.com\/www.grieta.org.mx\/wp-content\/uploads\/2020\/10\/palacio.jpg?resize=525%2C300&ssl=1 1.5x, https:\/\/i0.wp.com\/www.grieta.org.mx\/wp-content\/uploads\/2020\/10\/palacio.jpg?resize=700%2C400&ssl=1 2x"},"classes":[]},{"id":55912,"url":"https:\/\/www.grieta.org.mx\/index.php\/2020\/12\/18\/paro-en-la-uan-maestros-sin-pago-nayarit\/","url_meta":{"origin":55634,"position":4},"title":"Paro en la UAN: maestros sin pago (Nayarit)","author":"grieta","date":"18 diciembre, 2020","format":false,"excerpt":"Foto: Realidades de Nayarit Trabajadores acusan al Rector, Ignacio Pe\u00f1a Gonz\u00e1lez, de negligente, por no exigir al gobernador, Antonio Echevarr\u00eda Garc\u00eda, el pago de los 250 millones que adeuda a la Universidad, por lo que ni siquiera recibieron la quincena completa, mucho menos las prestaciones de fin de a\u00f1o Mildra\u2026","rel":"","context":"En &quot;CINTILLO&quot;","block_context":{"text":"CINTILLO","link":"https:\/\/www.grieta.org.mx\/index.php\/category\/cintillo\/"},"img":{"alt_text":"","src":"https:\/\/i0.wp.com\/www.grieta.org.mx\/wp-content\/uploads\/2018\/03\/14524434_1106112876131411_958039263622046936_o.jpg?resize=350%2C200&ssl=1","width":350,"height":200,"srcset":"https:\/\/i0.wp.com\/www.grieta.org.mx\/wp-content\/uploads\/2018\/03\/14524434_1106112876131411_958039263622046936_o.jpg?resize=350%2C200&ssl=1 1x, https:\/\/i0.wp.com\/www.grieta.org.mx\/wp-content\/uploads\/2018\/03\/14524434_1106112876131411_958039263622046936_o.jpg?resize=525%2C300&ssl=1 1.5x, https:\/\/i0.wp.com\/www.grieta.org.mx\/wp-content\/uploads\/2018\/03\/14524434_1106112876131411_958039263622046936_o.jpg?resize=700%2C400&ssl=1 2x"},"classes":[]},{"id":58034,"url":"https:\/\/www.grieta.org.mx\/index.php\/2021\/03\/26\/se-manifiestan-trabajadores-de-centros-infantiles-por-falta-de-pago-frente-a-palacio-de-gobierno-nayarit\/","url_meta":{"origin":55634,"position":5},"title":"Se manifiestan trabajadores de centros infantiles por falta de pago frente a Palacio de Gobierno (Nayarit)","author":"grieta","date":"26 marzo, 2021","format":false,"excerpt":"Foto: El Sol de Nayarit Redacci\u00f3n \/ El Sol de Nayarit Se manifestaron esta ma\u00f1ana trabajadores de estancias infantiles en la Plaza Bicentenario frente a Palacio de Gobierno, en la capital nayarita, para exigir el pago a maestros, maestras y administrativos. Jaime Cervantes Rivera, director General del Sistema Educativo Paulo\u2026","rel":"","context":"En &quot;CINTILLO&quot;","block_context":{"text":"CINTILLO","link":"https:\/\/www.grieta.org.mx\/index.php\/category\/cintillo\/"},"img":{"alt_text":"","src":"https:\/\/i0.wp.com\/www.grieta.org.mx\/wp-content\/uploads\/2021\/03\/temp_nota_01_76375_17_20210326193014_117whatsapp_image_2021-03-26_at_11.57.05_am.jpeg?resize=350%2C200&ssl=1","width":350,"height":200,"srcset":"https:\/\/i0.wp.com\/www.grieta.org.mx\/wp-content\/uploads\/2021\/03\/temp_nota_01_76375_17_20210326193014_117whatsapp_image_2021-03-26_at_11.57.05_am.jpeg?resize=350%2C200&ssl=1 1x, https:\/\/i0.wp.com\/www.grieta.org.mx\/wp-content\/uploads\/2021\/03\/temp_nota_01_76375_17_20210326193014_117whatsapp_image_2021-03-26_at_11.57.05_am.jpeg?resize=525%2C300&ssl=1 1.5x"},"classes":[]}],"_links":{"self":[{"href":"https:\/\/www.grieta.org.mx\/index.php\/wp-json\/wp\/v2\/posts\/55634","targetHints":{"allow":["GET"]}}],"collection":[{"href":"https:\/\/www.grieta.org.mx\/index.php\/wp-json\/wp\/v2\/posts"}],"about":[{"href":"https:\/\/www.grieta.org.mx\/index.php\/wp-json\/wp\/v2\/types\/post"}],"author":[{"embeddable":true,"href":"https:\/\/www.grieta.org.mx\/index.php\/wp-json\/wp\/v2\/users\/2"}],"replies":[{"embeddable":true,"href":"https:\/\/www.grieta.org.mx\/index.php\/wp-json\/wp\/v2\/comments?post=55634"}],"version-history":[{"count":1,"href":"https:\/\/www.grieta.org.mx\/index.php\/wp-json\/wp\/v2\/posts\/55634\/revisions"}],"predecessor-version":[{"id":55636,"href":"https:\/\/www.grieta.org.mx\/index.php\/wp-json\/wp\/v2\/posts\/55634\/revisions\/55636"}],"wp:featuredmedia":[{"embeddable":true,"href":"https:\/\/www.grieta.org.mx\/index.php\/wp-json\/wp\/v2\/media\/55635"}],"wp:attachment":[{"href":"https:\/\/www.grieta.org.mx\/index.php\/wp-json\/wp\/v2\/media?parent=55634"}],"wp:term":[{"taxonomy":"category","embeddable":true,"href":"https:\/\/www.grieta.org.mx\/index.php\/wp-json\/wp\/v2\/categories?post=55634"},{"taxonomy":"post_tag","embeddable":true,"href":"https:\/\/www.grieta.org.mx\/index.php\/wp-json\/wp\/v2\/tags?post=55634"}],"curies":[{"name":"wp","href":"https:\/\/api.w.org\/{rel}","templated":true}]}}