{"id":55627,"date":"2020-12-04T18:27:08","date_gmt":"2020-12-05T00:27:08","guid":{"rendered":"http:\/\/www.grieta.org.mx\/?p=55627"},"modified":"2020-12-06T18:34:44","modified_gmt":"2020-12-07T00:34:44","slug":"profesores-del-cobaej-protestan-por-falta-de-pago-jalisco","status":"publish","type":"post","link":"https:\/\/www.grieta.org.mx\/index.php\/2020\/12\/04\/profesores-del-cobaej-protestan-por-falta-de-pago-jalisco\/","title":{"rendered":"Profesores del Cobaej protestan por falta de pago (Jalisco)"},"content":{"rendered":"<p><img loading=\"lazy\" decoding=\"async\" data-attachment-id=\"55628\" data-permalink=\"https:\/\/www.grieta.org.mx\/index.php\/2020\/12\/04\/profesores-del-cobaej-protestan-por-falta-de-pago-jalisco\/2020-12-03_11-12-57___4945\/\" data-orig-file=\"https:\/\/www.grieta.org.mx\/wp-content\/uploads\/2020\/12\/2020-12-03_11-12-57___4945.jpg\" data-orig-size=\"750,563\" data-comments-opened=\"0\" data-image-meta=\"{&quot;aperture&quot;:&quot;0&quot;,&quot;credit&quot;:&quot;&quot;,&quot;camera&quot;:&quot;&quot;,&quot;caption&quot;:&quot;&quot;,&quot;created_timestamp&quot;:&quot;0&quot;,&quot;copyright&quot;:&quot;&quot;,&quot;focal_length&quot;:&quot;0&quot;,&quot;iso&quot;:&quot;0&quot;,&quot;shutter_speed&quot;:&quot;0&quot;,&quot;title&quot;:&quot;&quot;,&quot;orientation&quot;:&quot;1&quot;}\" data-image-title=\"2020-12-03_11-12-57___4945\" data-image-description=\"\" data-image-caption=\"\" data-medium-file=\"https:\/\/www.grieta.org.mx\/wp-content\/uploads\/2020\/12\/2020-12-03_11-12-57___4945-300x225.jpg\" data-large-file=\"https:\/\/www.grieta.org.mx\/wp-content\/uploads\/2020\/12\/2020-12-03_11-12-57___4945.jpg\" class=\" wp-image-55628 aligncenter\" src=\"http:\/\/www.grieta.org.mx\/wp-content\/uploads\/2020\/12\/2020-12-03_11-12-57___4945.jpg\" alt=\"\" width=\"801\" height=\"602\" srcset=\"https:\/\/www.grieta.org.mx\/wp-content\/uploads\/2020\/12\/2020-12-03_11-12-57___4945.jpg 750w, https:\/\/www.grieta.org.mx\/wp-content\/uploads\/2020\/12\/2020-12-03_11-12-57___4945-300x225.jpg 300w, https:\/\/www.grieta.org.mx\/wp-content\/uploads\/2020\/12\/2020-12-03_11-12-57___4945-666x500.jpg 666w\" sizes=\"auto, (max-width: 801px) 100vw, 801px\" \/><\/p>\n<p>Foto: Especial<\/p>\n<p>Lauro Rodr\u00edguez \/ El Diario NTR<\/p>\n<p>La plantilla laboral del Colegio de Bachilleres del Estado de Jalisco (Cobaej) comenz\u00f3 ayer protestas por el incumplimiento de pago de la segunda quincena de noviembre para alrededor de 100 docentes. Los profesores acusan al gobierno del estado de la problem\u00e1tica.<\/p>\n<p>El martes, el Sindicato \u00danico de Acad\u00e9micos del Colegio de Bachilleres (Suacobaej) dio a conocer la situaci\u00f3n. En rueda de prensa, representantes detallaron que el gobierno estatal incumpli\u00f3 con el pago de la quincena referida a profesores del Cobaej. La fecha era el 27 de noviembre, aunque el dinero lleg\u00f3 hasta el lunes para la mayor\u00eda de los profesores, pero no para 100 docentes, quienes siguen sin su cheque.<\/p>\n<p>Ante el problema, ayer m\u00e1s de mil 500 docentes del colegio manifestaron trabajar bajo protesta. El l\u00edder del Suacobaej, Francisco Javier \u00c1vila Esparza, detall\u00f3 que las acciones no bloquean el acceso a la educaci\u00f3n de los j\u00f3venes estudiantes.<\/p>\n<p>En todos los planteles del Cobaej se unieron a las manifestaciones, en las cuales se evidenci\u00f3 la falta de pago a docentes y que no habr\u00e1 dinero para aguinaldos ni para el pago de las dos quincenas de diciembre para toda la plantilla, seg\u00fan un anuncio del gobierno del estado.<\/p>\n<p>\u201cNo (hay) ning\u00fan acuerdo. El argumento (es que) no hay dinero ni para las prestaciones. De los 33 millones que dicen que necesitan para prestaciones, dicen que ya se gastaron en salarios 28 millones, seg\u00fan el director general (del Cobaej), Agust\u00edn Araujo Padilla\u201d, se\u00f1al\u00f3 \u00c1vila Esparza.<\/p>\n<p>El l\u00edder sindical abund\u00f3 que si el gobierno estatal contin\u00faa con el mismo discurso, a partir de la semana entrante intensificar\u00e1n las acciones.<\/p>\n<p>\u201cLas protestan en los centros de trabajo contin\u00faan ma\u00f1ana (hoy viernes). A partir del s\u00e1bado y luego el lunes vamos ir aumentando la intensidad de las protestas\u201d, concluy\u00f3.<\/p>\n<p><a href=\"https:\/\/www.ntrguadalajara.com\/post.php?id_nota=158914\">https:\/\/www.ntrguadalajara.com\/post.php?id_nota=158914<\/a><\/p>\n","protected":false},"excerpt":{"rendered":"<p>Foto: Especial Lauro Rodr\u00edguez \/ El Diario NTR La plantilla laboral del Colegio de Bachilleres del Estado de Jalisco (Cobaej) comenz\u00f3 ayer protestas por el incumplimiento de pago de la &hellip; <a href=\"https:\/\/www.grieta.org.mx\/index.php\/2020\/12\/04\/profesores-del-cobaej-protestan-por-falta-de-pago-jalisco\/\" class=\"more-link\">Leer m\u00e1s<\/a><\/p>\n","protected":false},"author":2,"featured_media":55628,"comment_status":"closed","ping_status":"closed","sticky":false,"template":"","format":"standard","meta":{"ngg_post_thumbnail":0,"_jetpack_newsletter_access":"","_jetpack_dont_email_post_to_subs":false,"_jetpack_newsletter_tier_id":0,"_jetpack_memberships_contains_paywalled_content":false,"_jetpack_memberships_contains_paid_content":false,"footnotes":""},"categories":[80,916,3308,20,2,83],"tags":[3454,105,3217],"class_list":["post-55627","post","type-post","status-publish","format-standard","has-post-thumbnail","hentry","category-cintillo","category-privatizacion-del-la-educacion-publica","category-crisis-de-la-educacion-publica-en-jalisco","category-jalisco","category-noticias-nacionales","category-temas-nacionales","tag-crisis-de-la-educacion-publica","tag-derechos-laborales","tag-falta-de-pagos-a-maestros","entry"],"jetpack_featured_media_url":"https:\/\/www.grieta.org.mx\/wp-content\/uploads\/2020\/12\/2020-12-03_11-12-57___4945.jpg","jetpack_sharing_enabled":true,"jetpack_shortlink":"https:\/\/wp.me\/p7ZJR4-etd","jetpack_likes_enabled":false,"jetpack-related-posts":[{"id":55743,"url":"https:\/\/www.grieta.org.mx\/index.php\/2020\/12\/07\/maestros-toman-oficinas-centrales-del-colegio-de-bachilleres-jalisco\/","url_meta":{"origin":55627,"position":0},"title":"Maestros toman oficinas centrales del Colegio de Bachilleres (Jalisco)","author":"grieta","date":"7 diciembre, 2020","format":false,"excerpt":"Foto: Ignacio P\u00e9rez Vega Ignacio P\u00e9rez Vega \/ UDGTV Guadalajara, Jalisco.\u00a0Maestros del Sindicato \u00danico de Acad\u00e9micos del Colegio de Bachilleres, con el apoyo de la Asamblea Magisterial Democr\u00e1tica, tomaron las oficinas centrales del Colegio de Bachilleres, situadas en la calle Pedro Moreno, casi esquina con avenida Chapultepec. Los profesores llegaron\u2026","rel":"","context":"En &quot;CINTILLO&quot;","block_context":{"text":"CINTILLO","link":"https:\/\/www.grieta.org.mx\/index.php\/category\/cintillo\/"},"img":{"alt_text":"","src":"https:\/\/i0.wp.com\/www.grieta.org.mx\/wp-content\/uploads\/2020\/12\/Toman-oficinas-Ignacio-Perez-Vega-2-696x522-1.jpeg?resize=350%2C200&ssl=1","width":350,"height":200,"srcset":"https:\/\/i0.wp.com\/www.grieta.org.mx\/wp-content\/uploads\/2020\/12\/Toman-oficinas-Ignacio-Perez-Vega-2-696x522-1.jpeg?resize=350%2C200&ssl=1 1x, https:\/\/i0.wp.com\/www.grieta.org.mx\/wp-content\/uploads\/2020\/12\/Toman-oficinas-Ignacio-Perez-Vega-2-696x522-1.jpeg?resize=525%2C300&ssl=1 1.5x"},"classes":[]},{"id":30707,"url":"https:\/\/www.grieta.org.mx\/index.php\/2019\/03\/14\/revelan-deuda-del-cobaej-al-instituto-de-pensiones-de-jalisco\/","url_meta":{"origin":55627,"position":1},"title":"Revelan deuda del Cobaej al Instituto de Pensiones de Jalisco","author":"grieta","date":"14 marzo, 2019","format":false,"excerpt":"\u00c9dgar Flores \/ El Diario NTR Al dejar de pagar diversas percepciones al Instituto de Pensiones del Estado de Jalisco (Ipejal), el Colegio de Bachilleres del Estado de Jalisco (Cobaej) adeuda a la instituci\u00f3n 20 millones 691 mil 766 pesos, corte hecho hasta la \u00faltima quincena de febrero. Adicional a\u00a0esta\u2026","rel":"","context":"En &quot;CINTILLO&quot;","block_context":{"text":"CINTILLO","link":"https:\/\/www.grieta.org.mx\/index.php\/category\/cintillo\/"},"img":{"alt_text":"","src":"https:\/\/i0.wp.com\/www.grieta.org.mx\/wp-content\/uploads\/2019\/03\/2019-03-13_11-03-39___7373.jpg?resize=350%2C200&ssl=1","width":350,"height":200,"srcset":"https:\/\/i0.wp.com\/www.grieta.org.mx\/wp-content\/uploads\/2019\/03\/2019-03-13_11-03-39___7373.jpg?resize=350%2C200&ssl=1 1x, https:\/\/i0.wp.com\/www.grieta.org.mx\/wp-content\/uploads\/2019\/03\/2019-03-13_11-03-39___7373.jpg?resize=525%2C300&ssl=1 1.5x, https:\/\/i0.wp.com\/www.grieta.org.mx\/wp-content\/uploads\/2019\/03\/2019-03-13_11-03-39___7373.jpg?resize=700%2C400&ssl=1 2x"},"classes":[]},{"id":51536,"url":"https:\/\/www.grieta.org.mx\/index.php\/2020\/06\/29\/hay-3-mil-casos-de-profesores-con-salarios-atrasados-jalisco\/","url_meta":{"origin":55627,"position":2},"title":"Hay 3 mil casos de profesores con salarios atrasados (Jalisco)","author":"grieta","date":"29 junio, 2020","format":false,"excerpt":"Foto: Ignacio P\u00e9rez Vega Ignacio P\u00e9rez Vega \/ UDGTV Guadalajara, Jalisco.\u00a0Para los maestros de educaci\u00f3n b\u00e1sica del sistema educativo ya no es noticia que la Secretar\u00eda de Educaci\u00f3n siga sin resolver el problema de falta de pago de salarios. En este momento, el c\u00e1lculo es que son 3 mil los\u2026","rel":"","context":"En &quot;CINTILLO&quot;","block_context":{"text":"CINTILLO","link":"https:\/\/www.grieta.org.mx\/index.php\/category\/cintillo\/"},"img":{"alt_text":"","src":"https:\/\/i0.wp.com\/www.grieta.org.mx\/wp-content\/uploads\/2020\/07\/Mestros-sin-pago-Ignacio-P%C3%A9rez-Vega.jpeg?resize=350%2C200&ssl=1","width":350,"height":200,"srcset":"https:\/\/i0.wp.com\/www.grieta.org.mx\/wp-content\/uploads\/2020\/07\/Mestros-sin-pago-Ignacio-P%C3%A9rez-Vega.jpeg?resize=350%2C200&ssl=1 1x, https:\/\/i0.wp.com\/www.grieta.org.mx\/wp-content\/uploads\/2020\/07\/Mestros-sin-pago-Ignacio-P%C3%A9rez-Vega.jpeg?resize=525%2C300&ssl=1 1.5x, https:\/\/i0.wp.com\/www.grieta.org.mx\/wp-content\/uploads\/2020\/07\/Mestros-sin-pago-Ignacio-P%C3%A9rez-Vega.jpeg?resize=700%2C400&ssl=1 2x, https:\/\/i0.wp.com\/www.grieta.org.mx\/wp-content\/uploads\/2020\/07\/Mestros-sin-pago-Ignacio-P%C3%A9rez-Vega.jpeg?resize=1050%2C600&ssl=1 3x"},"classes":[]},{"id":54668,"url":"https:\/\/www.grieta.org.mx\/index.php\/2020\/10\/29\/maestros-presentan-287-quejas-contra-sej-por-falta-de-pago-jalisco\/","url_meta":{"origin":55627,"position":3},"title":"Maestros presentan 287 quejas contra SEJ por falta de pago (Jalisco)","author":"grieta","date":"29 octubre, 2020","format":false,"excerpt":"Foto: Archivo NTR Juan Levario \/ El Diario NTR Maestros\u00a0presentaron\u00a0287 quejas ante la Comisi\u00f3n Estatal de Derechos Humanos Jalisco (CEDHJ) por falta de pagos\u00a0por parte de\u00a0la Secretar\u00eda de Educaci\u00f3n Jalisco (SEJ). Los recursos fueron iniciados entre enero y septiembre, seg\u00fan\u00a0un\u00a0posicionamiento que el organismo emiti\u00f3\u00a0ayer, en el cual\u00a0defini\u00f3 como fundamental el\u2026","rel":"","context":"En &quot;CINTILLO&quot;","block_context":{"text":"CINTILLO","link":"https:\/\/www.grieta.org.mx\/index.php\/category\/cintillo\/"},"img":{"alt_text":"","src":"https:\/\/i0.wp.com\/www.grieta.org.mx\/wp-content\/uploads\/2020\/11\/2020-10-29_05-10-09___9495.jpg?resize=350%2C200&ssl=1","width":350,"height":200},"classes":[]},{"id":11431,"url":"https:\/\/www.grieta.org.mx\/index.php\/2016\/04\/27\/maestros-cesados-no-han-sido-dados-de-baja-solo-les-retienen-el-salario\/","url_meta":{"origin":55627,"position":4},"title":"Maestros cesados no han sido dados de baja, s\u00f3lo les retienen el salario","author":"grieta","date":"27 abril, 2016","format":false,"excerpt":"Por Adri\u00e1n Montiel Gonz\u00e1lez Acusan a L\u00f3pez Lara de inacci\u00f3n, pese a compromisos Profesores de la CNTE se\u00f1alaron que hasta el momento la SEP y la SEJ ha retenido los salarios de 179 profesores que presumiblemente iban a ser dados de baja Profesores de la Coordinadora Nacional de Trabajadores de\u2026","rel":"","context":"En &quot;CINTILLO&quot;","block_context":{"text":"CINTILLO","link":"https:\/\/www.grieta.org.mx\/index.php\/category\/cintillo\/"},"img":{"alt_text":"","src":"https:\/\/i0.wp.com\/www.grieta.org.mx\/wp-content\/uploads\/2018\/03\/14524434_1106112876131411_958039263622046936_o.jpg?resize=350%2C200&ssl=1","width":350,"height":200,"srcset":"https:\/\/i0.wp.com\/www.grieta.org.mx\/wp-content\/uploads\/2018\/03\/14524434_1106112876131411_958039263622046936_o.jpg?resize=350%2C200&ssl=1 1x, https:\/\/i0.wp.com\/www.grieta.org.mx\/wp-content\/uploads\/2018\/03\/14524434_1106112876131411_958039263622046936_o.jpg?resize=525%2C300&ssl=1 1.5x, https:\/\/i0.wp.com\/www.grieta.org.mx\/wp-content\/uploads\/2018\/03\/14524434_1106112876131411_958039263622046936_o.jpg?resize=700%2C400&ssl=1 2x"},"classes":[]},{"id":46518,"url":"https:\/\/www.grieta.org.mx\/index.php\/2020\/03\/10\/maestros-de-la-costa-norte-de-jalisco-protestan-en-la-drse-por-la-falta-de-pago\/","url_meta":{"origin":55627,"position":5},"title":"Maestros de la Costa Norte de Jalisco protestan en la DRSE por la falta de pago","author":"grieta","date":"10 marzo, 2020","format":false,"excerpt":"Foto: Javier Fr\u00edas Los maestros permanecer\u00e1n hasta la tarde de hoy al exterior de la dependencia estatal aqu\u00ed en Puerto Vallarta, misma que no abri\u00f3 sus puertas Equipo Editorial \/ UDGTV Puerto Vallarta Jalisco. Debido a que, desde agosto pasado, 320 profesores de educaci\u00f3n b\u00e1sica de los municipios de Puerto\u2026","rel":"","context":"En &quot;CINTILLO&quot;","block_context":{"text":"CINTILLO","link":"https:\/\/www.grieta.org.mx\/index.php\/category\/cintillo\/"},"img":{"alt_text":"","src":"https:\/\/i0.wp.com\/www.grieta.org.mx\/wp-content\/uploads\/2020\/03\/Protesta-DRSE-JAvier-Fr%C3%ADas-Pv-696x392.jpeg?resize=350%2C200&ssl=1","width":350,"height":200,"srcset":"https:\/\/i0.wp.com\/www.grieta.org.mx\/wp-content\/uploads\/2020\/03\/Protesta-DRSE-JAvier-Fr%C3%ADas-Pv-696x392.jpeg?resize=350%2C200&ssl=1 1x, https:\/\/i0.wp.com\/www.grieta.org.mx\/wp-content\/uploads\/2020\/03\/Protesta-DRSE-JAvier-Fr%C3%ADas-Pv-696x392.jpeg?resize=525%2C300&ssl=1 1.5x"},"classes":[]}],"_links":{"self":[{"href":"https:\/\/www.grieta.org.mx\/index.php\/wp-json\/wp\/v2\/posts\/55627","targetHints":{"allow":["GET"]}}],"collection":[{"href":"https:\/\/www.grieta.org.mx\/index.php\/wp-json\/wp\/v2\/posts"}],"about":[{"href":"https:\/\/www.grieta.org.mx\/index.php\/wp-json\/wp\/v2\/types\/post"}],"author":[{"embeddable":true,"href":"https:\/\/www.grieta.org.mx\/index.php\/wp-json\/wp\/v2\/users\/2"}],"replies":[{"embeddable":true,"href":"https:\/\/www.grieta.org.mx\/index.php\/wp-json\/wp\/v2\/comments?post=55627"}],"version-history":[{"count":1,"href":"https:\/\/www.grieta.org.mx\/index.php\/wp-json\/wp\/v2\/posts\/55627\/revisions"}],"predecessor-version":[{"id":55630,"href":"https:\/\/www.grieta.org.mx\/index.php\/wp-json\/wp\/v2\/posts\/55627\/revisions\/55630"}],"wp:featuredmedia":[{"embeddable":true,"href":"https:\/\/www.grieta.org.mx\/index.php\/wp-json\/wp\/v2\/media\/55628"}],"wp:attachment":[{"href":"https:\/\/www.grieta.org.mx\/index.php\/wp-json\/wp\/v2\/media?parent=55627"}],"wp:term":[{"taxonomy":"category","embeddable":true,"href":"https:\/\/www.grieta.org.mx\/index.php\/wp-json\/wp\/v2\/categories?post=55627"},{"taxonomy":"post_tag","embeddable":true,"href":"https:\/\/www.grieta.org.mx\/index.php\/wp-json\/wp\/v2\/tags?post=55627"}],"curies":[{"name":"wp","href":"https:\/\/api.w.org\/{rel}","templated":true}]}}