{"id":5561,"date":"2015-11-20T15:19:19","date_gmt":"2015-11-20T15:19:19","guid":{"rendered":"http:\/\/50.22.11.12\/~grietaor\/?p=5561"},"modified":"2016-04-25T02:08:10","modified_gmt":"2016-04-25T02:08:10","slug":"no-nos-dejen-solos-piden-padres-de-normalistas-en-guadalajara","status":"publish","type":"post","link":"https:\/\/www.grieta.org.mx\/index.php\/2015\/11\/20\/no-nos-dejen-solos-piden-padres-de-normalistas-en-guadalajara\/","title":{"rendered":"\u2018No nos dejen solos\u2019, piden padres de normalistas en Guadalajara."},"content":{"rendered":"<p>THAMARA VILLASE\u00d1OR<\/p>\n<p>Realizar\u00e1n un plant\u00f3 el pr\u00f3ximo 26 de noviembre en la Ciudad de M\u00e9xico<\/p>\n<p>Al llegar a la delegaci\u00f3n de la PGR en Jalisco, exigen justicia para sus familias y que las autoridades digan la verdad<\/p>\n<p>GUADALAJARA, JALISCO (20\/NOV\/2015).- Luego de caminar desde el Parque Rojo hacia la delegaci\u00f3n Jalisco de la Procuradur\u00eda General de la Rep\u00fablica, los padres de cuatro estudiantes de Ayotzinapa, desaparecidos hace m\u00e1s de un a\u00f1o, piden a los ciudadanos que no los dejen solos y que sigan apoyando su lucha.<\/p>\n<p>\u201cNosotros, cada vez que vamos a tomar el alimento, pensamos en nuestro hijo, a ver si ya tomar\u00eda agua, d\u00f3nde estar\u00e1; ya es un a\u00f1o tres meses, y no nos vamos a ir hasta encontrar a nuestros hijos\u201d, dijo el padre de Magdaleno, uno de los estudiantes desaparecidos.<\/p>\n<p>En la manifestaci\u00f3n se encuentran personas de diferentes organizaciones, as\u00ed como algunos ciudadanos, quienes escuchan las declaraciones de los padres.<\/p>\n<p>Mientras personal de seguridad de la PGR observa desde dentro, algunos graban o toman fotograf\u00edas afuera.<\/p>\n<p>Otro de los padres exigi\u00f3 justicia para las familias, y que las autoridades digan la verdad sobre el paradero de sus hijos, y asegur\u00f3 que no parar\u00e1n hasta encontrarlos con vida.<\/p>\n<p>Anunciaron que la siguiente acci\u00f3n es hacer un plant\u00f3n en la Ciudad de M\u00e9xico, el pr\u00f3ximo 26 de noviembre.<\/p>\n<p>\u201cPorque vivos se los llevaron, vivos los queremos\u201d, grit\u00f3 el padre de Jorge, y manifest\u00f3 que no se van a rendir, y que a pesar del sufrimiento de la ausencia de sus hijos, no recibir\u00e1n el dinero que, seg\u00fan dijo, las autoridades les han ofrecido.<\/p>\n<p>\u201cNo tenemos miedo, porque para morir nacimos, y aqu\u00ed estamos\u201d.<\/p>\n<p><a href=\"http:\/\/www.informador.com.mx\/jalisco\/2015\/627782\/6\/no-nos-dejen-solos-piden-padres-de-normalistas.htm\" target=\"_blank\">http:\/\/www.informador.com.mx\/jalisco\/2015\/627782\/6\/no-nos-dejen-solos-piden-padres-de-normalistas.htm<\/a><\/p>\n","protected":false},"excerpt":{"rendered":"<p>THAMARA VILLASE\u00d1OR Realizar\u00e1n un plant\u00f3 el pr\u00f3ximo 26 de noviembre en la Ciudad de M\u00e9xico Al llegar a la delegaci\u00f3n de la PGR en Jalisco, exigen justicia para sus familias &hellip; <a href=\"https:\/\/www.grieta.org.mx\/index.php\/2015\/11\/20\/no-nos-dejen-solos-piden-padres-de-normalistas-en-guadalajara\/\" class=\"more-link\">Leer m\u00e1s<\/a><\/p>\n","protected":false},"author":2,"featured_media":21928,"comment_status":"closed","ping_status":"open","sticky":false,"template":"","format":"standard","meta":{"ngg_post_thumbnail":0,"_jetpack_newsletter_access":"","_jetpack_dont_email_post_to_subs":false,"_jetpack_newsletter_tier_id":0,"_jetpack_memberships_contains_paywalled_content":false,"_jetpack_memberships_contains_paid_content":false,"footnotes":""},"categories":[80,230],"tags":[229],"class_list":["post-5561","post","type-post","status-publish","format-standard","has-post-thumbnail","hentry","category-cintillo","category-jalisco","tag-solidaridad-con-ayotzinapa","entry"],"jetpack_featured_media_url":"https:\/\/www.grieta.org.mx\/wp-content\/uploads\/2018\/03\/14524434_1106112876131411_958039263622046936_o.jpg","jetpack_sharing_enabled":true,"jetpack_shortlink":"https:\/\/wp.me\/p7ZJR4-1rH","jetpack_likes_enabled":false,"jetpack-related-posts":[{"id":5548,"url":"https:\/\/www.grieta.org.mx\/index.php\/2016\/01\/24\/movilizaciones-por-ayotzinapa-en-jalisco\/","url_meta":{"origin":5561,"position":0},"title":"Movilizaciones por Ayotzinapa en Jalisco","author":"grieta","date":"24 enero, 2016","format":false,"excerpt":"24\/01\/16. Caravana de padres de Ayotzinapa llega a JaliscoInformador 22\/11\/15. Padres de los normalistas desaparecidos afirman que seguir\u00e1n su luchaLa Jornada 20\/11\/15. 'No nos dejen solos', piden padres de normalistasEl Informador 27\/10\/15. Persiste demanda por AyotzinapaNtr Guadajara\/Cr\u00f3nica de Sociales 26\/09\/15. Retumbaron gritos por justicia por normalistas de Ayotzinapa tambi\u00e9n en\u2026","rel":"","context":"En &quot;Jalisco&quot;","block_context":{"text":"Jalisco","link":"https:\/\/www.grieta.org.mx\/index.php\/category\/noticias-nacionales\/jalisco\/"},"img":{"alt_text":"","src":"https:\/\/i0.wp.com\/www.grieta.org.mx\/wp-content\/uploads\/2018\/03\/14524434_1106112876131411_958039263622046936_o.jpg?resize=350%2C200&ssl=1","width":350,"height":200,"srcset":"https:\/\/i0.wp.com\/www.grieta.org.mx\/wp-content\/uploads\/2018\/03\/14524434_1106112876131411_958039263622046936_o.jpg?resize=350%2C200&ssl=1 1x, https:\/\/i0.wp.com\/www.grieta.org.mx\/wp-content\/uploads\/2018\/03\/14524434_1106112876131411_958039263622046936_o.jpg?resize=525%2C300&ssl=1 1.5x, https:\/\/i0.wp.com\/www.grieta.org.mx\/wp-content\/uploads\/2018\/03\/14524434_1106112876131411_958039263622046936_o.jpg?resize=700%2C400&ssl=1 2x"},"classes":[]},{"id":45040,"url":"https:\/\/www.grieta.org.mx\/index.php\/2020\/02\/18\/marchan-por-los-43-de-ayotzinapa-en-guadalajara\/","url_meta":{"origin":5561,"position":1},"title":"Marchan por los 43 de Ayotzinapa en Guadalajara","author":"grieta","date":"18 febrero, 2020","format":false,"excerpt":"Foto: Elizabeth R\u00edos, El Occidental Elizabeth R\u00edos \/ El Occidental Normalistas de Atequiza, as\u00ed como otras organizaciones conformaron en el estado la Caravana en busca de los 43, y marcharon en solidaridad al movimiento del mismo nombre que se lleva a nivel nacional con dos caravanas m\u00e1s, con los padres\u2026","rel":"","context":"En &quot;CINTILLO&quot;","block_context":{"text":"CINTILLO","link":"https:\/\/www.grieta.org.mx\/index.php\/category\/cintillo\/"},"img":{"alt_text":"","src":"https:\/\/i0.wp.com\/www.grieta.org.mx\/wp-content\/uploads\/2020\/02\/los-43.jpg?resize=350%2C200&ssl=1","width":350,"height":200,"srcset":"https:\/\/i0.wp.com\/www.grieta.org.mx\/wp-content\/uploads\/2020\/02\/los-43.jpg?resize=350%2C200&ssl=1 1x, https:\/\/i0.wp.com\/www.grieta.org.mx\/wp-content\/uploads\/2020\/02\/los-43.jpg?resize=525%2C300&ssl=1 1.5x, https:\/\/i0.wp.com\/www.grieta.org.mx\/wp-content\/uploads\/2020\/02\/los-43.jpg?resize=700%2C400&ssl=1 2x"},"classes":[]},{"id":69941,"url":"https:\/\/www.grieta.org.mx\/index.php\/2024\/09\/27\/ayotzinapa-vive-la-lucha-sigue-marchan-en-guadalajara-a-10-anos-de-la-desaparicion-de-los-43-normalistas-jalisco\/","url_meta":{"origin":5561,"position":2},"title":"\u00a1Ayotzinapa vive, la lucha sigue! Marchan en Guadalajara a 10 a\u00f1os de la desaparici\u00f3n de los 43 normalistas (Jalisco)","author":"grieta","date":"27 septiembre, 2024","format":false,"excerpt":"Imagen: Zona Docs En el marco del d\u00e9cimo aniversario de la desaparici\u00f3n forzada de los 43 normalistas de Ayotzinapa, estudiantes de la Escuela Normal Rural Miguel Hidalgo en Jalisco, se manifestaron en el centro de la ciudad de Guadalajara para mantener vigente y activo el reclamo de justicia y no\u2026","rel":"","context":"En &quot;CINTILLO&quot;","block_context":{"text":"CINTILLO","link":"https:\/\/www.grieta.org.mx\/index.php\/category\/cintillo\/"},"img":{"alt_text":"","src":"https:\/\/i0.wp.com\/www.grieta.org.mx\/wp-content\/uploads\/2024\/10\/IMG_F992B672CF6C-6.jpeg?resize=350%2C200&ssl=1","width":350,"height":200,"srcset":"https:\/\/i0.wp.com\/www.grieta.org.mx\/wp-content\/uploads\/2024\/10\/IMG_F992B672CF6C-6.jpeg?resize=350%2C200&ssl=1 1x, https:\/\/i0.wp.com\/www.grieta.org.mx\/wp-content\/uploads\/2024\/10\/IMG_F992B672CF6C-6.jpeg?resize=525%2C300&ssl=1 1.5x, https:\/\/i0.wp.com\/www.grieta.org.mx\/wp-content\/uploads\/2024\/10\/IMG_F992B672CF6C-6.jpeg?resize=700%2C400&ssl=1 2x, https:\/\/i0.wp.com\/www.grieta.org.mx\/wp-content\/uploads\/2024\/10\/IMG_F992B672CF6C-6.jpeg?resize=1050%2C600&ssl=1 3x"},"classes":[]},{"id":5705,"url":"https:\/\/www.grieta.org.mx\/index.php\/2015\/03\/24\/normalistas-y-madres-de-ayotzinapa-marcharan-en-guadalajara\/","url_meta":{"origin":5561,"position":3},"title":"Normalistas y madres de Ayotzinapa marchar\u00e1n en Guadalajara","author":"grieta","date":"24 marzo, 2015","format":false,"excerpt":"Redacci\u00f3nN\u00f3mada.- Los estudiantes de la Normal Rural Isidro Burgos subrayan la importancia de unificar las luchas y no dejar a los padres de familia solos con su dolor. Invitan a participar en la marcha del jueves 26 de marzo que conmemora seis meses del asesinato de tres estudiantes y la\u2026","rel":"","context":"En &quot;CINTILLO&quot;","block_context":{"text":"CINTILLO","link":"https:\/\/www.grieta.org.mx\/index.php\/category\/cintillo\/"},"img":{"alt_text":"","src":"https:\/\/i0.wp.com\/www.grieta.org.mx\/wp-content\/uploads\/2018\/03\/14524434_1106112876131411_958039263622046936_o.jpg?resize=350%2C200&ssl=1","width":350,"height":200,"srcset":"https:\/\/i0.wp.com\/www.grieta.org.mx\/wp-content\/uploads\/2018\/03\/14524434_1106112876131411_958039263622046936_o.jpg?resize=350%2C200&ssl=1 1x, https:\/\/i0.wp.com\/www.grieta.org.mx\/wp-content\/uploads\/2018\/03\/14524434_1106112876131411_958039263622046936_o.jpg?resize=525%2C300&ssl=1 1.5x, https:\/\/i0.wp.com\/www.grieta.org.mx\/wp-content\/uploads\/2018\/03\/14524434_1106112876131411_958039263622046936_o.jpg?resize=700%2C400&ssl=1 2x"},"classes":[]},{"id":22275,"url":"https:\/\/www.grieta.org.mx\/index.php\/2018\/03\/25\/videos-piden-marchistas-la-entrega-del-cabeno-daniel-desaparecido-en-jalisco-baja-california-sur\/","url_meta":{"origin":5561,"position":4},"title":"[Videos] Piden Marchistas la entrega del cabe\u00f1o Daniel, desaparecido en Jalisco (Baja California Sur)","author":"grieta","date":"25 marzo, 2018","format":false,"excerpt":"Ver\u00f3nica Gabriela Gonz\u00e1lez Buscan tocar el coraz\u00f3n de quienes tengan privados de su libertad a los tres estudiantes de cine desaparecidos y los dejen continuar con su vida normal. Amigos de Daniel organizaron una marcha a la que invitaron a los familiares del desaparecido, partiendo del Pabell\u00f3n de la Rep\u00fablica\u2026","rel":"","context":"En &quot;Baja California&quot;","block_context":{"text":"Baja California","link":"https:\/\/www.grieta.org.mx\/index.php\/category\/noticias-nacionales\/baja-california\/"},"img":{"alt_text":"","src":"https:\/\/i0.wp.com\/www.grieta.org.mx\/wp-content\/uploads\/2018\/03\/FOTO-DANIEL-2.jpg?resize=350%2C200&ssl=1","width":350,"height":200,"srcset":"https:\/\/i0.wp.com\/www.grieta.org.mx\/wp-content\/uploads\/2018\/03\/FOTO-DANIEL-2.jpg?resize=350%2C200&ssl=1 1x, https:\/\/i0.wp.com\/www.grieta.org.mx\/wp-content\/uploads\/2018\/03\/FOTO-DANIEL-2.jpg?resize=525%2C300&ssl=1 1.5x"},"classes":[]},{"id":5695,"url":"https:\/\/www.grieta.org.mx\/index.php\/2015\/03\/25\/familiares-de-normalistas-de-ayotzinapa-recorren-jalisco\/","url_meta":{"origin":5561,"position":5},"title":"Familiares de normalistas de Ayotzinapa recorren Jalisco","author":"grieta","date":"25 marzo, 2015","format":false,"excerpt":"Alejandra Guill\u00e9n. Con cheques de cientos de miles de pesos, el gobierno federal ha tratado de convencer a familiares de los 43 normalistas desaparecidos para que dejen de buscarlos; manifestantes han sido detenidos, amenazados o reprimidos por el Ej\u00e9rcito o las fuerzas policiales y la Procuradur\u00eda General de la Rep\u00fablica\u2026","rel":"","context":"En &quot;CINTILLO&quot;","block_context":{"text":"CINTILLO","link":"https:\/\/www.grieta.org.mx\/index.php\/category\/cintillo\/"},"img":{"alt_text":"","src":"https:\/\/i0.wp.com\/www.grieta.org.mx\/wp-content\/uploads\/2018\/03\/14524434_1106112876131411_958039263622046936_o.jpg?resize=350%2C200&ssl=1","width":350,"height":200,"srcset":"https:\/\/i0.wp.com\/www.grieta.org.mx\/wp-content\/uploads\/2018\/03\/14524434_1106112876131411_958039263622046936_o.jpg?resize=350%2C200&ssl=1 1x, https:\/\/i0.wp.com\/www.grieta.org.mx\/wp-content\/uploads\/2018\/03\/14524434_1106112876131411_958039263622046936_o.jpg?resize=525%2C300&ssl=1 1.5x, https:\/\/i0.wp.com\/www.grieta.org.mx\/wp-content\/uploads\/2018\/03\/14524434_1106112876131411_958039263622046936_o.jpg?resize=700%2C400&ssl=1 2x"},"classes":[]}],"_links":{"self":[{"href":"https:\/\/www.grieta.org.mx\/index.php\/wp-json\/wp\/v2\/posts\/5561","targetHints":{"allow":["GET"]}}],"collection":[{"href":"https:\/\/www.grieta.org.mx\/index.php\/wp-json\/wp\/v2\/posts"}],"about":[{"href":"https:\/\/www.grieta.org.mx\/index.php\/wp-json\/wp\/v2\/types\/post"}],"author":[{"embeddable":true,"href":"https:\/\/www.grieta.org.mx\/index.php\/wp-json\/wp\/v2\/users\/2"}],"replies":[{"embeddable":true,"href":"https:\/\/www.grieta.org.mx\/index.php\/wp-json\/wp\/v2\/comments?post=5561"}],"version-history":[{"count":1,"href":"https:\/\/www.grieta.org.mx\/index.php\/wp-json\/wp\/v2\/posts\/5561\/revisions"}],"predecessor-version":[{"id":10876,"href":"https:\/\/www.grieta.org.mx\/index.php\/wp-json\/wp\/v2\/posts\/5561\/revisions\/10876"}],"wp:featuredmedia":[{"embeddable":true,"href":"https:\/\/www.grieta.org.mx\/index.php\/wp-json\/wp\/v2\/media\/21928"}],"wp:attachment":[{"href":"https:\/\/www.grieta.org.mx\/index.php\/wp-json\/wp\/v2\/media?parent=5561"}],"wp:term":[{"taxonomy":"category","embeddable":true,"href":"https:\/\/www.grieta.org.mx\/index.php\/wp-json\/wp\/v2\/categories?post=5561"},{"taxonomy":"post_tag","embeddable":true,"href":"https:\/\/www.grieta.org.mx\/index.php\/wp-json\/wp\/v2\/tags?post=5561"}],"curies":[{"name":"wp","href":"https:\/\/api.w.org\/{rel}","templated":true}]}}