{"id":55593,"date":"2020-12-04T10:26:00","date_gmt":"2020-12-04T16:26:00","guid":{"rendered":"http:\/\/www.grieta.org.mx\/?p=55593"},"modified":"2020-12-05T00:32:58","modified_gmt":"2020-12-05T06:32:58","slug":"comunidad-muxe-del-istmo-exige-justicia-por-transfeminicidio-de-giovanna-y-shyrley-oaxaca","status":"publish","type":"post","link":"https:\/\/www.grieta.org.mx\/index.php\/2020\/12\/04\/comunidad-muxe-del-istmo-exige-justicia-por-transfeminicidio-de-giovanna-y-shyrley-oaxaca\/","title":{"rendered":"Comunidad Muxe del Istmo exige justicia por transfeminicidio de Giovanna y Shyrley (Oaxaca)"},"content":{"rendered":"<p>Noticias \/ Gerardo Valdivieso Parada.<\/p>\n<p><img loading=\"lazy\" decoding=\"async\" data-attachment-id=\"55594\" data-permalink=\"https:\/\/www.grieta.org.mx\/index.php\/2020\/12\/04\/comunidad-muxe-del-istmo-exige-justicia-por-transfeminicidio-de-giovanna-y-shyrley-oaxaca\/1-114\/\" data-orig-file=\"https:\/\/www.grieta.org.mx\/wp-content\/uploads\/2020\/12\/1.jpg\" data-orig-size=\"1144,645\" data-comments-opened=\"0\" data-image-meta=\"{&quot;aperture&quot;:&quot;0&quot;,&quot;credit&quot;:&quot;&quot;,&quot;camera&quot;:&quot;&quot;,&quot;caption&quot;:&quot;&quot;,&quot;created_timestamp&quot;:&quot;0&quot;,&quot;copyright&quot;:&quot;&quot;,&quot;focal_length&quot;:&quot;0&quot;,&quot;iso&quot;:&quot;0&quot;,&quot;shutter_speed&quot;:&quot;0&quot;,&quot;title&quot;:&quot;&quot;,&quot;orientation&quot;:&quot;0&quot;}\" data-image-title=\"1\" data-image-description=\"\" data-image-caption=\"\" data-medium-file=\"https:\/\/www.grieta.org.mx\/wp-content\/uploads\/2020\/12\/1-300x169.jpg\" data-large-file=\"https:\/\/www.grieta.org.mx\/wp-content\/uploads\/2020\/12\/1-1024x577.jpg\" class=\"alignnone wp-image-55594\" src=\"http:\/\/www.grieta.org.mx\/wp-content\/uploads\/2020\/12\/1.jpg\" alt=\"\" width=\"800\" height=\"451\" srcset=\"https:\/\/www.grieta.org.mx\/wp-content\/uploads\/2020\/12\/1.jpg 1144w, https:\/\/www.grieta.org.mx\/wp-content\/uploads\/2020\/12\/1-300x169.jpg 300w, https:\/\/www.grieta.org.mx\/wp-content\/uploads\/2020\/12\/1-1024x577.jpg 1024w, https:\/\/www.grieta.org.mx\/wp-content\/uploads\/2020\/12\/1-768x433.jpg 768w, https:\/\/www.grieta.org.mx\/wp-content\/uploads\/2020\/12\/1-887x500.jpg 887w\" sizes=\"auto, (max-width: 800px) 100vw, 800px\" \/><\/p>\n<p>JUCHIT\u00c1N, Oaxaca.- Varias muxe&#8217;s trans de esta ciudad lamentaron el asesinato de su compa\u00f1era trans Giovana \u00c1ngulo Ramos, originaria de Santiago Etla -en la regi\u00f3n de Valles Centrales-, quien fue encontrada al fondo de un barranco el pasado 30 de noviembre v\u00edctima de un crimen de odio, y se unieron al reclamo de justicia de la comunidad de la diversidad en todo el estado.<\/p>\n<p>La organizaci\u00f3n de las Aut\u00e9nticas Intr\u00e9pidas Buscadoras del Peligro A.C dio a conocer su posici\u00f3n ante este crimen en una publicaci\u00f3n en redes sociales dirigida al presidente de la Rep\u00fablica, Andr\u00e9s Manuel L\u00f3pez Obrador, al gobernador Alejandro Murat Hinojosa y al Fiscal General de Justicia, Rub\u00e9n Vasconcelos M\u00e9ndez.<\/p>\n<p>En \u00e9l, sus integrantes expresaron su \u201cm\u00e1s en\u00e9rgica y sentida exigencia de justicia y castigo para el responsable del transfeminicidio cometido en agravio de nuestra compa\u00f1era trans Giovana \u00c1ngulo Ramos de 27 a\u00f1os de edad y el reciente caso tambi\u00e9n de Shyrley Scarleth Villarreal que represent\u00f3 otro crimen de odio en contra de la comunidad de la diversidad sexual\u201d.<\/p>\n<p>Las muxe&#8217;s resaltaron que en ambos casos fueron asesinadas con sa\u00f1a \u201ccon ese odio por el simple hecho de representar a este sector diferente que siempre est\u00e1 reclamando respeto\u201d, expresaron las intr\u00e9pidas a trav\u00e9s de su presidenta Felina Santiago Valdivieso.<\/p>\n<p>Revelaron que ante \u00e9ste reciente asesinato les indigna como sector muxe&#8217; porque el caso de Giovana se pod\u00eda convertir \u201cen una cifra m\u00e1s de estos cr\u00edmenes de odio, igual que tantas otras como el de nuestra l\u00eddereza \u00d3scar Cazorla, que a dos a\u00f1os su crimen sigue impune\u201d.<\/p>\n<p>Recordaron que los cr\u00edmenes se acumulan en los archivos con el sello de la impunidad: \u201cpodr\u00edamos nombrar a tantas y hacer interminable el listado, pero ya no queremos m\u00e1s enga\u00f1os, m\u00e1s mentiras. Queremos justicia para nuestras muertas que al igual que cualquier otro ser humano valen y merecen respeto y justicia\u201d.<\/p>\n<p>Las Intr\u00e9pidas que en su vela coincid\u00edan con sus amigas trans de todo el estado que celebraban la diversidad y la libertad en esos d\u00edas de festividad demandaron que paren los ataques y cr\u00edmenes por la homofobia y la transfobia.<\/p>\n<p><a href=\"https:\/\/www.nvinoticias.com\/nota\/168696\/comunidad-muxe-del-istmo-exigen-justicia-por-transfeminicidio-de-giovanna-y-shyrley\" target=\"_blank\" rel=\"noopener noreferrer\">https:\/\/www.nvinoticias.com\/nota\/168696\/comunidad-muxe-del-istmo-exigen-justicia-por-transfeminicidio-de-giovanna-y-shyrley<\/a><\/p>\n","protected":false},"excerpt":{"rendered":"<p>Noticias \/ Gerardo Valdivieso Parada. JUCHIT\u00c1N, Oaxaca.- Varias muxe&#8217;s trans de esta ciudad lamentaron el asesinato de su compa\u00f1era trans Giovana \u00c1ngulo Ramos, originaria de Santiago Etla -en la regi\u00f3n &hellip; <a href=\"https:\/\/www.grieta.org.mx\/index.php\/2020\/12\/04\/comunidad-muxe-del-istmo-exige-justicia-por-transfeminicidio-de-giovanna-y-shyrley-oaxaca\/\" class=\"more-link\">Leer m\u00e1s<\/a><\/p>\n","protected":false},"author":2,"featured_media":55594,"comment_status":"closed","ping_status":"closed","sticky":false,"template":"","format":"standard","meta":{"ngg_post_thumbnail":0,"_jetpack_newsletter_access":"","_jetpack_dont_email_post_to_subs":false,"_jetpack_newsletter_tier_id":0,"_jetpack_memberships_contains_paywalled_content":false,"_jetpack_memberships_contains_paid_content":false,"footnotes":""},"categories":[80,1325,3163,25,83,1615,1665],"tags":[],"class_list":["post-55593","post","type-post","status-publish","format-standard","has-post-thumbnail","hentry","category-cintillo","category-feminicidios-en-oaxaca-oaxaca","category-la-lucha-de-las-mujeres-en-oaxaca","category-oaxaca","category-temas-nacionales","category-violencia-contra-la-comunidad-lgbttti-en-oaxaca","category-violencia-contra-las-mujeres-en-oaxaca","entry"],"jetpack_featured_media_url":"https:\/\/www.grieta.org.mx\/wp-content\/uploads\/2020\/12\/1.jpg","jetpack_sharing_enabled":true,"jetpack_shortlink":"https:\/\/wp.me\/p7ZJR4-esF","jetpack_likes_enabled":false,"jetpack-related-posts":[{"id":68703,"url":"https:\/\/www.grieta.org.mx\/index.php\/2024\/03\/08\/comunidad-muxe-de-oaxaca-exige-justicia-por-transfeminicidio-de-alize\/","url_meta":{"origin":55593,"position":0},"title":"Comunidad muxe de Oaxaca exige justicia por transfeminicidio de Alize","author":"grieta","date":"8 marzo, 2024","format":false,"excerpt":"Imagen: Tomada de la Internet Diana Manzo \/ Itsmo Press #Tehuantepec 8 Mar (#Istmopress) \u2013\u00a0.- En el marco del D\u00eda Internacional de la Mujer, la comunidad muxe del Istmo de Tehuantepec exige justicia por el transfeminicidio ocurrido en\u00a0\u00a0contra una de sus hermanas. Alize D\u00edaz fue hallada sin vida en un\u2026","rel":"","context":"En &quot;CINTILLO&quot;","block_context":{"text":"CINTILLO","link":"https:\/\/www.grieta.org.mx\/index.php\/category\/cintillo\/"},"img":{"alt_text":"","src":"https:\/\/i0.wp.com\/www.grieta.org.mx\/wp-content\/uploads\/2024\/03\/1709917124902-800x445-1.jpg?resize=350%2C200&ssl=1","width":350,"height":200,"srcset":"https:\/\/i0.wp.com\/www.grieta.org.mx\/wp-content\/uploads\/2024\/03\/1709917124902-800x445-1.jpg?resize=350%2C200&ssl=1 1x, https:\/\/i0.wp.com\/www.grieta.org.mx\/wp-content\/uploads\/2024\/03\/1709917124902-800x445-1.jpg?resize=525%2C300&ssl=1 1.5x, https:\/\/i0.wp.com\/www.grieta.org.mx\/wp-content\/uploads\/2024\/03\/1709917124902-800x445-1.jpg?resize=700%2C400&ssl=1 2x"},"classes":[]},{"id":70017,"url":"https:\/\/www.grieta.org.mx\/index.php\/2024\/10\/02\/exigen-justicia-por-asesinato-de-mayte-lopez-mujer-trans-e-integrante-de-la-comunidad-muxe-en-juchitan-oaxaca\/","url_meta":{"origin":55593,"position":1},"title":"Exigen justicia por asesinato de Mayte L\u00f3pez, mujer trans e integrante de la comunidad muxe, en Juchit\u00e1n, Oaxaca","author":"grieta","date":"2 octubre, 2024","format":false,"excerpt":"Imagen: Francisco Ramos \/\u00a0 La cadera de Eva Integrantes de las comunidades LGBTIQ+ exigieron justicia por el asesinato de Mayte L\u00f3pez, el cual se\u00f1alaron que forma parte de una ola de violencia que ha afectado a la comunidad muxe y de la diversidad sexual en Oaxaca y el pa\u00eds. Redacci\u00f3n\u2026","rel":"","context":"En &quot;CINTILLO&quot;","block_context":{"text":"CINTILLO","link":"https:\/\/www.grieta.org.mx\/index.php\/category\/cintillo\/"},"img":{"alt_text":"","src":"https:\/\/i0.wp.com\/www.grieta.org.mx\/wp-content\/uploads\/2024\/10\/mayte-lopez-la-cadera-de-eva-focus-0-0-1260-1050.jpg?resize=350%2C200&ssl=1","width":350,"height":200,"srcset":"https:\/\/i0.wp.com\/www.grieta.org.mx\/wp-content\/uploads\/2024\/10\/mayte-lopez-la-cadera-de-eva-focus-0-0-1260-1050.jpg?resize=350%2C200&ssl=1 1x, https:\/\/i0.wp.com\/www.grieta.org.mx\/wp-content\/uploads\/2024\/10\/mayte-lopez-la-cadera-de-eva-focus-0-0-1260-1050.jpg?resize=525%2C300&ssl=1 1.5x, https:\/\/i0.wp.com\/www.grieta.org.mx\/wp-content\/uploads\/2024\/10\/mayte-lopez-la-cadera-de-eva-focus-0-0-1260-1050.jpg?resize=700%2C400&ssl=1 2x, https:\/\/i0.wp.com\/www.grieta.org.mx\/wp-content\/uploads\/2024\/10\/mayte-lopez-la-cadera-de-eva-focus-0-0-1260-1050.jpg?resize=1050%2C600&ssl=1 3x"},"classes":[]},{"id":55574,"url":"https:\/\/www.grieta.org.mx\/index.php\/2020\/12\/03\/con-marcha-exigiran-justicia-por-los-transfeminicidios-de-geovanna-y-sherlyn-oaxaca\/","url_meta":{"origin":55593,"position":2},"title":"Con marcha exigir\u00e1n justicia por los transfeminicidios de Geovanna y Sherlyn (Oaxaca)","author":"grieta","date":"3 diciembre, 2020","format":false,"excerpt":"Noticias \/ Staff NVI. Tras el asesinato de Geovanna A. R. y Sherlyn N. N, quienes eran integrantes de la comunida LGBTTTI, un sector de la poblaci\u00f3n oaxaque\u00f1a ha convocado a una marcha para ma\u00f1ana viernes 4 de diciembre a las 11:00am, partiendo de la Fuente de las Ocho Regiones,\u2026","rel":"","context":"En &quot;CINTILLO&quot;","block_context":{"text":"CINTILLO","link":"https:\/\/www.grieta.org.mx\/index.php\/category\/cintillo\/"},"img":{"alt_text":"","src":"https:\/\/i0.wp.com\/www.grieta.org.mx\/wp-content\/uploads\/2020\/12\/1.jpeg?resize=350%2C200&ssl=1","width":350,"height":200,"srcset":"https:\/\/i0.wp.com\/www.grieta.org.mx\/wp-content\/uploads\/2020\/12\/1.jpeg?resize=350%2C200&ssl=1 1x, https:\/\/i0.wp.com\/www.grieta.org.mx\/wp-content\/uploads\/2020\/12\/1.jpeg?resize=525%2C300&ssl=1 1.5x, https:\/\/i0.wp.com\/www.grieta.org.mx\/wp-content\/uploads\/2020\/12\/1.jpeg?resize=700%2C400&ssl=1 2x, https:\/\/i0.wp.com\/www.grieta.org.mx\/wp-content\/uploads\/2020\/12\/1.jpeg?resize=1050%2C600&ssl=1 3x"},"classes":[]},{"id":66005,"url":"https:\/\/www.grieta.org.mx\/index.php\/2022\/12\/27\/documentan-25-crimenes-de-odio-en-la-region-del-istmo-de-tehuantepec-oaxaca\/","url_meta":{"origin":55593,"position":3},"title":"Documentan 25 cr\u00edmenes de odio en la regi\u00f3n del Istmo de Tehuantepec (Oaxaca)","author":"grieta","date":"27 diciembre, 2022","format":false,"excerpt":"Imagen: Cortes\u00eda Gerardo Valdivieso Parada \/NVINoticias En este a\u00f1o se present\u00f3 el informe \u201cDocumentaci\u00f3n de casos de violencia y cr\u00edmenes contra personas muxhe (sic) y trans en el Istmo de Tehuantepec en el Istmo de Tehuantepec\u201d, a cargo un grupo de lideresas muxe' que trabajan en el proyecto \u201cTransform\u00e1ndome\u201d de\u2026","rel":"","context":"En &quot;CINTILLO&quot;","block_context":{"text":"CINTILLO","link":"https:\/\/www.grieta.org.mx\/index.php\/category\/cintillo\/"},"img":{"alt_text":"","src":"https:\/\/i0.wp.com\/www.grieta.org.mx\/wp-content\/uploads\/2022\/12\/marcha_cazorla.webp?resize=350%2C200&ssl=1","width":350,"height":200,"srcset":"https:\/\/i0.wp.com\/www.grieta.org.mx\/wp-content\/uploads\/2022\/12\/marcha_cazorla.webp?resize=350%2C200&ssl=1 1x, https:\/\/i0.wp.com\/www.grieta.org.mx\/wp-content\/uploads\/2022\/12\/marcha_cazorla.webp?resize=525%2C300&ssl=1 1.5x, https:\/\/i0.wp.com\/www.grieta.org.mx\/wp-content\/uploads\/2022\/12\/marcha_cazorla.webp?resize=700%2C400&ssl=1 2x"},"classes":[]},{"id":56572,"url":"https:\/\/www.grieta.org.mx\/index.php\/2021\/01\/20\/asesinan-a-una-estudiante-de-16-anos-en-oaxaca\/","url_meta":{"origin":55593,"position":4},"title":"Asesinan a una estudiante de 16 a\u00f1os en Oaxaca","author":"grieta","date":"20 enero, 2021","format":false,"excerpt":"Proceso \/ Pedro Mat\u00edas. La menor sali\u00f3 de su comunidad, en Buena Vista Zoquiapam, para pagar la luz en San Isidro Zoquiapam, pero no regres\u00f3. Este mi\u00e9rcoles se encontr\u00f3 su cuerpo en un arroyo con visibles huellas de violencia. OAXACA, Oax. (apro).- Una estudiante de 16 a\u00f1os del Instituto de\u2026","rel":"","context":"En &quot;CINTILLO&quot;","block_context":{"text":"CINTILLO","link":"https:\/\/www.grieta.org.mx\/index.php\/category\/cintillo\/"},"img":{"alt_text":"","src":"https:\/\/i0.wp.com\/www.grieta.org.mx\/wp-content\/uploads\/2021\/01\/1-12.jpg?resize=350%2C200&ssl=1","width":350,"height":200,"srcset":"https:\/\/i0.wp.com\/www.grieta.org.mx\/wp-content\/uploads\/2021\/01\/1-12.jpg?resize=350%2C200&ssl=1 1x, https:\/\/i0.wp.com\/www.grieta.org.mx\/wp-content\/uploads\/2021\/01\/1-12.jpg?resize=525%2C300&ssl=1 1.5x, https:\/\/i0.wp.com\/www.grieta.org.mx\/wp-content\/uploads\/2021\/01\/1-12.jpg?resize=700%2C400&ssl=1 2x"},"classes":[]},{"id":41527,"url":"https:\/\/www.grieta.org.mx\/index.php\/2019\/11\/24\/afro-oaxaquenas-exigen-a-murat-garantizar-la-vida-de-las-oaxaquenas-oaxaca\/","url_meta":{"origin":55593,"position":5},"title":"Afro-Oaxaque\u00f1as exigen a Murat garantizar la vida de las oaxaque\u00f1as (Oaxaca)","author":"grieta","date":"24 noviembre, 2019","format":false,"excerpt":"P\u00e1gina 3 \/ Comunicados. Al presidente de la Rep\u00fablica Lic. Andr\u00e9s Manuel L\u00f3pez Obrador Al gobernador de Oaxaca, Alejandro Murat Al fiscal general de Oaxaca, Rub\u00e9n Vasconcelos M\u00e9ndez A la Secretar\u00eda de la Mujer Oaxaque\u00f1a Las integrantes del \u201cPacto de Mujeres\u201d surgido del VI Foro de Mujeres Lideresas Huatulco 2018,\u2026","rel":"","context":"En &quot;CINTILLO&quot;","block_context":{"text":"CINTILLO","link":"https:\/\/www.grieta.org.mx\/index.php\/category\/cintillo\/"},"img":{"alt_text":"","src":"https:\/\/i0.wp.com\/www.grieta.org.mx\/wp-content\/uploads\/2018\/03\/14524434_1106112876131411_958039263622046936_o.jpg?resize=350%2C200&ssl=1","width":350,"height":200,"srcset":"https:\/\/i0.wp.com\/www.grieta.org.mx\/wp-content\/uploads\/2018\/03\/14524434_1106112876131411_958039263622046936_o.jpg?resize=350%2C200&ssl=1 1x, https:\/\/i0.wp.com\/www.grieta.org.mx\/wp-content\/uploads\/2018\/03\/14524434_1106112876131411_958039263622046936_o.jpg?resize=525%2C300&ssl=1 1.5x, https:\/\/i0.wp.com\/www.grieta.org.mx\/wp-content\/uploads\/2018\/03\/14524434_1106112876131411_958039263622046936_o.jpg?resize=700%2C400&ssl=1 2x"},"classes":[]}],"_links":{"self":[{"href":"https:\/\/www.grieta.org.mx\/index.php\/wp-json\/wp\/v2\/posts\/55593","targetHints":{"allow":["GET"]}}],"collection":[{"href":"https:\/\/www.grieta.org.mx\/index.php\/wp-json\/wp\/v2\/posts"}],"about":[{"href":"https:\/\/www.grieta.org.mx\/index.php\/wp-json\/wp\/v2\/types\/post"}],"author":[{"embeddable":true,"href":"https:\/\/www.grieta.org.mx\/index.php\/wp-json\/wp\/v2\/users\/2"}],"replies":[{"embeddable":true,"href":"https:\/\/www.grieta.org.mx\/index.php\/wp-json\/wp\/v2\/comments?post=55593"}],"version-history":[{"count":1,"href":"https:\/\/www.grieta.org.mx\/index.php\/wp-json\/wp\/v2\/posts\/55593\/revisions"}],"predecessor-version":[{"id":55595,"href":"https:\/\/www.grieta.org.mx\/index.php\/wp-json\/wp\/v2\/posts\/55593\/revisions\/55595"}],"wp:featuredmedia":[{"embeddable":true,"href":"https:\/\/www.grieta.org.mx\/index.php\/wp-json\/wp\/v2\/media\/55594"}],"wp:attachment":[{"href":"https:\/\/www.grieta.org.mx\/index.php\/wp-json\/wp\/v2\/media?parent=55593"}],"wp:term":[{"taxonomy":"category","embeddable":true,"href":"https:\/\/www.grieta.org.mx\/index.php\/wp-json\/wp\/v2\/categories?post=55593"},{"taxonomy":"post_tag","embeddable":true,"href":"https:\/\/www.grieta.org.mx\/index.php\/wp-json\/wp\/v2\/tags?post=55593"}],"curies":[{"name":"wp","href":"https:\/\/api.w.org\/{rel}","templated":true}]}}