{"id":55586,"date":"2020-11-25T17:05:38","date_gmt":"2020-11-25T23:05:38","guid":{"rendered":"http:\/\/www.grieta.org.mx\/?p=55586"},"modified":"2020-12-04T17:23:57","modified_gmt":"2020-12-04T23:23:57","slug":"bibiana-aunque-muramos-de-miedo-si-no-buscamos-nadie-lo-hara-guanajuato","status":"publish","type":"post","link":"https:\/\/www.grieta.org.mx\/index.php\/2020\/11\/25\/bibiana-aunque-muramos-de-miedo-si-no-buscamos-nadie-lo-hara-guanajuato\/","title":{"rendered":"Bibiana: aunque muramos de miedo, si no buscamos nadie lo har\u00e1 (Guanajuato)"},"content":{"rendered":"<blockquote><p>En un intento por aportar a la construcci\u00f3n de la dolorosa pero necesaria memoria colectiva de la desaparici\u00f3n de personas en Guanajuato, cuatro buscadoras cuentan sus historias en su propia voz. \u00c9sta es la historia de Bibiana, la primera entrega de cuatro<\/p><\/blockquote>\n<figure id=\"attachment_55587\" aria-describedby=\"caption-attachment-55587\" style=\"width: 1200px\" class=\"wp-caption alignnone\"><img loading=\"lazy\" decoding=\"async\" data-attachment-id=\"55587\" data-permalink=\"https:\/\/www.grieta.org.mx\/index.php\/2020\/11\/25\/bibiana-aunque-muramos-de-miedo-si-no-buscamos-nadie-lo-hara-guanajuato\/poplab_especial_buscadoras_bibiana03\/\" data-orig-file=\"https:\/\/www.grieta.org.mx\/wp-content\/uploads\/2020\/12\/poplab_especial_buscadoras_bibiana03.jpg\" data-orig-size=\"1200,676\" data-comments-opened=\"0\" data-image-meta=\"{&quot;aperture&quot;:&quot;0&quot;,&quot;credit&quot;:&quot;&quot;,&quot;camera&quot;:&quot;&quot;,&quot;caption&quot;:&quot;&quot;,&quot;created_timestamp&quot;:&quot;0&quot;,&quot;copyright&quot;:&quot;&quot;,&quot;focal_length&quot;:&quot;0&quot;,&quot;iso&quot;:&quot;0&quot;,&quot;shutter_speed&quot;:&quot;0&quot;,&quot;title&quot;:&quot;&quot;,&quot;orientation&quot;:&quot;0&quot;}\" data-image-title=\"poplab_especial_buscadoras_bibiana03\" data-image-description=\"\" data-image-caption=\"&lt;p&gt;Imagen: Tomada de Pie de P\u00e1gina&lt;\/p&gt;\n\" data-medium-file=\"https:\/\/www.grieta.org.mx\/wp-content\/uploads\/2020\/12\/poplab_especial_buscadoras_bibiana03-300x169.jpg\" data-large-file=\"https:\/\/www.grieta.org.mx\/wp-content\/uploads\/2020\/12\/poplab_especial_buscadoras_bibiana03-1024x577.jpg\" src=\"http:\/\/www.grieta.org.mx\/wp-content\/uploads\/2020\/12\/poplab_especial_buscadoras_bibiana03.jpg\" alt=\"\" width=\"1200\" height=\"676\" class=\"size-full wp-image-55587\" srcset=\"https:\/\/www.grieta.org.mx\/wp-content\/uploads\/2020\/12\/poplab_especial_buscadoras_bibiana03.jpg 1200w, https:\/\/www.grieta.org.mx\/wp-content\/uploads\/2020\/12\/poplab_especial_buscadoras_bibiana03-300x169.jpg 300w, https:\/\/www.grieta.org.mx\/wp-content\/uploads\/2020\/12\/poplab_especial_buscadoras_bibiana03-1024x577.jpg 1024w, https:\/\/www.grieta.org.mx\/wp-content\/uploads\/2020\/12\/poplab_especial_buscadoras_bibiana03-768x433.jpg 768w, https:\/\/www.grieta.org.mx\/wp-content\/uploads\/2020\/12\/poplab_especial_buscadoras_bibiana03-888x500.jpg 888w\" sizes=\"auto, (max-width: 1200px) 100vw, 1200px\" \/><figcaption id=\"caption-attachment-55587\" class=\"wp-caption-text\">Imagen: Tomada de Pie de P\u00e1gina<\/figcaption><\/figure>\n<p>Pie de p\u00e1gina, 25 de noviembre de 2020<\/p>\n<p>Texto: Kennia Vel\u00e1zquez \/ POPLab<\/p>\n<p>Im\u00e1genes: Pinche Einnar \/ POPLab<\/p>\n<p>Cuando se llevaron a mi hermano Manuel, se llevaron la parte m\u00e1s bonita de mi vida. Aunque siempre nos sentimos abandonados por el lado paterno, yo sent\u00eda que a pesar de la pobreza y las dificultades lo ten\u00eda todo porque sab\u00eda que mis hermanos estaban bien y hab\u00eda mucho amor.<\/p>\n<p>Nuestra vida siempre ha sido un poquito complicada. Despu\u00e9s de que enviudara, mi mam\u00e1 se dedic\u00f3 a trabajar, sola nos sac\u00f3 adelante, nos dejaba encargados con gente en el rancho Refugio de Mungu\u00eda, para poderse ir a trabajar como empleada dom\u00e9stica a Irapuato. Le pagaba a gente para que nos cuidara, nos mandaran a la escuela o nos dieran de comer en lo que ella llegaba del trabajo.<\/p>\n<p>Somos cuatro hermanos, yo soy la tercera y Manuel es el segundo, \u00e9l y mi hermana mayor se fueron a vivir con mi abuela materna y yo los extra\u00f1aba mucho. Cada ocho d\u00edas los \u00edbamos a visitar y para m\u00ed era una alegr\u00eda enorme verlos, comer juntos era maravilloso, como una celebraci\u00f3n. A \u00e9l le gustaba todo lo que preparaba mi mam\u00e1, no hac\u00edan falta grandes cosas, nos \u00edbamos al campo y recog\u00edamos verdolagas y mi abuelita sol\u00eda hacerlas con chile s\u00faper picoso, frijoles y tortillas hechas a mano y con eso \u00e9ramos felices. Luego nos \u00edbamos a pasear, a ver el cerro, a correr por el campo.<\/p>\n<p>Ninguno de los cuatro acabamos la escuela: Manuel fue un tiempo a la secundaria y luego se meti\u00f3 a trabajar en el campo; yo sin avisarle a mi mam\u00e1 dej\u00e9 la escuela primaria, porque yo estaba muy chica y se ve\u00eda mucha droga, me faltaba medio a\u00f1o para terminar sexto, ya hasta ahora de adulta, trabajando y con mis ni\u00f1os termin\u00e9 hasta la preparatoria.<\/p>\n<p>A los 13 a\u00f1os comenc\u00e9 haciendo limpieza en casas, luego tuve suerte, porque me llegaron a contratar como secretaria sin tener la escuela terminada y m\u00e1s recientemente, estuve en la empresa automotriz General Motors en Silao, como operaria.<\/p>\n<p>Siempre nos frecuent\u00e1bamos, nos procur\u00e1bamos. Ahora que desapareci\u00f3 Manuel las cosas han cambiado mucho, la familia se ha distanciado. La desaparici\u00f3n de Manuel nos cambi\u00f3 la vida.<br \/>\n***<br \/>\n<figure id=\"attachment_55588\" aria-describedby=\"caption-attachment-55588\" style=\"width: 1200px\" class=\"wp-caption alignnone\"><img loading=\"lazy\" decoding=\"async\" data-attachment-id=\"55588\" data-permalink=\"https:\/\/www.grieta.org.mx\/index.php\/2020\/11\/25\/bibiana-aunque-muramos-de-miedo-si-no-buscamos-nadie-lo-hara-guanajuato\/https-_piedepagina-mx_wp-content_uploads_2020_11_poplab_especial_buscadoras_bibiana02\/\" data-orig-file=\"https:\/\/www.grieta.org.mx\/wp-content\/uploads\/2020\/12\/https-_piedepagina.mx_wp-content_uploads_2020_11_poplab_especial_buscadoras_bibiana02.jpg\" data-orig-size=\"1200,676\" data-comments-opened=\"0\" data-image-meta=\"{&quot;aperture&quot;:&quot;0&quot;,&quot;credit&quot;:&quot;&quot;,&quot;camera&quot;:&quot;&quot;,&quot;caption&quot;:&quot;&quot;,&quot;created_timestamp&quot;:&quot;0&quot;,&quot;copyright&quot;:&quot;&quot;,&quot;focal_length&quot;:&quot;0&quot;,&quot;iso&quot;:&quot;0&quot;,&quot;shutter_speed&quot;:&quot;0&quot;,&quot;title&quot;:&quot;&quot;,&quot;orientation&quot;:&quot;0&quot;}\" data-image-title=\"https _piedepagina.mx_wp-content_uploads_2020_11_poplab_especial_buscadoras_bibiana02\" data-image-description=\"\" data-image-caption=\"&lt;p&gt;Image: Tomada de Pie de P\u00e1gina&lt;\/p&gt;\n\" data-medium-file=\"https:\/\/www.grieta.org.mx\/wp-content\/uploads\/2020\/12\/https-_piedepagina.mx_wp-content_uploads_2020_11_poplab_especial_buscadoras_bibiana02-300x169.jpg\" data-large-file=\"https:\/\/www.grieta.org.mx\/wp-content\/uploads\/2020\/12\/https-_piedepagina.mx_wp-content_uploads_2020_11_poplab_especial_buscadoras_bibiana02-1024x577.jpg\" src=\"http:\/\/www.grieta.org.mx\/wp-content\/uploads\/2020\/12\/https-_piedepagina.mx_wp-content_uploads_2020_11_poplab_especial_buscadoras_bibiana02.jpg\" alt=\"\" width=\"1200\" height=\"676\" class=\"size-full wp-image-55588\" srcset=\"https:\/\/www.grieta.org.mx\/wp-content\/uploads\/2020\/12\/https-_piedepagina.mx_wp-content_uploads_2020_11_poplab_especial_buscadoras_bibiana02.jpg 1200w, https:\/\/www.grieta.org.mx\/wp-content\/uploads\/2020\/12\/https-_piedepagina.mx_wp-content_uploads_2020_11_poplab_especial_buscadoras_bibiana02-300x169.jpg 300w, https:\/\/www.grieta.org.mx\/wp-content\/uploads\/2020\/12\/https-_piedepagina.mx_wp-content_uploads_2020_11_poplab_especial_buscadoras_bibiana02-1024x577.jpg 1024w, https:\/\/www.grieta.org.mx\/wp-content\/uploads\/2020\/12\/https-_piedepagina.mx_wp-content_uploads_2020_11_poplab_especial_buscadoras_bibiana02-768x433.jpg 768w, https:\/\/www.grieta.org.mx\/wp-content\/uploads\/2020\/12\/https-_piedepagina.mx_wp-content_uploads_2020_11_poplab_especial_buscadoras_bibiana02-888x500.jpg 888w\" sizes=\"auto, (max-width: 1200px) 100vw, 1200px\" \/><figcaption id=\"caption-attachment-55588\" class=\"wp-caption-text\">Image: Tomada de Pie de P\u00e1gina<\/figcaption><\/figure><\/p>\n<p>Cuando se dio la desaparici\u00f3n de Manuel, yo todav\u00eda estaba trabajando y estaba embarazada. La \u00faltima vez que estuvimos juntos, ten\u00eda cinco meses de embarazo y en esos d\u00edas no lo ve\u00eda mucho, estudiaba y trabajaba, los turnos en General Motors son de doce horas. Hab\u00eda d\u00edas que sal\u00eda de trabajar y sin haber dormido toda la noche, me iba a la preparatoria, y luego a atender a mi ni\u00f1o. Y el resto del d\u00eda a lavar, recoger, planchar y dem\u00e1s cosas de la casa. Casi no me daba tiempo de ir a ver a Manuel. A m\u00ed me qued\u00f3 remordimiento de conciencia de no haberlo frecuentado todo ese tiempo.<\/p>\n<p>Manuel desapareci\u00f3 el 8 de enero de 2018. Dej\u00e9 de trabajar por la desaparici\u00f3n y porque estaba a punto de dar a luz, me puse muy enferma, pens\u00e9 que iba a perder a mi hijo. De hecho mi mam\u00e1 me dijo que Manuel les hab\u00eda marcado para que yo no me preocupara. En febrero naci\u00f3 mi segundo hijo y decid\u00ed salirme para cuidarlo y porque me sent\u00eda bien desesperada y quer\u00eda salir a buscar a mi hermano.<\/p>\n<p>Yo no sab\u00eda que hab\u00eda desaparecidos, ve\u00eda en Facebook que estaban matando mucha gente en Irapuato, me daba miedo, pero me sent\u00eda tan alejada de esa situaci\u00f3n de violencia. A m\u00ed el que me preocupaba era mi hermano el chico que se iba de fiesta con sus amigos y cada vez que sab\u00eda de alg\u00fan suceso violento lo buscaba.<\/p>\n<p>Manuel era tan buena persona y yo sent\u00eda que estaba a salvo en el rancho\u2026 nunca me imagin\u00e9 que \u00edbamos a pasar por un tema de desaparici\u00f3n en mi familia. \u00c9l siempre trabaj\u00f3 en el campo, en granjas lecheras, en unos terrenos de ma\u00edz, en campos de fresas\u2026 a m\u00ed no me queda claro por qu\u00e9 se lo llevaron, yo he preguntado si andaba en malos pasos y la gente dice que no. Que lo ve\u00edan trabajando en su moto repartiendo molino para los puercos en las tiendas. Yo fui al rancho a preguntarle a la gente qu\u00e9 sab\u00eda, pero nadie me quiso decir nada. S\u00f3lo mi t\u00edo -que tiene 80 a\u00f1os- me dijo que unos hombres armados se lo llevaron.<\/p>\n<p>Ese d\u00eda me habl\u00f3 mi cu\u00f1ada como a las 10 de la noche y me dijo que mi hermano no hab\u00eda llegado del trabajo. Cuando colgu\u00e9 el tel\u00e9fono sal\u00ed a poner la denuncia y luego le avis\u00e9 que hab\u00eda denunciado y ella me pidi\u00f3 que la quitara, porque ten\u00eda mucho miedo, no quiere saber nada de la b\u00fasqueda y abandon\u00f3 la casa donde viv\u00edan.<\/p>\n<p>Ella sabe que yo lo estoy buscando, entonces s\u00f3lo me comunico cuando les consigo apoyos para ella y sus dos ni\u00f1os. Pero casi no me comunico con ellos. Yo no tengo manera de ayudarlos, no tengo solvencia econ\u00f3mica. Dependo de lo que mi pareja me da, pero he tratado de que las autoridades se hagan un poquito responsables de eso y trato de conseguirles las m\u00e1s ayudas que puedo.<br \/>\n***<\/p>\n<p>Aqu\u00ed lo malo es que la Fiscal\u00eda nunca investig\u00f3 absolutamente nada, lo \u00fanico que hab\u00eda en su carpeta era mi declaraci\u00f3n y nada m\u00e1s. Yo iba diario al SEMEFO a buscarlo y siempre me dec\u00edan que no hab\u00eda cuerpos sin reconocer.<\/p>\n<p>Una vez mi mam\u00e1 me acompa\u00f1\u00f3 a revisar los avances de la investigaci\u00f3n y pas\u00f3 una persona que al ver a mi mam\u00e1 llorando le dijo: \u201cay se\u00f1ora no est\u00e9 aqu\u00ed con su lagrimer\u00edo, si su hijo anduviera en cosas buenas, usted no estar\u00eda aqu\u00ed. Vienen aqu\u00ed a chillar pero primero no cuidan a sus hijos.\u201d Despu\u00e9s supe que esa mujer era la fiscal en Irapuato.<\/p>\n<p>Yo me exalt\u00e9 mucho y le dije \u201custed ni conoce a mi hermano, no han investigado nada. Si a usted le consta que mi hermano es un delincuente, b\u00fasquelo y m\u00e9talo a la c\u00e1rcel, pero no le falte el respeto a mi mam\u00e1. Para eso hay leyes, para que los delincuentes est\u00e9n en la c\u00e1rcel y no para que anden desapareciendo gente\u201d.<\/p>\n<p>Duele mucho la discriminaci\u00f3n de la gente conmigo y con mis compa\u00f1eras. Yo creo que a\u00fan la gente que anda en malos pasos no se merece morir de esas maneras, no se merecen estar desaparecidos. Cuando te desaparecen a alguien, desaparecen tu manera de sentir, de vivir, la manera de convivir con las personas.<\/p>\n<p>Despu\u00e9s conoc\u00ed al colectivo \u201cA tu encuentro\u201d. En una publicaci\u00f3n en Facebook que dec\u00eda: \u201ctodas las personas que tengan un familiar desaparecido y quieran informaci\u00f3n los vamos a esperar en el DIF de Irapuato\u201d. Yo ten\u00eda mucho miedo de ir, no sab\u00eda qui\u00e9n convocaba la marcha, no sab\u00eda si era verdad. Mi pareja estaba preocupada de que fuera, me dec\u00eda \u201c\u00bfa qu\u00e9 vas? \u00bfY si te pasa algo?\u201d pero de todas formas fui.<\/p>\n<p>Ah\u00ed nos atendi\u00f3 la fiscal y nos trat\u00f3 horrible, nos dijo que nosotras no \u00e9ramos v\u00edctimas de nada. El colectivo fue creciendo y ahora somos muchas las familias, cada d\u00eda hay m\u00e1s gente desapareciendo.<\/p>\n<p>Una creer\u00eda que porque nos hemos reunido con el gobernador Diego Sinhue, con el fiscal Carlos Zamarripa, con el alcalde de Irapuato, Ricardo Ortiz, con el encargado de seguridad, que las cosas iban ser mejor, pero s\u00f3lo aprendieron a fingir que nos tratan bien. Yo hoy voy a la fiscal\u00eda y ya no me tratan mal, pero nos dan atole con el dedo. Nos dicen que les pidamos lo que necesitemos, que les marquemos a cualquier hora, \u201cestamos trabajando, usted no se preocupe\u201d. Pero ves la carpeta y todo sigue igual.<\/p>\n<p>Yo era muy ingenua, la primera vez que nos reunimos con el gobernador y que nos abraz\u00f3 y nos dijo que estaba con nosotras, que iba a salir la ley de desaparecidos por decreto y la comisi\u00f3n de b\u00fasqueda, yo sal\u00ed feliz. Yo le cre\u00ed, pens\u00e9 que iba a encontrar a mi hermano. Pero van pasando los d\u00edas, los meses y me doy cuenta que fueron palabras, fotos para la prensa y ah\u00ed qued\u00f3 todo. Ya no le creo a ninguna de las autoridades.<br \/>\n***<\/p>\n<figure id=\"attachment_55589\" aria-describedby=\"caption-attachment-55589\" style=\"width: 1200px\" class=\"wp-caption alignnone\"><img loading=\"lazy\" decoding=\"async\" data-attachment-id=\"55589\" data-permalink=\"https:\/\/www.grieta.org.mx\/index.php\/2020\/11\/25\/bibiana-aunque-muramos-de-miedo-si-no-buscamos-nadie-lo-hara-guanajuato\/https-_piedepagina-mx_wp-content_uploads_2020_11_poplab_especial_buscadoras_bibiana01\/\" data-orig-file=\"https:\/\/www.grieta.org.mx\/wp-content\/uploads\/2020\/12\/https-_piedepagina.mx_wp-content_uploads_2020_11_poplab_especial_buscadoras_bibiana01.jpg\" data-orig-size=\"1200,676\" data-comments-opened=\"0\" data-image-meta=\"{&quot;aperture&quot;:&quot;0&quot;,&quot;credit&quot;:&quot;&quot;,&quot;camera&quot;:&quot;&quot;,&quot;caption&quot;:&quot;&quot;,&quot;created_timestamp&quot;:&quot;0&quot;,&quot;copyright&quot;:&quot;&quot;,&quot;focal_length&quot;:&quot;0&quot;,&quot;iso&quot;:&quot;0&quot;,&quot;shutter_speed&quot;:&quot;0&quot;,&quot;title&quot;:&quot;&quot;,&quot;orientation&quot;:&quot;0&quot;}\" data-image-title=\"https _piedepagina.mx_wp-content_uploads_2020_11_poplab_especial_buscadoras_bibiana01\" data-image-description=\"\" data-image-caption=\"&lt;p&gt;Imagen: tomada de Pie de P\u00e1gina&lt;\/p&gt;\n\" data-medium-file=\"https:\/\/www.grieta.org.mx\/wp-content\/uploads\/2020\/12\/https-_piedepagina.mx_wp-content_uploads_2020_11_poplab_especial_buscadoras_bibiana01-300x169.jpg\" data-large-file=\"https:\/\/www.grieta.org.mx\/wp-content\/uploads\/2020\/12\/https-_piedepagina.mx_wp-content_uploads_2020_11_poplab_especial_buscadoras_bibiana01-1024x577.jpg\" src=\"http:\/\/www.grieta.org.mx\/wp-content\/uploads\/2020\/12\/https-_piedepagina.mx_wp-content_uploads_2020_11_poplab_especial_buscadoras_bibiana01.jpg\" alt=\"\" width=\"1200\" height=\"676\" class=\"size-full wp-image-55589\" srcset=\"https:\/\/www.grieta.org.mx\/wp-content\/uploads\/2020\/12\/https-_piedepagina.mx_wp-content_uploads_2020_11_poplab_especial_buscadoras_bibiana01.jpg 1200w, https:\/\/www.grieta.org.mx\/wp-content\/uploads\/2020\/12\/https-_piedepagina.mx_wp-content_uploads_2020_11_poplab_especial_buscadoras_bibiana01-300x169.jpg 300w, https:\/\/www.grieta.org.mx\/wp-content\/uploads\/2020\/12\/https-_piedepagina.mx_wp-content_uploads_2020_11_poplab_especial_buscadoras_bibiana01-1024x577.jpg 1024w, https:\/\/www.grieta.org.mx\/wp-content\/uploads\/2020\/12\/https-_piedepagina.mx_wp-content_uploads_2020_11_poplab_especial_buscadoras_bibiana01-768x433.jpg 768w, https:\/\/www.grieta.org.mx\/wp-content\/uploads\/2020\/12\/https-_piedepagina.mx_wp-content_uploads_2020_11_poplab_especial_buscadoras_bibiana01-888x500.jpg 888w\" sizes=\"auto, (max-width: 1200px) 100vw, 1200px\" \/><figcaption id=\"caption-attachment-55589\" class=\"wp-caption-text\">Imagen: tomada de Pie de P\u00e1gina<\/figcaption><\/figure>\n<p>Un a\u00f1o viv\u00ed con mis abuelos porque mi mam\u00e1 planeaba irse a Estados Unidos. Hice el cuarto de primaria en el rancho, fue la \u00e9poca que m\u00e1s conviv\u00ed con Manuel y con mi hermana.<\/p>\n<p>Manuel iba en la secundaria y mi escuela estaba a un lado, de regreso nos \u00edbamos caminando, era un camino muy largo y corr\u00edamos y nos jal\u00e1bamos los cachetes, nos hac\u00edamos cosquillas y bromas pesadas.<\/p>\n<p>Cuando se llevaron Manuel se llevaron a la persona que m\u00e1s me ha hecho re\u00edr en mi vida, en esa \u00e9poca \u00e9l ya trabajaba y lo esper\u00e1bamos para comer, porque aunque llegara cansado y de mal humor, no faltaba que hiciera un chiste que nos alegrara, por eso lo esper\u00e1bamos con muchas ansias.<\/p>\n<p>En el tiempo en el que viv\u00ed en el rancho Manuel me llevaba a las fiestas. \u00e9l nos daba dinero, no ganaba mucho, pero le alcanzaba para subirnos a los juegos a m\u00ed y a mis hermanos, \u00e9ramos felices\u2026 Todos esos recuerdos los guardo con mucho cari\u00f1o, yo s\u00e9 que tal vez no es mucho que alguien te d\u00e9 para un juego, pero s\u00ed lo es cuando no hay dinero y hay necesidades en la casa, entonces eso lo valoras much\u00edsimo.<\/p>\n<p>Luego de ese a\u00f1o yo regres\u00e9 con mi mam\u00e1 y Manuel y mi hermana se quedaron con mis abuelos, pero aunque no vivimos juntos nos quer\u00edamos mucho.<\/p>\n<p>\u00c9l era muy cari\u00f1oso conmigo, ten\u00edamos los dos un apego emocional muy grande, siempre fui su apoyo y \u00e9l fue el m\u00edo. Ya grandes, una pareja que tuve me enga\u00f1\u00f3, Manuel estuvo conmigo, siempre me dec\u00eda \u201ct\u00fa vales mucho, vas a salir adelante, no lo busques\u201d. Y yo le dec\u00eda: t\u00fa me dices eso porque me quieres y soy tu hermana y \u00e9l me dijo: \u201cprecisamente, porque nadie te conoce mejor que yo, s\u00e9 lo que vales\u201d. No sol\u00eda dar muchos consejos, pero era una persona muy cari\u00f1osa.<\/p>\n<p>Lo extra\u00f1o todos los d\u00edas y le pido a Dios que me lo devuelvan en vida. Siempre he tratado de aferrarme a la idea de que no lo voy a encontrar muerto, que un d\u00eda me van a hablar de la fiscal\u00eda y que me van a decir \u201cya encontramos a Manuel, lo ten\u00edan en alg\u00fan lado pero est\u00e1 bien\u201d.<br \/>\n***<\/p>\n<p>Esto es algo muy dif\u00edcil, yo puedo aceptar que las autoridades nos den la espalda\u2026 no que lo acepte, s\u00e9 que es lo que hay. Pero cuando la misma familia te empieza a pedir que ya no busques, es muy dif\u00edcil.<\/p>\n<p>Las compa\u00f1eras sabemos que si nosotras no movemos un dedo, que si nosotras nos paramos, nadie los va a seguir buscando. De hecho yo s\u00e9 que nadie los est\u00e1 buscando all\u00e1 afuera, nosotras sabemos que tenemos que seguir en la lucha, haciendo lo que nos toca hacer, para obligar a las autoridades a que nos respondan como debe de ser.<\/p>\n<p>Y no soy la \u00fanica, una compa\u00f1era busca sola a su hijo, su marido dice que por ah\u00ed debe de andar y un d\u00eda va a regresar. Como que las mujeres tenemos m\u00e1s la idea de que, si no nos ponemos a buscarlos, no van a regresar.<\/p>\n<p>Al principio me mor\u00eda de miedo, no quer\u00eda que nadie supiera que estaba en el colectivo, pero ahora me doy valor con mis compa\u00f1eras.<\/p>\n<p>En este camino se van perdiendo amistades, se va perdiendo de todo. Una vecina me vino a decir que me iban a matar por andar buscando a mi hermano, que ya le parara, me insinu\u00f3 que ten\u00eda miedo de vivir al lado de mi casa, por el peligro que represento por buscarlo. Yo no le expliqu\u00e9 nada, la gente no acaba de entender que ya nadie estamos exentos de que nos pase algo. Nadie, absolutamente nadie.<\/p>\n<p>Tambi\u00e9n tenemos muchos gastos, se necesita dinero que no tenemos y s\u00f3lo nosotras sabemos de d\u00f3nde lo sacamos, o c\u00f3mo ahorramos o qu\u00e9 dejamos de comprar para poder ir a las b\u00fasquedas. Yo estaba acostumbrada a tener un sueldo, a ser una mujer independiente y pues ahora dependo de mi pareja y tenemos otros gastos. Trato de ser cuidadosa y gastar lo m\u00ednimo, lo indispensable para las b\u00fasquedas, trato de ser ahorrativa para que no se vea afectada la casa. Encontrar trabajo en estos tiempos es dif\u00edcil, hay gente que me dice que busque algo para trabajar en casa, pero no hay.<\/p>\n<p>Muchas est\u00e1n perdiendo su trabajo, hay ocho compa\u00f1eras a las que ya les pusieron ultim\u00e1tum, les dicen que o buscan a sus familiares o se ponen a trabajar, porque ya no van a dar permisos. A otras diez ya las corrieron.<br \/>\n***<\/p>\n<p>Navidad y A\u00f1o Nuevo las pas\u00e1bamos con Manuel, en su casa, era la tradici\u00f3n de todos los hermanos de reunirnos en el rancho, vernos ah\u00ed, comer y celebrar.<\/p>\n<p>Lleg\u00e1bamos temprano, las mujeres nos pon\u00edamos a cocinar. No escuch\u00e1bamos m\u00fasica porque \u00e9l siempre vivi\u00f3 en situaci\u00f3n precaria. No ten\u00eda est\u00e9reo, s\u00f3lo tele y sin internet. Entonces no era de poner m\u00fasica pero ni falta nos hac\u00eda, prend\u00edamos una fogata, hac\u00edamos tamales, atole\u2026 todo el d\u00eda nos la pas\u00e1bamos comiendo y en la noche \u00edbamos de casa en casa a pedir dulces.<\/p>\n<p>Eso se acab\u00f3. Ahora cuando nos vemos o nos reunimos s\u00f3lo hablamos de la desaparici\u00f3n de Manuel. A veces estoy platicando con mi mam\u00e1 de cualquier cosa y de pronto ella empieza a llorar y me dice \u201cya quiero encontrar a tu hermano, \u00bfqu\u00e9 te han dicho?\u201d \u2026 yo la veo mal, ella tiene diabetes, es hipertensa, ya est\u00e1 grande. Dice que no quiere morirse sin saber de \u00e9l. Mis hijos y los otros nietos ven esos episodios. Yo s\u00f3lo le digo: \u201cmami, lo sigo buscando y un d\u00eda lo vamos a encontrar\u201d.<\/p>\n<p>Cuando hablo con mi hermana es lo mismo, me pregunta qu\u00e9 he sabido de Manuel, qu\u00e9 s\u00e9 de tal fosa o de un cuerpo que encontraron, ese es nuestro tema de conversaci\u00f3n. Con un familiar desaparecido ya no hay vuelta atr\u00e1s, ya no puedes convivir en familia.<br \/>\n***<\/p>\n<p>Con la pandemia nos fue p\u00e9simo porque lleg\u00f3 justo cuando est\u00e1bamos en las mesas de trabajo para que saliera la ley de desaparici\u00f3n en el Estado de Guanajuato. Todos los diputados hab\u00edan dicho que quer\u00edan conocer nuestras historias, nuestras necesidades. Fuimos a algunas reuniones y empez\u00f3 la pandemia y ya no pudimos seguir. Dijeron que sacar\u00edan la ley sin nosotros pero tom\u00e1ndonos en cuenta. Sali\u00f3 la ley sin nuestras sugerencias.<\/p>\n<p>Tuvimos que hacer un plant\u00f3n en plena pandemia porque pusieron como comisionado de b\u00fasqueda a un administrador de empresas, sin experiencia.<\/p>\n<p>En la fiscal\u00eda no nos atienden, ni en el SEMEFO, que solo con cita. Yo entiendo el tema de la pandemia pero ellos tambi\u00e9n deber\u00edan entender que nuestros desaparecidos est\u00e1n afuera, no s\u00f3lo con riesgo del COVID, sino con riesgo de su vida. Siento que la pandemia ha sido utilizada como pretexto para no atender un problema que los gobiernos no quieren atender.<\/p>\n<p>Yo le tengo respeto al coronavirus, pero la pandemia no nos puede parar, porque es una desesperaci\u00f3n diaria. Tener un familiar desaparecido es una enfermedad m\u00e1s grave que COVID, porque se te enferma el coraz\u00f3n, la mente, el \u00e1nimo\u2026<br \/>\n***<\/p>\n<p>Yo s\u00e9 que es complicado entenderme, en estos casi tres a\u00f1os he ido a muchas reuniones, salgo mucho, siento que descuido a mis hijos.<\/p>\n<p>Antes era una mujer plena\u2026 aunque la felicidad es ef\u00edmera, una vive feliz cuando tiene a la familia completa. Desde que se llevaron a Manuel vivo con miedo, no hay d\u00eda que no sienta ese vac\u00edo\u2026 A veces cuando estoy comiendo o cuando me voy a dormir, me da culpa de que no estoy en la calle busc\u00e1ndolo y yo estoy muy a gusto y no s\u00e9 si \u00e9l est\u00e1 sufriendo o qu\u00e9 estar\u00e1 pasando o qu\u00e9 le estar\u00e1n haciendo.<\/p>\n<p>Con mis b\u00fasquedas quiero ense\u00f1arles a mis hijos el amor de hermanos, porque si un d\u00eda a uno le pasa, el otro lo va a buscar, entre los dos deben cuidarse. Yo s\u00e9 que si yo me hubiera perdido, mi hermano hubiera hecho lo mismo por m\u00ed.<\/p>\n<p>Aunque no he regresado a estudiar o a trabajar siento que no he hecho sacrificios por mi hermano, simplemente son prioridades: concentrarme en el colectivo y ayudar a la gente a que sus familiares regresen a sus casas, porque s\u00e9 lo que se siente.<\/p>\n<p>El miedo a veces me impide disfrutar la vida, mis hijos no van a crecer como yo crec\u00ed, jugando en las calles con los amigos. Tienen prohibid\u00edsimo salir a la banqueta si no estoy yo, no pueden despegarse de m\u00ed ni un momento. Y eso les afecta en su desarrollo, veo que son cohibidos, no conviven si no estoy yo, pero prefiero eso a que un d\u00eda les pase algo y no sepa de ellos.<\/p>\n<p>Me encantar\u00eda que mi hermano conozca a mi hijo chico, a veces sonr\u00edo pensando el apodo que le pondr\u00eda. Me duele mucho que mi hijo el grande ya no se acuerde de \u00e9l, tiene 7 a\u00f1os y son casi tres a\u00f1os que no lo ve. Y yo le cuento que tiene un t\u00edo que lo amaba mucho y que a mi me chiqueaba\u2026 les hablo mucho de \u00e9l.<\/p>\n<p>Un d\u00eda en la escuela a mi hijo le preguntaron a qu\u00e9 se dedicaba su mam\u00e1 y \u00e9l dijo: \u201ca buscar a su hermano\u201d. Yo me puse a llorar cuando la maestra me cont\u00f3, porque yo s\u00e9 que mis hijos no est\u00e1n para andar en las manifestaciones o en las marchas. El otro d\u00eda estuvieron conmigo cinco horas en la procuradur\u00eda de derechos humanos porque fui a poner una queja. S\u00e9 que los he tra\u00eddo a lugares en los que ni\u00f1os de su edad no deben andar, pero lo debo buscar.<\/p>\n<p>Yo s\u00e9 que en el camino voy a encontrar a mi hermano y lo voy a regresar a casa y un d\u00eda veremos esto como un mal recuerdo.<br \/>\n***<\/p>\n<figure id=\"attachment_55590\" aria-describedby=\"caption-attachment-55590\" style=\"width: 1200px\" class=\"wp-caption alignnone\"><img loading=\"lazy\" decoding=\"async\" data-attachment-id=\"55590\" data-permalink=\"https:\/\/www.grieta.org.mx\/index.php\/2020\/11\/25\/bibiana-aunque-muramos-de-miedo-si-no-buscamos-nadie-lo-hara-guanajuato\/https-_piedepagina-mx_wp-content_uploads_2020_11_poplab_especial_buscadoras_bibiana04\/\" data-orig-file=\"https:\/\/www.grieta.org.mx\/wp-content\/uploads\/2020\/12\/https-_piedepagina.mx_wp-content_uploads_2020_11_poplab_especial_buscadoras_bibiana04.jpg\" data-orig-size=\"1200,676\" data-comments-opened=\"0\" data-image-meta=\"{&quot;aperture&quot;:&quot;0&quot;,&quot;credit&quot;:&quot;&quot;,&quot;camera&quot;:&quot;&quot;,&quot;caption&quot;:&quot;&quot;,&quot;created_timestamp&quot;:&quot;0&quot;,&quot;copyright&quot;:&quot;&quot;,&quot;focal_length&quot;:&quot;0&quot;,&quot;iso&quot;:&quot;0&quot;,&quot;shutter_speed&quot;:&quot;0&quot;,&quot;title&quot;:&quot;&quot;,&quot;orientation&quot;:&quot;0&quot;}\" data-image-title=\"https _piedepagina.mx_wp-content_uploads_2020_11_poplab_especial_buscadoras_bibiana04\" data-image-description=\"\" data-image-caption=\"&lt;p&gt;Imagen: tomada de Pie de P\u00e1gina&lt;\/p&gt;\n\" data-medium-file=\"https:\/\/www.grieta.org.mx\/wp-content\/uploads\/2020\/12\/https-_piedepagina.mx_wp-content_uploads_2020_11_poplab_especial_buscadoras_bibiana04-300x169.jpg\" data-large-file=\"https:\/\/www.grieta.org.mx\/wp-content\/uploads\/2020\/12\/https-_piedepagina.mx_wp-content_uploads_2020_11_poplab_especial_buscadoras_bibiana04-1024x577.jpg\" src=\"http:\/\/www.grieta.org.mx\/wp-content\/uploads\/2020\/12\/https-_piedepagina.mx_wp-content_uploads_2020_11_poplab_especial_buscadoras_bibiana04.jpg\" alt=\"\" width=\"1200\" height=\"676\" class=\"size-full wp-image-55590\" srcset=\"https:\/\/www.grieta.org.mx\/wp-content\/uploads\/2020\/12\/https-_piedepagina.mx_wp-content_uploads_2020_11_poplab_especial_buscadoras_bibiana04.jpg 1200w, https:\/\/www.grieta.org.mx\/wp-content\/uploads\/2020\/12\/https-_piedepagina.mx_wp-content_uploads_2020_11_poplab_especial_buscadoras_bibiana04-300x169.jpg 300w, https:\/\/www.grieta.org.mx\/wp-content\/uploads\/2020\/12\/https-_piedepagina.mx_wp-content_uploads_2020_11_poplab_especial_buscadoras_bibiana04-1024x577.jpg 1024w, https:\/\/www.grieta.org.mx\/wp-content\/uploads\/2020\/12\/https-_piedepagina.mx_wp-content_uploads_2020_11_poplab_especial_buscadoras_bibiana04-768x433.jpg 768w, https:\/\/www.grieta.org.mx\/wp-content\/uploads\/2020\/12\/https-_piedepagina.mx_wp-content_uploads_2020_11_poplab_especial_buscadoras_bibiana04-888x500.jpg 888w\" sizes=\"auto, (max-width: 1200px) 100vw, 1200px\" \/><figcaption id=\"caption-attachment-55590\" class=\"wp-caption-text\">Imagen: tomada de Pie de P\u00e1gina<\/figcaption><\/figure>\n<p>Lo que nosotras queremos es que se les busque vivos y de inmediato. Queremos que sean transparentes con las fosas, a principio de a\u00f1o encontraron una muy cerca de donde desapareci\u00f3 mi hermano, nunca dijeron cu\u00e1ntas personas se encontraron ah\u00ed y en la Fiscal\u00eda dicen que las fosas en la ley no existen.<\/p>\n<p>Hace poco les llamaron a 5 compa\u00f1eras para ir a Santa Rosa de Lima a hacer una b\u00fasqueda acompa\u00f1adas por la polic\u00eda estatal. Decidimos que no ir\u00edan porque era en el lugar m\u00e1s peligroso de Guanajuato, con la polic\u00eda estatal que son los que nos han acosado, nos han perseguido, decidimos que no, porque son a los que les tenemos miedo. Luego vimos que hubo un enfrentamiento ah\u00ed, hubo personas muertas. Nosotras no podemos darnos el lujo de morirnos porque si nos matan, \u00bfqui\u00e9n los va a buscar?<\/p>\n<p>Les hemos pedido a las autoridades que vayan a algunos puntos de b\u00fasqueda que tenemos ubicados, pero nos ignoran. Hay compa\u00f1eras que se han ido a meter a comunidades bastante peligrosas a preguntar, la verdad s\u00ed da miedo irse a meter a esos lugares, la polic\u00eda sabe d\u00f3nde est\u00e1n las fosas pero nunca nos lo van a decir.<\/p>\n<p>Ahora que fuimos a las b\u00fasquedas en campo y encontramos cuerpos, no sab\u00eda si era mi hermano, pero sab\u00eda que esas personas iban a regresar con sus familias y ya podr\u00edan estar en paz. Y yo s\u00e9 que quiz\u00e1 un colectivo har\u00e1 lo mismo en otra parte y quiz\u00e1 encuentren a mi hermano y me dar\u00e1n la paz que tanto necesito y el descanso que mi hermano se merece.<\/p>\n<p>La fiscal\u00eda me asign\u00f3 una psic\u00f3loga pero me insinuaba que no era adecuado andar en el colectivo, que quiz\u00e1 lo m\u00e1s conveniente era \u201csoltar\u201d. No regres\u00e9, no me dio confianza. A m\u00ed me sirve mucho cuando salimos a protestar y gritamos, o cuando hablamos entre nosotras; cuando encontramos a alg\u00fan familiar desaparecido, aunque la mayor\u00eda han sido muertos\u2026<\/p>\n<p>Lo que queremos es que nos traten con dignidad, queremos ayudar a m\u00e1s personas, gan\u00e9 una familia hermosa con mis compa\u00f1eras, yo las admiro mucho, me dan mucha fortaleza. Odio las leyes, pero he tenido que leerlas y aprender para ver si lo que pedimos es viable \u00a1y s\u00ed, es viable!<br \/>\n***<\/p>\n<figure id=\"attachment_55591\" aria-describedby=\"caption-attachment-55591\" style=\"width: 1200px\" class=\"wp-caption alignnone\"><img loading=\"lazy\" decoding=\"async\" data-attachment-id=\"55591\" data-permalink=\"https:\/\/www.grieta.org.mx\/index.php\/2020\/11\/25\/bibiana-aunque-muramos-de-miedo-si-no-buscamos-nadie-lo-hara-guanajuato\/https-_piedepagina-mx_wp-content_uploads_2020_11_poplab_especial_buscadoras_bibiana00\/\" data-orig-file=\"https:\/\/www.grieta.org.mx\/wp-content\/uploads\/2020\/12\/https-_piedepagina.mx_wp-content_uploads_2020_11_poplab_especial_buscadoras_bibiana00.jpg\" data-orig-size=\"1200,676\" data-comments-opened=\"0\" data-image-meta=\"{&quot;aperture&quot;:&quot;0&quot;,&quot;credit&quot;:&quot;&quot;,&quot;camera&quot;:&quot;&quot;,&quot;caption&quot;:&quot;&quot;,&quot;created_timestamp&quot;:&quot;0&quot;,&quot;copyright&quot;:&quot;&quot;,&quot;focal_length&quot;:&quot;0&quot;,&quot;iso&quot;:&quot;0&quot;,&quot;shutter_speed&quot;:&quot;0&quot;,&quot;title&quot;:&quot;&quot;,&quot;orientation&quot;:&quot;0&quot;}\" data-image-title=\"https _piedepagina.mx_wp-content_uploads_2020_11_poplab_especial_buscadoras_bibiana00\" data-image-description=\"\" data-image-caption=\"&lt;p&gt;Imagen: tomada de Pie de P\u00e1gina&lt;\/p&gt;\n\" data-medium-file=\"https:\/\/www.grieta.org.mx\/wp-content\/uploads\/2020\/12\/https-_piedepagina.mx_wp-content_uploads_2020_11_poplab_especial_buscadoras_bibiana00-300x169.jpg\" data-large-file=\"https:\/\/www.grieta.org.mx\/wp-content\/uploads\/2020\/12\/https-_piedepagina.mx_wp-content_uploads_2020_11_poplab_especial_buscadoras_bibiana00-1024x577.jpg\" src=\"http:\/\/www.grieta.org.mx\/wp-content\/uploads\/2020\/12\/https-_piedepagina.mx_wp-content_uploads_2020_11_poplab_especial_buscadoras_bibiana00.jpg\" alt=\"\" width=\"1200\" height=\"676\" class=\"size-full wp-image-55591\" srcset=\"https:\/\/www.grieta.org.mx\/wp-content\/uploads\/2020\/12\/https-_piedepagina.mx_wp-content_uploads_2020_11_poplab_especial_buscadoras_bibiana00.jpg 1200w, https:\/\/www.grieta.org.mx\/wp-content\/uploads\/2020\/12\/https-_piedepagina.mx_wp-content_uploads_2020_11_poplab_especial_buscadoras_bibiana00-300x169.jpg 300w, https:\/\/www.grieta.org.mx\/wp-content\/uploads\/2020\/12\/https-_piedepagina.mx_wp-content_uploads_2020_11_poplab_especial_buscadoras_bibiana00-1024x577.jpg 1024w, https:\/\/www.grieta.org.mx\/wp-content\/uploads\/2020\/12\/https-_piedepagina.mx_wp-content_uploads_2020_11_poplab_especial_buscadoras_bibiana00-768x433.jpg 768w, https:\/\/www.grieta.org.mx\/wp-content\/uploads\/2020\/12\/https-_piedepagina.mx_wp-content_uploads_2020_11_poplab_especial_buscadoras_bibiana00-888x500.jpg 888w\" sizes=\"auto, (max-width: 1200px) 100vw, 1200px\" \/><figcaption id=\"caption-attachment-55591\" class=\"wp-caption-text\">Imagen: tomada de Pie de P\u00e1gina<\/figcaption><\/figure>\n<p>En todas las dificultades que he tenido en mi vida, desde que estaba chiquita, el amor es lo que nos ha ayudado. Cuando yo veo que pas\u00e1bamos hambre, que en verdad viv\u00edamos en pobreza, a\u00fan trayendo los zapatos rotos, yendo a la escuela con mochilas que le regalaron a mi mam\u00e1, el amor me rescat\u00f3 de todo eso. Ahora ya de grande me doy cuenta de la pobreza en la que viv\u00edamos, pero el amor de mis hermanos y de nuestra madre nos hac\u00eda felices.<\/p>\n<p>Y ese amor es el que me impulsa a buscar a mi hermano: el amor que le tengo y el amor que \u00e9l me dio. Yo lo voy a buscar hasta que me muera, al igual que mi mam\u00e1, siempre le pido a Dios que no me lleve de esta tierra hasta saber qu\u00e9 fue de mi hermano.<\/p>\n<p>Desde que se llevaron a Manuel siento que no estoy completa, que algo me falta y aunque est\u00e9 feliz con mis hijos o con mis amigas, tengo un vac\u00edo que me ahoga. El no saber si lo est\u00e1n haciendo sufrir, o si lo hacen creer que ya nadie lo est\u00e1 buscando, o si en verdad est\u00e1 muerto y lo dejaron ah\u00ed tirado como cualquier cosa, eso es algo que no tolero.<\/p>\n<p>Yo lo voy a seguir buscando.<\/p>\n<p><a href=\"https:\/\/piedepagina.mx\/bibiana-aunque-muramos-de-miedo-si-no-buscamos-nadie-lo-hara\/\">https:\/\/piedepagina.mx\/bibiana-aunque-muramos-de-miedo-si-no-buscamos-nadie-lo-hara\/<\/a><\/p>\n","protected":false},"excerpt":{"rendered":"<p>En un intento por aportar a la construcci\u00f3n de la dolorosa pero necesaria memoria colectiva de la desaparici\u00f3n de personas en Guanajuato, cuatro buscadoras cuentan sus historias en su propia &hellip; <a href=\"https:\/\/www.grieta.org.mx\/index.php\/2020\/11\/25\/bibiana-aunque-muramos-de-miedo-si-no-buscamos-nadie-lo-hara-guanajuato\/\" class=\"more-link\">Leer m\u00e1s<\/a><\/p>\n","protected":false},"author":2,"featured_media":55587,"comment_status":"closed","ping_status":"closed","sticky":false,"template":"","format":"standard","meta":{"ngg_post_thumbnail":0,"_jetpack_newsletter_access":"","_jetpack_dont_email_post_to_subs":false,"_jetpack_newsletter_tier_id":0,"_jetpack_memberships_contains_paywalled_content":false,"_jetpack_memberships_contains_paid_content":false,"footnotes":""},"categories":[80,87,1432,17,2910],"tags":[1828,3018,2220,121],"class_list":["post-55586","post","type-post","status-publish","format-standard","has-post-thumbnail","hentry","category-cintillo","category-desaparecidos","category-desaparecidos-en-guanajuato","category-guanajuato","category-resistencias-en-guanajuato","tag-busqueda-de-desaparecidos","tag-colectivos-de-busqueda-de-desaparecidos","tag-colectivos-rastreadores-de-desaparecidos","tag-desaparecidos","entry"],"jetpack_featured_media_url":"https:\/\/www.grieta.org.mx\/wp-content\/uploads\/2020\/12\/poplab_especial_buscadoras_bibiana03.jpg","jetpack_sharing_enabled":true,"jetpack_shortlink":"https:\/\/wp.me\/p7ZJR4-esy","jetpack_likes_enabled":false,"jetpack-related-posts":[{"id":67603,"url":"https:\/\/www.grieta.org.mx\/index.php\/2023\/09\/01\/en-guanajuato-quitan-seguridad-a-mujeres-buscadoras\/","url_meta":{"origin":55586,"position":0},"title":"En Guanajuato, quitan seguridad a mujeres buscadoras","author":"grieta","date":"1 septiembre, 2023","format":false,"excerpt":"El gobierno de Guanajuato ha quitado el apoyo en seguridad para las brigadas de b\u00fasqueda independientes que desde hace algunos a\u00f1os realizan colectivos de familiares de personas desaparecidas. Su tarea no es menor, pues en los \u00faltimos tres a\u00f1os, cinco familiares dedicados a la b\u00fasqueda han sido asesinados en Guanajuato\u2026","rel":"","context":"En &quot;CINTILLO&quot;","block_context":{"text":"CINTILLO","link":"https:\/\/www.grieta.org.mx\/index.php\/category\/cintillo\/"},"img":{"alt_text":"","src":"https:\/\/i0.wp.com\/www.grieta.org.mx\/wp-content\/uploads\/2023\/09\/mamas_buscadoras_guanajuato.jpg?resize=350%2C200&ssl=1","width":350,"height":200,"srcset":"https:\/\/i0.wp.com\/www.grieta.org.mx\/wp-content\/uploads\/2023\/09\/mamas_buscadoras_guanajuato.jpg?resize=350%2C200&ssl=1 1x, https:\/\/i0.wp.com\/www.grieta.org.mx\/wp-content\/uploads\/2023\/09\/mamas_buscadoras_guanajuato.jpg?resize=525%2C300&ssl=1 1.5x, https:\/\/i0.wp.com\/www.grieta.org.mx\/wp-content\/uploads\/2023\/09\/mamas_buscadoras_guanajuato.jpg?resize=700%2C400&ssl=1 2x"},"classes":[]},{"id":57634,"url":"https:\/\/www.grieta.org.mx\/index.php\/2021\/03\/09\/colectivos-de-busqueda-inician-planton-en-el-teatro-juarez-de-guanajuato\/","url_meta":{"origin":55586,"position":1},"title":"Colectivos de b\u00fasqueda inician plant\u00f3n en el Teatro Ju\u00e1rez de Guanajuato","author":"grieta","date":"9 marzo, 2021","format":false,"excerpt":"Redaci\u00f3n Notus 09 de marzo de 2021 Guanajuato, Gto.- Los colectivos de b\u00fasqueda, \u201cHasta encontrarte\u201d, \u201cSalamanca unidos buscando desaparecidos\u201d, \u201cColectivo buscadoras\u201d, \u201cLuz y Justicia\u201d y \u201cProyecto de b\u00fasqueda Guanajuato\u201d, son los colectivos que se reunieron el d\u00eda de hoy con casas de campa\u00f1a para plantarse en las escalinatas del Teatro\u2026","rel":"","context":"En &quot;CINTILLO&quot;","block_context":{"text":"CINTILLO","link":"https:\/\/www.grieta.org.mx\/index.php\/category\/cintillo\/"},"img":{"alt_text":"","src":"https:\/\/i0.wp.com\/www.grieta.org.mx\/wp-content\/uploads\/2021\/03\/https-_i1.wp.com_notus.com_.mx_wp-content_uploads_2021_03_colectivo-de-busqueda-planton-teatro-juazrez-1.jpgresize7082C398ssl1.jpg?resize=350%2C200&ssl=1","width":350,"height":200,"srcset":"https:\/\/i0.wp.com\/www.grieta.org.mx\/wp-content\/uploads\/2021\/03\/https-_i1.wp.com_notus.com_.mx_wp-content_uploads_2021_03_colectivo-de-busqueda-planton-teatro-juazrez-1.jpgresize7082C398ssl1.jpg?resize=350%2C200&ssl=1 1x, https:\/\/i0.wp.com\/www.grieta.org.mx\/wp-content\/uploads\/2021\/03\/https-_i1.wp.com_notus.com_.mx_wp-content_uploads_2021_03_colectivo-de-busqueda-planton-teatro-juazrez-1.jpgresize7082C398ssl1.jpg?resize=525%2C300&ssl=1 1.5x, https:\/\/i0.wp.com\/www.grieta.org.mx\/wp-content\/uploads\/2021\/03\/https-_i1.wp.com_notus.com_.mx_wp-content_uploads_2021_03_colectivo-de-busqueda-planton-teatro-juazrez-1.jpgresize7082C398ssl1.jpg?resize=700%2C400&ssl=1 2x"},"classes":[]},{"id":65771,"url":"https:\/\/www.grieta.org.mx\/index.php\/2022\/11\/21\/todos-celebrando-el-cervantino-y-nosotras-desenterrando-cuerpos-la-otra-cara-que-se-vive-en-guanajuato\/","url_meta":{"origin":55586,"position":2},"title":"&#8220;Todos celebrando el Cervantino y nosotras desenterrando cuerpos&#8221;: la otra cara que se vive en Guanajuato","author":"grieta","date":"21 noviembre, 2022","format":false,"excerpt":"Bibiana Mendoza, fundadora de Hasta Encontrarte, comparte la historia que se vive en uno de los estados m\u00e1s pr\u00f3speros y violentos de M\u00e9xico, donde desde octubre, el colectivo y un grupo de forenses han exhumado 53 fundas con restos que intentan identificar AFP \/ El universal, 21\/XI\/2022 Mientras sonaban aplausos\u2026","rel":"","context":"En &quot;CINTILLO&quot;","block_context":{"text":"CINTILLO","link":"https:\/\/www.grieta.org.mx\/index.php\/category\/cintillo\/"},"img":{"alt_text":"","src":"https:\/\/i0.wp.com\/www.grieta.org.mx\/wp-content\/uploads\/2022\/11\/https-__www.eluniversal.com_.mx_sites_default_files_2022_11_21_desapariciones_0.jpg?resize=350%2C200&ssl=1","width":350,"height":200,"srcset":"https:\/\/i0.wp.com\/www.grieta.org.mx\/wp-content\/uploads\/2022\/11\/https-__www.eluniversal.com_.mx_sites_default_files_2022_11_21_desapariciones_0.jpg?resize=350%2C200&ssl=1 1x, https:\/\/i0.wp.com\/www.grieta.org.mx\/wp-content\/uploads\/2022\/11\/https-__www.eluniversal.com_.mx_sites_default_files_2022_11_21_desapariciones_0.jpg?resize=525%2C300&ssl=1 1.5x, https:\/\/i0.wp.com\/www.grieta.org.mx\/wp-content\/uploads\/2022\/11\/https-__www.eluniversal.com_.mx_sites_default_files_2022_11_21_desapariciones_0.jpg?resize=700%2C400&ssl=1 2x, https:\/\/i0.wp.com\/www.grieta.org.mx\/wp-content\/uploads\/2022\/11\/https-__www.eluniversal.com_.mx_sites_default_files_2022_11_21_desapariciones_0.jpg?resize=1050%2C600&ssl=1 3x"},"classes":[]},{"id":53093,"url":"https:\/\/www.grieta.org.mx\/index.php\/2020\/08\/26\/trazan-mapa-de-fosas-en-guanajuato\/","url_meta":{"origin":55586,"position":3},"title":"Trazan mapa de fosas en Guanajuato","author":"grieta","date":"26 agosto, 2020","format":false,"excerpt":"Periodistas y organizaciones civiles documentaron el hallazgo de al menos 109 fosas clandestinas en 29 de los 46 municipios de Guanajuato; en ellas se han exhumado 268 cuerpos Texto: Martha Guill\u00e9n \/ Perimetral, 26 de agosto de 2020 Imagen: PopLab JALISCO.- Pop Lab, un medio digital y laboratorio de periodismo\u2026","rel":"","context":"En &quot;CINTILLO&quot;","block_context":{"text":"CINTILLO","link":"https:\/\/www.grieta.org.mx\/index.php\/category\/cintillo\/"},"img":{"alt_text":"","src":"https:\/\/i0.wp.com\/www.grieta.org.mx\/wp-content\/uploads\/2020\/09\/Foto-fosas-poplab.jpeg?resize=350%2C200&ssl=1","width":350,"height":200,"srcset":"https:\/\/i0.wp.com\/www.grieta.org.mx\/wp-content\/uploads\/2020\/09\/Foto-fosas-poplab.jpeg?resize=350%2C200&ssl=1 1x, https:\/\/i0.wp.com\/www.grieta.org.mx\/wp-content\/uploads\/2020\/09\/Foto-fosas-poplab.jpeg?resize=525%2C300&ssl=1 1.5x, https:\/\/i0.wp.com\/www.grieta.org.mx\/wp-content\/uploads\/2020\/09\/Foto-fosas-poplab.jpeg?resize=700%2C400&ssl=1 2x, https:\/\/i0.wp.com\/www.grieta.org.mx\/wp-content\/uploads\/2020\/09\/Foto-fosas-poplab.jpeg?resize=1050%2C600&ssl=1 3x"},"classes":[]},{"id":52541,"url":"https:\/\/www.grieta.org.mx\/index.php\/2020\/07\/21\/guanajuato-un-gobierno-que-ni-ve-ni-oye-a-las-victimas-de-la-violencia\/","url_meta":{"origin":55586,"position":4},"title":"Guanajuato: un gobierno que ni ve ni oye a las v\u00edctimas de la violencia","author":"grieta","date":"21 julio, 2020","format":false,"excerpt":"Con el aumento de la violencia en Guanajuato surgen nuevas v\u00edctimas de desaparici\u00f3n y colectivos de familiares que las buscan. Pero el gobierno del estado los acusa de ser opositores pol\u00edticos Pie de P\u00e1gina, 21 de julio 2020 Texto: Jos\u00e9 Ignacio De Alba Foto: cortes\u00eda Sembrando Comunidad El industrial estado\u2026","rel":"","context":"En &quot;CINTILLO&quot;","block_context":{"text":"CINTILLO","link":"https:\/\/www.grieta.org.mx\/index.php\/category\/cintillo\/"},"img":{"alt_text":"","src":"https:\/\/i0.wp.com\/www.grieta.org.mx\/wp-content\/uploads\/2020\/08\/desaparecidos_guanajuato.jpg?resize=350%2C200&ssl=1","width":350,"height":200,"srcset":"https:\/\/i0.wp.com\/www.grieta.org.mx\/wp-content\/uploads\/2020\/08\/desaparecidos_guanajuato.jpg?resize=350%2C200&ssl=1 1x, https:\/\/i0.wp.com\/www.grieta.org.mx\/wp-content\/uploads\/2020\/08\/desaparecidos_guanajuato.jpg?resize=525%2C300&ssl=1 1.5x, https:\/\/i0.wp.com\/www.grieta.org.mx\/wp-content\/uploads\/2020\/08\/desaparecidos_guanajuato.jpg?resize=700%2C400&ssl=1 2x, https:\/\/i0.wp.com\/www.grieta.org.mx\/wp-content\/uploads\/2020\/08\/desaparecidos_guanajuato.jpg?resize=1050%2C600&ssl=1 3x"},"classes":[]},{"id":53815,"url":"https:\/\/www.grieta.org.mx\/index.php\/2020\/09\/19\/familiares-de-desaparecidos-hallan-huesos-y-balas-en-irapuato-y-villagran-guanajuato\/","url_meta":{"origin":55586,"position":5},"title":"Familiares de desaparecidos hallan huesos y balas en Irapuato y Villagr\u00e1n (Guanajuato)","author":"grieta","date":"19 septiembre, 2020","format":false,"excerpt":"Ver\u00f3nica Espinosa \/ Proceso, 19 de septiembre de 2020 GUANAJUATO, Gto. (proceso.com.mx).\u2013 Familiares de personas desaparecidas localizaron restos \u00f3seos y balas de grueso calibre en dos zonas rurales de Irapuato y Villagr\u00e1n durante b\u00fasquedas realizadas el lunes 14 y el viernes 18. Personal de las comisiones de B\u00fasqueda nacional y\u2026","rel":"","context":"En &quot;CINTILLO&quot;","block_context":{"text":"CINTILLO","link":"https:\/\/www.grieta.org.mx\/index.php\/category\/cintillo\/"},"img":{"alt_text":"","src":"https:\/\/i0.wp.com\/www.grieta.org.mx\/wp-content\/uploads\/2020\/09\/desaparecidos-guanajuato-2-870x522-1.jpg?resize=350%2C200&ssl=1","width":350,"height":200,"srcset":"https:\/\/i0.wp.com\/www.grieta.org.mx\/wp-content\/uploads\/2020\/09\/desaparecidos-guanajuato-2-870x522-1.jpg?resize=350%2C200&ssl=1 1x, https:\/\/i0.wp.com\/www.grieta.org.mx\/wp-content\/uploads\/2020\/09\/desaparecidos-guanajuato-2-870x522-1.jpg?resize=525%2C300&ssl=1 1.5x, https:\/\/i0.wp.com\/www.grieta.org.mx\/wp-content\/uploads\/2020\/09\/desaparecidos-guanajuato-2-870x522-1.jpg?resize=700%2C400&ssl=1 2x"},"classes":[]}],"_links":{"self":[{"href":"https:\/\/www.grieta.org.mx\/index.php\/wp-json\/wp\/v2\/posts\/55586","targetHints":{"allow":["GET"]}}],"collection":[{"href":"https:\/\/www.grieta.org.mx\/index.php\/wp-json\/wp\/v2\/posts"}],"about":[{"href":"https:\/\/www.grieta.org.mx\/index.php\/wp-json\/wp\/v2\/types\/post"}],"author":[{"embeddable":true,"href":"https:\/\/www.grieta.org.mx\/index.php\/wp-json\/wp\/v2\/users\/2"}],"replies":[{"embeddable":true,"href":"https:\/\/www.grieta.org.mx\/index.php\/wp-json\/wp\/v2\/comments?post=55586"}],"version-history":[{"count":1,"href":"https:\/\/www.grieta.org.mx\/index.php\/wp-json\/wp\/v2\/posts\/55586\/revisions"}],"predecessor-version":[{"id":55592,"href":"https:\/\/www.grieta.org.mx\/index.php\/wp-json\/wp\/v2\/posts\/55586\/revisions\/55592"}],"wp:featuredmedia":[{"embeddable":true,"href":"https:\/\/www.grieta.org.mx\/index.php\/wp-json\/wp\/v2\/media\/55587"}],"wp:attachment":[{"href":"https:\/\/www.grieta.org.mx\/index.php\/wp-json\/wp\/v2\/media?parent=55586"}],"wp:term":[{"taxonomy":"category","embeddable":true,"href":"https:\/\/www.grieta.org.mx\/index.php\/wp-json\/wp\/v2\/categories?post=55586"},{"taxonomy":"post_tag","embeddable":true,"href":"https:\/\/www.grieta.org.mx\/index.php\/wp-json\/wp\/v2\/tags?post=55586"}],"curies":[{"name":"wp","href":"https:\/\/api.w.org\/{rel}","templated":true}]}}