{"id":55583,"date":"2020-11-24T12:58:15","date_gmt":"2020-11-24T18:58:15","guid":{"rendered":"http:\/\/www.grieta.org.mx\/?p=55583"},"modified":"2020-12-04T13:04:06","modified_gmt":"2020-12-04T19:04:06","slug":"juan-carlos-vendia-tamales-en-celaya-agentes-lo-detuvieron-con-violencia-y-horas-despues-murio","status":"publish","type":"post","link":"https:\/\/www.grieta.org.mx\/index.php\/2020\/11\/24\/juan-carlos-vendia-tamales-en-celaya-agentes-lo-detuvieron-con-violencia-y-horas-despues-murio\/","title":{"rendered":"Juan Carlos vend\u00eda tamales en Celaya, agentes lo detuvieron con violencia y horas despu\u00e9s muri\u00f3"},"content":{"rendered":"<blockquote><p>Despu\u00e9s de subirlo al veh\u00edculo, sus familiares no supieron de su paradero, cuando acudieron al hospital se enteraron de que la camioneta que los intercept\u00f3 horas antes hab\u00eda dejado a Juan Carlos ensangrentado y golpeado.<\/p><\/blockquote>\n<figure id=\"attachment_55584\" aria-describedby=\"caption-attachment-55584\" style=\"width: 756px\" class=\"wp-caption alignnone\"><img loading=\"lazy\" decoding=\"async\" data-attachment-id=\"55584\" data-permalink=\"https:\/\/www.grieta.org.mx\/index.php\/2020\/11\/24\/juan-carlos-vendia-tamales-en-celaya-agentes-lo-detuvieron-con-violencia-y-horas-despues-murio\/detencion-3\/\" data-orig-file=\"https:\/\/www.grieta.org.mx\/wp-content\/uploads\/2020\/12\/detencion.png\" data-orig-size=\"756,516\" data-comments-opened=\"0\" data-image-meta=\"{&quot;aperture&quot;:&quot;0&quot;,&quot;credit&quot;:&quot;&quot;,&quot;camera&quot;:&quot;&quot;,&quot;caption&quot;:&quot;&quot;,&quot;created_timestamp&quot;:&quot;0&quot;,&quot;copyright&quot;:&quot;&quot;,&quot;focal_length&quot;:&quot;0&quot;,&quot;iso&quot;:&quot;0&quot;,&quot;shutter_speed&quot;:&quot;0&quot;,&quot;title&quot;:&quot;&quot;,&quot;orientation&quot;:&quot;0&quot;}\" data-image-title=\"detencion\" data-image-description=\"\" data-image-caption=\"&lt;p&gt;Imagen: Captura de video. Tomada de Animal Pol\u00edtico.&lt;\/p&gt;\n\" data-medium-file=\"https:\/\/www.grieta.org.mx\/wp-content\/uploads\/2020\/12\/detencion-300x205.png\" data-large-file=\"https:\/\/www.grieta.org.mx\/wp-content\/uploads\/2020\/12\/detencion.png\" class=\"wp-image-55584 size-full\" src=\"http:\/\/www.grieta.org.mx\/wp-content\/uploads\/2020\/12\/detencion.png\" alt=\"\" width=\"756\" height=\"516\" srcset=\"https:\/\/www.grieta.org.mx\/wp-content\/uploads\/2020\/12\/detencion.png 756w, https:\/\/www.grieta.org.mx\/wp-content\/uploads\/2020\/12\/detencion-300x205.png 300w, https:\/\/www.grieta.org.mx\/wp-content\/uploads\/2020\/12\/detencion-733x500.png 733w\" sizes=\"auto, (max-width: 756px) 100vw, 756px\" \/><figcaption id=\"caption-attachment-55584\" class=\"wp-caption-text\">Imagen: Captura de video. Tomada de Animal Pol\u00edtico.<\/figcaption><\/figure>\n<p>Por Redacci\u00f3n Animal Pol\u00edtico, 24 de noviembre, 2020<\/p>\n<p>Juan Carlos Padilla Aranda era hombre de familia y llevaba 30 a\u00f1os vendiendo tamales. El lunes 23 de noviembre se dirig\u00eda al tianguis de los lunes en la ciudad de Celaya, Guanajuato, acompa\u00f1ado de su esposa e hija, cuando una camioneta RAM sin placas les impidi\u00f3 el paso. Con el argumento de que ten\u00edan una orden de aprehensi\u00f3n contra \u00e9l comenzaron a forcejear para subirlo al veh\u00edculo. Y lo lograron.<\/p>\n<p>Tras unas horas sin saber nada de Juan Carlos, se notific\u00f3 a su familia que lo hab\u00edan dejado en el Hospital General de la ciudad, y que presentaba signos de violencia f\u00edsica. Poco despu\u00e9s, se confirm\u00f3 su muerte.<\/p>\n<p>Agentes de la Investigaci\u00f3n Criminal de Guanajuato (AIC) fueron los responsables de este levantamiento, el cual, afirman los familiares de la v\u00edctima, fue llevado a cabo sin un documento de orden de aprehensi\u00f3n de por medio.<\/p>\n<p>En un video que F\u00e1tima Padilla, hija del comerciante, subi\u00f3 a redes sociales, se puede observar el momento en el que dos agentes est\u00e1n forcejeando en el suelo con Juan Carlos, mientras que \u00e9ste grita pidiendo ayuda.<\/p>\n<p>Relacionado con esto: V\u00edctor Jim\u00e9nez, periodista de Celaya, lleva m\u00e1s de una semana desaparecido; su familia pide ayuda<\/p>\n<p>\u201cTranquilo, jefe, es una orden de aprehensi\u00f3n\u201d, le contestan mientras lo esposan, entre gritos de mujeres y el llanto de una ni\u00f1a.<\/p>\n<p>Despu\u00e9s de subirlo al veh\u00edculo, sus familiares no supieron de su paradero, por lo cual acudieron a las oficinas de la Polic\u00eda Municipal y a la Fiscal\u00eda de la Regi\u00f3n C; sin embargo, en ning\u00fan lugar les proporcionaron informaci\u00f3n.<\/p>\n<p>Cuando acudieron al Hospital General de Celaya Guanajuato, se enteraron de que la camioneta que los intercept\u00f3 horas antes hab\u00eda dejado a Juan Carlos ensangrentado y golpeado.<\/p>\n<p>En un video que F\u00e1tima Padilla comparti\u00f3 en redes se puede observar c\u00f3mo los agentes abandonaron el veh\u00edculo en las puertas de emergencia del Hospital y se retiraron en dos autos diferentes; ambos sin placas.<\/p>\n<p>Casi al momento de su llegada, la hija y esposa de Juan Carlos fueron notificadas de su muerte. Seg\u00fan escribi\u00f3 la joven en su perfil de Facebook, tuvo que entrar a reconocer el cuerpo de su padre, con signos claros de violencia f\u00edsica.<\/p>\n<p>La familia culpa a los judiciales y pide que se haga justicia por la muerte de Juan Carlos.<\/p>\n<p><strong>\u201cQue hagan justicia a mi esposo\u201d<\/strong><\/p>\n<p>\u201cNo era la manera de perder a mi esposo. No era la manera de que le quitaran as\u00ed su vida\u201d, dice Rosa Yolanda Zamudio, de 52 a\u00f1os, en entrevista telef\u00f3nica con Animal Pol\u00edtico.<\/p>\n<p>Zamudio tiene miedo de hacer declaraciones. No quiere entorpecer la investigaci\u00f3n, asegura. Solo tiene una petici\u00f3n: \u201cque se esclarezca esto, que hagan justicia a mi esposo\u201d.<\/p>\n<p>Ella fue la que grab\u00f3 uno de los videos en los que se ve a los funcionarios, que van en un veh\u00edculo sin placas, violentar a su esposo. \u201cFue muy dif\u00edcil\u201d, asegura.<\/p>\n<p>Juan Carlos Padilla, de 54 a\u00f1os, naci\u00f3 en Celaya y ah\u00ed cri\u00f3 a sus dos hijos, de 30 y de 29 a\u00f1os. Un a\u00f1o antes de iniciar su negocio de venta de alimentos se cas\u00f3 con Rosa Yolanda Zamudio, originaria de la Ciudad de M\u00e9xico.<\/p>\n<p>\u201cEra una persona muy alegre, muy cari\u00f1osa, no ten\u00eda problemas con nadie\u201d, dijo Zamudio, todav\u00eda en shock tras ser testigo de la agresi\u00f3n que cost\u00f3 la vida a su esposo.<\/p>\n<p>\u201cTrabajaba todo el d\u00eda. Se levantaba a las 5 de la ma\u00f1ana, hac\u00edamos tamales, los vend\u00edamos y llegaba a las 11 de la noche a casa. Todo el santo d\u00eda haciendo tamales\u201d, explic\u00f3. Seg\u00fan la mujer, el \u201cpoco tiempo libre\u201d del que disfrutaba lo dedicaba a jugar al b\u00e1squet o al futbol con sus hijos.<\/p>\n<p>Mientras sus hijos preparan los detalles del velorio y la \u00faltima despedida de Padilla, su esposa lo recuerda como \u201cun hombre muy alegre al que siempre buscaban para que diera consejos\u201d.<\/p>\n<p>\u201cEra una persona muy buena, muy inteligente\u201d, dice. Entre sus aficiones, la m\u00fasica, especialmente las canciones de Pedro Infante. \u201cTodo el d\u00eda se la pasaba chiflando, cantando, hablando con las muchachas\u201d, record\u00f3.<\/p>\n<p>Juan Carlos Padilla ser\u00e1 velado este martes, y est\u00e1 previsto que el entierro tenga lugar en Celaya el mi\u00e9rcoles 25 de noviembre. Hasta el momento, las autoridades no hab\u00edan entregado el cuerpo de la v\u00edctima.<\/p>\n<p><strong>\u00bfQu\u00e9 han dicho las autoridades?<\/strong><\/p>\n<p>La tarde de ese mismo lunes, el Fiscal General del Estado de Guanajuato, Carlos Zamarripa Aguirre, anunci\u00f3 a trav\u00e9s de su cuenta oficial de Twitter que elementos de la Agencia de Investigaci\u00f3n Criminal del Estado hab\u00edan realizado una orden de aprehensi\u00f3n en medio de condiciones de oposici\u00f3n. Coment\u00f3 que los agentes fueron detenidos e investigados para esclarecer los hechos entorno a la muerte del \u201cinculpado\u201d.<\/p>\n<p>El inculpado perdi\u00f3 la vida. Los agentes han sido detenidos y su actuar ser\u00e1 investigado a fin de esclarecer la mec\u00e1nica de los hechos.<br \/>\n2\/2<\/p>\n<p>Por su parte, la Procuradur\u00eda de los Derechos Humanos del estado de Guanajuato (PDHEG) confirm\u00f3 el inicio del expediente de queja, 103\/2020-CI. Asimismo solicit\u00f3 informes al Director General de Investigaciones de la Fiscal\u00eda General del Estado y al Director del Hospital General de Celaya.<\/p>\n<p>Derivado de los hechos en los que un hombre perdi\u00f3 la vida esta tarde en Celaya, la PDHEG inici\u00f3 de oficio el expediente de queja 103\/2020-CI y solicit\u00f3 informe al Director General de Investigaciones de la @FGEGUANAJUATO as\u00ed como al Director del Hospital General de Celaya.<\/p>\n<p>\u2014 PDHEG (@PDHEG) November 24, 2020<\/p>\n<p>Con informaci\u00f3n de Alberto Pradilla y am<\/p>\n<p><a href=\"https:\/\/www.animalpolitico.com\/2020\/11\/juan-carlos-vendia-tamales-celaya-murio-detenido-violencia\/\">https:\/\/www.animalpolitico.com\/2020\/11\/juan-carlos-vendia-tamales-celaya-murio-detenido-violencia\/<\/a><\/p>\n","protected":false},"excerpt":{"rendered":"<p>Despu\u00e9s de subirlo al veh\u00edculo, sus familiares no supieron de su paradero, cuando acudieron al hospital se enteraron de que la camioneta que los intercept\u00f3 horas antes hab\u00eda dejado a &hellip; <a href=\"https:\/\/www.grieta.org.mx\/index.php\/2020\/11\/24\/juan-carlos-vendia-tamales-en-celaya-agentes-lo-detuvieron-con-violencia-y-horas-despues-murio\/\" class=\"more-link\">Leer m\u00e1s<\/a><\/p>\n","protected":false},"author":2,"featured_media":55584,"comment_status":"closed","ping_status":"closed","sticky":false,"template":"","format":"standard","meta":{"ngg_post_thumbnail":0,"_jetpack_newsletter_access":"","_jetpack_dont_email_post_to_subs":false,"_jetpack_newsletter_tier_id":0,"_jetpack_memberships_contains_paywalled_content":false,"_jetpack_memberships_contains_paid_content":false,"footnotes":""},"categories":[80,17,2337],"tags":[3486,3473,130,3470],"class_list":["post-55583","post","type-post","status-publish","format-standard","has-post-thumbnail","hentry","category-cintillo","category-guanajuato","category-violencia-de-las-fuerzas-represivas-en-guanajuato","tag-brutalidad-policiaca","tag-impunidad-policiaca","tag-represion","tag-violencia-policial","entry"],"jetpack_featured_media_url":"https:\/\/www.grieta.org.mx\/wp-content\/uploads\/2020\/12\/detencion.png","jetpack_sharing_enabled":true,"jetpack_shortlink":"https:\/\/wp.me\/p7ZJR4-esv","jetpack_likes_enabled":false,"jetpack-related-posts":[{"id":23228,"url":"https:\/\/www.grieta.org.mx\/index.php\/2018\/05\/15\/ejecutan-al-periodista-juan-carlos-huerta-tabasco\/","url_meta":{"origin":55583,"position":0},"title":"Ejecutan al periodista Juan Carlos Huerta (Tabasco)","author":"grieta","date":"15 mayo, 2018","format":false,"excerpt":"Redacci\u00f3n\/Tabasco Hoy Una movilizaci\u00f3n polic\u00edaca en fraccionamiento Flor del Tr\u00f3pico se dio esta ma\u00f1ana por el asesinato del periodista Juan Carlos Huerta. De acuerdo a los primeros reportes, Juan Carlos Huerta iba saliendo del fraccionamiento en su veh\u00edculo, un BMW color gris placas WUB-9999, cuando sujetos que arribaron en una\u2026","rel":"","context":"En &quot;CINTILLO&quot;","block_context":{"text":"CINTILLO","link":"https:\/\/www.grieta.org.mx\/index.php\/category\/cintillo\/"},"img":{"alt_text":"","src":"https:\/\/i0.wp.com\/www.grieta.org.mx\/wp-content\/uploads\/2018\/05\/439683_grande_77f9Xd1w-1.jpg?resize=350%2C200&ssl=1","width":350,"height":200,"srcset":"https:\/\/i0.wp.com\/www.grieta.org.mx\/wp-content\/uploads\/2018\/05\/439683_grande_77f9Xd1w-1.jpg?resize=350%2C200&ssl=1 1x, https:\/\/i0.wp.com\/www.grieta.org.mx\/wp-content\/uploads\/2018\/05\/439683_grande_77f9Xd1w-1.jpg?resize=525%2C300&ssl=1 1.5x, https:\/\/i0.wp.com\/www.grieta.org.mx\/wp-content\/uploads\/2018\/05\/439683_grande_77f9Xd1w-1.jpg?resize=700%2C400&ssl=1 2x"},"classes":[]},{"id":30546,"url":"https:\/\/www.grieta.org.mx\/index.php\/2019\/03\/12\/mujeres-toman-las-calles-de-guanajuato-capital-y-celaya-exigen-respeto-a-sus-derechos\/","url_meta":{"origin":55583,"position":1},"title":"Mujeres toman las calles de Guanajuato capital y Celaya, exigen respeto a sus derechos","author":"grieta","date":"12 marzo, 2019","format":false,"excerpt":"Decenas de mujeres en Guanajuato capital y Celaya tomaron las calles para manifestarse en conmemoraci\u00f3n del D\u00eda Internacional de la Mujer. Tere Segura\/Luis Garc\u00eda\/ Zona Franca, 08 de marzo de 2019 Guanajuato\/Celaya, Gto. Decenas de mujeres marcharon por las principales calles de la capital del estado, para exigir el respeto\u2026","rel":"","context":"En &quot;CINTILLO&quot;","block_context":{"text":"CINTILLO","link":"https:\/\/www.grieta.org.mx\/index.php\/category\/cintillo\/"},"img":{"alt_text":"","src":"https:\/\/i0.wp.com\/www.grieta.org.mx\/wp-content\/uploads\/2019\/03\/manifestacion-3-1.jpg?resize=350%2C200&ssl=1","width":350,"height":200,"srcset":"https:\/\/i0.wp.com\/www.grieta.org.mx\/wp-content\/uploads\/2019\/03\/manifestacion-3-1.jpg?resize=350%2C200&ssl=1 1x, https:\/\/i0.wp.com\/www.grieta.org.mx\/wp-content\/uploads\/2019\/03\/manifestacion-3-1.jpg?resize=525%2C300&ssl=1 1.5x, https:\/\/i0.wp.com\/www.grieta.org.mx\/wp-content\/uploads\/2019\/03\/manifestacion-3-1.jpg?resize=700%2C400&ssl=1 2x"},"classes":[]},{"id":67024,"url":"https:\/\/www.grieta.org.mx\/index.php\/2023\/05\/02\/asesinan-a-la-buscadora-teresa-magueyal-en-celaya-guanajuato\/","url_meta":{"origin":55583,"position":2},"title":"Asesinan a la buscadora Teresa Magueyal en Celaya, Guanajuato","author":"grieta","date":"2 mayo, 2023","format":false,"excerpt":"La Uni\u00f3n Regional de B\u00fasqueda del Baj\u00edo exige una investigaci\u00f3n a fondo en el caso del asesinato de Teresa Magueyal, la sexta persona buscadora asesinada en Guanajuato desde octubre de 2020, y pide medidas urgentes de protecci\u00f3n para las buscadoras de la regi\u00f3n. Por Mario Marlo \/ @Mariomarlo Somoselmedio, 02\u2026","rel":"","context":"En &quot;CINTILLO&quot;","block_context":{"text":"CINTILLO","link":"https:\/\/www.grieta.org.mx\/index.php\/category\/cintillo\/"},"img":{"alt_text":"Foto: Somoselmedio","src":"https:\/\/i0.wp.com\/www.grieta.org.mx\/wp-content\/uploads\/2023\/06\/FvKRX0jX0AAHKj_-696x365-1.jpg?resize=350%2C200&ssl=1","width":350,"height":200,"srcset":"https:\/\/i0.wp.com\/www.grieta.org.mx\/wp-content\/uploads\/2023\/06\/FvKRX0jX0AAHKj_-696x365-1.jpg?resize=350%2C200&ssl=1 1x, https:\/\/i0.wp.com\/www.grieta.org.mx\/wp-content\/uploads\/2023\/06\/FvKRX0jX0AAHKj_-696x365-1.jpg?resize=525%2C300&ssl=1 1.5x"},"classes":[]},{"id":57855,"url":"https:\/\/www.grieta.org.mx\/index.php\/2021\/03\/14\/fiscalia-de-guanajuato-tardo-7-meses-en-entregar-restos-de-dos-jovenes-ya-identificados\/","url_meta":{"origin":55583,"position":3},"title":"Fiscal\u00eda de Guanajuato tard\u00f3 7 meses en entregar restos de dos j\u00f3venes ya identificados","author":"grieta","date":"14 marzo, 2021","format":false,"excerpt":"Las familias de David Lorenzo Pizano L\u00f3pez, de 19 a\u00f1os, y Mart\u00edn Delgado Calero, de 32, denunciaron la lentitud de las autoridades. Un plant\u00f3n mostr\u00f3 esta semana el descontento de los colectivos con la Fiscal\u00eda. Alberto Pradilla, Animal Pol\u00edtico, 14 de marzo de 2021 David Lorenzo Pizano L\u00f3pez, de 19\u2026","rel":"","context":"En &quot;CINTILLO&quot;","block_context":{"text":"CINTILLO","link":"https:\/\/www.grieta.org.mx\/index.php\/category\/cintillo\/"},"img":{"alt_text":"","src":"https:\/\/i0.wp.com\/www.grieta.org.mx\/wp-content\/uploads\/2021\/03\/cuartoscuro_794418_digital.jpeg?resize=350%2C200&ssl=1","width":350,"height":200,"srcset":"https:\/\/i0.wp.com\/www.grieta.org.mx\/wp-content\/uploads\/2021\/03\/cuartoscuro_794418_digital.jpeg?resize=350%2C200&ssl=1 1x, https:\/\/i0.wp.com\/www.grieta.org.mx\/wp-content\/uploads\/2021\/03\/cuartoscuro_794418_digital.jpeg?resize=525%2C300&ssl=1 1.5x, https:\/\/i0.wp.com\/www.grieta.org.mx\/wp-content\/uploads\/2021\/03\/cuartoscuro_794418_digital.jpeg?resize=700%2C400&ssl=1 2x, https:\/\/i0.wp.com\/www.grieta.org.mx\/wp-content\/uploads\/2021\/03\/cuartoscuro_794418_digital.jpeg?resize=1050%2C600&ssl=1 3x, https:\/\/i0.wp.com\/www.grieta.org.mx\/wp-content\/uploads\/2021\/03\/cuartoscuro_794418_digital.jpeg?resize=1400%2C800&ssl=1 4x"},"classes":[]},{"id":54678,"url":"https:\/\/www.grieta.org.mx\/index.php\/2020\/11\/03\/a-leonardo-lo-mataron-policias-de-guanajuato-en-2018-fiscalia-no-investigo-el-caso\/","url_meta":{"origin":55583,"position":4},"title":"A Leonardo lo mataron polic\u00edas de Guanajuato en 2018; Fiscal\u00eda no investig\u00f3 el caso","author":"grieta","date":"3 noviembre, 2020","format":false,"excerpt":"Su familia denuncia que sali\u00f3 de su comunidad para buscar se\u00f1al en el celular y fue tiroteado por efectivos de una unidad de \u00e9lite de Guanajuato. Alberto Pradilla, Animal Pol\u00edtico, 03 de noviembre de 2020 Leonardo Reyes, de 23 a\u00f1os, muri\u00f3 el 13 de diciembre de 2018 por disparos de\u2026","rel":"","context":"En &quot;CINTILLO&quot;","block_context":{"text":"CINTILLO","link":"https:\/\/www.grieta.org.mx\/index.php\/category\/cintillo\/"},"img":{"alt_text":"","src":"https:\/\/i0.wp.com\/www.grieta.org.mx\/wp-content\/uploads\/2020\/11\/foto-familia-guanajuato.jpg?resize=350%2C200&ssl=1","width":350,"height":200,"srcset":"https:\/\/i0.wp.com\/www.grieta.org.mx\/wp-content\/uploads\/2020\/11\/foto-familia-guanajuato.jpg?resize=350%2C200&ssl=1 1x, https:\/\/i0.wp.com\/www.grieta.org.mx\/wp-content\/uploads\/2020\/11\/foto-familia-guanajuato.jpg?resize=525%2C300&ssl=1 1.5x, https:\/\/i0.wp.com\/www.grieta.org.mx\/wp-content\/uploads\/2020\/11\/foto-familia-guanajuato.jpg?resize=700%2C400&ssl=1 2x"},"classes":[]},{"id":5900,"url":"https:\/\/www.grieta.org.mx\/index.php\/2015\/09\/20\/marchan-en-guanajuato-exigiendo-poner-fin-a-violencia-contra-las-mujeres\/","url_meta":{"origin":55583,"position":5},"title":"Marchan en Guanajuato exigiendo poner fin a violencia contra las mujeres","author":"grieta","date":"20 septiembre, 2015","format":false,"excerpt":"Le\u00f3n, Gto. Cuatro ciudades guanajuatenses se unieron a una sola voz para exigir se ponga fin a los feminicidios y recordar a las v\u00edctimas de este delito. Distintas organizaciones de la sociedad civil, familiares de las mujeres asesinadas y ciudadanos en general se reunieron en punto de las cinco de\u2026","rel":"","context":"En &quot;CINTILLO&quot;","block_context":{"text":"CINTILLO","link":"https:\/\/www.grieta.org.mx\/index.php\/category\/cintillo\/"},"img":{"alt_text":"","src":"https:\/\/i0.wp.com\/www.grieta.org.mx\/wp-content\/uploads\/2018\/03\/14524434_1106112876131411_958039263622046936_o.jpg?resize=350%2C200&ssl=1","width":350,"height":200,"srcset":"https:\/\/i0.wp.com\/www.grieta.org.mx\/wp-content\/uploads\/2018\/03\/14524434_1106112876131411_958039263622046936_o.jpg?resize=350%2C200&ssl=1 1x, https:\/\/i0.wp.com\/www.grieta.org.mx\/wp-content\/uploads\/2018\/03\/14524434_1106112876131411_958039263622046936_o.jpg?resize=525%2C300&ssl=1 1.5x, https:\/\/i0.wp.com\/www.grieta.org.mx\/wp-content\/uploads\/2018\/03\/14524434_1106112876131411_958039263622046936_o.jpg?resize=700%2C400&ssl=1 2x"},"classes":[]}],"_links":{"self":[{"href":"https:\/\/www.grieta.org.mx\/index.php\/wp-json\/wp\/v2\/posts\/55583","targetHints":{"allow":["GET"]}}],"collection":[{"href":"https:\/\/www.grieta.org.mx\/index.php\/wp-json\/wp\/v2\/posts"}],"about":[{"href":"https:\/\/www.grieta.org.mx\/index.php\/wp-json\/wp\/v2\/types\/post"}],"author":[{"embeddable":true,"href":"https:\/\/www.grieta.org.mx\/index.php\/wp-json\/wp\/v2\/users\/2"}],"replies":[{"embeddable":true,"href":"https:\/\/www.grieta.org.mx\/index.php\/wp-json\/wp\/v2\/comments?post=55583"}],"version-history":[{"count":1,"href":"https:\/\/www.grieta.org.mx\/index.php\/wp-json\/wp\/v2\/posts\/55583\/revisions"}],"predecessor-version":[{"id":55585,"href":"https:\/\/www.grieta.org.mx\/index.php\/wp-json\/wp\/v2\/posts\/55583\/revisions\/55585"}],"wp:featuredmedia":[{"embeddable":true,"href":"https:\/\/www.grieta.org.mx\/index.php\/wp-json\/wp\/v2\/media\/55584"}],"wp:attachment":[{"href":"https:\/\/www.grieta.org.mx\/index.php\/wp-json\/wp\/v2\/media?parent=55583"}],"wp:term":[{"taxonomy":"category","embeddable":true,"href":"https:\/\/www.grieta.org.mx\/index.php\/wp-json\/wp\/v2\/categories?post=55583"},{"taxonomy":"post_tag","embeddable":true,"href":"https:\/\/www.grieta.org.mx\/index.php\/wp-json\/wp\/v2\/tags?post=55583"}],"curies":[{"name":"wp","href":"https:\/\/api.w.org\/{rel}","templated":true}]}}