{"id":55580,"date":"2020-11-26T13:31:28","date_gmt":"2020-11-26T19:31:28","guid":{"rendered":"http:\/\/www.grieta.org.mx\/?p=55580"},"modified":"2020-12-03T23:37:56","modified_gmt":"2020-12-04T05:37:56","slug":"con-toma-de-oficinas-trabajadores-de-salud-en-oaxaca-exigen-la-renuncia-de-david-concha-suarez","status":"publish","type":"post","link":"https:\/\/www.grieta.org.mx\/index.php\/2020\/11\/26\/con-toma-de-oficinas-trabajadores-de-salud-en-oaxaca-exigen-la-renuncia-de-david-concha-suarez\/","title":{"rendered":"Con toma de oficinas, trabajadores de salud en Oaxaca exigen la renuncia de David Concha Su\u00e1rez"},"content":{"rendered":"<p>Proceso \/ Pedro Mat\u00edas.<\/p>\n<p>Los inconformes se apostaron en al menos ocho oficinas administrativas y jurisdiccionales para demandar el pago y entrega de diversos bonos y prestaciones sociales para 14 mil sindicalizados, en tiempo y forma.<\/p>\n<p><img loading=\"lazy\" decoding=\"async\" data-attachment-id=\"55581\" data-permalink=\"https:\/\/www.grieta.org.mx\/index.php\/2020\/11\/26\/con-toma-de-oficinas-trabajadores-de-salud-en-oaxaca-exigen-la-renuncia-de-david-concha-suarez\/a-65\/\" data-orig-file=\"https:\/\/www.grieta.org.mx\/wp-content\/uploads\/2020\/12\/A.jpeg\" data-orig-size=\"800,450\" data-comments-opened=\"0\" data-image-meta=\"{&quot;aperture&quot;:&quot;0&quot;,&quot;credit&quot;:&quot;&quot;,&quot;camera&quot;:&quot;&quot;,&quot;caption&quot;:&quot;&quot;,&quot;created_timestamp&quot;:&quot;0&quot;,&quot;copyright&quot;:&quot;&quot;,&quot;focal_length&quot;:&quot;0&quot;,&quot;iso&quot;:&quot;0&quot;,&quot;shutter_speed&quot;:&quot;0&quot;,&quot;title&quot;:&quot;&quot;,&quot;orientation&quot;:&quot;0&quot;}\" data-image-title=\"A\" data-image-description=\"\" data-image-caption=\"\" data-medium-file=\"https:\/\/www.grieta.org.mx\/wp-content\/uploads\/2020\/12\/A-300x169.jpeg\" data-large-file=\"https:\/\/www.grieta.org.mx\/wp-content\/uploads\/2020\/12\/A.jpeg\" class=\"alignnone wp-image-55581 size-full\" src=\"http:\/\/www.grieta.org.mx\/wp-content\/uploads\/2020\/12\/A.jpeg\" alt=\"\" width=\"800\" height=\"450\" srcset=\"https:\/\/www.grieta.org.mx\/wp-content\/uploads\/2020\/12\/A.jpeg 800w, https:\/\/www.grieta.org.mx\/wp-content\/uploads\/2020\/12\/A-300x169.jpeg 300w, https:\/\/www.grieta.org.mx\/wp-content\/uploads\/2020\/12\/A-768x432.jpeg 768w\" sizes=\"auto, (max-width: 800px) 100vw, 800px\" \/><\/p>\n<p>OAXACA, Oax. (apro).- La Secci\u00f3n 35 del Sindicato Nacional de Trabajadores de la Secretar\u00eda de Salud (SNTSA) tom\u00f3 este jueves las oficinas de los Servicios de Salud para exigir la renuncia del director de administraci\u00f3n, David Concha Su\u00e1rez, quien pretende entregar hasta febrero un \u201cbono por vida cara\u201d y vales de despensa a los sindicalizados.<\/p>\n<p>Los inconformes se apostaron en al menos ocho oficinas administrativas y jurisdiccionales para demandar el pago y entrega de diversos bonos y prestaciones sociales para 14 mil sindicalizados, en tiempo y forma.<\/p>\n<p>Entre los beneficios que deben ser entregados se encuentran: canasta b\u00e1sica, vales de despensa, bono de fin de a\u00f1o, aguinaldo y equipo de protecci\u00f3n contra el covid-19 en unidades hospitalarias, as\u00ed como uniformes y equipo de sanitizaci\u00f3n.<\/p>\n<p>Desde las ocho de la ma\u00f1ana, los trabajadores tomaron las oficinas administrativas de los Servicios de Salud, la direcci\u00f3n de Prevenci\u00f3n y Promoci\u00f3n de Salud, el edificio verde e instalaciones del Instituto de Salud para el Bienestar (Insabi) ubicadas en la colonia Reforma, al norte de esta capital.<\/p>\n<p>Tambi\u00e9n se apostaron en Casa O\u00f1ate, las oficinas centrales y las de Regulaci\u00f3n Sanitaria y Planeaci\u00f3n, que se encuentran en el centro de la ciudad.<\/p>\n<p>Estas acciones de protesta se suman a las realizadas por el sector de paludismo, que denunci\u00f3 presuntos actos de corrupci\u00f3n, raz\u00f3n por la que tambi\u00e9n exigieron la destituci\u00f3n inmediata Concha Su\u00e1rez y de su hermano Jorge, actual jefe del departamento de vectores.<\/p>\n<p>El l\u00edder de la Secci\u00f3n 71 del programa de paludismo, Alejandrino Villar, denunci\u00f3 a los hermanos Concha Su\u00e1rez por incompetencia, nepotismo, abuso de autoridad, corrupci\u00f3n y tr\u00e1fico de influencias, y subray\u00f3 que gozan de la protecci\u00f3n del secretario de Salud, Donato Casas Escamilla.<\/p>\n<p>Los inconformes exigieron una auditoria a la direcci\u00f3n de administraci\u00f3n y al departamento de vectores, porque desconocen el paradero de los recursos que destin\u00f3 el gobierno federal para la capacitaci\u00f3n, dado no hubo una sola este a\u00f1o, con la excusa de la pandemia, y s\u00f3lo se entregaron 50 de los 100 veh\u00edculos enviados por la federaci\u00f3n.<\/p>\n<p>Cabe se\u00f1alara que Seraf\u00edn L\u00f3pez Concha, \u201cprimo hermano\u201d de David Concha, fue nombrado director del Hospital Civil, lo que gener\u00f3 inconformidad entre la base trabajadora, que denunci\u00f3 nepotismo.<\/p>\n<p><a href=\"https:\/\/www.proceso.com.mx\/nacional\/estados\/2020\/11\/26\/con-toma-de-oficinas-trabajadores-de-salud-en-oaxaca-exigen-la-renuncia-de-david-concha-suarez-253480.html\" target=\"_blank\" rel=\"noopener noreferrer\">https:\/\/www.proceso.com.mx\/nacional\/estados\/2020\/11\/26\/con-toma-de-oficinas-trabajadores-de-salud-en-oaxaca-exigen-la-renuncia-de-david-concha-suarez-253480.html<\/a><\/p>\n","protected":false},"excerpt":{"rendered":"<p>Proceso \/ Pedro Mat\u00edas. Los inconformes se apostaron en al menos ocho oficinas administrativas y jurisdiccionales para demandar el pago y entrega de diversos bonos y prestaciones sociales para 14 &hellip; <a href=\"https:\/\/www.grieta.org.mx\/index.php\/2020\/11\/26\/con-toma-de-oficinas-trabajadores-de-salud-en-oaxaca-exigen-la-renuncia-de-david-concha-suarez\/\" class=\"more-link\">Leer m\u00e1s<\/a><\/p>\n","protected":false},"author":2,"featured_media":55581,"comment_status":"closed","ping_status":"closed","sticky":false,"template":"","format":"standard","meta":{"ngg_post_thumbnail":0,"_jetpack_newsletter_access":"","_jetpack_dont_email_post_to_subs":false,"_jetpack_newsletter_tier_id":0,"_jetpack_memberships_contains_paywalled_content":false,"_jetpack_memberships_contains_paid_content":false,"footnotes":""},"categories":[80,3262,1728,25,83],"tags":[],"class_list":["post-55580","post","type-post","status-publish","format-standard","has-post-thumbnail","hentry","category-cintillo","category-crisis-covid-19-en-oaxaca","category-crisis-del-sector-salud-en-oaxaca","category-oaxaca","category-temas-nacionales","entry"],"jetpack_featured_media_url":"https:\/\/www.grieta.org.mx\/wp-content\/uploads\/2020\/12\/A.jpeg","jetpack_sharing_enabled":true,"jetpack_shortlink":"https:\/\/wp.me\/p7ZJR4-ess","jetpack_likes_enabled":false,"jetpack-related-posts":[{"id":60479,"url":"https:\/\/www.grieta.org.mx\/index.php\/2021\/07\/12\/servicios-de-salud-de-oaxaca-adeudan-renta-les-cierran-oficinas\/","url_meta":{"origin":55580,"position":0},"title":"Servicios de Salud de Oaxaca adeudan renta, les cierran oficinas","author":"grieta","date":"12 julio, 2021","format":false,"excerpt":"Proceso \/Pedro Mat\u00edas. El gobierno del estado debe el pago de siete meses, de al menos 13 inmuebles, se anunci\u00f3 que trabajar\u00e1 a la \u201cbrevedad\u201d para saldar la deuda. Clausura: arrendatarios de los inmuebles impidieron los accesos a las oficinas de los Servicios de Salud de Oaxaca. Foto:@MasnoticiasOax. OAXACA, Oax.\u2026","rel":"","context":"En &quot;CINTILLO&quot;","block_context":{"text":"CINTILLO","link":"https:\/\/www.grieta.org.mx\/index.php\/category\/cintillo\/"},"img":{"alt_text":"","src":"https:\/\/i0.wp.com\/www.grieta.org.mx\/wp-content\/uploads\/2021\/07\/X-2.jpg?resize=350%2C200&ssl=1","width":350,"height":200,"srcset":"https:\/\/i0.wp.com\/www.grieta.org.mx\/wp-content\/uploads\/2021\/07\/X-2.jpg?resize=350%2C200&ssl=1 1x, https:\/\/i0.wp.com\/www.grieta.org.mx\/wp-content\/uploads\/2021\/07\/X-2.jpg?resize=525%2C300&ssl=1 1.5x, https:\/\/i0.wp.com\/www.grieta.org.mx\/wp-content\/uploads\/2021\/07\/X-2.jpg?resize=700%2C400&ssl=1 2x"},"classes":[]},{"id":21091,"url":"https:\/\/www.grieta.org.mx\/index.php\/2016\/09\/04\/se-quejan-trabajadores-de-salud-de-presunto-acoso-laboral-oaxaca\/","url_meta":{"origin":55580,"position":1},"title":"Se quejan trabajadores de salud de presunto acoso laboral  (OAXACA)","author":"grieta","date":"4 septiembre, 2016","format":false,"excerpt":"Luis Jer\u00f3nimo, Oaxaca. OAXACA, Oax., 4 de septiembre de 2016.- Integrantes de la Secci\u00f3n 9 del Sindicato Independiente Nacional de Trabajadores de Salud (SINTS) se quejaron de un presunto hostigamiento laboral en su contra y supuestos malos manejos en los recursos p\u00fablicos. Los inconformes, que mantienen desde hace dos d\u00edas\u2026","rel":"","context":"En &quot;CINTILLO&quot;","block_context":{"text":"CINTILLO","link":"https:\/\/www.grieta.org.mx\/index.php\/category\/cintillo\/"},"img":{"alt_text":"","src":"https:\/\/i0.wp.com\/www.grieta.org.mx\/wp-content\/uploads\/2018\/03\/14524434_1106112876131411_958039263622046936_o.jpg?resize=350%2C200&ssl=1","width":350,"height":200,"srcset":"https:\/\/i0.wp.com\/www.grieta.org.mx\/wp-content\/uploads\/2018\/03\/14524434_1106112876131411_958039263622046936_o.jpg?resize=350%2C200&ssl=1 1x, https:\/\/i0.wp.com\/www.grieta.org.mx\/wp-content\/uploads\/2018\/03\/14524434_1106112876131411_958039263622046936_o.jpg?resize=525%2C300&ssl=1 1.5x, https:\/\/i0.wp.com\/www.grieta.org.mx\/wp-content\/uploads\/2018\/03\/14524434_1106112876131411_958039263622046936_o.jpg?resize=700%2C400&ssl=1 2x"},"classes":[]},{"id":69948,"url":"https:\/\/www.grieta.org.mx\/index.php\/2024\/09\/13\/con-marcha-trabajadores-de-salud-y-de-educacion-rechazan-al-imss-bienestar-oaxaca\/","url_meta":{"origin":55580,"position":2},"title":"Con marcha, trabajadores de salud y de educaci\u00f3n rechazan al IMSS Bienestar (Oaxaca)","author":"grieta","date":"13 septiembre, 2024","format":false,"excerpt":"Imagen: Itsmopress Diana Manzo \/ Itsmopress #Oaxaca 13 Sep (#Istmopress) \u2013 Con una marcha por las principales calles de la capital de Oaxaca, unos 600 trabajadores sindicalizados de la secci\u00f3n 35 del Sector Salud y de la secci\u00f3n 22 de la CNTE rechazaron el traslado de los Servicios de Salud\u2026","rel":"","context":"En &quot;CINTILLO&quot;","block_context":{"text":"CINTILLO","link":"https:\/\/www.grieta.org.mx\/index.php\/category\/cintillo\/"},"img":{"alt_text":"","src":"https:\/\/i0.wp.com\/www.grieta.org.mx\/wp-content\/uploads\/2024\/09\/1726286512221.jpg?resize=350%2C200&ssl=1","width":350,"height":200,"srcset":"https:\/\/i0.wp.com\/www.grieta.org.mx\/wp-content\/uploads\/2024\/09\/1726286512221.jpg?resize=350%2C200&ssl=1 1x, https:\/\/i0.wp.com\/www.grieta.org.mx\/wp-content\/uploads\/2024\/09\/1726286512221.jpg?resize=525%2C300&ssl=1 1.5x, https:\/\/i0.wp.com\/www.grieta.org.mx\/wp-content\/uploads\/2024\/09\/1726286512221.jpg?resize=700%2C400&ssl=1 2x, https:\/\/i0.wp.com\/www.grieta.org.mx\/wp-content\/uploads\/2024\/09\/1726286512221.jpg?resize=1050%2C600&ssl=1 3x"},"classes":[]},{"id":54054,"url":"https:\/\/www.grieta.org.mx\/index.php\/2020\/09\/30\/otra-vez-murat-incumple-su-palabra-y-trabajadores-de-salud-realizan-paros-en-tuxtepec-istmo-y-costa-oaxaca\/","url_meta":{"origin":55580,"position":3},"title":"Otra vez Murat incumple su palabra y trabajadores de Salud realizan paros en Tuxtepec, Istmo y Costa  (Oaxaca)","author":"grieta","date":"30 septiembre, 2020","format":false,"excerpt":"P\u00e1gina 3 \/ Pedro Mat\u00edas. OAXACA, Oax.- Trabajadores de Salud de las jurisdicciones sanitarias de las regiones de la Costa, Cuenca del Papaloapan e Istmo de Tehuantepec realizaron paros de labores. Ello luego que el gobernador Alejandro Murat Hinojosa incumpli\u00f3 su palabra de otorgar un bono de cinco mil pesos\u2026","rel":"","context":"En &quot;CINTILLO&quot;","block_context":{"text":"CINTILLO","link":"https:\/\/www.grieta.org.mx\/index.php\/category\/cintillo\/"},"img":{"alt_text":"","src":"https:\/\/i0.wp.com\/www.grieta.org.mx\/wp-content\/uploads\/2020\/10\/Trabajadores-de-Salud.jpg?resize=350%2C200&ssl=1","width":350,"height":200,"srcset":"https:\/\/i0.wp.com\/www.grieta.org.mx\/wp-content\/uploads\/2020\/10\/Trabajadores-de-Salud.jpg?resize=350%2C200&ssl=1 1x, https:\/\/i0.wp.com\/www.grieta.org.mx\/wp-content\/uploads\/2020\/10\/Trabajadores-de-Salud.jpg?resize=525%2C300&ssl=1 1.5x, https:\/\/i0.wp.com\/www.grieta.org.mx\/wp-content\/uploads\/2020\/10\/Trabajadores-de-Salud.jpg?resize=700%2C400&ssl=1 2x"},"classes":[]},{"id":56737,"url":"https:\/\/www.grieta.org.mx\/index.php\/2021\/02\/01\/vacunan-a-burocratas-y-a-cuates-antes-que-a-medicos-denuncian-trabajadores-de-salud-de-oaxaca\/","url_meta":{"origin":55580,"position":4},"title":"Vacunan a bur\u00f3cratas y a &#8220;cuates&#8221; antes que a m\u00e9dicos, denuncian trabajadores de salud de Oaxaca","author":"grieta","date":"1 febrero, 2021","format":false,"excerpt":"Proceso \/ Pedro Mat\u00edas. En redes sociales circulan fotograf\u00edas donde se observa un m\u00f3dulo instalado en el Hospital de la Ni\u00f1ez Oaxaque\u00f1a, lugar en el que se concentraron 20 trabajadores enviados por su jefe inmediato para vacunarse contra el covid-19, sin estar en la primera l\u00ednea de combate al virus.\u2026","rel":"","context":"En &quot;CINTILLO&quot;","block_context":{"text":"CINTILLO","link":"https:\/\/www.grieta.org.mx\/index.php\/category\/cintillo\/"},"img":{"alt_text":"","src":"https:\/\/i0.wp.com\/www.grieta.org.mx\/wp-content\/uploads\/2021\/02\/3.jpeg?resize=350%2C200&ssl=1","width":350,"height":200,"srcset":"https:\/\/i0.wp.com\/www.grieta.org.mx\/wp-content\/uploads\/2021\/02\/3.jpeg?resize=350%2C200&ssl=1 1x, https:\/\/i0.wp.com\/www.grieta.org.mx\/wp-content\/uploads\/2021\/02\/3.jpeg?resize=525%2C300&ssl=1 1.5x, https:\/\/i0.wp.com\/www.grieta.org.mx\/wp-content\/uploads\/2021\/02\/3.jpeg?resize=700%2C400&ssl=1 2x"},"classes":[]},{"id":19702,"url":"https:\/\/www.grieta.org.mx\/index.php\/2016\/08\/04\/trabajadores-de-salud-realizan-paro-porque-gobierno-de-gabino-cue-adeuda-42-mdp-oaxaca\/","url_meta":{"origin":55580,"position":5},"title":"Trabajadores de Salud realizan paro porque gobierno de Gabino Cu\u00e9 adeuda 42 mdp (Oaxaca)","author":"grieta","date":"4 agosto, 2016","format":false,"excerpt":"P\u00e1gina 3. Pedro Mat\u00edas, Oaxaca.- La Secci\u00f3n 35 del Sindicato Nacional de Trabajadores de la Secretar\u00eda de Salud (SNTSS) realiz\u00f3 hoy un paro de \u201cbrazos ca\u00eddos\u201d porque el gobierno de Gabino Cu\u00e9 les adeuda 42 millones de pesos correspondiente al ahorro de mas de cinco mil 600 sindicalizados. As\u00ed lo\u2026","rel":"","context":"En &quot;CINTILLO&quot;","block_context":{"text":"CINTILLO","link":"https:\/\/www.grieta.org.mx\/index.php\/category\/cintillo\/"},"img":{"alt_text":"","src":"https:\/\/i0.wp.com\/www.grieta.org.mx\/wp-content\/uploads\/2018\/03\/14524434_1106112876131411_958039263622046936_o.jpg?resize=350%2C200&ssl=1","width":350,"height":200,"srcset":"https:\/\/i0.wp.com\/www.grieta.org.mx\/wp-content\/uploads\/2018\/03\/14524434_1106112876131411_958039263622046936_o.jpg?resize=350%2C200&ssl=1 1x, https:\/\/i0.wp.com\/www.grieta.org.mx\/wp-content\/uploads\/2018\/03\/14524434_1106112876131411_958039263622046936_o.jpg?resize=525%2C300&ssl=1 1.5x, https:\/\/i0.wp.com\/www.grieta.org.mx\/wp-content\/uploads\/2018\/03\/14524434_1106112876131411_958039263622046936_o.jpg?resize=700%2C400&ssl=1 2x"},"classes":[]}],"_links":{"self":[{"href":"https:\/\/www.grieta.org.mx\/index.php\/wp-json\/wp\/v2\/posts\/55580","targetHints":{"allow":["GET"]}}],"collection":[{"href":"https:\/\/www.grieta.org.mx\/index.php\/wp-json\/wp\/v2\/posts"}],"about":[{"href":"https:\/\/www.grieta.org.mx\/index.php\/wp-json\/wp\/v2\/types\/post"}],"author":[{"embeddable":true,"href":"https:\/\/www.grieta.org.mx\/index.php\/wp-json\/wp\/v2\/users\/2"}],"replies":[{"embeddable":true,"href":"https:\/\/www.grieta.org.mx\/index.php\/wp-json\/wp\/v2\/comments?post=55580"}],"version-history":[{"count":1,"href":"https:\/\/www.grieta.org.mx\/index.php\/wp-json\/wp\/v2\/posts\/55580\/revisions"}],"predecessor-version":[{"id":55582,"href":"https:\/\/www.grieta.org.mx\/index.php\/wp-json\/wp\/v2\/posts\/55580\/revisions\/55582"}],"wp:featuredmedia":[{"embeddable":true,"href":"https:\/\/www.grieta.org.mx\/index.php\/wp-json\/wp\/v2\/media\/55581"}],"wp:attachment":[{"href":"https:\/\/www.grieta.org.mx\/index.php\/wp-json\/wp\/v2\/media?parent=55580"}],"wp:term":[{"taxonomy":"category","embeddable":true,"href":"https:\/\/www.grieta.org.mx\/index.php\/wp-json\/wp\/v2\/categories?post=55580"},{"taxonomy":"post_tag","embeddable":true,"href":"https:\/\/www.grieta.org.mx\/index.php\/wp-json\/wp\/v2\/tags?post=55580"}],"curies":[{"name":"wp","href":"https:\/\/api.w.org\/{rel}","templated":true}]}}