{"id":55574,"date":"2020-12-03T19:14:28","date_gmt":"2020-12-04T01:14:28","guid":{"rendered":"http:\/\/www.grieta.org.mx\/?p=55574"},"modified":"2020-12-03T23:22:03","modified_gmt":"2020-12-04T05:22:03","slug":"con-marcha-exigiran-justicia-por-los-transfeminicidios-de-geovanna-y-sherlyn-oaxaca","status":"publish","type":"post","link":"https:\/\/www.grieta.org.mx\/index.php\/2020\/12\/03\/con-marcha-exigiran-justicia-por-los-transfeminicidios-de-geovanna-y-sherlyn-oaxaca\/","title":{"rendered":"Con marcha exigir\u00e1n justicia por los transfeminicidios de Geovanna y Sherlyn (Oaxaca)"},"content":{"rendered":"<p>Noticias \/ Staff NVI.<\/p>\n<p><img loading=\"lazy\" decoding=\"async\" data-attachment-id=\"55575\" data-permalink=\"https:\/\/www.grieta.org.mx\/index.php\/2020\/12\/03\/con-marcha-exigiran-justicia-por-los-transfeminicidios-de-geovanna-y-sherlyn-oaxaca\/1-113\/\" data-orig-file=\"https:\/\/www.grieta.org.mx\/wp-content\/uploads\/2020\/12\/1.jpeg\" data-orig-size=\"1144,645\" data-comments-opened=\"0\" data-image-meta=\"{&quot;aperture&quot;:&quot;0&quot;,&quot;credit&quot;:&quot;&quot;,&quot;camera&quot;:&quot;&quot;,&quot;caption&quot;:&quot;&quot;,&quot;created_timestamp&quot;:&quot;0&quot;,&quot;copyright&quot;:&quot;&quot;,&quot;focal_length&quot;:&quot;0&quot;,&quot;iso&quot;:&quot;0&quot;,&quot;shutter_speed&quot;:&quot;0&quot;,&quot;title&quot;:&quot;&quot;,&quot;orientation&quot;:&quot;0&quot;}\" data-image-title=\"1\" data-image-description=\"\" data-image-caption=\"\" data-medium-file=\"https:\/\/www.grieta.org.mx\/wp-content\/uploads\/2020\/12\/1-300x169.jpeg\" data-large-file=\"https:\/\/www.grieta.org.mx\/wp-content\/uploads\/2020\/12\/1-1024x577.jpeg\" class=\"alignnone wp-image-55575\" src=\"http:\/\/www.grieta.org.mx\/wp-content\/uploads\/2020\/12\/1.jpeg\" alt=\"\" width=\"800\" height=\"451\" srcset=\"https:\/\/www.grieta.org.mx\/wp-content\/uploads\/2020\/12\/1.jpeg 1144w, https:\/\/www.grieta.org.mx\/wp-content\/uploads\/2020\/12\/1-300x169.jpeg 300w, https:\/\/www.grieta.org.mx\/wp-content\/uploads\/2020\/12\/1-1024x577.jpeg 1024w, https:\/\/www.grieta.org.mx\/wp-content\/uploads\/2020\/12\/1-768x433.jpeg 768w, https:\/\/www.grieta.org.mx\/wp-content\/uploads\/2020\/12\/1-887x500.jpeg 887w\" sizes=\"auto, (max-width: 800px) 100vw, 800px\" \/><\/p>\n<p>Tras el asesinato de Geovanna A. R. y Sherlyn N. N, quienes eran integrantes de la comunida LGBTTTI, un sector de la poblaci\u00f3n oaxaque\u00f1a ha convocado a una marcha para ma\u00f1ana viernes 4 de diciembre a las 11:00am, partiendo de la Fuente de las Ocho Regiones, con el objetivo de exigir el esclarecimiento de las muertes.<\/p>\n<p>A trav\u00e9s de las redes sociales se ha emitido la convocatoria correspondiente de la marcha que terminar\u00e1 en el Z\u00f3calo de Oaxaca de Ju\u00e1rez. En la misiva se invita a las personas que decidan asistir, acudir con vestimenta blanca, pancartas, cubrebocas obligatorio y se les solicita tomar la sana distancia.<\/p>\n<p>De igual manera, los convocantes a la protesta han solicitado a la poblaci\u00f3n oaxaque\u00f1a utilizar los hastags: #JUSTICIAPARAGEOVANNA y #JUSTICIAPARASHERLYN, para expresar su rechazo en las redes sociales ante estos acontecimientos.<\/p>\n<p>Finalmente solicitan evitar comentarios en contra de la comunidad LGBTTTI, pues afirman se debe respetar los derechos de este segmento de la poblaci\u00f3n oaxaque\u00f1a.<\/p>\n<p><strong>Asesinan a Geovanna<\/strong><\/p>\n<p>Geovanna Angulo Ramos, mujer trans de 27 a\u00f1os de edad, fue localizada en un barranco en Suchilquitongo, en la Villa de Elta. Fue vista por \u00faltima vez el pasado 25 de noviembre en San Agust\u00edn Elta, donde resid\u00eda.<\/p>\n<p>La ficha de b\u00fasqueda por parte de la Fiscal\u00eda General del Estado de Oaxaca fue emitida el pasado 28 de noviembre, luego de que se presentar\u00e1 una denuncia por la desaparici\u00f3n. El cuerpo fue localizado el lunes 30 de noviembre, en Suchilquitongo.<\/p>\n<p>Hasta el momento no se ha esclarecido el m\u00f3vil del crimen, por lo que las autoridades encargadas de la procuraci\u00f3n de justicia contin\u00faan con las investigaciones.<\/p>\n<p><strong>El caso de Sherlyn<\/strong><\/p>\n<p>En el barrio de Santa Mar\u00eda Ex Marquesado, en el municipio de Oaxaca de Ju\u00e1rez, tambi\u00e9n fue asesinada \u201cSherlyn\u201d, integrante de la comunidad LGBTTTI. De acuerdo con los reportes, los hechos ocurrieron el martes 01 de diciembre del presente a\u00f1o, a las 21 horas, cuando la v\u00edctima fue lesionada con arma de fuego al interior de la est\u00e9tica donde trabajaba; los presuntos responsables del crimen huyeron a bordo de una motocicleta.<\/p>\n<p>Al lugar de los hechos acudieron param\u00e9dicos de la Cruz Roja Mexicana, quienes determinaron que la personas ya no contaba con signos virales. Adem\u00e1s el \u00e1rea fue acordonada por la polic\u00eda, para que agentes investigadores y peritos realizaran las diligencias correspondientes.<\/p>\n<p><a href=\"https:\/\/www.nvinoticias.com\/nota\/168585\/con-marcha-exigiran-justicia-por-los-transfeminicidios-de-geovanna-y-sherlyn\" target=\"_blank\" rel=\"noopener noreferrer\">https:\/\/www.nvinoticias.com\/nota\/168585\/con-marcha-exigiran-justicia-por-los-transfeminicidios-de-geovanna-y-sherlyn<\/a><\/p>\n","protected":false},"excerpt":{"rendered":"<p>Noticias \/ Staff NVI. Tras el asesinato de Geovanna A. R. y Sherlyn N. N, quienes eran integrantes de la comunida LGBTTTI, un sector de la poblaci\u00f3n oaxaque\u00f1a ha convocado &hellip; <a href=\"https:\/\/www.grieta.org.mx\/index.php\/2020\/12\/03\/con-marcha-exigiran-justicia-por-los-transfeminicidios-de-geovanna-y-sherlyn-oaxaca\/\" class=\"more-link\">Leer m\u00e1s<\/a><\/p>\n","protected":false},"author":2,"featured_media":55575,"comment_status":"closed","ping_status":"closed","sticky":false,"template":"","format":"standard","meta":{"ngg_post_thumbnail":0,"_jetpack_newsletter_access":"","_jetpack_dont_email_post_to_subs":false,"_jetpack_newsletter_tier_id":0,"_jetpack_memberships_contains_paywalled_content":false,"_jetpack_memberships_contains_paid_content":false,"footnotes":""},"categories":[80,1325,3163,2,25,1615,1665],"tags":[],"class_list":["post-55574","post","type-post","status-publish","format-standard","has-post-thumbnail","hentry","category-cintillo","category-feminicidios-en-oaxaca-oaxaca","category-la-lucha-de-las-mujeres-en-oaxaca","category-noticias-nacionales","category-oaxaca","category-violencia-contra-la-comunidad-lgbttti-en-oaxaca","category-violencia-contra-las-mujeres-en-oaxaca","entry"],"jetpack_featured_media_url":"https:\/\/www.grieta.org.mx\/wp-content\/uploads\/2020\/12\/1.jpeg","jetpack_sharing_enabled":true,"jetpack_shortlink":"https:\/\/wp.me\/p7ZJR4-esm","jetpack_likes_enabled":false,"jetpack-related-posts":[{"id":55649,"url":"https:\/\/www.grieta.org.mx\/index.php\/2020\/12\/08\/urgen-investigar-los-crimenes-de-odio-en-oaxaca-de-geovanna-y-sherlyn\/","url_meta":{"origin":55574,"position":0},"title":"Urgen investigar los cr\u00edmenes de odio en Oaxaca de Geovanna y Sherlyn","author":"grieta","date":"8 diciembre, 2020","format":false,"excerpt":"P\u00e1gina 3 \/ Pedro Mat\u00edas. Ombudsman pide investigar los cr\u00edmenes de odio suscitados en los \u00faltimos d\u00edas en Oaxaca OAXACA, Oax.- La Defensor\u00eda de los Derechos Humanos del Pueblo de Oaxaca urgi\u00f3 a las autoridades de procuraci\u00f3n y administraci\u00f3n de justicia a que atiendan los casos de Geovanna y Sherlyn,\u2026","rel":"","context":"En &quot;CINTILLO&quot;","block_context":{"text":"CINTILLO","link":"https:\/\/www.grieta.org.mx\/index.php\/category\/cintillo\/"},"img":{"alt_text":"","src":"https:\/\/i0.wp.com\/www.grieta.org.mx\/wp-content\/uploads\/2020\/12\/1-1.jpg?resize=350%2C200&ssl=1","width":350,"height":200,"srcset":"https:\/\/i0.wp.com\/www.grieta.org.mx\/wp-content\/uploads\/2020\/12\/1-1.jpg?resize=350%2C200&ssl=1 1x, https:\/\/i0.wp.com\/www.grieta.org.mx\/wp-content\/uploads\/2020\/12\/1-1.jpg?resize=525%2C300&ssl=1 1.5x, https:\/\/i0.wp.com\/www.grieta.org.mx\/wp-content\/uploads\/2020\/12\/1-1.jpg?resize=700%2C400&ssl=1 2x"},"classes":[]},{"id":55954,"url":"https:\/\/www.grieta.org.mx\/index.php\/2020\/12\/10\/aumenta-violencia-feminicida-y-transfeminicida-en-oaxaca\/","url_meta":{"origin":55574,"position":1},"title":"Aumenta violencia feminicida y transfeminicida en Oaxaca","author":"grieta","date":"10 diciembre, 2020","format":false,"excerpt":"Radio Zapatista. Geovanna \u00c1ngulo Ramos ten\u00eda 27 a\u00f1os y era maestra de danza cuando desapareci\u00f3 en San Agust\u00edn Etla, Oaxaca, el d\u00eda 25 de noviembre. 5 d\u00edas despu\u00e9s, su cuerpo fue encontrado sin vida en un barranco de Suchilquitongo, Etla. Al d\u00eda siguiente, Sherlyn fue asesinada en su est\u00e9tica, en\u2026","rel":"","context":"En &quot;CINTILLO&quot;","block_context":{"text":"CINTILLO","link":"https:\/\/www.grieta.org.mx\/index.php\/category\/cintillo\/"},"img":{"alt_text":"","src":"https:\/\/i0.wp.com\/www.grieta.org.mx\/wp-content\/uploads\/2018\/03\/14524434_1106112876131411_958039263622046936_o.jpg?resize=350%2C200&ssl=1","width":350,"height":200,"srcset":"https:\/\/i0.wp.com\/www.grieta.org.mx\/wp-content\/uploads\/2018\/03\/14524434_1106112876131411_958039263622046936_o.jpg?resize=350%2C200&ssl=1 1x, https:\/\/i0.wp.com\/www.grieta.org.mx\/wp-content\/uploads\/2018\/03\/14524434_1106112876131411_958039263622046936_o.jpg?resize=525%2C300&ssl=1 1.5x, https:\/\/i0.wp.com\/www.grieta.org.mx\/wp-content\/uploads\/2018\/03\/14524434_1106112876131411_958039263622046936_o.jpg?resize=700%2C400&ssl=1 2x"},"classes":[]},{"id":57372,"url":"https:\/\/www.grieta.org.mx\/index.php\/2021\/03\/07\/marcha-feminista-sale-del-jardin-madero-para-conmemorar-el-8m-oaxaca\/","url_meta":{"origin":55574,"position":2},"title":"Marcha feminista sale del Jard\u00edn Madero para conmemorar el 8M (Oaxaca)","author":"grieta","date":"7 marzo, 2021","format":false,"excerpt":"Noticias \/ Citlalli L\u00f3pez Un contingente de aproximadamente 300 mujeres sali\u00f3 en marcha conmemorativa del 8 de marzo partiendo desde el Jard\u00edn Madero y camina hacia el Z\u00f3calo capitalino. Al frente de la movilizaci\u00f3n encabezan familiares de mujeres v\u00edctimas de violencia, entre ellas Soledad Jarquin Edgar, madre de la fotoperiodista\u2026","rel":"","context":"En &quot;CINTILLO&quot;","block_context":{"text":"CINTILLO","link":"https:\/\/www.grieta.org.mx\/index.php\/category\/cintillo\/"},"img":{"alt_text":"","src":"https:\/\/i0.wp.com\/www.grieta.org.mx\/wp-content\/uploads\/2021\/03\/2.jpeg?resize=350%2C200&ssl=1","width":350,"height":200,"srcset":"https:\/\/i0.wp.com\/www.grieta.org.mx\/wp-content\/uploads\/2021\/03\/2.jpeg?resize=350%2C200&ssl=1 1x, https:\/\/i0.wp.com\/www.grieta.org.mx\/wp-content\/uploads\/2021\/03\/2.jpeg?resize=525%2C300&ssl=1 1.5x, https:\/\/i0.wp.com\/www.grieta.org.mx\/wp-content\/uploads\/2021\/03\/2.jpeg?resize=700%2C400&ssl=1 2x, https:\/\/i0.wp.com\/www.grieta.org.mx\/wp-content\/uploads\/2021\/03\/2.jpeg?resize=1050%2C600&ssl=1 3x"},"classes":[]},{"id":65826,"url":"https:\/\/www.grieta.org.mx\/index.php\/2022\/11\/25\/oaxaca-se-suma-a-marcha-del-25n-paralizan-carretera-de-juchitan-para-exigir-alto-a-la-violencia-contra-las-mujeres\/","url_meta":{"origin":55574,"position":3},"title":"Oaxaca se suma a marcha del 25N: paralizan carretera de Juchit\u00e1n para exigir alto a la violencia contra las mujeres","author":"grieta","date":"25 noviembre, 2022","format":false,"excerpt":"Imagen: Especial Jos\u00e9 Luis L\u00f3pez \/ El Heraldo En el marco del\u00a0D\u00eda de lucha para la erradicaci\u00f3n de la violencia contra las mujeres, las integrantes del\u00a0Grupo de Mujeres 8 de Marzo, se manifestaron con un bloqueo parcial en la carretera federal en Juchit\u00e1n,\u00a0Oaxaca. Rogelia Gonz\u00e1lez Luis, dirigente de esta organizaci\u00f3n,\u2026","rel":"","context":"En &quot;CINTILLO&quot;","block_context":{"text":"CINTILLO","link":"https:\/\/www.grieta.org.mx\/index.php\/category\/cintillo\/"},"img":{"alt_text":"","src":"https:\/\/i0.wp.com\/www.grieta.org.mx\/wp-content\/uploads\/2022\/11\/f960x540-624263_698338_0.jpg?resize=350%2C200&ssl=1","width":350,"height":200,"srcset":"https:\/\/i0.wp.com\/www.grieta.org.mx\/wp-content\/uploads\/2022\/11\/f960x540-624263_698338_0.jpg?resize=350%2C200&ssl=1 1x, https:\/\/i0.wp.com\/www.grieta.org.mx\/wp-content\/uploads\/2022\/11\/f960x540-624263_698338_0.jpg?resize=525%2C300&ssl=1 1.5x, https:\/\/i0.wp.com\/www.grieta.org.mx\/wp-content\/uploads\/2022\/11\/f960x540-624263_698338_0.jpg?resize=700%2C400&ssl=1 2x"},"classes":[]},{"id":70017,"url":"https:\/\/www.grieta.org.mx\/index.php\/2024\/10\/02\/exigen-justicia-por-asesinato-de-mayte-lopez-mujer-trans-e-integrante-de-la-comunidad-muxe-en-juchitan-oaxaca\/","url_meta":{"origin":55574,"position":4},"title":"Exigen justicia por asesinato de Mayte L\u00f3pez, mujer trans e integrante de la comunidad muxe, en Juchit\u00e1n, Oaxaca","author":"grieta","date":"2 octubre, 2024","format":false,"excerpt":"Imagen: Francisco Ramos \/\u00a0 La cadera de Eva Integrantes de las comunidades LGBTIQ+ exigieron justicia por el asesinato de Mayte L\u00f3pez, el cual se\u00f1alaron que forma parte de una ola de violencia que ha afectado a la comunidad muxe y de la diversidad sexual en Oaxaca y el pa\u00eds. Redacci\u00f3n\u2026","rel":"","context":"En &quot;CINTILLO&quot;","block_context":{"text":"CINTILLO","link":"https:\/\/www.grieta.org.mx\/index.php\/category\/cintillo\/"},"img":{"alt_text":"","src":"https:\/\/i0.wp.com\/www.grieta.org.mx\/wp-content\/uploads\/2024\/10\/mayte-lopez-la-cadera-de-eva-focus-0-0-1260-1050.jpg?resize=350%2C200&ssl=1","width":350,"height":200,"srcset":"https:\/\/i0.wp.com\/www.grieta.org.mx\/wp-content\/uploads\/2024\/10\/mayte-lopez-la-cadera-de-eva-focus-0-0-1260-1050.jpg?resize=350%2C200&ssl=1 1x, https:\/\/i0.wp.com\/www.grieta.org.mx\/wp-content\/uploads\/2024\/10\/mayte-lopez-la-cadera-de-eva-focus-0-0-1260-1050.jpg?resize=525%2C300&ssl=1 1.5x, https:\/\/i0.wp.com\/www.grieta.org.mx\/wp-content\/uploads\/2024\/10\/mayte-lopez-la-cadera-de-eva-focus-0-0-1260-1050.jpg?resize=700%2C400&ssl=1 2x, https:\/\/i0.wp.com\/www.grieta.org.mx\/wp-content\/uploads\/2024\/10\/mayte-lopez-la-cadera-de-eva-focus-0-0-1260-1050.jpg?resize=1050%2C600&ssl=1 3x"},"classes":[]},{"id":53427,"url":"https:\/\/www.grieta.org.mx\/index.php\/2020\/09\/16\/marchan-feministas-en-la-jornada-antigrita-para-denunciar-violencia-feminicida-y-agreden-a-una-periodista-oaxaca\/","url_meta":{"origin":55574,"position":5},"title":"Marchan feministas en la jornada Antigrita para denunciar violencia feminicida y agreden a una periodista (Oaxaca)","author":"grieta","date":"16 septiembre, 2020","format":false,"excerpt":"P\u00e1gina 3 \/ Pedro Mat\u00edas. OAXACA, Oax. (pagina3.mx).- En el marco de la jornada de protestas denominado \u201cLa Antigrita\u201d, organizaciones feministas realizaron una marcha de la fuente de las Ocho Regiones al z\u00f3calo de Oaxaca para denunciar la violencia feminicida y la incapacidad gubernamental para atender esta problem\u00e1tica que las\u2026","rel":"","context":"En &quot;CINTILLO&quot;","block_context":{"text":"CINTILLO","link":"https:\/\/www.grieta.org.mx\/index.php\/category\/cintillo\/"},"img":{"alt_text":"","src":"https:\/\/i0.wp.com\/www.grieta.org.mx\/wp-content\/uploads\/2020\/09\/h.jpg?resize=350%2C200&ssl=1","width":350,"height":200,"srcset":"https:\/\/i0.wp.com\/www.grieta.org.mx\/wp-content\/uploads\/2020\/09\/h.jpg?resize=350%2C200&ssl=1 1x, https:\/\/i0.wp.com\/www.grieta.org.mx\/wp-content\/uploads\/2020\/09\/h.jpg?resize=525%2C300&ssl=1 1.5x, https:\/\/i0.wp.com\/www.grieta.org.mx\/wp-content\/uploads\/2020\/09\/h.jpg?resize=700%2C400&ssl=1 2x, https:\/\/i0.wp.com\/www.grieta.org.mx\/wp-content\/uploads\/2020\/09\/h.jpg?resize=1050%2C600&ssl=1 3x"},"classes":[]}],"_links":{"self":[{"href":"https:\/\/www.grieta.org.mx\/index.php\/wp-json\/wp\/v2\/posts\/55574","targetHints":{"allow":["GET"]}}],"collection":[{"href":"https:\/\/www.grieta.org.mx\/index.php\/wp-json\/wp\/v2\/posts"}],"about":[{"href":"https:\/\/www.grieta.org.mx\/index.php\/wp-json\/wp\/v2\/types\/post"}],"author":[{"embeddable":true,"href":"https:\/\/www.grieta.org.mx\/index.php\/wp-json\/wp\/v2\/users\/2"}],"replies":[{"embeddable":true,"href":"https:\/\/www.grieta.org.mx\/index.php\/wp-json\/wp\/v2\/comments?post=55574"}],"version-history":[{"count":1,"href":"https:\/\/www.grieta.org.mx\/index.php\/wp-json\/wp\/v2\/posts\/55574\/revisions"}],"predecessor-version":[{"id":55576,"href":"https:\/\/www.grieta.org.mx\/index.php\/wp-json\/wp\/v2\/posts\/55574\/revisions\/55576"}],"wp:featuredmedia":[{"embeddable":true,"href":"https:\/\/www.grieta.org.mx\/index.php\/wp-json\/wp\/v2\/media\/55575"}],"wp:attachment":[{"href":"https:\/\/www.grieta.org.mx\/index.php\/wp-json\/wp\/v2\/media?parent=55574"}],"wp:term":[{"taxonomy":"category","embeddable":true,"href":"https:\/\/www.grieta.org.mx\/index.php\/wp-json\/wp\/v2\/categories?post=55574"},{"taxonomy":"post_tag","embeddable":true,"href":"https:\/\/www.grieta.org.mx\/index.php\/wp-json\/wp\/v2\/tags?post=55574"}],"curies":[{"name":"wp","href":"https:\/\/api.w.org\/{rel}","templated":true}]}}