{"id":55555,"date":"2020-11-28T22:51:56","date_gmt":"2020-11-29T04:51:56","guid":{"rendered":"http:\/\/www.grieta.org.mx\/?p=55555"},"modified":"2020-11-28T22:57:56","modified_gmt":"2020-11-29T04:57:56","slug":"que-desarrollo-traera-el-tren-maya-estacion-bacalar","status":"publish","type":"post","link":"https:\/\/www.grieta.org.mx\/index.php\/2020\/11\/28\/que-desarrollo-traera-el-tren-maya-estacion-bacalar\/","title":{"rendered":"\u00bfQu\u00e9 desarrollo traer\u00e1 el Tren Maya? Estaci\u00f3n Bacalar"},"content":{"rendered":"<p><img loading=\"lazy\" decoding=\"async\" data-attachment-id=\"55556\" data-permalink=\"https:\/\/www.grieta.org.mx\/index.php\/2020\/11\/28\/que-desarrollo-traera-el-tren-maya-estacion-bacalar\/whatsapp-image-2020-11-22-at-8-07-51-pm\/\" data-orig-file=\"https:\/\/www.grieta.org.mx\/wp-content\/uploads\/2020\/11\/WhatsApp-Image-2020-11-22-at-8.07.51-PM.jpg\" data-orig-size=\"632,277\" data-comments-opened=\"0\" data-image-meta=\"{&quot;aperture&quot;:&quot;0&quot;,&quot;credit&quot;:&quot;&quot;,&quot;camera&quot;:&quot;&quot;,&quot;caption&quot;:&quot;&quot;,&quot;created_timestamp&quot;:&quot;0&quot;,&quot;copyright&quot;:&quot;&quot;,&quot;focal_length&quot;:&quot;0&quot;,&quot;iso&quot;:&quot;0&quot;,&quot;shutter_speed&quot;:&quot;0&quot;,&quot;title&quot;:&quot;&quot;,&quot;orientation&quot;:&quot;1&quot;}\" data-image-title=\"WhatsApp Image 2020-11-22 at 8.07.51 PM\" data-image-description=\"\" data-image-caption=\"\" data-medium-file=\"https:\/\/www.grieta.org.mx\/wp-content\/uploads\/2020\/11\/WhatsApp-Image-2020-11-22-at-8.07.51-PM-300x131.jpg\" data-large-file=\"https:\/\/www.grieta.org.mx\/wp-content\/uploads\/2020\/11\/WhatsApp-Image-2020-11-22-at-8.07.51-PM.jpg\" class=\"aligncenter wp-image-55556 size-full\" src=\"http:\/\/www.grieta.org.mx\/wp-content\/uploads\/2020\/11\/WhatsApp-Image-2020-11-22-at-8.07.51-PM.jpg\" alt=\"\" width=\"632\" height=\"277\" srcset=\"https:\/\/www.grieta.org.mx\/wp-content\/uploads\/2020\/11\/WhatsApp-Image-2020-11-22-at-8.07.51-PM.jpg 632w, https:\/\/www.grieta.org.mx\/wp-content\/uploads\/2020\/11\/WhatsApp-Image-2020-11-22-at-8.07.51-PM-300x131.jpg 300w\" sizes=\"auto, (max-width: 632px) 100vw, 632px\" \/><\/p>\n<p>Colectivo Grieta<\/p>\n<p>&nbsp;<\/p>\n<p>&nbsp;<\/p>\n<p>&nbsp;<\/p>\n<p>La estaci\u00f3n de Bacalar se planea como una de las 19 estaciones del mega proyecto de despojo, mal llamado Tren Maya. Bacalar es una localidad del estado de Quintana Roo con 11,089 habitantes, de los cuales 6,658 se registran como Poblaci\u00f3n Econ\u00f3micamente Activa. Actualmente recibe un promedio de 150 mil turistas al a\u00f1o. Para ello, la localidad cuenta con 47 establecimientos de hospedaje (de los cuales solo 21 son hoteles y los dem\u00e1s son caba\u00f1as, villas o casas de huespedes). Esos 47 establecimientos cuentan con 515 cuartos en total. Eso supone una capacidad para albergar al rededor de 1,545 turistas diariamente.<\/p>\n<p>Seg\u00fan AMLO, nueve millones de turistas visitar\u00e1n anualmente Canc\u00fan y \u201cbajar\u00e1n\u201d a las estaciones del mal llamada Tren Maya, entre las cuales se ubica la estaci\u00f3n de Bacalar. Si suponemos que los nueve millones de turistas se distribuir\u00e1n entre las tres estaciones planeadas para Quintana Roo (Felipe Carrillo Puerto, Tulum y Bacalar) y suponemos que el turismo se distribuir\u00e1 equitativamente a lo largo del a\u00f1o, esto implicar\u00eda que habr\u00eda una visita diaria de 8, 219 turistas en Bacalar lo cual significa que se requerir\u00eda construir 150 hoteles m\u00e1s en esta localidad. Sin embargo, el turismo no ocurre a partir de distribuciones equitativas, hay temporadas altas y temporadas bajas. Un panorama m\u00e1s probable es que buena parte de tres millones de personas &#8220;bajen&#8221; a la estaci\u00f3n de Bacalar durante las temporadas altas de verano, invierno y semana santa. Lo cual podr\u00eda implicar construir capacidad de alojamiento para un mill\u00f3n de personas en periodos de dos, tres o cuatro semanas, adem\u00e1s de los servicios de comida, entretenimiento, salud y dem\u00e1s. El tan repetido argumento de que &#8220;la v\u00eda ya existe y ya est\u00e1 trazada&#8221; y que por lo tanto no habr\u00e1 afectaci\u00f3n a la selva y los \u00e1rboles es irracional.<\/p>\n<p>Para poner en marcha este proyecto de despojo, las comunidades propietarias de la tierra se convertir\u00e1n en la servidumbre del turismo al modificarse las actividades de agricultura, apicultura y pesca hacia el ofrecimiento de servicios de mano de obra mal pagada. Adem\u00e1s, seg\u00fan informaci\u00f3n de El Economista, el precio del metro cuadrado de tierra aument\u00f3 de 1,000 a 4,500 pesos debido a la confirmaci\u00f3n del mal llamado Tren Maya. Actualmente, seg\u00fan el INEGI, el 60% de la propiedad de la tierra en Bacalar es ejidal, por lo cual este megapoyecto s\u00f3lo promete mayor apropiaci\u00f3n privada del territorio. La construcci\u00f3n de hoteles privados, parques tem\u00e1ticos, zonas residenciales, restaurantes y centros comerciales modificar\u00e1 el car\u00e1cter colectivo de la tenencia de la tierra en la regi\u00f3n para convertirse en privada.<\/p>\n<p>Bacalar produce 40 toneladas de basura diaria para la cual no hay un drenaje apropiado ni un plan de manejo de residuos s\u00f3lidos. Investigadores del Instituto de Ecolog\u00eda de la UNAM advierten que la Laguna de Bacalar tiene el arrecife bacteriano de agua dulce m\u00e1s grande del mundo, mismo que estar\u00eda en peligro en caso de persistir el da\u00f1o ambiental. De igual manera, Bacalar se convertir\u00e1 en un nuevo centro de poblaci\u00f3n con la llegada del mal llamado Tren Maya, por lo cual, como sucedi\u00f3 en Canc\u00fan, se convertir\u00eda en un cintur\u00f3n de marginaci\u00f3n pobreza, abriendo el camino al crimen organizado, la violencia, el tr\u00e1fico de drogas y la trata de personas.<\/p>\n<p><img loading=\"lazy\" decoding=\"async\" data-attachment-id=\"55558\" data-permalink=\"https:\/\/www.grieta.org.mx\/index.php\/2020\/11\/28\/que-desarrollo-traera-el-tren-maya-estacion-bacalar\/whatsapp-image-2020-11-22-at-8-07-51-pm-3\/\" data-orig-file=\"https:\/\/www.grieta.org.mx\/wp-content\/uploads\/2020\/11\/WhatsApp-Image-2020-11-22-at-8.07.51-PM.jpeg\" data-orig-size=\"633,1280\" data-comments-opened=\"0\" data-image-meta=\"{&quot;aperture&quot;:&quot;0&quot;,&quot;credit&quot;:&quot;&quot;,&quot;camera&quot;:&quot;&quot;,&quot;caption&quot;:&quot;&quot;,&quot;created_timestamp&quot;:&quot;0&quot;,&quot;copyright&quot;:&quot;&quot;,&quot;focal_length&quot;:&quot;0&quot;,&quot;iso&quot;:&quot;0&quot;,&quot;shutter_speed&quot;:&quot;0&quot;,&quot;title&quot;:&quot;&quot;,&quot;orientation&quot;:&quot;0&quot;}\" data-image-title=\"WhatsApp Image 2020-11-22 at 8.07.51 PM\" data-image-description=\"\" data-image-caption=\"\" data-medium-file=\"https:\/\/www.grieta.org.mx\/wp-content\/uploads\/2020\/11\/WhatsApp-Image-2020-11-22-at-8.07.51-PM-148x300.jpeg\" data-large-file=\"https:\/\/www.grieta.org.mx\/wp-content\/uploads\/2020\/11\/WhatsApp-Image-2020-11-22-at-8.07.51-PM-506x1024.jpeg\" class=\"alignnone wp-image-55558 size-full\" src=\"http:\/\/www.grieta.org.mx\/wp-content\/uploads\/2020\/11\/WhatsApp-Image-2020-11-22-at-8.07.51-PM.jpeg\" alt=\"\" width=\"633\" height=\"1280\" srcset=\"https:\/\/www.grieta.org.mx\/wp-content\/uploads\/2020\/11\/WhatsApp-Image-2020-11-22-at-8.07.51-PM.jpeg 633w, https:\/\/www.grieta.org.mx\/wp-content\/uploads\/2020\/11\/WhatsApp-Image-2020-11-22-at-8.07.51-PM-148x300.jpeg 148w, https:\/\/www.grieta.org.mx\/wp-content\/uploads\/2020\/11\/WhatsApp-Image-2020-11-22-at-8.07.51-PM-506x1024.jpeg 506w, https:\/\/www.grieta.org.mx\/wp-content\/uploads\/2020\/11\/WhatsApp-Image-2020-11-22-at-8.07.51-PM-247x500.jpeg 247w\" sizes=\"auto, (max-width: 633px) 100vw, 633px\" \/><\/p>\n<p><strong>Fuentes:<br \/>\nDatos poblaci\u00f3n y turismo:<\/strong><br \/>\n<a href=\"https:\/\/www.datatur.sectur.gob.mx\/ITxEF_Docs\/QROO_ANUARIO_PDF.pdf\" target=\"_blank\" rel=\"noopener noreferrer\">https:\/\/www.datatur.sectur.gob.mx\/ITxEF_Docs\/QROO_ANUARIO_PDF.pdf<\/a><br \/>\n<strong>Datos 9 millones de turistas:<\/strong><br \/>\n<a href=\"https:\/\/lopezobrador.org.mx\/2020\/01\/14\/version-estenografica-de-la-conferencia-de-prensa-matutina-del-presidente-andres-manuel-lopez-obrador-234\/\" target=\"_blank\" rel=\"noopener noreferrer\">https:\/\/lopezobrador.org.mx\/2020\/01\/14\/version-estenografica-de-la-conferencia-de-prensa-matutina-del-presidente-andres-manuel-lopez-obrador-234\/<\/a><br \/>\n<a href=\"https:\/\/www.contralinea.com.mx\/archivo-revista\/2020\/01\/14\/tren-maya-llevaria-9-millones-de-turistas-a-selva-maya-de-quintana-roo-lopez-obrador\/\" target=\"_blank\" rel=\"noopener noreferrer\">https:\/\/www.contralinea.com.mx\/archivo-revista\/2020\/01\/14\/tren-maya-llevaria-9-millones-de-turistas-a-selva-maya-de-quintana-roo-lopez-obrador\/<\/a><br \/>\n<strong>Precio de la tierra:<\/strong><br \/>\n<a href=\"https:\/\/www.eleconomista.com.mx\/estados\/Crece-350-el-precio-de-la-tierra-en-Bacalar-por-especulacion-sobre-Tren-Maya-20190830-0016.html\" target=\"_blank\" rel=\"noopener noreferrer\">https:\/\/www.eleconomista.com.mx\/estados\/Crece-350-el-precio-de-la-tierra-en-Bacalar-por-especulacion-sobre-Tren-Maya-20190830-0016.html<\/a><br \/>\n<strong>Colapso ambiental:<\/strong><br \/>\n<a href=\"https:\/\/www.lajornadamaya.mx\/quintana-roo\/10208\/Conforman-el-primer-Comite-de-Residuos-de-Bacalar\" target=\"_blank\" rel=\"noopener noreferrer\">https:\/\/www.lajornadamaya.mx\/quintana-roo\/10208\/Conforman-el-primer-Comite-de-Residuos-de-Bacalar<\/a><br \/>\n<a href=\"https:\/\/www.dgcs.unam.mx\/boletin\/bdboletin\/2020_579.html\" target=\"_blank\" rel=\"noopener noreferrer\">https:\/\/www.dgcs.unam.mx\/boletin\/bdboletin\/2020_579.html<\/a><\/p>\n","protected":false},"excerpt":{"rendered":"<p>Colectivo Grieta &nbsp; &nbsp; &nbsp; La estaci\u00f3n de Bacalar se planea como una de las 19 estaciones del mega proyecto de despojo, mal llamado Tren Maya. Bacalar es una localidad &hellip; <a href=\"https:\/\/www.grieta.org.mx\/index.php\/2020\/11\/28\/que-desarrollo-traera-el-tren-maya-estacion-bacalar\/\" class=\"more-link\">Leer m\u00e1s<\/a><\/p>\n","protected":false},"author":2,"featured_media":55556,"comment_status":"closed","ping_status":"closed","sticky":false,"template":"","format":"standard","meta":{"ngg_post_thumbnail":0,"_jetpack_newsletter_access":"","_jetpack_dont_email_post_to_subs":false,"_jetpack_newsletter_tier_id":0,"_jetpack_memberships_contains_paywalled_content":false,"_jetpack_memberships_contains_paid_content":false,"footnotes":""},"categories":[80,1775,3,922,944,2,28,1876,2026,2044],"tags":[2987,3514,1878],"class_list":["post-55555","post","type-post","status-publish","format-standard","has-post-thumbnail","hentry","category-cintillo","category-colectivo-grieta","category-megaproyectos","category-megaproyectos-estados","category-mp-quintana-roo","category-noticias-nacionales","category-quintana-roo","category-resistencia-al-tren-maya-en-la-peninsula-de-yucatan-quintana-roo","category-tren-maya","category-tren-maya-analisis","tag-impacto-ecologico-por-tren-maya","tag-protestas-contra-tren-maya","tag-tren-maya","entry"],"jetpack_featured_media_url":"https:\/\/www.grieta.org.mx\/wp-content\/uploads\/2020\/11\/WhatsApp-Image-2020-11-22-at-8.07.51-PM.jpg","jetpack_sharing_enabled":true,"jetpack_shortlink":"https:\/\/wp.me\/p7ZJR4-es3","jetpack_likes_enabled":false,"jetpack-related-posts":[{"id":68588,"url":"https:\/\/www.grieta.org.mx\/index.php\/2024\/02\/09\/colapsa-estructura-del-tren-maya-cerca-de-bacalar-hay-dos-personas-lesionadas-videoquintana-roo\/","url_meta":{"origin":55555,"position":0},"title":"Colapsa estructura del Tren Maya cerca de Bacalar; hay dos personas lesionadas (Video)(Quintana Roo)","author":"grieta","date":"9 febrero, 2024","format":false,"excerpt":"Octavio Mart\u00ednez \/ Revista Proceso El desplome de una estructura de concreto en las obras del Tren Maya cerca de Bacalar, en Quintana Roo, dej\u00f3 un saldo de dos trabajadores lesionados. CANC\u00daN, Qroo. (apro).\u2013 El desplome de una estructura de concreto en las obras del Tren Maya cerca de Bacalar,\u2026","rel":"","context":"En &quot;CINTILLO&quot;","block_context":{"text":"CINTILLO","link":"https:\/\/www.grieta.org.mx\/index.php\/category\/cintillo\/"},"img":{"alt_text":"","src":"https:\/\/i0.wp.com\/www.grieta.org.mx\/wp-content\/uploads\/2024\/03\/TrenAccidente-e1709625311972.jpg?resize=350%2C200&ssl=1","width":350,"height":200,"srcset":"https:\/\/i0.wp.com\/www.grieta.org.mx\/wp-content\/uploads\/2024\/03\/TrenAccidente-e1709625311972.jpg?resize=350%2C200&ssl=1 1x, https:\/\/i0.wp.com\/www.grieta.org.mx\/wp-content\/uploads\/2024\/03\/TrenAccidente-e1709625311972.jpg?resize=525%2C300&ssl=1 1.5x, https:\/\/i0.wp.com\/www.grieta.org.mx\/wp-content\/uploads\/2024\/03\/TrenAccidente-e1709625311972.jpg?resize=700%2C400&ssl=1 2x"},"classes":[]},{"id":70705,"url":"https:\/\/www.grieta.org.mx\/index.php\/2024\/12\/13\/trabajadores-del-tren-maya-bloquean-la-carretera-chetumal-bacalar-por-salarios-atrasados-quintana-roo\/","url_meta":{"origin":55555,"position":1},"title":"Trabajadores del Tren Maya Bloquean la Carretera Chetumal-Bacalar por Salarios Atrasados (Quintana Roo)","author":"grieta","date":"13 diciembre, 2024","format":false,"excerpt":"Antonio Brice\u00f1o \/ CAMBIO 22 Trabajadores del Tren Maya bloquearon esta ma\u00f1ana la carretera Chetumal-Bacalar, en protesta por la falta de pago de sus salarios desde octubre Exigen una soluci\u00f3n inmediata para poder reanudar su labor CHETUMAL, 13 de diciembre.- Un grupo de trabajadores del Tren Maya bloque\u00f3 esta ma\u00f1ana\u2026","rel":"","context":"En &quot;CINTILLO&quot;","block_context":{"text":"CINTILLO","link":"https:\/\/www.grieta.org.mx\/index.php\/category\/cintillo\/"},"img":{"alt_text":"","src":"https:\/\/i0.wp.com\/www.grieta.org.mx\/wp-content\/uploads\/2024\/12\/Bloqueo.jpg?resize=350%2C200&ssl=1","width":350,"height":200},"classes":[]},{"id":69827,"url":"https:\/\/www.grieta.org.mx\/index.php\/2024\/09\/06\/ejidatarios-de-limones-bloquean-acceso-al-tren-maya-quintana-roo\/","url_meta":{"origin":55555,"position":2},"title":"Ejidatarios de Limones bloquean acceso al Tren Maya (Quintana Roo)","author":"grieta","date":"6 septiembre, 2024","format":false,"excerpt":"Christian Christ \/ De Peso Quintana Roo Este viernes 6 de septiembre habitantes del poblado de Limones, en el municipio de Bacalar, bloquearon temporalmente la entrada principal que conduce a la estaci\u00f3n del Tren Maya, debido al incumplimiento de acuerdos previamente pactados. El bloqueo se realiz\u00f3 en la carretera Chetumal-Canc\u00fan,\u2026","rel":"","context":"En &quot;CINTILLO&quot;","block_context":{"text":"CINTILLO","link":"https:\/\/www.grieta.org.mx\/index.php\/category\/cintillo\/"},"img":{"alt_text":"","src":"https:\/\/i0.wp.com\/www.grieta.org.mx\/wp-content\/uploads\/2024\/09\/bloqueo-e1727228798471.jpg?resize=350%2C200&ssl=1","width":350,"height":200,"srcset":"https:\/\/i0.wp.com\/www.grieta.org.mx\/wp-content\/uploads\/2024\/09\/bloqueo-e1727228798471.jpg?resize=350%2C200&ssl=1 1x, https:\/\/i0.wp.com\/www.grieta.org.mx\/wp-content\/uploads\/2024\/09\/bloqueo-e1727228798471.jpg?resize=525%2C300&ssl=1 1.5x, https:\/\/i0.wp.com\/www.grieta.org.mx\/wp-content\/uploads\/2024\/09\/bloqueo-e1727228798471.jpg?resize=700%2C400&ssl=1 2x"},"classes":[]},{"id":67152,"url":"https:\/\/www.grieta.org.mx\/index.php\/2023\/07\/08\/ejercito-suspende-relleno-del-estero-de-chac-ante-quejas-de-habitantes-de-bacalar-quintana-roo\/","url_meta":{"origin":55555,"position":3},"title":"Ej\u00e9rcito suspende relleno del estero de Chac ante quejas de habitantes de Bacalar (Quintana Roo)","author":"grieta","date":"8 julio, 2023","format":false,"excerpt":"Emilio G\u00f3mez \/ Foto: Facebook Acci\u00f3n Juvenil Quintana Roo \/ La Jornada Maya Chetumal, Quintana Roo El Ej\u00e9rcito mexicano suspendi\u00f3 el relleno del estero de Chac, un canal de agua que parte de la ciudad de Chetumal, de norte a sur y que conecta a la laguna de Bacalar con\u2026","rel":"","context":"En &quot;CINTILLO&quot;","block_context":{"text":"CINTILLO","link":"https:\/\/www.grieta.org.mx\/index.php\/category\/cintillo\/"},"img":{"alt_text":"","src":"https:\/\/i0.wp.com\/www.grieta.org.mx\/wp-content\/uploads\/2023\/07\/RellenoChetumal-e1688839701794.jpg?resize=350%2C200&ssl=1","width":350,"height":200,"srcset":"https:\/\/i0.wp.com\/www.grieta.org.mx\/wp-content\/uploads\/2023\/07\/RellenoChetumal-e1688839701794.jpg?resize=350%2C200&ssl=1 1x, https:\/\/i0.wp.com\/www.grieta.org.mx\/wp-content\/uploads\/2023\/07\/RellenoChetumal-e1688839701794.jpg?resize=525%2C300&ssl=1 1.5x, https:\/\/i0.wp.com\/www.grieta.org.mx\/wp-content\/uploads\/2023\/07\/RellenoChetumal-e1688839701794.jpg?resize=700%2C400&ssl=1 2x"},"classes":[]},{"id":69310,"url":"https:\/\/www.grieta.org.mx\/index.php\/2024\/07\/21\/culpan-a-obras-del-tren-maya-de-inundaciones-en-bacalar-quintana-roo\/","url_meta":{"origin":55555,"position":4},"title":"Culpan a obras del Tren Maya de inundaciones en Bacalar (Quintana Roo)","author":"grieta","date":"21 julio, 2024","format":false,"excerpt":"Carolina Carrasco \/ Foto: @VisionRedTez \/ Infobae Los pobladores de la zona advirtieron a los ingenieros del Tren Maya que esto pod\u00eda ocurrir. Comunidades de la zona de Bacalar que llevan poco m\u00e1s de 10 d\u00edas inundadas aseguran que este fen\u00f3meno ha sido culpa de las construcciones del Tren Maya,\u2026","rel":"","context":"En &quot;CINTILLO&quot;","block_context":{"text":"CINTILLO","link":"https:\/\/www.grieta.org.mx\/index.php\/category\/cintillo\/"},"img":{"alt_text":"","src":"https:\/\/i0.wp.com\/www.grieta.org.mx\/wp-content\/uploads\/2024\/07\/Bacalar-e1721568433550.jpg?resize=350%2C200&ssl=1","width":350,"height":200,"srcset":"https:\/\/i0.wp.com\/www.grieta.org.mx\/wp-content\/uploads\/2024\/07\/Bacalar-e1721568433550.jpg?resize=350%2C200&ssl=1 1x, https:\/\/i0.wp.com\/www.grieta.org.mx\/wp-content\/uploads\/2024\/07\/Bacalar-e1721568433550.jpg?resize=525%2C300&ssl=1 1.5x, https:\/\/i0.wp.com\/www.grieta.org.mx\/wp-content\/uploads\/2024\/07\/Bacalar-e1721568433550.jpg?resize=700%2C400&ssl=1 2x"},"classes":[]},{"id":69528,"url":"https:\/\/www.grieta.org.mx\/index.php\/2024\/07\/31\/responsabilizan-a-las-obras-del-tren-maya-por-crear-diques-y-amenazan-con-bloqueos-realizan-manifestacion-frente-al-palacio-municipal-de-bacalar-colonos-afectados-por-inundaciones-provocadas-por-las\/","url_meta":{"origin":55555,"position":5},"title":"Responsabilizan a las obras del Tren Maya por crear diques y amenazan con bloqueos: Realizan manifestaci\u00f3n frente al palacio municipal de Bacalar colonos afectados por inundaciones provocadas por las lluvias de junio(Quintana Roo)","author":"grieta","date":"31 julio, 2024","format":false,"excerpt":"Rafael Brice\u00f1o \/ Noticaribe BACALAR, MX.- Luego de varias promesas de atenci\u00f3n por la p\u00e9rdida de su patrimonio a consecuencia de las lluvias de junio pasado sin que se hayan cumplido, habitantes de las colonias \u201cDiego Rojas \u201cZapata\u201d y \u201cNuevo Progreso\u201d realizaron una manifestaci\u00f3n frente al municipio de Bacalar en\u2026","rel":"","context":"En &quot;CINTILLO&quot;","block_context":{"text":"CINTILLO","link":"https:\/\/www.grieta.org.mx\/index.php\/category\/cintillo\/"},"img":{"alt_text":"","src":"https:\/\/i0.wp.com\/www.grieta.org.mx\/wp-content\/uploads\/2024\/08\/inundaciones-e1725138793411.jpg?resize=350%2C200&ssl=1","width":350,"height":200,"srcset":"https:\/\/i0.wp.com\/www.grieta.org.mx\/wp-content\/uploads\/2024\/08\/inundaciones-e1725138793411.jpg?resize=350%2C200&ssl=1 1x, https:\/\/i0.wp.com\/www.grieta.org.mx\/wp-content\/uploads\/2024\/08\/inundaciones-e1725138793411.jpg?resize=525%2C300&ssl=1 1.5x, https:\/\/i0.wp.com\/www.grieta.org.mx\/wp-content\/uploads\/2024\/08\/inundaciones-e1725138793411.jpg?resize=700%2C400&ssl=1 2x"},"classes":[]}],"_links":{"self":[{"href":"https:\/\/www.grieta.org.mx\/index.php\/wp-json\/wp\/v2\/posts\/55555","targetHints":{"allow":["GET"]}}],"collection":[{"href":"https:\/\/www.grieta.org.mx\/index.php\/wp-json\/wp\/v2\/posts"}],"about":[{"href":"https:\/\/www.grieta.org.mx\/index.php\/wp-json\/wp\/v2\/types\/post"}],"author":[{"embeddable":true,"href":"https:\/\/www.grieta.org.mx\/index.php\/wp-json\/wp\/v2\/users\/2"}],"replies":[{"embeddable":true,"href":"https:\/\/www.grieta.org.mx\/index.php\/wp-json\/wp\/v2\/comments?post=55555"}],"version-history":[{"count":1,"href":"https:\/\/www.grieta.org.mx\/index.php\/wp-json\/wp\/v2\/posts\/55555\/revisions"}],"predecessor-version":[{"id":55560,"href":"https:\/\/www.grieta.org.mx\/index.php\/wp-json\/wp\/v2\/posts\/55555\/revisions\/55560"}],"wp:featuredmedia":[{"embeddable":true,"href":"https:\/\/www.grieta.org.mx\/index.php\/wp-json\/wp\/v2\/media\/55556"}],"wp:attachment":[{"href":"https:\/\/www.grieta.org.mx\/index.php\/wp-json\/wp\/v2\/media?parent=55555"}],"wp:term":[{"taxonomy":"category","embeddable":true,"href":"https:\/\/www.grieta.org.mx\/index.php\/wp-json\/wp\/v2\/categories?post=55555"},{"taxonomy":"post_tag","embeddable":true,"href":"https:\/\/www.grieta.org.mx\/index.php\/wp-json\/wp\/v2\/tags?post=55555"}],"curies":[{"name":"wp","href":"https:\/\/api.w.org\/{rel}","templated":true}]}}