{"id":5554,"date":"2015-11-22T15:15:33","date_gmt":"2015-11-22T15:15:33","guid":{"rendered":"http:\/\/50.22.11.12\/~grietaor\/?p=5554"},"modified":"2016-04-25T02:07:19","modified_gmt":"2016-04-25T02:07:19","slug":"padres-de-los-normalistas-desaparecidos-afirman-que-seguiran-su-lucha","status":"publish","type":"post","link":"https:\/\/www.grieta.org.mx\/index.php\/2015\/11\/22\/padres-de-los-normalistas-desaparecidos-afirman-que-seguiran-su-lucha\/","title":{"rendered":"Padres de los normalistas desaparecidos afirman que seguir\u00e1n su lucha"},"content":{"rendered":"<p>Por Juan Carlos G. Partida, corresponsal<\/p>\n<p>Guadalajara, Jal. Padres de cuatro de los 43 normalistas desaparecidos de Ayotzinapa, Guerrero, estuvieron este domingo en el encuentro por la vida, la paz y la justicia que se celebr\u00f3 en el pueblo de Temacapul\u00edn, Jalisco, amenazado con desaparecer por la construcci\u00f3n de la presa El Zapotillo, donde los pobladores llevan diez a\u00f1os en resistencia contra el embalse.<\/p>\n<p>Tras la bienvenida y una misa, hubo un encuentro abierto entre pobladores y los comisionados del grupo de padres de familia que buscan a sus hijos normalistas: Epifanio \u00c1lvarez Carvajal, Eleucadio Ortega C\u00e1rdenas, Francisco Lauro y Bernab\u00e9 Abrajan.<\/p>\n<p>Los padres reiteraron que continuar\u00e1n en la b\u00fasqueda de sus muchachos y que ante la falta de resultados para dar una versi\u00f3n cre\u00edble sobre su destino, lo \u00fanico que les brinda esperanza es la intervenci\u00f3n de expertos extranjeros que garanticen la imparcialidad de los resultados, luego de los intentos del gobierno para crear versiones falsas.<\/p>\n<p>Los padres de normalistas est\u00e1n en Jalisco desde el pasado mi\u00e9rcoles y su actividad en Temacapul\u00edn conforma una apretada agenda en actividades de resistencia, como el desfile independiente del 20 de noviembre en el que participaron a la vanguardia.<\/p>\n<p>El Comit\u00e9 Salvemos Temacapul\u00edn fue el que los invit\u00f3 al pueblo, donde los habitantes tambi\u00e9n expresaron su convicci\u00f3n a no abandonar su tierra ni propiedades ante un proyecto privatizador del agua que ha vulnerado durante una d\u00e9cada sus derechos humanos.<\/p>\n<p><a href=\"http:\/\/www.jornada.unam.mx\/ultimas\/2015\/11\/22\/padres-de-los-normalistas-desaparecidos-afirman-que-seguiran-su-lucha-8926.html\" target=\"_blank\">http:\/\/www.jornada.unam.mx\/ultimas\/2015\/11\/22\/padres-de-los-normalistas-desaparecidos-afirman-que-seguiran-su-lucha-8926.html<\/a><\/p>\n","protected":false},"excerpt":{"rendered":"<p>Por Juan Carlos G. Partida, corresponsal Guadalajara, Jal. Padres de cuatro de los 43 normalistas desaparecidos de Ayotzinapa, Guerrero, estuvieron este domingo en el encuentro por la vida, la paz &hellip; <a href=\"https:\/\/www.grieta.org.mx\/index.php\/2015\/11\/22\/padres-de-los-normalistas-desaparecidos-afirman-que-seguiran-su-lucha\/\" class=\"more-link\">Leer m\u00e1s<\/a><\/p>\n","protected":false},"author":2,"featured_media":21928,"comment_status":"closed","ping_status":"open","sticky":false,"template":"","format":"standard","meta":{"ngg_post_thumbnail":0,"_jetpack_newsletter_access":"","_jetpack_dont_email_post_to_subs":false,"_jetpack_newsletter_tier_id":0,"_jetpack_memberships_contains_paywalled_content":false,"_jetpack_memberships_contains_paid_content":false,"footnotes":""},"categories":[80,230],"tags":[229],"class_list":["post-5554","post","type-post","status-publish","format-standard","has-post-thumbnail","hentry","category-cintillo","category-jalisco","tag-solidaridad-con-ayotzinapa","entry"],"jetpack_featured_media_url":"https:\/\/www.grieta.org.mx\/wp-content\/uploads\/2018\/03\/14524434_1106112876131411_958039263622046936_o.jpg","jetpack_sharing_enabled":true,"jetpack_shortlink":"https:\/\/wp.me\/p7ZJR4-1rA","jetpack_likes_enabled":false,"jetpack-related-posts":[{"id":5548,"url":"https:\/\/www.grieta.org.mx\/index.php\/2016\/01\/24\/movilizaciones-por-ayotzinapa-en-jalisco\/","url_meta":{"origin":5554,"position":0},"title":"Movilizaciones por Ayotzinapa en Jalisco","author":"grieta","date":"24 enero, 2016","format":false,"excerpt":"24\/01\/16. Caravana de padres de Ayotzinapa llega a JaliscoInformador 22\/11\/15. Padres de los normalistas desaparecidos afirman que seguir\u00e1n su luchaLa Jornada 20\/11\/15. 'No nos dejen solos', piden padres de normalistasEl Informador 27\/10\/15. Persiste demanda por AyotzinapaNtr Guadajara\/Cr\u00f3nica de Sociales 26\/09\/15. Retumbaron gritos por justicia por normalistas de Ayotzinapa tambi\u00e9n en\u2026","rel":"","context":"En &quot;Jalisco&quot;","block_context":{"text":"Jalisco","link":"https:\/\/www.grieta.org.mx\/index.php\/category\/noticias-nacionales\/jalisco\/"},"img":{"alt_text":"","src":"https:\/\/i0.wp.com\/www.grieta.org.mx\/wp-content\/uploads\/2018\/03\/14524434_1106112876131411_958039263622046936_o.jpg?resize=350%2C200&ssl=1","width":350,"height":200,"srcset":"https:\/\/i0.wp.com\/www.grieta.org.mx\/wp-content\/uploads\/2018\/03\/14524434_1106112876131411_958039263622046936_o.jpg?resize=350%2C200&ssl=1 1x, https:\/\/i0.wp.com\/www.grieta.org.mx\/wp-content\/uploads\/2018\/03\/14524434_1106112876131411_958039263622046936_o.jpg?resize=525%2C300&ssl=1 1.5x, https:\/\/i0.wp.com\/www.grieta.org.mx\/wp-content\/uploads\/2018\/03\/14524434_1106112876131411_958039263622046936_o.jpg?resize=700%2C400&ssl=1 2x"},"classes":[]},{"id":5995,"url":"https:\/\/www.grieta.org.mx\/index.php\/2016\/05\/01\/movilizaciones-por-ayotzinapa-en-guanajuato\/","url_meta":{"origin":5554,"position":1},"title":"Movilizaciones por Ayotzinapa en Guanajuato","author":"grieta","date":"1 mayo, 2016","format":false,"excerpt":"01\/05\/2016. Se manifiestan por los 43 normalistas de Ayotzinapa durante Marcha por el D\u00eda del Trabajo en Le\u00f3nZona Franca 26\/11\/2015. Se manifiestan colectivos en Le\u00f3n para recordar a los 43 estudiantes de AyotzinapaZona Franca 26\/10\/2015. Estudiantes y padres de familia de Ayotzinapa se manifiestan en el Cervantino en GuanajuatoAM 12\/10\/2015.\u2026","rel":"","context":"En &quot;Guanajuato&quot;","block_context":{"text":"Guanajuato","link":"https:\/\/www.grieta.org.mx\/index.php\/category\/noticias-nacionales\/guanajuato\/"},"img":{"alt_text":"","src":"https:\/\/i0.wp.com\/www.grieta.org.mx\/wp-content\/uploads\/2018\/03\/14524434_1106112876131411_958039263622046936_o.jpg?resize=350%2C200&ssl=1","width":350,"height":200,"srcset":"https:\/\/i0.wp.com\/www.grieta.org.mx\/wp-content\/uploads\/2018\/03\/14524434_1106112876131411_958039263622046936_o.jpg?resize=350%2C200&ssl=1 1x, https:\/\/i0.wp.com\/www.grieta.org.mx\/wp-content\/uploads\/2018\/03\/14524434_1106112876131411_958039263622046936_o.jpg?resize=525%2C300&ssl=1 1.5x, https:\/\/i0.wp.com\/www.grieta.org.mx\/wp-content\/uploads\/2018\/03\/14524434_1106112876131411_958039263622046936_o.jpg?resize=700%2C400&ssl=1 2x"},"classes":[]},{"id":5561,"url":"https:\/\/www.grieta.org.mx\/index.php\/2015\/11\/20\/no-nos-dejen-solos-piden-padres-de-normalistas-en-guadalajara\/","url_meta":{"origin":5554,"position":2},"title":"\u2018No nos dejen solos\u2019, piden padres de normalistas en Guadalajara.","author":"grieta","date":"20 noviembre, 2015","format":false,"excerpt":"THAMARA VILLASE\u00d1OR Realizar\u00e1n un plant\u00f3 el pr\u00f3ximo 26 de noviembre en la Ciudad de M\u00e9xico Al llegar a la delegaci\u00f3n de la PGR en Jalisco, exigen justicia para sus familias y que las autoridades digan la verdad GUADALAJARA, JALISCO (20\/NOV\/2015).- Luego de caminar desde el Parque Rojo hacia la delegaci\u00f3n\u2026","rel":"","context":"En &quot;CINTILLO&quot;","block_context":{"text":"CINTILLO","link":"https:\/\/www.grieta.org.mx\/index.php\/category\/cintillo\/"},"img":{"alt_text":"","src":"https:\/\/i0.wp.com\/www.grieta.org.mx\/wp-content\/uploads\/2018\/03\/14524434_1106112876131411_958039263622046936_o.jpg?resize=350%2C200&ssl=1","width":350,"height":200,"srcset":"https:\/\/i0.wp.com\/www.grieta.org.mx\/wp-content\/uploads\/2018\/03\/14524434_1106112876131411_958039263622046936_o.jpg?resize=350%2C200&ssl=1 1x, https:\/\/i0.wp.com\/www.grieta.org.mx\/wp-content\/uploads\/2018\/03\/14524434_1106112876131411_958039263622046936_o.jpg?resize=525%2C300&ssl=1 1.5x, https:\/\/i0.wp.com\/www.grieta.org.mx\/wp-content\/uploads\/2018\/03\/14524434_1106112876131411_958039263622046936_o.jpg?resize=700%2C400&ssl=1 2x"},"classes":[]},{"id":4110,"url":"https:\/\/www.grieta.org.mx\/index.php\/2015\/02\/23\/padres-de-normalistas-dejan-istmo-con-marcha-exigen-presentacion-con-vida-de-sus-hijos\/","url_meta":{"origin":5554,"position":3},"title":"Padres de normalistas dejan Istmo; con marcha exigen presentaci\u00f3n con vida de sus hijos","author":"grieta","date":"23 febrero, 2015","format":false,"excerpt":"Diana Manzo, Oaxaca JUCHIT\u00c1N, OAX., (pagina3.mx).- Familiares de los normalistas desaparecidos de Ayotzinapa se despidieron de la ciudad zapoteca de Juchit\u00e1n con una marcha por las principales calles acompa\u00f1ados del Comit\u00e9 de Solidaridad por Ayotzinapa y exigieron al gobierno mexicano la presentaci\u00f3n con vida de los 43 normalistas que desaparecieron\u2026","rel":"","context":"En &quot;CINTILLO&quot;","block_context":{"text":"CINTILLO","link":"https:\/\/www.grieta.org.mx\/index.php\/category\/cintillo\/"},"img":{"alt_text":"","src":"https:\/\/i0.wp.com\/www.grieta.org.mx\/wp-content\/uploads\/2018\/03\/14524434_1106112876131411_958039263622046936_o.jpg?resize=350%2C200&ssl=1","width":350,"height":200,"srcset":"https:\/\/i0.wp.com\/www.grieta.org.mx\/wp-content\/uploads\/2018\/03\/14524434_1106112876131411_958039263622046936_o.jpg?resize=350%2C200&ssl=1 1x, https:\/\/i0.wp.com\/www.grieta.org.mx\/wp-content\/uploads\/2018\/03\/14524434_1106112876131411_958039263622046936_o.jpg?resize=525%2C300&ssl=1 1.5x, https:\/\/i0.wp.com\/www.grieta.org.mx\/wp-content\/uploads\/2018\/03\/14524434_1106112876131411_958039263622046936_o.jpg?resize=700%2C400&ssl=1 2x"},"classes":[]},{"id":69941,"url":"https:\/\/www.grieta.org.mx\/index.php\/2024\/09\/27\/ayotzinapa-vive-la-lucha-sigue-marchan-en-guadalajara-a-10-anos-de-la-desaparicion-de-los-43-normalistas-jalisco\/","url_meta":{"origin":5554,"position":4},"title":"\u00a1Ayotzinapa vive, la lucha sigue! Marchan en Guadalajara a 10 a\u00f1os de la desaparici\u00f3n de los 43 normalistas (Jalisco)","author":"grieta","date":"27 septiembre, 2024","format":false,"excerpt":"Imagen: Zona Docs En el marco del d\u00e9cimo aniversario de la desaparici\u00f3n forzada de los 43 normalistas de Ayotzinapa, estudiantes de la Escuela Normal Rural Miguel Hidalgo en Jalisco, se manifestaron en el centro de la ciudad de Guadalajara para mantener vigente y activo el reclamo de justicia y no\u2026","rel":"","context":"En &quot;CINTILLO&quot;","block_context":{"text":"CINTILLO","link":"https:\/\/www.grieta.org.mx\/index.php\/category\/cintillo\/"},"img":{"alt_text":"","src":"https:\/\/i0.wp.com\/www.grieta.org.mx\/wp-content\/uploads\/2024\/10\/IMG_F992B672CF6C-6.jpeg?resize=350%2C200&ssl=1","width":350,"height":200,"srcset":"https:\/\/i0.wp.com\/www.grieta.org.mx\/wp-content\/uploads\/2024\/10\/IMG_F992B672CF6C-6.jpeg?resize=350%2C200&ssl=1 1x, https:\/\/i0.wp.com\/www.grieta.org.mx\/wp-content\/uploads\/2024\/10\/IMG_F992B672CF6C-6.jpeg?resize=525%2C300&ssl=1 1.5x, https:\/\/i0.wp.com\/www.grieta.org.mx\/wp-content\/uploads\/2024\/10\/IMG_F992B672CF6C-6.jpeg?resize=700%2C400&ssl=1 2x, https:\/\/i0.wp.com\/www.grieta.org.mx\/wp-content\/uploads\/2024\/10\/IMG_F992B672CF6C-6.jpeg?resize=1050%2C600&ssl=1 3x"},"classes":[]},{"id":2147,"url":"https:\/\/www.grieta.org.mx\/index.php\/2016\/01\/20\/llegaron-a-durango-padres-de-estudiantes-normalistas-desaparecidos\/","url_meta":{"origin":5554,"position":5},"title":"Llegaron a Durango padres de estudiantes normalistas desaparecidos","author":"grieta","date":"20 enero, 2016","format":false,"excerpt":"La Voz de Durango CINTHYA ROSALES Este mi\u00e9rcoles lleg\u00f3 a Durango una caravana de padres de los 43 estudiantes de la Escuela Normal Rural de Ayotzinapa y que se encuentran desaparecidos desde hace ya 15 meses, por lo tanto, aseguraron que este movimiento que ha surgido en todo el pa\u00eds\u2026","rel":"","context":"En &quot;CINTILLO&quot;","block_context":{"text":"CINTILLO","link":"https:\/\/www.grieta.org.mx\/index.php\/category\/cintillo\/"},"img":{"alt_text":"","src":"https:\/\/i0.wp.com\/www.grieta.org.mx\/wp-content\/uploads\/2018\/03\/14524434_1106112876131411_958039263622046936_o.jpg?resize=350%2C200&ssl=1","width":350,"height":200,"srcset":"https:\/\/i0.wp.com\/www.grieta.org.mx\/wp-content\/uploads\/2018\/03\/14524434_1106112876131411_958039263622046936_o.jpg?resize=350%2C200&ssl=1 1x, https:\/\/i0.wp.com\/www.grieta.org.mx\/wp-content\/uploads\/2018\/03\/14524434_1106112876131411_958039263622046936_o.jpg?resize=525%2C300&ssl=1 1.5x, https:\/\/i0.wp.com\/www.grieta.org.mx\/wp-content\/uploads\/2018\/03\/14524434_1106112876131411_958039263622046936_o.jpg?resize=700%2C400&ssl=1 2x"},"classes":[]}],"_links":{"self":[{"href":"https:\/\/www.grieta.org.mx\/index.php\/wp-json\/wp\/v2\/posts\/5554","targetHints":{"allow":["GET"]}}],"collection":[{"href":"https:\/\/www.grieta.org.mx\/index.php\/wp-json\/wp\/v2\/posts"}],"about":[{"href":"https:\/\/www.grieta.org.mx\/index.php\/wp-json\/wp\/v2\/types\/post"}],"author":[{"embeddable":true,"href":"https:\/\/www.grieta.org.mx\/index.php\/wp-json\/wp\/v2\/users\/2"}],"replies":[{"embeddable":true,"href":"https:\/\/www.grieta.org.mx\/index.php\/wp-json\/wp\/v2\/comments?post=5554"}],"version-history":[{"count":1,"href":"https:\/\/www.grieta.org.mx\/index.php\/wp-json\/wp\/v2\/posts\/5554\/revisions"}],"predecessor-version":[{"id":10875,"href":"https:\/\/www.grieta.org.mx\/index.php\/wp-json\/wp\/v2\/posts\/5554\/revisions\/10875"}],"wp:featuredmedia":[{"embeddable":true,"href":"https:\/\/www.grieta.org.mx\/index.php\/wp-json\/wp\/v2\/media\/21928"}],"wp:attachment":[{"href":"https:\/\/www.grieta.org.mx\/index.php\/wp-json\/wp\/v2\/media?parent=5554"}],"wp:term":[{"taxonomy":"category","embeddable":true,"href":"https:\/\/www.grieta.org.mx\/index.php\/wp-json\/wp\/v2\/categories?post=5554"},{"taxonomy":"post_tag","embeddable":true,"href":"https:\/\/www.grieta.org.mx\/index.php\/wp-json\/wp\/v2\/tags?post=5554"}],"curies":[{"name":"wp","href":"https:\/\/api.w.org\/{rel}","templated":true}]}}