{"id":55498,"date":"2020-11-26T16:51:55","date_gmt":"2020-11-26T22:51:55","guid":{"rendered":"http:\/\/www.grieta.org.mx\/?p=55498"},"modified":"2020-11-28T16:57:21","modified_gmt":"2020-11-28T22:57:21","slug":"imparable-la-violencia-contra-las-mujeres-nayarit","status":"publish","type":"post","link":"https:\/\/www.grieta.org.mx\/index.php\/2020\/11\/26\/imparable-la-violencia-contra-las-mujeres-nayarit\/","title":{"rendered":"Imparable la violencia contra las mujeres (Nayarit)"},"content":{"rendered":"<p><img loading=\"lazy\" decoding=\"async\" data-attachment-id=\"55499\" data-permalink=\"https:\/\/www.grieta.org.mx\/index.php\/2020\/11\/26\/imparable-la-violencia-contra-las-mujeres-nayarit\/violencia-2-630x420\/\" data-orig-file=\"https:\/\/www.grieta.org.mx\/wp-content\/uploads\/2020\/11\/violencia-2-630x420-1.jpg\" data-orig-size=\"630,420\" data-comments-opened=\"0\" data-image-meta=\"{&quot;aperture&quot;:&quot;0&quot;,&quot;credit&quot;:&quot;&quot;,&quot;camera&quot;:&quot;&quot;,&quot;caption&quot;:&quot;&quot;,&quot;created_timestamp&quot;:&quot;0&quot;,&quot;copyright&quot;:&quot;&quot;,&quot;focal_length&quot;:&quot;0&quot;,&quot;iso&quot;:&quot;0&quot;,&quot;shutter_speed&quot;:&quot;0&quot;,&quot;title&quot;:&quot;&quot;,&quot;orientation&quot;:&quot;0&quot;}\" data-image-title=\"violencia-2-630&amp;#215;420\" data-image-description=\"\" data-image-caption=\"\" data-medium-file=\"https:\/\/www.grieta.org.mx\/wp-content\/uploads\/2020\/11\/violencia-2-630x420-1-300x200.jpg\" data-large-file=\"https:\/\/www.grieta.org.mx\/wp-content\/uploads\/2020\/11\/violencia-2-630x420-1.jpg\" class=\" wp-image-55499 aligncenter\" src=\"http:\/\/www.grieta.org.mx\/wp-content\/uploads\/2020\/11\/violencia-2-630x420-1.jpg\" alt=\"\" width=\"800\" height=\"535\" srcset=\"https:\/\/www.grieta.org.mx\/wp-content\/uploads\/2020\/11\/violencia-2-630x420-1.jpg 630w, https:\/\/www.grieta.org.mx\/wp-content\/uploads\/2020\/11\/violencia-2-630x420-1-300x200.jpg 300w\" sizes=\"auto, (max-width: 800px) 100vw, 800px\" \/><\/p>\n<p>Imagen: Realidades de Nayarit<\/p>\n<p><em>Exigen un alto a este c\u00e1ncer social<\/em><\/p>\n<p>Por: Ver\u00f3nica Ram\u00edrez<\/p>\n<p>Tepic, Nayarit.- Jueves 26 de Noviembre del 2020.- En M\u00e9xico, la violencia feminicida cobra diez v\u00edctimas todos los d\u00edas y los pol\u00edticos est\u00e1n m\u00e1s interesados en otros temas que en el combate a esta pandemia social que sufren las mujeres desde hace muchos a\u00f1os.<\/p>\n<p>En el marco del d\u00eda Internacional de la Eliminaci\u00f3n de la Violencia contra las Mujeres integrantes del Movimiento por la Equidad en Nayarit sin colores ni ideolog\u00edas exigieron un alto a este c\u00e1ncer social adem\u00e1s de pronunciarse a favor de impulsar una sociedad con paz y sin miedo.<\/p>\n<p>Las participantes se reunieron en la Plaza Bicentenario para montar una guardia de honor en contra de las mujeres v\u00edctimas de la violencia en la entidad, colocando una rosa.<\/p>\n<p>La dirigente de este movimiento, Adriana Guerrero, calific\u00f3 esta violencia como un asunto de mujeres es parte del problema, da una enorme cantidad de hombres que cuando califican asuntos de mujeres, tienen la excusa perfecta para no prestar atenci\u00f3n a esta problem\u00e1tica.<\/p>\n<p>Enfatiz\u00f3 que en M\u00e9xico, seis de cada 10 mujeres sufren o han sufrido violencia, el 41 por ciento de las mujeres han sufrido violencia sexual. Cada 15 segundos en el mundo, una mujer sufre violencia.<\/p>\n<p>\u201cPero \u00bfqu\u00e9 pasa con los agresores? que est\u00e1n violentando a las mujeres. La violencia feminicida cobra 10 v\u00edctimas al d\u00eda y ni a\u00fan as\u00ed, es una agenda importante para todos e incluyo al gobierno, a la sociedad e incluyo a las familias\u201d.<\/p>\n<p>Y es que cuando las mujeres est\u00e1n muriendo, \u00e9sta deber\u00eda ser la agenda de todos y todas. Adem\u00e1s, hay factores que agravan esta situaci\u00f3n: la desigualdad y el maltrato laboral de la que son objetos las mujeres<\/p>\n<p>Tambi\u00e9n se suma la violencia pol\u00edtica en raz\u00f3n de g\u00e9nero de la que son objeto funcionarias, pol\u00edticas, dirigentes de partido, adem\u00e1s de la discriminaci\u00f3n por razones de g\u00e9nero.<\/p>\n<p>\u201cSi en alg\u00fan lugar violentan a una mujer o la asesinan, todas y todos debemos estar conscientes de la profundidad de este problema\u201d finaliz\u00f3 Adriana Guerrero.<\/p>\n<p><a href=\"http:\/\/realidadessperiodico.com\/63610\/\">http:\/\/realidadessperiodico.com\/63610\/<\/a><\/p>\n","protected":false},"excerpt":{"rendered":"<p>Imagen: Realidades de Nayarit Exigen un alto a este c\u00e1ncer social Por: Ver\u00f3nica Ram\u00edrez Tepic, Nayarit.- Jueves 26 de Noviembre del 2020.- En M\u00e9xico, la violencia feminicida cobra diez v\u00edctimas &hellip; <a href=\"https:\/\/www.grieta.org.mx\/index.php\/2020\/11\/26\/imparable-la-violencia-contra-las-mujeres-nayarit\/\" class=\"more-link\">Leer m\u00e1s<\/a><\/p>\n","protected":false},"author":2,"featured_media":55499,"comment_status":"closed","ping_status":"closed","sticky":false,"template":"","format":"standard","meta":{"ngg_post_thumbnail":0,"_jetpack_newsletter_access":"","_jetpack_dont_email_post_to_subs":false,"_jetpack_newsletter_tier_id":0,"_jetpack_memberships_contains_paywalled_content":false,"_jetpack_memberships_contains_paid_content":false,"footnotes":""},"categories":[80,84,2268,23,2,83],"tags":[81,3019,1428],"class_list":["post-55498","post","type-post","status-publish","format-standard","has-post-thumbnail","hentry","category-cintillo","category-feminicidios","category-feminicidios-en-nayarit","category-nayarit","category-noticias-nacionales","category-temas-nacionales","tag-feminicidios","tag-movilizaciones-contra-feminicidios","tag-protestas-contra-el-feminicidio","entry"],"jetpack_featured_media_url":"https:\/\/www.grieta.org.mx\/wp-content\/uploads\/2020\/11\/violencia-2-630x420-1.jpg","jetpack_sharing_enabled":true,"jetpack_shortlink":"https:\/\/wp.me\/p7ZJR4-er8","jetpack_likes_enabled":false,"jetpack-related-posts":[{"id":62797,"url":"https:\/\/www.grieta.org.mx\/index.php\/2021\/11\/25\/con-pintas-y-marcha-colectivos-se-manifiestan-en-el-dia-internacional-de-la-eliminacion-contra-la-violencia-nayarit\/","url_meta":{"origin":55498,"position":0},"title":"Con pintas y marcha colectivos se manifiestan en el \u201cD\u00eda Internacional de la Eliminaci\u00f3n Contra la Violencia\u201d (Nayarit)","author":"grieta","date":"25 noviembre, 2021","format":false,"excerpt":"Foto: El Sol de Nayarit marcha\u00a0 (Ilustrativa) Mildra Ben\u00edtez Robledo \/ Realidades de Nayarit Tepic, Nayarit.- En el marco del \u201cD\u00eda Internacional de la Eliminaci\u00f3n de la Violencia Contra la Mujer\u201d, tal y como lo hab\u00edan anunciado, diversos colectivos marcharon esta tarde de jueves en la capital nayarita desde la\u2026","rel":"","context":"En &quot;CINTILLO&quot;","block_context":{"text":"CINTILLO","link":"https:\/\/www.grieta.org.mx\/index.php\/category\/cintillo\/"},"img":{"alt_text":"","src":"https:\/\/i0.wp.com\/www.grieta.org.mx\/wp-content\/uploads\/2021\/12\/temp_nota_01_81372__20211125231900_117260482207_1623047564731640_8305806915757427746_n.jpg?resize=350%2C200&ssl=1","width":350,"height":200,"srcset":"https:\/\/i0.wp.com\/www.grieta.org.mx\/wp-content\/uploads\/2021\/12\/temp_nota_01_81372__20211125231900_117260482207_1623047564731640_8305806915757427746_n.jpg?resize=350%2C200&ssl=1 1x, https:\/\/i0.wp.com\/www.grieta.org.mx\/wp-content\/uploads\/2021\/12\/temp_nota_01_81372__20211125231900_117260482207_1623047564731640_8305806915757427746_n.jpg?resize=525%2C300&ssl=1 1.5x"},"classes":[]},{"id":51695,"url":"https:\/\/www.grieta.org.mx\/index.php\/2020\/07\/07\/se-incrementa-en-un-cien-por-ciento-las-denuncias-de-violencia-intrafamiliar-y-contra-las-mujeres-nayarit\/","url_meta":{"origin":55498,"position":1},"title":"Se incrementa en un cien por ciento las denuncias de violencia intrafamiliar y contra las mujeres (Nayarit)","author":"grieta","date":"7 julio, 2020","format":false,"excerpt":"Imagen: Realidades de Nayarit Ver\u00f3nica Ram\u00edrez \/ Realidades de Nayarit Tepic, Nayarit. Martes 07 de julio del 2020.- Se incrementa en un cien por ciento las denuncias de violencia intrafamiliar y contra las mujeres desde que inici\u00f3 la pandemia del Covid-19 en Nayarit. Tan s\u00f3lo este domingo se tuvieron 39\u2026","rel":"","context":"En &quot;CINTILLO&quot;","block_context":{"text":"CINTILLO","link":"https:\/\/www.grieta.org.mx\/index.php\/category\/cintillo\/"},"img":{"alt_text":"","src":"https:\/\/i0.wp.com\/www.grieta.org.mx\/wp-content\/uploads\/2020\/07\/pelea.jpg?resize=350%2C200&ssl=1","width":350,"height":200,"srcset":"https:\/\/i0.wp.com\/www.grieta.org.mx\/wp-content\/uploads\/2020\/07\/pelea.jpg?resize=350%2C200&ssl=1 1x, https:\/\/i0.wp.com\/www.grieta.org.mx\/wp-content\/uploads\/2020\/07\/pelea.jpg?resize=525%2C300&ssl=1 1.5x, https:\/\/i0.wp.com\/www.grieta.org.mx\/wp-content\/uploads\/2020\/07\/pelea.jpg?resize=700%2C400&ssl=1 2x"},"classes":[]},{"id":62695,"url":"https:\/\/www.grieta.org.mx\/index.php\/2021\/11\/17\/feministas-convocan-a-marcha-por-el-dia-internacional-de-la-eliminacion-de-la-violencia-contra-la-mujer-nayarit\/","url_meta":{"origin":55498,"position":2},"title":"Feministas convocan a marcha por el \u201cD\u00eda Internacional de la Eliminaci\u00f3n de la Violencia Contra la Mujer\u201d (Nayarit)","author":"grieta","date":"17 noviembre, 2021","format":false,"excerpt":"Foto: Realidades de Nayarit Mildra Ben\u00edtez Robledo \/ Realidades de Nayarit Tepic, Nayarit.- Mi\u00e9rcoles 17 de noviembre del 2021.- En el marco del \u201cD\u00eda Internacional de la Eliminaci\u00f3n de la Violencia Contra la Mujer\u201d, el 25 de noviembre, se llevar\u00e1 a cabo a las 16:30 horas una marcha en la\u2026","rel":"","context":"En &quot;CINTILLO&quot;","block_context":{"text":"CINTILLO","link":"https:\/\/www.grieta.org.mx\/index.php\/category\/cintillo\/"},"img":{"alt_text":"","src":"https:\/\/i0.wp.com\/www.grieta.org.mx\/wp-content\/uploads\/2021\/11\/violencia.jpg?resize=350%2C200&ssl=1","width":350,"height":200,"srcset":"https:\/\/i0.wp.com\/www.grieta.org.mx\/wp-content\/uploads\/2021\/11\/violencia.jpg?resize=350%2C200&ssl=1 1x, https:\/\/i0.wp.com\/www.grieta.org.mx\/wp-content\/uploads\/2021\/11\/violencia.jpg?resize=525%2C300&ssl=1 1.5x, https:\/\/i0.wp.com\/www.grieta.org.mx\/wp-content\/uploads\/2021\/11\/violencia.jpg?resize=700%2C400&ssl=1 2x"},"classes":[]},{"id":66469,"url":"https:\/\/www.grieta.org.mx\/index.php\/2023\/03\/08\/nayarit-colectivos-feministas-marchan-por-la-violencia-que-se-ejerce-contra-ellas\/","url_meta":{"origin":55498,"position":3},"title":"Nayarit: Colectivos feministas marchan por la violencia que se ejerce contra ellas","author":"grieta","date":"8 marzo, 2023","format":false,"excerpt":"Imagen: Crys Ben\u00edtez Crys Ben\u00edtez El Occidental Tepic, Nayarit (OEM- Informex).- Este 8 de Marzo en el marco del \"D\u00eda Internacional de la Mujer\" diversos colectivos feministas marcharon en la capital nayarita con el objetivo de reflexionar en torno a los avances que se han tenido y la deuda que\u2026","rel":"","context":"En &quot;CINTILLO&quot;","block_context":{"text":"CINTILLO","link":"https:\/\/www.grieta.org.mx\/index.php\/category\/cintillo\/"},"img":{"alt_text":"","src":"https:\/\/i0.wp.com\/www.grieta.org.mx\/wp-content\/uploads\/2023\/03\/Manifestantes-Nayarit.jpeg?resize=350%2C200&ssl=1","width":350,"height":200,"srcset":"https:\/\/i0.wp.com\/www.grieta.org.mx\/wp-content\/uploads\/2023\/03\/Manifestantes-Nayarit.jpeg?resize=350%2C200&ssl=1 1x, https:\/\/i0.wp.com\/www.grieta.org.mx\/wp-content\/uploads\/2023\/03\/Manifestantes-Nayarit.jpeg?resize=525%2C300&ssl=1 1.5x, https:\/\/i0.wp.com\/www.grieta.org.mx\/wp-content\/uploads\/2023\/03\/Manifestantes-Nayarit.jpeg?resize=700%2C400&ssl=1 2x"},"classes":[]},{"id":65817,"url":"https:\/\/www.grieta.org.mx\/index.php\/2022\/11\/24\/marcha-en-bahia-por-el-dia-de-erradicacion-de-violencia-contra-la-mujer-nayarit\/","url_meta":{"origin":55498,"position":4},"title":"Marcha en Bah\u00eda por el d\u00eda de Erradicaci\u00f3n de Violencia contra la Mujer (Nayarit)","author":"grieta","date":"24 noviembre, 2022","format":false,"excerpt":"Imagen: Tribuna de la Bah\u00eda Israel Torres \/ Tribuna de la Bah\u00eda Colectivos feministas y familiares de\u00a0mujeres desaparecidas\u00a0de\u00a0Bah\u00eda de Banderas, realizar\u00e1n este\u00a0viernes 25 de noviembre,\u00a0en punto de las 05:00 p.m, una\u00a0marcha conmemorativa al D\u00eda Internacional de la Eliminaci\u00f3n de la Violencia contra la Mujer, con el \u00e1nimo de visibilizar los\u2026","rel":"","context":"En &quot;CINTILLO&quot;","block_context":{"text":"CINTILLO","link":"https:\/\/www.grieta.org.mx\/index.php\/category\/cintillo\/"},"img":{"alt_text":"","src":"https:\/\/i0.wp.com\/www.grieta.org.mx\/wp-content\/uploads\/2022\/11\/marcha-bahia-violencia-cover.jpg?resize=350%2C200&ssl=1","width":350,"height":200,"srcset":"https:\/\/i0.wp.com\/www.grieta.org.mx\/wp-content\/uploads\/2022\/11\/marcha-bahia-violencia-cover.jpg?resize=350%2C200&ssl=1 1x, https:\/\/i0.wp.com\/www.grieta.org.mx\/wp-content\/uploads\/2022\/11\/marcha-bahia-violencia-cover.jpg?resize=525%2C300&ssl=1 1.5x, https:\/\/i0.wp.com\/www.grieta.org.mx\/wp-content\/uploads\/2022\/11\/marcha-bahia-violencia-cover.jpg?resize=700%2C400&ssl=1 2x"},"classes":[]},{"id":49995,"url":"https:\/\/www.grieta.org.mx\/index.php\/2020\/05\/27\/a-inmunay-no-le-importan-agresiones-a-mujeres-nayarit\/","url_meta":{"origin":55498,"position":5},"title":"A INMUNAY no le importan agresiones a mujeres (Nayarit)","author":"grieta","date":"27 mayo, 2020","format":false,"excerpt":"Foto: Realidades de Nayarit A pesar de los dos feminicidios cometidos en menos de 24 horas, para la titular del INMUNAY es algo que no preocupa porque afirma que la violencia ha aumentado s\u00f3lo un poquito Ver\u00f3nica Ram\u00edrez \/ Realidades de Nayarit Tepic, Nayarit.- Mi\u00e9rcoles 27 de mayo del 2020.-\u2026","rel":"","context":"En &quot;CINTILLO&quot;","block_context":{"text":"CINTILLO","link":"https:\/\/www.grieta.org.mx\/index.php\/category\/cintillo\/"},"img":{"alt_text":"","src":"https:\/\/i0.wp.com\/www.grieta.org.mx\/wp-content\/uploads\/2020\/05\/lourdes-mercado.jpeg?resize=350%2C200&ssl=1","width":350,"height":200,"srcset":"https:\/\/i0.wp.com\/www.grieta.org.mx\/wp-content\/uploads\/2020\/05\/lourdes-mercado.jpeg?resize=350%2C200&ssl=1 1x, https:\/\/i0.wp.com\/www.grieta.org.mx\/wp-content\/uploads\/2020\/05\/lourdes-mercado.jpeg?resize=525%2C300&ssl=1 1.5x, https:\/\/i0.wp.com\/www.grieta.org.mx\/wp-content\/uploads\/2020\/05\/lourdes-mercado.jpeg?resize=700%2C400&ssl=1 2x, https:\/\/i0.wp.com\/www.grieta.org.mx\/wp-content\/uploads\/2020\/05\/lourdes-mercado.jpeg?resize=1050%2C600&ssl=1 3x"},"classes":[]}],"_links":{"self":[{"href":"https:\/\/www.grieta.org.mx\/index.php\/wp-json\/wp\/v2\/posts\/55498","targetHints":{"allow":["GET"]}}],"collection":[{"href":"https:\/\/www.grieta.org.mx\/index.php\/wp-json\/wp\/v2\/posts"}],"about":[{"href":"https:\/\/www.grieta.org.mx\/index.php\/wp-json\/wp\/v2\/types\/post"}],"author":[{"embeddable":true,"href":"https:\/\/www.grieta.org.mx\/index.php\/wp-json\/wp\/v2\/users\/2"}],"replies":[{"embeddable":true,"href":"https:\/\/www.grieta.org.mx\/index.php\/wp-json\/wp\/v2\/comments?post=55498"}],"version-history":[{"count":1,"href":"https:\/\/www.grieta.org.mx\/index.php\/wp-json\/wp\/v2\/posts\/55498\/revisions"}],"predecessor-version":[{"id":55500,"href":"https:\/\/www.grieta.org.mx\/index.php\/wp-json\/wp\/v2\/posts\/55498\/revisions\/55500"}],"wp:featuredmedia":[{"embeddable":true,"href":"https:\/\/www.grieta.org.mx\/index.php\/wp-json\/wp\/v2\/media\/55499"}],"wp:attachment":[{"href":"https:\/\/www.grieta.org.mx\/index.php\/wp-json\/wp\/v2\/media?parent=55498"}],"wp:term":[{"taxonomy":"category","embeddable":true,"href":"https:\/\/www.grieta.org.mx\/index.php\/wp-json\/wp\/v2\/categories?post=55498"},{"taxonomy":"post_tag","embeddable":true,"href":"https:\/\/www.grieta.org.mx\/index.php\/wp-json\/wp\/v2\/tags?post=55498"}],"curies":[{"name":"wp","href":"https:\/\/api.w.org\/{rel}","templated":true}]}}