{"id":55494,"date":"2020-11-26T16:31:28","date_gmt":"2020-11-26T22:31:28","guid":{"rendered":"http:\/\/www.grieta.org.mx\/?p=55494"},"modified":"2020-11-28T16:50:50","modified_gmt":"2020-11-28T22:50:50","slug":"gobernador-y-fiscal-de-nayarit-ignoran-las-multiples-desapariciones-forzadas-en-la-entidad","status":"publish","type":"post","link":"https:\/\/www.grieta.org.mx\/index.php\/2020\/11\/26\/gobernador-y-fiscal-de-nayarit-ignoran-las-multiples-desapariciones-forzadas-en-la-entidad\/","title":{"rendered":"Gobernador y fiscal de Nayarit ignoran las m\u00faltiples desapariciones forzadas en la entidad"},"content":{"rendered":"<p><img loading=\"lazy\" decoding=\"async\" data-attachment-id=\"55495\" data-permalink=\"https:\/\/www.grieta.org.mx\/index.php\/2020\/11\/26\/gobernador-y-fiscal-de-nayarit-ignoran-las-multiples-desapariciones-forzadas-en-la-entidad\/desa-2-696x392\/\" data-orig-file=\"https:\/\/www.grieta.org.mx\/wp-content\/uploads\/2020\/11\/desa-2-696x392-1.jpg\" data-orig-size=\"696,392\" data-comments-opened=\"0\" data-image-meta=\"{&quot;aperture&quot;:&quot;0&quot;,&quot;credit&quot;:&quot;&quot;,&quot;camera&quot;:&quot;&quot;,&quot;caption&quot;:&quot;&quot;,&quot;created_timestamp&quot;:&quot;0&quot;,&quot;copyright&quot;:&quot;&quot;,&quot;focal_length&quot;:&quot;0&quot;,&quot;iso&quot;:&quot;0&quot;,&quot;shutter_speed&quot;:&quot;0&quot;,&quot;title&quot;:&quot;&quot;,&quot;orientation&quot;:&quot;1&quot;}\" data-image-title=\"desa-2-696&amp;#215;392\" data-image-description=\"\" data-image-caption=\"\" data-medium-file=\"https:\/\/www.grieta.org.mx\/wp-content\/uploads\/2020\/11\/desa-2-696x392-1-300x169.jpg\" data-large-file=\"https:\/\/www.grieta.org.mx\/wp-content\/uploads\/2020\/11\/desa-2-696x392-1.jpg\" class=\" wp-image-55495 aligncenter\" src=\"http:\/\/www.grieta.org.mx\/wp-content\/uploads\/2020\/11\/desa-2-696x392-1.jpg\" alt=\"\" width=\"800\" height=\"451\" srcset=\"https:\/\/www.grieta.org.mx\/wp-content\/uploads\/2020\/11\/desa-2-696x392-1.jpg 696w, https:\/\/www.grieta.org.mx\/wp-content\/uploads\/2020\/11\/desa-2-696x392-1-300x169.jpg 300w\" sizes=\"auto, (max-width: 800px) 100vw, 800px\" \/><\/p>\n<p>Foto: Realidades de Nayarit<\/p>\n<p><em>Ante la pasividad c\u00f3mplice del gobernador, Antonio Echevarr\u00eda Garc\u00eda y su Fiscal, Petronilo D\u00edaz Ponce, para atender los m\u00faltiples y escandalosos casos de desapariciones forzadas a manos de la polic\u00eda estatal, la Comisi\u00f3n de la Defensa de los Derechos Humanos, les lanza varias recomendaciones orden\u00e1ndoles investigar y castigar a los responsables<\/em><\/p>\n<p>Ver\u00f3nica Ram\u00edrez \/ Realidades de Nayarit<\/p>\n<p>Tepic, Nayarit.- Jueves 26 de noviembre del 2020.- Ante la presunta participaci\u00f3n de cuerpos policiacos en la desaparici\u00f3n forzosa y levantones de personas en Nayarit, emite la Comisi\u00f3n de Defensa de Derechos Humanos local, tres recomendaciones a la Fiscal\u00eda General del Estado, sin embargo, sistem\u00e1ticamente el gobernador del estado, Antonio Echevarr\u00eda Garc\u00eda y su fiscal, Petronilo D\u00edaz Ponce, han ignorado no solamente las recomendaciones de la CDDH sino, lo que es m\u00e1s grave, los mandatos judiciales federales que les han ordenado atender la alerta de g\u00e9nero por la alta cantidad de feminicidios que se han presentado en el estado.<\/p>\n<p>EL GOBERNADOR Y SU FISCAL HAN IGNORADO A LAS NACIONES UNIDAS<\/p>\n<p>Hasta la fecha, tambi\u00e9n han ignorado al Comit\u00e9 contra las Desapariciones Forzadas de las Naciones Unidas (CED), el que emiti\u00f3 39 acciones urgentes para casos de desaparici\u00f3n forzada cometidos entre el a\u00f1o 2012 y el a\u00f1o 2020.<\/p>\n<p>La informaci\u00f3n presentada al CED por colectivos de familiares de personas desaparecidas da cuenta de los altos niveles de corrupci\u00f3n y de la colusi\u00f3n de las instituciones p\u00fablicas con grupos de la delincuencia organizada, situaci\u00f3n que ha propiciado la comisi\u00f3n de graves violaciones a los derechos humanos en los \u00faltimos a\u00f1os, entre otras, las desapariciones forzadas perpetradas presuntamente por la Polic\u00eda Estatal y de la Fiscal\u00eda General del estado de Nayarit.<\/p>\n<p>Los Colectivos de Personas Desaparecidas han exigido justicia contra estos hechos y al parecer comenzaron a ser escuchados<\/p>\n<p>FAMILIARES DE LAS PERSONAS DESAPARECIDAS ACUDIERON A LA COMISI\u00d3N NACIONAL DE LOS DERECHOS HUMANOS<\/p>\n<p>Ante la pasividad c\u00f3mplice del gobernador y de la Fiscal\u00eda, en la b\u00fasqueda de las personas desaparecidas y el castigo a los culpables, los familiares de las v\u00edctimas solicitaron el pasado 13 de octubre del 2020, a la Presidenta de la Comisi\u00f3n Nacional de Derechos Humanos, Mar\u00eda del Rosario Piedra Ibarra la atenci\u00f3n de las quejas sobre las desapariciones forzadas en Nayarit, por lo que el titular de la CDDH Maximino M\u00fa\u00f1oz de la Cruz se ve obligado a actuar en consecuencia por que de otra manera, tambi\u00e9n ser\u00e1 se\u00f1alado como c\u00f3mplice.<\/p>\n<p>EL FISCAL PETRONILO D\u00cdAZ PONCE TENDR\u00c1 QUE SER LLAMADO POR EL CONGRESO DEL ESTADO<\/p>\n<p>El Fiscal General del Estado, Petronilo D\u00edaz Ponce podr\u00eda convertirse en el primer personaje p\u00fablico en ser llamado al banquillo de los acusados por no acatar las recomendaciones de la Comisi\u00f3n de Defensa de los Derechos Humanos (CDDH) en Nayarit que encabeza Maximino Mu\u00f1oz de la Cruz.<\/p>\n<p>Los detalles sobre estas recomendaciones, dos emitidas recientemente y otra m\u00e1s a inicios del presente a\u00f1o no fueron proporcionados p\u00fablicamente porque est\u00e1n en el periodo legal para que la Fiscal\u00eda conteste si acepta o no estas recomendaciones.<\/p>\n<p>De hacer caso omiso a las recomendaciones, se tomar\u00e1n cartas y la CDDH no permitir\u00e1 que se burlen de esta instancia como se hac\u00eda en el pasado, advirti\u00f3 el ombudsperson.<\/p>\n<p>\u201cCuando alguien no acata una recomendaci\u00f3n de la Comisi\u00f3n, nosotros solicitamos una petici\u00f3n a la Comisi\u00f3n de Derechos Humanos y Justicia del Congreso del Estado para que cite en este caso al titular de la dependencia, sea Fiscal, Secretaria de Seguridad, Secretar\u00eda de Educaci\u00f3n quien sea a que explique al Congreso cu\u00e1l ha sido la raz\u00f3n o los motivos por los que no acepta la recomendaci\u00f3n\u201d.<\/p>\n<p>Este ejercicio de llamar a cuentas a quienes omitan las recomendaciones, lo prev\u00e9 la ley porque es una facultad de la comisi\u00f3n hacerlo.<\/p>\n<p><a href=\"http:\/\/realidadessperiodico.com\/63641\/\">http:\/\/realidadessperiodico.com\/63641\/<\/a><\/p>\n","protected":false},"excerpt":{"rendered":"<p>Foto: Realidades de Nayarit Ante la pasividad c\u00f3mplice del gobernador, Antonio Echevarr\u00eda Garc\u00eda y su Fiscal, Petronilo D\u00edaz Ponce, para atender los m\u00faltiples y escandalosos casos de desapariciones forzadas a &hellip; <a href=\"https:\/\/www.grieta.org.mx\/index.php\/2020\/11\/26\/gobernador-y-fiscal-de-nayarit-ignoran-las-multiples-desapariciones-forzadas-en-la-entidad\/\" class=\"more-link\">Leer m\u00e1s<\/a><\/p>\n","protected":false},"author":2,"featured_media":55495,"comment_status":"closed","ping_status":"closed","sticky":false,"template":"","format":"standard","meta":{"ngg_post_thumbnail":0,"_jetpack_newsletter_access":"","_jetpack_dont_email_post_to_subs":false,"_jetpack_newsletter_tier_id":0,"_jetpack_memberships_contains_paywalled_content":false,"_jetpack_memberships_contains_paid_content":false,"footnotes":""},"categories":[80,87,2267,23,2,83],"tags":[1828,121,1668],"class_list":["post-55494","post","type-post","status-publish","format-standard","has-post-thumbnail","hentry","category-cintillo","category-desaparecidos","category-desaparecidos-en-nayarit","category-nayarit","category-noticias-nacionales","category-temas-nacionales","tag-busqueda-de-desaparecidos","tag-desaparecidos","tag-familiares-de-desaparecidos","entry"],"jetpack_featured_media_url":"https:\/\/www.grieta.org.mx\/wp-content\/uploads\/2020\/11\/desa-2-696x392-1.jpg","jetpack_sharing_enabled":true,"jetpack_shortlink":"https:\/\/wp.me\/p7ZJR4-er4","jetpack_likes_enabled":false,"jetpack-related-posts":[{"id":52865,"url":"https:\/\/www.grieta.org.mx\/index.php\/2020\/08\/25\/denuncian-ante-la-onu-encubrimiento-y-pasividad-de-la-fiscalia-en-la-busqueda-de-desaparecidos-en-nayarit\/","url_meta":{"origin":55494,"position":0},"title":"Denuncian ante la ONU encubrimiento y pasividad de la Fiscal\u00eda en la b\u00fasqueda de desaparecidos en Nayarit","author":"grieta","date":"25 agosto, 2020","format":false,"excerpt":"Foto: Cuartoscuro Crys Benitez \/ El Occidental TEPIC, Nayarit (OEM-Informex).- Debido a la falta de acciones por parte de la Fiscal\u00eda General del Estado, para investigar los casos de desapariciones forzadas que se presentaron principalmente durante el mando del ex fiscal Edgar Veytia, quien presuntamente sosten\u00eda v\u00ednculos con el crimen\u2026","rel":"","context":"En &quot;CINTILLO&quot;","block_context":{"text":"CINTILLO","link":"https:\/\/www.grieta.org.mx\/index.php\/category\/cintillo\/"},"img":{"alt_text":"","src":"https:\/\/i0.wp.com\/www.grieta.org.mx\/wp-content\/uploads\/2020\/08\/Desaparecidos.jpeg?resize=350%2C200&ssl=1","width":350,"height":200,"srcset":"https:\/\/i0.wp.com\/www.grieta.org.mx\/wp-content\/uploads\/2020\/08\/Desaparecidos.jpeg?resize=350%2C200&ssl=1 1x, https:\/\/i0.wp.com\/www.grieta.org.mx\/wp-content\/uploads\/2020\/08\/Desaparecidos.jpeg?resize=525%2C300&ssl=1 1.5x, https:\/\/i0.wp.com\/www.grieta.org.mx\/wp-content\/uploads\/2020\/08\/Desaparecidos.jpeg?resize=700%2C400&ssl=1 2x"},"classes":[]},{"id":62572,"url":"https:\/\/www.grieta.org.mx\/index.php\/2021\/10\/28\/colectivos-de-familias-de-personas-desaparecidas-en-nayarit-piden-reunion-con-comite-de-la-onu-ced\/","url_meta":{"origin":55494,"position":1},"title":"Colectivos de familias de personas desaparecidas en Nayarit piden reuni\u00f3n con Comit\u00e9 de la ONU (CED)","author":"grieta","date":"28 octubre, 2021","format":false,"excerpt":"Foto: El Sol de Nayarit Redacci\u00f3n \/ El Sol de Nayarit Los colectivos de familias de personas desaparecidas en el estado de Nayarit, \"Familias Unidas por Nayarit (COFAUNNAY)\", \"En Busca de Verdad y Justicia\", \"Por Nuestros Corazones\" y \"Renacer por Amor a Ellos\", acompa\u00f1ados por\u00a0la\u00a0Federaci\u00f3n Internacional de Derechos Humanos\u00a0(FIDH)\u00a0y por\u00a0IDHEAS\u2026","rel":"","context":"En &quot;CINTILLO&quot;","block_context":{"text":"CINTILLO","link":"https:\/\/www.grieta.org.mx\/index.php\/category\/cintillo\/"},"img":{"alt_text":"","src":"https:\/\/i0.wp.com\/www.grieta.org.mx\/wp-content\/uploads\/2021\/11\/temp_nota_01_80776_17_20211028175548_117captura_de_pantalla_2021-10-28_a_la_s__11.55.31_a.m.jpg?resize=350%2C200&ssl=1","width":350,"height":200,"srcset":"https:\/\/i0.wp.com\/www.grieta.org.mx\/wp-content\/uploads\/2021\/11\/temp_nota_01_80776_17_20211028175548_117captura_de_pantalla_2021-10-28_a_la_s__11.55.31_a.m.jpg?resize=350%2C200&ssl=1 1x, https:\/\/i0.wp.com\/www.grieta.org.mx\/wp-content\/uploads\/2021\/11\/temp_nota_01_80776_17_20211028175548_117captura_de_pantalla_2021-10-28_a_la_s__11.55.31_a.m.jpg?resize=525%2C300&ssl=1 1.5x"},"classes":[]},{"id":53006,"url":"https:\/\/www.grieta.org.mx\/index.php\/2020\/09\/01\/verdad-y-justicia-desaparecidas-en-nayarit\/","url_meta":{"origin":55494,"position":2},"title":"Verdad y Justicia desaparecidas en Nayarit","author":"grieta","date":"1 septiembre, 2020","format":false,"excerpt":"Foto: Realidades de Nayarit \u201cDesde el inicio del gobierno de Antonio Echevarr\u00eda, las desapariciones no solamente continuaron, sino que aumentaron. Las instituciones p\u00fablicas, en particular la Fiscal\u00eda Estatal, siguen coludidas y corruptas\u201d, se\u00f1alan Colectivos de familiares de personas desaparecidas en Nayarit Ver\u00f3nica Ram\u00edrez \/ Realidades de Nayarit Tepic, Nayarit.- Martes\u2026","rel":"","context":"En &quot;CINTILLO&quot;","block_context":{"text":"CINTILLO","link":"https:\/\/www.grieta.org.mx\/index.php\/category\/cintillo\/"},"img":{"alt_text":"","src":"https:\/\/i0.wp.com\/www.grieta.org.mx\/wp-content\/uploads\/2020\/09\/desaparecidos-03.jpg?resize=350%2C200&ssl=1","width":350,"height":200,"srcset":"https:\/\/i0.wp.com\/www.grieta.org.mx\/wp-content\/uploads\/2020\/09\/desaparecidos-03.jpg?resize=350%2C200&ssl=1 1x, https:\/\/i0.wp.com\/www.grieta.org.mx\/wp-content\/uploads\/2020\/09\/desaparecidos-03.jpg?resize=525%2C300&ssl=1 1.5x, https:\/\/i0.wp.com\/www.grieta.org.mx\/wp-content\/uploads\/2020\/09\/desaparecidos-03.jpg?resize=700%2C400&ssl=1 2x"},"classes":[]},{"id":56623,"url":"https:\/\/www.grieta.org.mx\/index.php\/2021\/01\/30\/gobierno-de-nayarit-desata-represion-sobre-familiares-de-desaparecidos-el-jueves-pasado-detuvo-a-santiago-perez-becerra-coordinador-de-familias-unidas-por-nayarit-organizaciones-denuncian\/","url_meta":{"origin":55494,"position":3},"title":"Gobierno de Nayarit desata represi\u00f3n sobre familiares de desaparecidos, el jueves pasado detuvo a Santiago P\u00e9rez Becerra, Coordinador de Familias Unidas por Nayarit; organizaciones denuncian","author":"grieta","date":"30 enero, 2021","format":false,"excerpt":"Foto: Realidades de Nayarit Naciones Unidas exhorta al Estado mexicano a garantizar la vida, seguridad e integridad de personas que han denunciado desapariciones forzadas cometidas por integrantes de la Fiscal\u00eda de Nayarit El Comit\u00e9 contra las Desapariciones Forzadas manifiesta su preocupaci\u00f3n por la campa\u00f1a de persecuci\u00f3n y falsos se\u00f1alamientos iniciada\u2026","rel":"","context":"En &quot;CINTILLO&quot;","block_context":{"text":"CINTILLO","link":"https:\/\/www.grieta.org.mx\/index.php\/category\/cintillo\/"},"img":{"alt_text":"","src":"https:\/\/i0.wp.com\/www.grieta.org.mx\/wp-content\/uploads\/2021\/02\/Santiago-Perez-representante-del-Colectivo-Familias-Unidad-por-Nayarit.jpg?resize=350%2C200&ssl=1","width":350,"height":200,"srcset":"https:\/\/i0.wp.com\/www.grieta.org.mx\/wp-content\/uploads\/2021\/02\/Santiago-Perez-representante-del-Colectivo-Familias-Unidad-por-Nayarit.jpg?resize=350%2C200&ssl=1 1x, https:\/\/i0.wp.com\/www.grieta.org.mx\/wp-content\/uploads\/2021\/02\/Santiago-Perez-representante-del-Colectivo-Familias-Unidad-por-Nayarit.jpg?resize=525%2C300&ssl=1 1.5x, https:\/\/i0.wp.com\/www.grieta.org.mx\/wp-content\/uploads\/2021\/02\/Santiago-Perez-representante-del-Colectivo-Familias-Unidad-por-Nayarit.jpg?resize=700%2C400&ssl=1 2x"},"classes":[]},{"id":67676,"url":"https:\/\/www.grieta.org.mx\/index.php\/2023\/08\/30\/nayarit-colectivo-de-familias-de-desaparecidos-reclaman-la-falta-de-operativos-de-busquedas\/","url_meta":{"origin":55494,"position":4},"title":"Nayarit: Colectivo de familias de desaparecidos reclaman la falta de operativos de b\u00fasquedas","author":"grieta","date":"30 agosto, 2023","format":false,"excerpt":"imagen: El Occidental Crys Benitez \/ El Occidental Tepic, Nayarit (OEM- Informex).- En el marco del\u00a0\"D\u00eda Internacional de las V\u00edctimas de Desapariciones Forzadas\", el cual se instituy\u00f3 el 21 de diciembre de 2010 por la Asamblea General de Naciones Unidas, los integrantes de la asociaci\u00f3n denominada, \"B\u00fasqueda de Desaparecidos Nayarit\",\u2026","rel":"","context":"En &quot;CINTILLO&quot;","block_context":{"text":"CINTILLO","link":"https:\/\/www.grieta.org.mx\/index.php\/category\/cintillo\/"},"img":{"alt_text":"","src":"https:\/\/i0.wp.com\/www.grieta.org.mx\/wp-content\/uploads\/2023\/09\/Colectivo-de-busqueda-de-personas-desaparecidas-en-Nayarit.jpg?resize=350%2C200&ssl=1","width":350,"height":200,"srcset":"https:\/\/i0.wp.com\/www.grieta.org.mx\/wp-content\/uploads\/2023\/09\/Colectivo-de-busqueda-de-personas-desaparecidas-en-Nayarit.jpg?resize=350%2C200&ssl=1 1x, https:\/\/i0.wp.com\/www.grieta.org.mx\/wp-content\/uploads\/2023\/09\/Colectivo-de-busqueda-de-personas-desaparecidas-en-Nayarit.jpg?resize=525%2C300&ssl=1 1.5x, https:\/\/i0.wp.com\/www.grieta.org.mx\/wp-content\/uploads\/2023\/09\/Colectivo-de-busqueda-de-personas-desaparecidas-en-Nayarit.jpg?resize=700%2C400&ssl=1 2x"},"classes":[]},{"id":67747,"url":"https:\/\/www.grieta.org.mx\/index.php\/2023\/09\/14\/nayarit-colectivos-de-familiares-de-desaparecidos-temen-represalias-tras-liberacion-de-fiscal\/","url_meta":{"origin":55494,"position":5},"title":"Nayarit: Colectivos de familiares de desaparecidos temen represalias tras liberaci\u00f3n de fiscal","author":"grieta","date":"14 septiembre, 2023","format":false,"excerpt":"Imagen: Crys Ben\u00edtez Crys Ben\u00edtez \/ El Occidental TEPIC, Nayarit (OEM-Informex).- A ra\u00edz de que el juez de control ordenara la liberaci\u00f3n de la fiscal de Desaparecidos de la Fiscal\u00eda General del Estado, quien fue detenida el pasado jueves en las instalaciones de la dependencia,\u00a0los colectivos temen represalias\u00a0en su contra.\u2026","rel":"","context":"En &quot;CINTILLO&quot;","block_context":{"text":"CINTILLO","link":"https:\/\/www.grieta.org.mx\/index.php\/category\/cintillo\/"},"img":{"alt_text":"","src":"https:\/\/i0.wp.com\/www.grieta.org.mx\/wp-content\/uploads\/2023\/09\/Foto.-Por-Crys-Benitez.jpeg?resize=350%2C200&ssl=1","width":350,"height":200,"srcset":"https:\/\/i0.wp.com\/www.grieta.org.mx\/wp-content\/uploads\/2023\/09\/Foto.-Por-Crys-Benitez.jpeg?resize=350%2C200&ssl=1 1x, https:\/\/i0.wp.com\/www.grieta.org.mx\/wp-content\/uploads\/2023\/09\/Foto.-Por-Crys-Benitez.jpeg?resize=525%2C300&ssl=1 1.5x, https:\/\/i0.wp.com\/www.grieta.org.mx\/wp-content\/uploads\/2023\/09\/Foto.-Por-Crys-Benitez.jpeg?resize=700%2C400&ssl=1 2x"},"classes":[]}],"_links":{"self":[{"href":"https:\/\/www.grieta.org.mx\/index.php\/wp-json\/wp\/v2\/posts\/55494","targetHints":{"allow":["GET"]}}],"collection":[{"href":"https:\/\/www.grieta.org.mx\/index.php\/wp-json\/wp\/v2\/posts"}],"about":[{"href":"https:\/\/www.grieta.org.mx\/index.php\/wp-json\/wp\/v2\/types\/post"}],"author":[{"embeddable":true,"href":"https:\/\/www.grieta.org.mx\/index.php\/wp-json\/wp\/v2\/users\/2"}],"replies":[{"embeddable":true,"href":"https:\/\/www.grieta.org.mx\/index.php\/wp-json\/wp\/v2\/comments?post=55494"}],"version-history":[{"count":1,"href":"https:\/\/www.grieta.org.mx\/index.php\/wp-json\/wp\/v2\/posts\/55494\/revisions"}],"predecessor-version":[{"id":55497,"href":"https:\/\/www.grieta.org.mx\/index.php\/wp-json\/wp\/v2\/posts\/55494\/revisions\/55497"}],"wp:featuredmedia":[{"embeddable":true,"href":"https:\/\/www.grieta.org.mx\/index.php\/wp-json\/wp\/v2\/media\/55495"}],"wp:attachment":[{"href":"https:\/\/www.grieta.org.mx\/index.php\/wp-json\/wp\/v2\/media?parent=55494"}],"wp:term":[{"taxonomy":"category","embeddable":true,"href":"https:\/\/www.grieta.org.mx\/index.php\/wp-json\/wp\/v2\/categories?post=55494"},{"taxonomy":"post_tag","embeddable":true,"href":"https:\/\/www.grieta.org.mx\/index.php\/wp-json\/wp\/v2\/tags?post=55494"}],"curies":[{"name":"wp","href":"https:\/\/api.w.org\/{rel}","templated":true}]}}