{"id":55482,"date":"2020-11-27T18:08:48","date_gmt":"2020-11-28T00:08:48","guid":{"rendered":"http:\/\/www.grieta.org.mx\/?p=55482"},"modified":"2020-11-27T18:08:48","modified_gmt":"2020-11-28T00:08:48","slug":"familiares-de-desaparecidos-en-el-hotel-planet-hollywood-protestan-en-el-palacio-municipal-de-cancun","status":"publish","type":"post","link":"https:\/\/www.grieta.org.mx\/index.php\/2020\/11\/27\/familiares-de-desaparecidos-en-el-hotel-planet-hollywood-protestan-en-el-palacio-municipal-de-cancun\/","title":{"rendered":"Familiares de desaparecidos en el hotel Planet Hollywood protestan en el Palacio Municipal de Canc\u00fan"},"content":{"rendered":"<p><img loading=\"lazy\" decoding=\"async\" data-attachment-id=\"55483\" data-permalink=\"https:\/\/www.grieta.org.mx\/index.php\/2020\/11\/27\/familiares-de-desaparecidos-en-el-hotel-planet-hollywood-protestan-en-el-palacio-municipal-de-cancun\/desaparecidosnoticaribe\/\" data-orig-file=\"https:\/\/www.grieta.org.mx\/wp-content\/uploads\/2020\/11\/DesaparecidosNoticaribe.png\" data-orig-size=\"694,386\" data-comments-opened=\"0\" data-image-meta=\"{&quot;aperture&quot;:&quot;0&quot;,&quot;credit&quot;:&quot;&quot;,&quot;camera&quot;:&quot;&quot;,&quot;caption&quot;:&quot;&quot;,&quot;created_timestamp&quot;:&quot;0&quot;,&quot;copyright&quot;:&quot;&quot;,&quot;focal_length&quot;:&quot;0&quot;,&quot;iso&quot;:&quot;0&quot;,&quot;shutter_speed&quot;:&quot;0&quot;,&quot;title&quot;:&quot;&quot;,&quot;orientation&quot;:&quot;0&quot;}\" data-image-title=\"DesaparecidosNoticaribe\" data-image-description=\"\" data-image-caption=\"\" data-medium-file=\"https:\/\/www.grieta.org.mx\/wp-content\/uploads\/2020\/11\/DesaparecidosNoticaribe-300x167.png\" data-large-file=\"https:\/\/www.grieta.org.mx\/wp-content\/uploads\/2020\/11\/DesaparecidosNoticaribe.png\" src=\"http:\/\/www.grieta.org.mx\/wp-content\/uploads\/2020\/11\/DesaparecidosNoticaribe.png\" alt=\"\" width=\"694\" height=\"386\" class=\"alignnone size-full wp-image-55483\" srcset=\"https:\/\/www.grieta.org.mx\/wp-content\/uploads\/2020\/11\/DesaparecidosNoticaribe.png 694w, https:\/\/www.grieta.org.mx\/wp-content\/uploads\/2020\/11\/DesaparecidosNoticaribe-300x167.png 300w\" sizes=\"auto, (max-width: 694px) 100vw, 694px\" \/><\/p>\n<p>Infoqroo \/ Noticaribe<\/p>\n<p>CANC\u00daN, MX.- Un grupo de familiares de personas que desaparecieron, presuntamente en la obra del futuro hotel Planet Hollywood Beach Canc\u00fan, acudieron al Palacio Municipal de Benito Ju\u00e1rez, para exigir que se investigue el paradero de estas personas, que se teme fueron ejecutadas.<\/p>\n<p>Los manifestantes colocaron fotos de sus seres queridos, 12 personas en total, en la valla instalada frente a la entrada principal de este recinto, para concientizar a la ciudadan\u00eda de este caso activo. Por coincidencias, justo en los muros del Palacio, a dos metros de distancia, feministas colocaron antier fotos de las mujeres que han desaparecido en el estado.<\/p>\n<p><img loading=\"lazy\" decoding=\"async\" data-attachment-id=\"55484\" data-permalink=\"https:\/\/www.grieta.org.mx\/index.php\/2020\/11\/27\/familiares-de-desaparecidos-en-el-hotel-planet-hollywood-protestan-en-el-palacio-municipal-de-cancun\/desaparecidosnoticaribe2\/\" data-orig-file=\"https:\/\/www.grieta.org.mx\/wp-content\/uploads\/2020\/11\/DesaparecidosNoticaribe2-e1606521864650.png\" data-orig-size=\"800,442\" data-comments-opened=\"0\" data-image-meta=\"{&quot;aperture&quot;:&quot;0&quot;,&quot;credit&quot;:&quot;&quot;,&quot;camera&quot;:&quot;&quot;,&quot;caption&quot;:&quot;&quot;,&quot;created_timestamp&quot;:&quot;0&quot;,&quot;copyright&quot;:&quot;&quot;,&quot;focal_length&quot;:&quot;0&quot;,&quot;iso&quot;:&quot;0&quot;,&quot;shutter_speed&quot;:&quot;0&quot;,&quot;title&quot;:&quot;&quot;,&quot;orientation&quot;:&quot;0&quot;}\" data-image-title=\"DesaparecidosNoticaribe2\" data-image-description=\"\" data-image-caption=\"\" data-medium-file=\"https:\/\/www.grieta.org.mx\/wp-content\/uploads\/2020\/11\/DesaparecidosNoticaribe2-300x166.png\" data-large-file=\"https:\/\/www.grieta.org.mx\/wp-content\/uploads\/2020\/11\/DesaparecidosNoticaribe2-e1606521864650.png\" src=\"http:\/\/www.grieta.org.mx\/wp-content\/uploads\/2020\/11\/DesaparecidosNoticaribe2-e1606521864650.png\" alt=\"\" width=\"800\" height=\"442\" class=\"alignnone size-full wp-image-55484\" \/><\/p>\n<p>Las presuntas v\u00edctimas tienen entre 19 y 30 a\u00f1os de edad, en su mayor\u00eda, llegaron a pedir trabajo a este lugar, en la zona continental de Isla Mujeres, y no volvieron a saber de ellos, o s\u00ed comenzaron a trabajar ah\u00ed, antes de desaparecer sin rastro, algunos en fecha reciente, pero otros desde hace cinco o seis meses.<\/p>\n<p>La hermana de uno de los desaparecidos, hablando bajo condici\u00f3n de anonimato, coment\u00f3 que el \u00faltimo d\u00eda que supieron de su hermano fue en julio, pero existen videos de vigilancia en donde se muestra que la persona trabajaba en el lugar, adem\u00e1s que la se\u00f1al de su celular muestra al Planet Hollywood como su \u00faltimo paradero, a las ocho de la ma\u00f1ana en el d\u00eda de su desaparici\u00f3n.<\/p>\n<p>El caso ha tomado m\u00e1s fuerza, luego que la semana pasada unos presuntos sicarios al parecer confesaron haberle dado muerte a varias personas en ese lugar. Derivado de ello, la Guardia Nacional acudi\u00f3 a este hotel en construcci\u00f3n, pero les fue vedado el acceso. Una b\u00fasqueda en los alrededores s\u00ed result\u00f3 en el hallazgo de unos restos humanos.<\/p>\n<p>La Polic\u00eda Ministerial consigui\u00f3 una orden de cateo e inspeccion\u00f3 esta obra antier y ayer, con auxilio de perros entrenados, que marcaron tres lugares como sospechosos, dos de los cuales ya est\u00e1n debajo de concreto y un tercero es un arenal. Autoridades analizan si deben demoler la construcci\u00f3n.<\/p>\n<p>De acuerdo a los testimonios de los detenidos, habr\u00eda restos de ocho trabajadores de la construcci\u00f3n. <\/p>\n<p><a href=\"https:\/\/noticaribe.com.mx\/2020\/11\/27\/familiares-de-desaparecidos-en-el-hotel-planet-hollywood-protestan-en-el-palacio-municipal-de-cancun\/\" rel=\"noopener noreferrer\" target=\"_blank\">https:\/\/noticaribe.com.mx\/2020\/11\/27\/familiares-de-desaparecidos-en-el-hotel-planet-hollywood-protestan-en-el-palacio-municipal-de-cancun\/<\/a><\/p>\n","protected":false},"excerpt":{"rendered":"<p>Infoqroo \/ Noticaribe CANC\u00daN, MX.- Un grupo de familiares de personas que desaparecieron, presuntamente en la obra del futuro hotel Planet Hollywood Beach Canc\u00fan, acudieron al Palacio Municipal de Benito &hellip; <a href=\"https:\/\/www.grieta.org.mx\/index.php\/2020\/11\/27\/familiares-de-desaparecidos-en-el-hotel-planet-hollywood-protestan-en-el-palacio-municipal-de-cancun\/\" class=\"more-link\">Leer m\u00e1s<\/a><\/p>\n","protected":false},"author":2,"featured_media":55483,"comment_status":"closed","ping_status":"closed","sticky":false,"template":"","format":"standard","meta":{"ngg_post_thumbnail":0,"_jetpack_newsletter_access":"","_jetpack_dont_email_post_to_subs":false,"_jetpack_newsletter_tier_id":0,"_jetpack_memberships_contains_paywalled_content":false,"_jetpack_memberships_contains_paid_content":false,"footnotes":""},"categories":[80,87,2808,2,28,83],"tags":[1668,1228],"class_list":["post-55482","post","type-post","status-publish","format-standard","has-post-thumbnail","hentry","category-cintillo","category-desaparecidos","category-desaparecidos-en-quintana-roo","category-noticias-nacionales","category-quintana-roo","category-temas-nacionales","tag-familiares-de-desaparecidos","tag-protestas-por-desaparecidos","entry"],"jetpack_featured_media_url":"https:\/\/www.grieta.org.mx\/wp-content\/uploads\/2020\/11\/DesaparecidosNoticaribe.png","jetpack_sharing_enabled":true,"jetpack_shortlink":"https:\/\/wp.me\/p7ZJR4-eqS","jetpack_likes_enabled":false,"jetpack-related-posts":[{"id":69534,"url":"https:\/\/www.grieta.org.mx\/index.php\/2024\/08\/30\/marchan-por-desaparecidos-en-cancun-y-chetumal-quintana-roo\/","url_meta":{"origin":55482,"position":0},"title":"Marchan por desaparecidos en Canc\u00fan y Chetumal (Quintana Roo)","author":"grieta","date":"30 agosto, 2024","format":false,"excerpt":"Noticaribe CANC\u00daN, MX.- Madres y otros familiares de personas desaparecidos marcharon hoy en Canc\u00fan y en Chetumal para conmemorar el D\u00eda de la B\u00fasqueda de Personas. En Canc\u00fan, dos colectivos, el \u201d Verdad y Justicia\u201d, as\u00ed como las \u201cMadres Buscadoras\u201d marcharon por separado rumbo al Palacio Municipal. Integrantes de \u201cVerdad,\u2026","rel":"","context":"En &quot;CINTILLO&quot;","block_context":{"text":"CINTILLO","link":"https:\/\/www.grieta.org.mx\/index.php\/category\/cintillo\/"},"img":{"alt_text":"","src":"https:\/\/i0.wp.com\/www.grieta.org.mx\/wp-content\/uploads\/2024\/08\/Marchan-e1725139943721.jpg?resize=350%2C200&ssl=1","width":350,"height":200,"srcset":"https:\/\/i0.wp.com\/www.grieta.org.mx\/wp-content\/uploads\/2024\/08\/Marchan-e1725139943721.jpg?resize=350%2C200&ssl=1 1x, https:\/\/i0.wp.com\/www.grieta.org.mx\/wp-content\/uploads\/2024\/08\/Marchan-e1725139943721.jpg?resize=525%2C300&ssl=1 1.5x, https:\/\/i0.wp.com\/www.grieta.org.mx\/wp-content\/uploads\/2024\/08\/Marchan-e1725139943721.jpg?resize=700%2C400&ssl=1 2x"},"classes":[]},{"id":66078,"url":"https:\/\/www.grieta.org.mx\/index.php\/2023\/01\/13\/cuelgan-mampara-con-fotos-de-desaparecidos-en-el-palacio-municipal-de-cancun-quintana-roo\/","url_meta":{"origin":55482,"position":1},"title":"Cuelgan mampara con fotos de desaparecidos en el Palacio Municipal de Canc\u00fan (Quintana Roo)","author":"grieta","date":"13 enero, 2023","format":false,"excerpt":"Noticaribe CANC\u00daN, MX.- Madres de diversos colectivos que buscan a familiares desaparecidos, aprobaron la mampara que se coloc\u00f3 en los bajos del palacio municipal del Colectivo Verdad, Memoria y Justicia, al se\u00f1alar que de com\u00fan acuerdo con el ayuntamiento benitojuarense y otros colectivos, se coloc\u00f3 un collage de varias fotos\u2026","rel":"","context":"En &quot;CINTILLO&quot;","block_context":{"text":"CINTILLO","link":"https:\/\/www.grieta.org.mx\/index.php\/category\/cintillo\/"},"img":{"alt_text":"","src":"https:\/\/i0.wp.com\/www.grieta.org.mx\/wp-content\/uploads\/2023\/01\/MamparDesaparecidos.jpg?resize=350%2C200&ssl=1","width":350,"height":200,"srcset":"https:\/\/i0.wp.com\/www.grieta.org.mx\/wp-content\/uploads\/2023\/01\/MamparDesaparecidos.jpg?resize=350%2C200&ssl=1 1x, https:\/\/i0.wp.com\/www.grieta.org.mx\/wp-content\/uploads\/2023\/01\/MamparDesaparecidos.jpg?resize=525%2C300&ssl=1 1.5x"},"classes":[]},{"id":65576,"url":"https:\/\/www.grieta.org.mx\/index.php\/2022\/10\/20\/marchan-activistas-contra-nulos-resultados-de-la-fiscalia-en-casos-de-desaparecidos-quintana-roo\/","url_meta":{"origin":55482,"position":2},"title":"Marchan activistas contra nulos resultados de la Fiscal\u00eda en casos de desaparecidos (Quintana Roo)","author":"grieta","date":"20 octubre, 2022","format":false,"excerpt":"Juan Morales \/ Grupo Pir\u00e1mide Canc\u00fan, Quintana Roo.- Miembros del colectivo Verdad, Memoria y Justicia marcharon en Canc\u00fan contra los nulos resultados de la Fiscal\u00eda General del Estado (FGE) en los reportes de personas desaparecidas, los cuales aumentaron durante septiembre con dos casos m\u00e1s. Los manifestantes arrancaron su protesta desde\u2026","rel":"","context":"En &quot;CINTILLO&quot;","block_context":{"text":"CINTILLO","link":"https:\/\/www.grieta.org.mx\/index.php\/category\/cintillo\/"},"img":{"alt_text":"","src":"https:\/\/i0.wp.com\/www.grieta.org.mx\/wp-content\/uploads\/2022\/10\/DesaparecidosQroo-e1666432285627.jpg?resize=350%2C200&ssl=1","width":350,"height":200,"srcset":"https:\/\/i0.wp.com\/www.grieta.org.mx\/wp-content\/uploads\/2022\/10\/DesaparecidosQroo-e1666432285627.jpg?resize=350%2C200&ssl=1 1x, https:\/\/i0.wp.com\/www.grieta.org.mx\/wp-content\/uploads\/2022\/10\/DesaparecidosQroo-e1666432285627.jpg?resize=525%2C300&ssl=1 1.5x, https:\/\/i0.wp.com\/www.grieta.org.mx\/wp-content\/uploads\/2022\/10\/DesaparecidosQroo-e1666432285627.jpg?resize=700%2C400&ssl=1 2x"},"classes":[]},{"id":67802,"url":"https:\/\/www.grieta.org.mx\/index.php\/2023\/09\/16\/madres-buscadores-de-cancun-irrumpen-desfile-civico-militar-reclaman-justicia-a-autoridades-quintana-roo\/","url_meta":{"origin":55482,"position":3},"title":"Madres Buscadores de Canc\u00fan irrumpen Desfile C\u00edvico-Militar; reclaman justicia a autoridades (Quintana Roo)","author":"grieta","date":"16 septiembre, 2023","format":false,"excerpt":"Mart\u00edn Chi \/ Foto David P\u00e9rez \/ Por Esto! Las Madres Buscadoras de Canc\u00fan irrumpieron entre los participantes del Desfile C\u00edvico-Militar por el 213 aniversario del inicio de la Independencia de M\u00e9xico y se manifestaron frente al pres\u00eddium, clamando justicia por los desaparecidos. Las madres gritaron consignas buscando justicia y\u2026","rel":"","context":"En &quot;CINTILLO&quot;","block_context":{"text":"CINTILLO","link":"https:\/\/www.grieta.org.mx\/index.php\/category\/cintillo\/"},"img":{"alt_text":"","src":"https:\/\/i0.wp.com\/www.grieta.org.mx\/wp-content\/uploads\/2023\/09\/MadresBuscadoras-e1695694298833.jpg?resize=350%2C200&ssl=1","width":350,"height":200,"srcset":"https:\/\/i0.wp.com\/www.grieta.org.mx\/wp-content\/uploads\/2023\/09\/MadresBuscadoras-e1695694298833.jpg?resize=350%2C200&ssl=1 1x, https:\/\/i0.wp.com\/www.grieta.org.mx\/wp-content\/uploads\/2023\/09\/MadresBuscadoras-e1695694298833.jpg?resize=525%2C300&ssl=1 1.5x, https:\/\/i0.wp.com\/www.grieta.org.mx\/wp-content\/uploads\/2023\/09\/MadresBuscadoras-e1695694298833.jpg?resize=700%2C400&ssl=1 2x"},"classes":[]},{"id":67045,"url":"https:\/\/www.grieta.org.mx\/index.php\/2023\/06\/22\/francisca-vive-la-lucha-sigue-marchan-madres-en-cancun-por-mujer-desaparecida-hace-tres-anos-quintana-roo\/","url_meta":{"origin":55482,"position":4},"title":"&#8220;Francisca vive, la lucha sigue&#8221;: Marchan madres en Canc\u00fan por mujer desaparecida hace tres a\u00f1os (Quintana Roo)","author":"grieta","date":"22 junio, 2023","format":false,"excerpt":"Noticaribe CANC\u00daN, MX.- Integrantes del colectivo Madres Buscadoras de Quintana Roo marcharon la tarde de hoy jueves desde Palacio Municipal hasta la Fiscal\u00eda General del Estado, para exigir la b\u00fasqueda de Mariner Flores Patr\u00f3n, quien hoy cumple tres a\u00f1os desaparecida. Poco antes de las 5:30 de esta tarde, los familiares\u2026","rel":"","context":"En &quot;CINTILLO&quot;","block_context":{"text":"CINTILLO","link":"https:\/\/www.grieta.org.mx\/index.php\/category\/cintillo\/"},"img":{"alt_text":"","src":"https:\/\/i0.wp.com\/www.grieta.org.mx\/wp-content\/uploads\/2023\/06\/Cancun-e1687490360317.jpg?resize=350%2C200&ssl=1","width":350,"height":200,"srcset":"https:\/\/i0.wp.com\/www.grieta.org.mx\/wp-content\/uploads\/2023\/06\/Cancun-e1687490360317.jpg?resize=350%2C200&ssl=1 1x, https:\/\/i0.wp.com\/www.grieta.org.mx\/wp-content\/uploads\/2023\/06\/Cancun-e1687490360317.jpg?resize=525%2C300&ssl=1 1.5x, https:\/\/i0.wp.com\/www.grieta.org.mx\/wp-content\/uploads\/2023\/06\/Cancun-e1687490360317.jpg?resize=700%2C400&ssl=1 2x"},"classes":[]},{"id":70482,"url":"https:\/\/www.grieta.org.mx\/index.php\/2024\/11\/13\/cancun-no-es-un-paraiso-es-un-infierno-donde-desaparecen-a-nuestros-hijos-e-hijas-llevan-madres-buscadoras-por-quintana-roo-demandas-al-zocalo-de-la-ciudad-de-mexico\/","url_meta":{"origin":55482,"position":5},"title":"&#8220;Canc\u00fan no es un para\u00edso, es un infierno donde desaparecen a nuestros hijos e hijas&#8221; Llevan \u2018Madres Buscadoras por Quintana Roo\u2019 demandas al Z\u00f3calo de la Ciudad de M\u00e9xico","author":"grieta","date":"13 noviembre, 2024","format":false,"excerpt":"CIUDAD DE M\u00c9XICO, MX.- Representantes del colectivo \u201cMadres Buscadoras por Quintana Roo\u201d acudieron este d\u00eda a la Ciudad de M\u00e9xico para participar en las manifestaciones que se realizan por la Convenci\u00f3n Nacional Activista. Los integrantes del colectivo expusieron en el Z\u00f3calo capitalino la situaci\u00f3n que se vive en Quintana Roo\u2026","rel":"","context":"En &quot;acciones por desaparecidos&quot;","block_context":{"text":"acciones por desaparecidos","link":"https:\/\/www.grieta.org.mx\/index.php\/category\/noticias-nacionales\/quintana-roo\/acciones-por-desaparecidos\/"},"img":{"alt_text":"","src":"https:\/\/i0.wp.com\/www.grieta.org.mx\/wp-content\/uploads\/2024\/11\/Infierno-e1731970401834.jpg?resize=350%2C200&ssl=1","width":350,"height":200,"srcset":"https:\/\/i0.wp.com\/www.grieta.org.mx\/wp-content\/uploads\/2024\/11\/Infierno-e1731970401834.jpg?resize=350%2C200&ssl=1 1x, https:\/\/i0.wp.com\/www.grieta.org.mx\/wp-content\/uploads\/2024\/11\/Infierno-e1731970401834.jpg?resize=525%2C300&ssl=1 1.5x, https:\/\/i0.wp.com\/www.grieta.org.mx\/wp-content\/uploads\/2024\/11\/Infierno-e1731970401834.jpg?resize=700%2C400&ssl=1 2x"},"classes":[]}],"_links":{"self":[{"href":"https:\/\/www.grieta.org.mx\/index.php\/wp-json\/wp\/v2\/posts\/55482","targetHints":{"allow":["GET"]}}],"collection":[{"href":"https:\/\/www.grieta.org.mx\/index.php\/wp-json\/wp\/v2\/posts"}],"about":[{"href":"https:\/\/www.grieta.org.mx\/index.php\/wp-json\/wp\/v2\/types\/post"}],"author":[{"embeddable":true,"href":"https:\/\/www.grieta.org.mx\/index.php\/wp-json\/wp\/v2\/users\/2"}],"replies":[{"embeddable":true,"href":"https:\/\/www.grieta.org.mx\/index.php\/wp-json\/wp\/v2\/comments?post=55482"}],"version-history":[{"count":1,"href":"https:\/\/www.grieta.org.mx\/index.php\/wp-json\/wp\/v2\/posts\/55482\/revisions"}],"predecessor-version":[{"id":55486,"href":"https:\/\/www.grieta.org.mx\/index.php\/wp-json\/wp\/v2\/posts\/55482\/revisions\/55486"}],"wp:featuredmedia":[{"embeddable":true,"href":"https:\/\/www.grieta.org.mx\/index.php\/wp-json\/wp\/v2\/media\/55483"}],"wp:attachment":[{"href":"https:\/\/www.grieta.org.mx\/index.php\/wp-json\/wp\/v2\/media?parent=55482"}],"wp:term":[{"taxonomy":"category","embeddable":true,"href":"https:\/\/www.grieta.org.mx\/index.php\/wp-json\/wp\/v2\/categories?post=55482"},{"taxonomy":"post_tag","embeddable":true,"href":"https:\/\/www.grieta.org.mx\/index.php\/wp-json\/wp\/v2\/tags?post=55482"}],"curies":[{"name":"wp","href":"https:\/\/api.w.org\/{rel}","templated":true}]}}