{"id":55440,"date":"2020-11-25T11:31:29","date_gmt":"2020-11-25T17:31:29","guid":{"rendered":"http:\/\/www.grieta.org.mx\/?p=55440"},"modified":"2020-11-25T11:31:29","modified_gmt":"2020-11-25T17:31:29","slug":"por-la-vida-y-contra-el-dinero-el-cni-cig-y-el-ezln-llaman-a-la-solidaridad-con-el-frente-de-pueblos-en-defensa-de-la-tierra-y-el-agua-de-morelos-puebla-y-tlaxcala","status":"publish","type":"post","link":"https:\/\/www.grieta.org.mx\/index.php\/2020\/11\/25\/por-la-vida-y-contra-el-dinero-el-cni-cig-y-el-ezln-llaman-a-la-solidaridad-con-el-frente-de-pueblos-en-defensa-de-la-tierra-y-el-agua-de-morelos-puebla-y-tlaxcala\/","title":{"rendered":"POR LA VIDA Y CONTRA EL DINERO. EL CNI-CIG y el EZLN LLAMAN A LA SOLIDARIDAD CON EL FRENTE DE PUEBLOS EN DEFENSA DE LA TIERRA Y EL AGUA DE MORELOS, PUEBLA Y TLAXCALA."},"content":{"rendered":"<p><img loading=\"lazy\" decoding=\"async\" data-attachment-id=\"37983\" data-permalink=\"https:\/\/www.grieta.org.mx\/index.php\/2019\/08\/17\/comunicado-del-ccri-cg-del-ezln-y-rompimos-el-cerco-subcomandante-insurgente-moises\/images-3\/\" data-orig-file=\"https:\/\/www.grieta.org.mx\/wp-content\/uploads\/2019\/08\/images.png\" data-orig-size=\"275,183\" data-comments-opened=\"0\" data-image-meta=\"{&quot;aperture&quot;:&quot;0&quot;,&quot;credit&quot;:&quot;&quot;,&quot;camera&quot;:&quot;&quot;,&quot;caption&quot;:&quot;&quot;,&quot;created_timestamp&quot;:&quot;0&quot;,&quot;copyright&quot;:&quot;&quot;,&quot;focal_length&quot;:&quot;0&quot;,&quot;iso&quot;:&quot;0&quot;,&quot;shutter_speed&quot;:&quot;0&quot;,&quot;title&quot;:&quot;&quot;,&quot;orientation&quot;:&quot;0&quot;}\" data-image-title=\"ezln\" data-image-description=\"\" data-image-caption=\"\" data-medium-file=\"https:\/\/www.grieta.org.mx\/wp-content\/uploads\/2019\/08\/images.png\" data-large-file=\"https:\/\/www.grieta.org.mx\/wp-content\/uploads\/2019\/08\/images.png\" class=\"aligncenter wp-image-37983\" src=\"http:\/\/www.grieta.org.mx\/wp-content\/uploads\/2019\/08\/images.png\" alt=\"\" width=\"500\" height=\"333\" \/><\/p>\n<p>Noviembre del 2020.<\/p>\n<p>Al Pueblo de M\u00e9xico<br \/>\nA los Pueblos del mundo<br \/>\nA la Sexta Nacional e Internacional<br \/>\nA los Medios de Comunicaci\u00f3n<\/p>\n<p>El Congreso Nacional Ind\u00edgena- Concejo Ind\u00edgena de Gobierno y el EZLN, denunciamos el cobarde desalojo de los compa\u00f1eros del campamento en resistencia en San Pedro Apatlaco, Morelos, perpetrado por la Guardia Nacional durante la madrugada del d\u00eda 23 de noviembre, para reanudar ilegalmente la construcci\u00f3n del ducto que lleva agua del r\u00edo Cuautla a la termoel\u00e9ctrica de Huexca.<\/p>\n<p>Con que cinismo el gobierno neoliberal que dice mandar en este pa\u00eds, obedece a sus patrones que son el gran capital, con que cinismo las fuerzas armadas, bajo las \u00f3rdenes del capataz, violentan a los pueblos, para entregar el agua del r\u00edo Cuautla, robada a los pueblos campesinos de Ayala, a las empresas que se benefician con el Proyecto Integral Morelos, como Elecnor y Enagasa, a las que concesion\u00f3 el gasoducto; Bonatti y Abengoa constructoras del gasoducto y de la termoel\u00e9ctrica en Huexca; y las que se beneficiar\u00e1n del consumo de gas, como Saint Gobain, Nissan, Burlington, Continental y Gas Natural del Noreste.<\/p>\n<p>Con el PIM, las fuerzas armadas y el gobierno neoliberal, con sobrevuelos militares avanzan en la represi\u00f3n y la imposici\u00f3n de la infraestructura energ\u00e9tica, sostenida de la destrucci\u00f3n y despojo del territorio de los pueblos originarios, para hacer posible, sobre la sangre de nuestra gente, como el compa\u00f1ero Samir Flores Soberanes, la explotaci\u00f3n de la naturaleza, para que ellos, los patrones del capital trasnacional, destruyan los cerros con sus concesiones mineras y se queden con el agua los corredores industriales de Cuautla, Yecapixtla, Cuernavaca y toda la regi\u00f3n, en los estados de Morelos, Puebla y Tlaxcala. Con que cinismo e impunidad el capataz, que se dice mandar desde el gobierno federal, ordena pisotear el supuesto estado de derecho, violando 8 suspensiones judiciales sobre la obra del acueducto, que pretende robar el agua para que sea contaminada en la termoel\u00e9ctrica de Huexca. Y dos suspensiones m\u00e1s en contra del gasoducto en las faldas del volc\u00e1n sagrado Popocatepetl, y la contaminaci\u00f3n del r\u00edo Cuautla, como parte del Proyecto Integral Morelos.<\/p>\n<p>Por lo anterior y ante la creciente tensi\u00f3n, violaci\u00f3n del estado de derecho, hacemos responsable al mal gobierno federal y al mal gobierno del estado de Morelos, de cualquier represi\u00f3n o atentado contra los compa\u00f1eros y compa\u00f1eras que luchan y resisten a este megaproyecto de muerte. Particularmente llamamos a la solidaridad con el Frente de Pueblos en Defensa de la Tierra y el Agua de Morelos, Puebla y Tlaxcala.<\/p>\n<p>Atentamente<br \/>\nNoviembre de 2020<br \/>\nPor la Reconstituci\u00f3n Integral de Nuestros Pueblos<br \/>\nNunca M\u00e1s un M\u00e9xico sin Nosotros<br \/>\nCongreso Nacional Ind\u00edgena-Concejo Ind\u00edgena de Gobierno<br \/>\nEj\u00e9rcito Zapatista de Liberaci\u00f3n Nacional.<br \/>\nM\u00e9xico, Noviembre del 2020.<\/p>\n<p><a href=\"http:\/\/enlacezapatista.ezln.org.mx\/2020\/11\/25\/por-la-vida-y-contra-el-dinero-el-cni-cig-y-el-ezln-llaman-a-la-solidaridad-con-el-frente-de-pueblos-en-defensa-de-la-tierra-y-el-agua-de-morelos-puebla-y-tlaxcala\/\" target=\"_blank\" rel=\"noopener noreferrer\">http:\/\/enlacezapatista.ezln.org.mx\/2020\/11\/25\/por-la-vida-y-contra-el-dinero-el-cni-cig-y-el-ezln-llaman-a-la-solidaridad-con-el-frente-de-pueblos-en-defensa-de-la-tierra-y-el-agua-de-morelos-puebla-y-tlaxcala\/<\/a><\/p>\n","protected":false},"excerpt":{"rendered":"<p>Noviembre del 2020. Al Pueblo de M\u00e9xico A los Pueblos del mundo A la Sexta Nacional e Internacional A los Medios de Comunicaci\u00f3n El Congreso Nacional Ind\u00edgena- Concejo Ind\u00edgena de &hellip; <a href=\"https:\/\/www.grieta.org.mx\/index.php\/2020\/11\/25\/por-la-vida-y-contra-el-dinero-el-cni-cig-y-el-ezln-llaman-a-la-solidaridad-con-el-frente-de-pueblos-en-defensa-de-la-tierra-y-el-agua-de-morelos-puebla-y-tlaxcala\/\" class=\"more-link\">Leer m\u00e1s<\/a><\/p>\n","protected":false},"author":2,"featured_media":37983,"comment_status":"closed","ping_status":"closed","sticky":false,"template":"","format":"standard","meta":{"ngg_post_thumbnail":0,"_jetpack_newsletter_access":"","_jetpack_dont_email_post_to_subs":false,"_jetpack_newsletter_tier_id":0,"_jetpack_memberships_contains_paywalled_content":false,"_jetpack_memberships_contains_paid_content":false,"footnotes":""},"categories":[80,79,921,74,907],"tags":[3237,2839,466],"class_list":["post-55440","post","type-post","status-publish","format-standard","has-post-thumbnail","hentry","category-cintillo","category-cni","category-comunicados","category-ezln","category-ezln-2","tag-cni-cig","tag-comunicados-ezln","tag-ezln","entry"],"jetpack_featured_media_url":"https:\/\/www.grieta.org.mx\/wp-content\/uploads\/2019\/08\/images.png","jetpack_sharing_enabled":true,"jetpack_shortlink":"https:\/\/wp.me\/p7ZJR4-eqc","jetpack_likes_enabled":false,"jetpack-related-posts":[{"id":27703,"url":"https:\/\/www.grieta.org.mx\/index.php\/2018\/11\/24\/comunicado-del-cni-cig-y-ezln-al-pueblo-mapuche\/","url_meta":{"origin":55440,"position":0},"title":"Comunicado [conjunto del CNI, CIG y EZLN] al pueblo Mapuche","author":"grieta","date":"24 noviembre, 2018","format":false,"excerpt":"Comunicado: Al pueblo mapuche Al pueblo chileno A los pueblos originarios de Am\u00e9rica A la Sexta Internacional Hermanos y hermanas del digno pueblo mapuche, Los pueblos, naciones, tribus y barrios que conformamos el Congreso Nacional Ind\u00edgena, el Concejo Ind\u00edgena de Gobierno y el EZLN abrazamos solidariamente la familia del compa\u00f1ero\u2026","rel":"","context":"En &quot;CINTILLO&quot;","block_context":{"text":"CINTILLO","link":"https:\/\/www.grieta.org.mx\/index.php\/category\/cintillo\/"},"img":{"alt_text":"","src":"","width":0,"height":0},"classes":[]},{"id":34676,"url":"https:\/\/www.grieta.org.mx\/index.php\/2019\/06\/12\/convocatoria-del-cni-cig-y-el-ezln-a-la-campana-por-la-vida-la-paz-y-la-justicia-en-la-montana-de-guerrero\/","url_meta":{"origin":55440,"position":1},"title":"Convocatoria del CNI-CIG y el EZLN a la CAMPA\u00d1A POR LA VIDA, LA PAZ Y LA JUSTICIA EN LA MONTA\u00d1A DE GUERRERO","author":"grieta","date":"12 junio, 2019","format":false,"excerpt":"Convocatoria del CNI-CIG y el EZLN a la CAMPA\u00d1A POR LA VIDA, LA PAZ Y LA JUSTICIA EN LA MONTA\u00d1A DE GUERRERO Los pueblos, las comunidades, naciones, colectivos, barrios y tribus originarias que somos el Congreso Nacional Ind\u00edgena-Concejo Ind\u00edgena de Gobierno, y el Ej\u00e9rcito Zapatista de Liberaci\u00f3n Nacional, llamamos a\u2026","rel":"","context":"En &quot;CIG&quot;","block_context":{"text":"CIG","link":"https:\/\/www.grieta.org.mx\/index.php\/category\/cig\/"},"img":{"alt_text":"","src":"https:\/\/i0.wp.com\/www.grieta.org.mx\/wp-content\/uploads\/2019\/06\/logo-CNI-T.png?resize=350%2C200&ssl=1","width":350,"height":200,"srcset":"https:\/\/i0.wp.com\/www.grieta.org.mx\/wp-content\/uploads\/2019\/06\/logo-CNI-T.png?resize=350%2C200&ssl=1 1x, https:\/\/i0.wp.com\/www.grieta.org.mx\/wp-content\/uploads\/2019\/06\/logo-CNI-T.png?resize=525%2C300&ssl=1 1.5x"},"classes":[]},{"id":43467,"url":"https:\/\/www.grieta.org.mx\/index.php\/2020\/01\/24\/comunicado-del-cni-cig-por-la-detencion-del-companero-miguel-lopez-vega\/","url_meta":{"origin":55440,"position":2},"title":"Comunicado del CNI \u2013 CIG por la detenci\u00f3n del compa\u00f1ero Miguel L\u00f3pez Vega.","author":"Admin","date":"24 enero, 2020","format":false,"excerpt":"Al pueblo de M\u00e9xico A las Redes de Resistencia y Rebeld\u00eda A la Sexta Nacional e Internacional A los medios de comunicaci\u00f3n El Congreso Nacional Ind\u00edgena, el Concejo Ind\u00edgena de Gobierno y el Ej\u00e9rcito Zapatista de Liberaci\u00f3n Nacional, denunciamos la cobarde detenci\u00f3n de nuestro compa\u00f1ero Miguel L\u00f3pez Vega, delegado del\u2026","rel":"","context":"En &quot;CIG&quot;","block_context":{"text":"CIG","link":"https:\/\/www.grieta.org.mx\/index.php\/category\/cig\/"},"img":{"alt_text":"","src":"https:\/\/i0.wp.com\/www.grieta.org.mx\/wp-content\/uploads\/2019\/08\/cni.png?resize=350%2C200&ssl=1","width":350,"height":200},"classes":[]},{"id":29279,"url":"https:\/\/www.grieta.org.mx\/index.php\/2019\/02\/20\/pronunciamiento-del-cni-cig-ezln-ante-el-asesinato-del-companero-samir-flores-soberanes\/","url_meta":{"origin":55440,"position":3},"title":"Pronunciamiento del CNI-CIG-EZLN ante el asesinato del compa\u00f1ero Samir Flores Soberanes","author":"grieta","date":"20 febrero, 2019","format":false,"excerpt":"20 de febrero del 2019 Al pueblo de M\u00e9xico y a los pueblos del mundo A las redes de apoyo al CIG A las redes de resistencia y rebeld\u00eda A la Sexta Nacional e Internacional A los medios de comunicaci\u00f3n Denunciamos con dolor y rabia el cobarde asesinato de nuestro\u2026","rel":"","context":"En &quot;10. Huexca&quot;","block_context":{"text":"10. Huexca","link":"https:\/\/www.grieta.org.mx\/index.php\/category\/espejos-de-la-resistencia\/10-huexca\/"},"img":{"alt_text":"","src":"https:\/\/i0.wp.com\/www.grieta.org.mx\/wp-content\/uploads\/2019\/02\/Ejecutan-a-Samir-Flores-opositor-de-gasoducto-y-termoel%C3%A9ctrica-de-Morelos-640x424.jpg?resize=350%2C200&ssl=1","width":350,"height":200,"srcset":"https:\/\/i0.wp.com\/www.grieta.org.mx\/wp-content\/uploads\/2019\/02\/Ejecutan-a-Samir-Flores-opositor-de-gasoducto-y-termoel%C3%A9ctrica-de-Morelos-640x424.jpg?resize=350%2C200&ssl=1 1x, https:\/\/i0.wp.com\/www.grieta.org.mx\/wp-content\/uploads\/2019\/02\/Ejecutan-a-Samir-Flores-opositor-de-gasoducto-y-termoel%C3%A9ctrica-de-Morelos-640x424.jpg?resize=525%2C300&ssl=1 1.5x"},"classes":[]},{"id":31394,"url":"https:\/\/www.grieta.org.mx\/index.php\/2019\/03\/29\/comunicado-del-cni-cig-y-el-ezln-ante-nueva-situacion-de-consulta-para-imponer-mega-proyectos-en-el-istmo-de-tehuantepec\/","url_meta":{"origin":55440,"position":4},"title":"Comunicado del CNI-CIG y el EZLN ante nueva situaci\u00f3n de consulta para imponer mega proyectos en el Istmo de Tehuantepec","author":"grieta","date":"29 marzo, 2019","format":false,"excerpt":"COMUNICADO DEL CONGRESO NACIONAL IND\u00cdGENA Y EL CONCEJO IND\u00cdGENA DE GOBIERNO Y EL EJ\u00c9RCITO ZAPATISTA DE LIBERACI\u00d3N NACIONAL ANTE NUEVA SIMULACI\u00d3N DE CONSULTA PARA IMPONER MEGA PROYECTOS EN EL ISTMO DE TEHUANTEPEC Al pueblo de M\u00e9xico A los pueblos del mundo A las Redes de Apoyo al CIG A las\u2026","rel":"","context":"En &quot;CINTILLO&quot;","block_context":{"text":"CINTILLO","link":"https:\/\/www.grieta.org.mx\/index.php\/category\/cintillo\/"},"img":{"alt_text":"","src":"https:\/\/i0.wp.com\/www.grieta.org.mx\/wp-content\/uploads\/2018\/03\/14524434_1106112876131411_958039263622046936_o.jpg?resize=350%2C200&ssl=1","width":350,"height":200,"srcset":"https:\/\/i0.wp.com\/www.grieta.org.mx\/wp-content\/uploads\/2018\/03\/14524434_1106112876131411_958039263622046936_o.jpg?resize=350%2C200&ssl=1 1x, https:\/\/i0.wp.com\/www.grieta.org.mx\/wp-content\/uploads\/2018\/03\/14524434_1106112876131411_958039263622046936_o.jpg?resize=525%2C300&ssl=1 1.5x, https:\/\/i0.wp.com\/www.grieta.org.mx\/wp-content\/uploads\/2018\/03\/14524434_1106112876131411_958039263622046936_o.jpg?resize=700%2C400&ssl=1 2x"},"classes":[]},{"id":42476,"url":"https:\/\/www.grieta.org.mx\/index.php\/2019\/12\/23\/acuerdos-y-pronunciamiento-de-la-iv-asamblea-nacional-del-cni-cig-y-ezln\/","url_meta":{"origin":55440,"position":5},"title":"Acuerdos y pronunciamiento de la IV Asamblea Nacional del CNI-CIG y EZLN","author":"grieta","date":"23 diciembre, 2019","format":false,"excerpt":"Radio Zapatista. El 19 de diciembre de 2019 concluy\u00f3 la IV Asamblea Nacional del Congreso Nacional Ind\u00edgena \u2013 Concejo Ind\u00edgena de Gobierno y el Ej\u00e9rcito Zapatista de Liberaci\u00f3n Nacional. Despu\u00e9s de dos d\u00edas de deliberaciones a puerta cerrada, se realiz\u00f3 la plenaria abierta, en el Caracol Jacinto Canek, Cideci\/UniTierra, en\u2026","rel":"","context":"En &quot;CINTILLO&quot;","block_context":{"text":"CINTILLO","link":"https:\/\/www.grieta.org.mx\/index.php\/category\/cintillo\/"},"img":{"alt_text":"","src":"https:\/\/i0.wp.com\/www.grieta.org.mx\/wp-content\/uploads\/2019\/12\/1-2.jpg?resize=350%2C200&ssl=1","width":350,"height":200,"srcset":"https:\/\/i0.wp.com\/www.grieta.org.mx\/wp-content\/uploads\/2019\/12\/1-2.jpg?resize=350%2C200&ssl=1 1x, https:\/\/i0.wp.com\/www.grieta.org.mx\/wp-content\/uploads\/2019\/12\/1-2.jpg?resize=525%2C300&ssl=1 1.5x, https:\/\/i0.wp.com\/www.grieta.org.mx\/wp-content\/uploads\/2019\/12\/1-2.jpg?resize=700%2C400&ssl=1 2x"},"classes":[]}],"_links":{"self":[{"href":"https:\/\/www.grieta.org.mx\/index.php\/wp-json\/wp\/v2\/posts\/55440","targetHints":{"allow":["GET"]}}],"collection":[{"href":"https:\/\/www.grieta.org.mx\/index.php\/wp-json\/wp\/v2\/posts"}],"about":[{"href":"https:\/\/www.grieta.org.mx\/index.php\/wp-json\/wp\/v2\/types\/post"}],"author":[{"embeddable":true,"href":"https:\/\/www.grieta.org.mx\/index.php\/wp-json\/wp\/v2\/users\/2"}],"replies":[{"embeddable":true,"href":"https:\/\/www.grieta.org.mx\/index.php\/wp-json\/wp\/v2\/comments?post=55440"}],"version-history":[{"count":1,"href":"https:\/\/www.grieta.org.mx\/index.php\/wp-json\/wp\/v2\/posts\/55440\/revisions"}],"predecessor-version":[{"id":55441,"href":"https:\/\/www.grieta.org.mx\/index.php\/wp-json\/wp\/v2\/posts\/55440\/revisions\/55441"}],"wp:featuredmedia":[{"embeddable":true,"href":"https:\/\/www.grieta.org.mx\/index.php\/wp-json\/wp\/v2\/media\/37983"}],"wp:attachment":[{"href":"https:\/\/www.grieta.org.mx\/index.php\/wp-json\/wp\/v2\/media?parent=55440"}],"wp:term":[{"taxonomy":"category","embeddable":true,"href":"https:\/\/www.grieta.org.mx\/index.php\/wp-json\/wp\/v2\/categories?post=55440"},{"taxonomy":"post_tag","embeddable":true,"href":"https:\/\/www.grieta.org.mx\/index.php\/wp-json\/wp\/v2\/tags?post=55440"}],"curies":[{"name":"wp","href":"https:\/\/api.w.org\/{rel}","templated":true}]}}