{"id":55421,"date":"2020-11-24T19:02:38","date_gmt":"2020-11-25T01:02:38","guid":{"rendered":"http:\/\/www.grieta.org.mx\/?p=55421"},"modified":"2020-11-24T21:07:49","modified_gmt":"2020-11-25T03:07:49","slug":"miguel-vazquez-el-empresario-y-ambientalista-que-lleva-mas-de-un-mes-desaparecido-en-tlapacoyan-veracruz","status":"publish","type":"post","link":"https:\/\/www.grieta.org.mx\/index.php\/2020\/11\/24\/miguel-vazquez-el-empresario-y-ambientalista-que-lleva-mas-de-un-mes-desaparecido-en-tlapacoyan-veracruz\/","title":{"rendered":"Miguel V\u00e1zquez, ambientalista que lleva m\u00e1s de un mes desaparecido en Tlapacoyan, Veracruz"},"content":{"rendered":"<p><img loading=\"lazy\" decoding=\"async\" data-attachment-id=\"55422\" data-permalink=\"https:\/\/www.grieta.org.mx\/index.php\/2020\/11\/24\/miguel-vazquez-el-empresario-y-ambientalista-que-lleva-mas-de-un-mes-desaparecido-en-tlapacoyan-veracruz\/miguel-vazquez-empresario-ambientalista-desaparecido-tlapacoyan-veracruz\/\" data-orig-file=\"https:\/\/www.grieta.org.mx\/wp-content\/uploads\/2020\/11\/miguel-vazquez-empresario-ambientalista-desaparecido-tlapacoyan-veracruz.jpeg\" data-orig-size=\"960,500\" data-comments-opened=\"0\" data-image-meta=\"{&quot;aperture&quot;:&quot;0&quot;,&quot;credit&quot;:&quot;&quot;,&quot;camera&quot;:&quot;&quot;,&quot;caption&quot;:&quot;&quot;,&quot;created_timestamp&quot;:&quot;0&quot;,&quot;copyright&quot;:&quot;&quot;,&quot;focal_length&quot;:&quot;0&quot;,&quot;iso&quot;:&quot;0&quot;,&quot;shutter_speed&quot;:&quot;0&quot;,&quot;title&quot;:&quot;&quot;,&quot;orientation&quot;:&quot;1&quot;}\" data-image-title=\"miguel-vazquez-empresario-ambientalista-desaparecido-tlapacoyan-veracruz\" data-image-description=\"\" data-image-caption=\"\" data-medium-file=\"https:\/\/www.grieta.org.mx\/wp-content\/uploads\/2020\/11\/miguel-vazquez-empresario-ambientalista-desaparecido-tlapacoyan-veracruz-300x156.jpeg\" data-large-file=\"https:\/\/www.grieta.org.mx\/wp-content\/uploads\/2020\/11\/miguel-vazquez-empresario-ambientalista-desaparecido-tlapacoyan-veracruz.jpeg\" class=\"alignnone wp-image-55422\" src=\"http:\/\/www.grieta.org.mx\/wp-content\/uploads\/2020\/11\/miguel-vazquez-empresario-ambientalista-desaparecido-tlapacoyan-veracruz-300x156.jpeg\" alt=\"\" width=\"800\" height=\"417\" srcset=\"https:\/\/www.grieta.org.mx\/wp-content\/uploads\/2020\/11\/miguel-vazquez-empresario-ambientalista-desaparecido-tlapacoyan-veracruz-300x156.jpeg 300w, https:\/\/www.grieta.org.mx\/wp-content\/uploads\/2020\/11\/miguel-vazquez-empresario-ambientalista-desaparecido-tlapacoyan-veracruz-768x400.jpeg 768w, https:\/\/www.grieta.org.mx\/wp-content\/uploads\/2020\/11\/miguel-vazquez-empresario-ambientalista-desaparecido-tlapacoyan-veracruz.jpeg 960w\" sizes=\"auto, (max-width: 800px) 100vw, 800px\" \/><\/p>\n<p>Alberto Pradilla \/ Animal Pol\u00edtico<\/p>\n<p><strong>Sus compa\u00f1eros aseguran que el empresario, de 70 a\u00f1os, no hab\u00eda recibido amenazas. Argumentan que otros activistas fueron presionados para retirar amparos contra hidroel\u00e9ctricas. <\/strong><\/p>\n<p>Miguel V\u00e1zquez Mart\u00ednez, de 70 a\u00f1os, desapareci\u00f3 el 20 octubre en Tlapacoyan, Veracruz. La \u00faltima vez que fue visto se encontraba subiendo al veh\u00edculo de unos desconocidos, que se lo llevaron, presuntamente, para ver un auto, ya que V\u00e1zquez Mart\u00ednez es due\u00f1o de un taller y una refaccionaria.<\/p>\n<p>Desde entonces su familia no tiene pistas sobre su paradero. Recibieron llamadas de sus supuestos captores para negociar por su libertad, pero no hubo acuerdos. Por recomendaci\u00f3n de la Fiscal\u00eda General del Estado (FGE) guardaron silencio. Ahora, m\u00e1s de un mes despu\u00e9s de que se lo llevaran, familiares y organizaciones ecologistas de la zona hacen p\u00fablico el secuestro: creen que su activismo en defensa del r\u00edo est\u00e9 detr\u00e1s de su captura.<\/p>\n<p>\u201cEn su mismo negocio le dieron referencias que quer\u00edan cerrar alg\u00fan trato y lo sustrajeron. Es preocupante porque tiene que ver con el contexto de violencia en el pa\u00eds, en el estado y en la regi\u00f3n\u201d, dice Emilio Rodr\u00edguez, integrante de la Asamblea Veracruzana de Iniciativas y de Defensa Ambiental (Lavida).<\/p>\n<p>Animal Pol\u00edtico consult\u00f3 con la FGE sobre las l\u00edneas de investigaci\u00f3n y posibles motivos del rapto, pero la instituci\u00f3n respondi\u00f3 que como se trata de un caso abierto no puede ofrecer detalles.<\/p>\n<p>Los compa\u00f1eros de Mart\u00ednez en el activismo cuestionaron la labor de la Fiscal\u00eda y lamentaron la falta de avances en la investigaci\u00f3n. \u201cA los 33 d\u00edas de su desaparici\u00f3n, no se han presentan resultados, por lo que demandamos de las autoridades pol\u00edticas y de procuraci\u00f3n de justicia avocarse con mayor puntualidad y trasparencia en la investigaci\u00f3n y esclarecimiento del caso, compartiendo con la familia y las organizaciones que integran esta Alianza los avances del mismo ya que esta dilaci\u00f3n pone en riesgo la vida del compa\u00f1ero\u201d, dijeron, a trav\u00e9s de un comunicado.<\/p>\n<p>Mart\u00ednez es un empresario y activista muy conocido en la zona. Est\u00e1 casado, tiene seis hijos y ocho nietos. Adem\u00e1s, es due\u00f1o de dos hoteles especializados en turismo ecol\u00f3gico, un taller y una refaccionaria. Desde hace 15 a\u00f1os es fundador y tesorero de la Alianza de Comunidades en Defensa de los R\u00edos Bobos-Nautla y Tecolutla A.C. por lo que su implicaci\u00f3n en la defensa de la naturaleza es una de las opciones que se barajan sobre su secuestro. La otra podr\u00eda ser la extorsi\u00f3n, ya que en la zona operan diversos grupos criminales.<\/p>\n<p>La trayectoria de Mart\u00ednez est\u00e1 vinculada al r\u00edo y, en los \u00faltimos tres lustros, su actividad ha estado centrada en impedir la instalaci\u00f3n de hidroel\u00e9ctricas. Como su negocio depende del cauce del r\u00edo, de pr\u00e1cticas como el rafting, se uni\u00f3 a otros propietarios de la zona para evitar que se entubasen los cauces.<\/p>\n<p><strong>24 proyectos hidroel\u00e9ctricos<\/strong><\/p>\n<p>Seg\u00fan explica H\u00e9ctor Colio, su compa\u00f1ero en el colectivo, en la cuenca del Bobos-Nautla, de 100 kil\u00f3metros de extensi\u00f3n, hay 24 proyectos de plantas para generar electricidad a trav\u00e9s de la corriente del agua. Las agrupaciones ambientalistas han trabajado para evitar su instalaci\u00f3n. Los planes m\u00e1s avanzados eran siete. Hasta el momento, lograron que tres sean desechadas por los tribunales al carecer de un Estudio de Impacto Ambiental viable pero otras cuatro han recibido de nuevo sus permisos.<\/p>\n<p>En este sentido, Rodr\u00edguez recuerda que el ahora desaparecido y sus compa\u00f1eros fueron una avanzadilla en la denuncia de las peque\u00f1as hidroel\u00e9ctricas. \u201cSon pioneros en el posicionamiento de este tema. Se pensaba que era la respuesta limpia a los megaproyectos. En lugar de hacer una gran presa, la dividen y significa un impacto may\u00fasculo\u201d, explica.<\/p>\n<p>Desde hace 15 a\u00f1os, Mart\u00ednez y sus compa\u00f1eros han presentado amparos ante los tribunales, realizado marchas para mostrar su rechazo a los proyectos y conferencias para convencer a los vecinos de la importancia de proteger la cuenca del r\u00edo.<\/p>\n<p>\u201cPrimero vinieron las hidroel\u00e9ctricas y ahora estamos haciendo frente a la amenaza de tres minas a cielo abierto, dos en Puebla y una en Veracruz\u201d, explica Colio.<\/p>\n<p>\u201cEn esta lucha hemos sufrido amenazas por testaferros de las empresas y por autoridades de municipios que se han puesto del lado de los empresarios. La desaparici\u00f3n del compa\u00f1ero nos preocupa porque se suma a prisiones y amenazas que estamos sufriendo\u201d, dijo el ambientalista.<\/p>\n<p>Colio reconoci\u00f3 que, hasta ahora, no tienen pistas para saber qui\u00e9n puede estar detr\u00e1s de la desaparici\u00f3n. \u201cYa hab\u00edan amenazado a algunos compa\u00f1eros que se desistieran\u201d, explic\u00f3. Seg\u00fan el ambientalista, el modus operandi era realizar llamadas para tratar de obligar a los activistas a retirar los amparos con los que mantienen paralizadas las obras.<\/p>\n<p>Por eso, la desaparici\u00f3n de Mart\u00ednez ha generado un ambiente de \u201cterror\u201d en la comunidad. \u201cEsta noticia causa terror y una poblaci\u00f3n aterrorizada se paraliza\u201d, dijo.<\/p>\n<p>Est\u00e1 previsto que este 24 de noviembre comparezcan familiares y ambientalistas en una conferencia de prensa en Xalapa y luego se dirijan a las oficinas de la FGE para pedir explicaciones.<\/p>\n<p>\u201cMiguel es un compa\u00f1ero solidario, un empresario local que siempre se mostr\u00f3 solidario con la causa. Ha dedicado su vida a la regi\u00f3n\u201d, dijo Emilio Rodr\u00edguez.<\/p>\n<p><a href=\"https:\/\/www.animalpolitico.com\/2020\/11\/miguel-vazquez-empresario-ambientalista-desaparecido-tlapacoyan-veracruz\/\" target=\"_blank\" rel=\"noopener noreferrer\">https:\/\/www.animalpolitico.com\/2020\/11\/miguel-vazquez-empresario-ambientalista-desaparecido-tlapacoyan-veracruz\/<\/a><\/p>\n","protected":false},"excerpt":{"rendered":"<p>Alberto Pradilla \/ Animal Pol\u00edtico Sus compa\u00f1eros aseguran que el empresario, de 70 a\u00f1os, no hab\u00eda recibido amenazas. Argumentan que otros activistas fueron presionados para retirar amparos contra hidroel\u00e9ctricas. Miguel &hellip; <a href=\"https:\/\/www.grieta.org.mx\/index.php\/2020\/11\/24\/miguel-vazquez-el-empresario-y-ambientalista-que-lleva-mas-de-un-mes-desaparecido-en-tlapacoyan-veracruz\/\" class=\"more-link\">Leer m\u00e1s<\/a><\/p>\n","protected":false},"author":2,"featured_media":55422,"comment_status":"closed","ping_status":"closed","sticky":false,"template":"","format":"standard","meta":{"ngg_post_thumbnail":0,"_jetpack_newsletter_access":"","_jetpack_dont_email_post_to_subs":false,"_jetpack_newsletter_tier_id":0,"_jetpack_memberships_contains_paywalled_content":false,"_jetpack_memberships_contains_paid_content":false,"footnotes":""},"categories":[2502,80,1012,2,35],"tags":[2860,2140],"class_list":["post-55421","post","type-post","status-publish","format-standard","has-post-thumbnail","hentry","category-asesinato-de-activistas-en-veracruz","category-cintillo","category-desaparecidos-en-veracruz","category-noticias-nacionales","category-veracruz","tag-amenazas-contra-activistas","tag-asesinato-de-activistas","entry"],"jetpack_featured_media_url":"https:\/\/www.grieta.org.mx\/wp-content\/uploads\/2020\/11\/miguel-vazquez-empresario-ambientalista-desaparecido-tlapacoyan-veracruz.jpeg","jetpack_sharing_enabled":true,"jetpack_shortlink":"https:\/\/wp.me\/p7ZJR4-epT","jetpack_likes_enabled":false,"jetpack-related-posts":[{"id":39411,"url":"https:\/\/www.grieta.org.mx\/index.php\/2019\/08\/02\/impune-crimen-de-noe-lucho-contra-hidroelectrica-en-centro-de-veracruz\/","url_meta":{"origin":55421,"position":0},"title":"Impune, crimen de No\u00e9; luch\u00f3 contra hidroel\u00e9ctrica en centro de Veracruz","author":"grieta","date":"2 agosto, 2019","format":false,"excerpt":"Este 2 de agosto se cumplen 6 a\u00f1os del asesinato del activista y defensor ambiental, No\u00e9 V\u00e1zquez Ortiz, en Amatl\u00e1n de los Reyes, quien se opon\u00eda a la hidroel\u00e9ctrica El Naranjal y el saqueo de recursos naturales en el estado de Veracruz, ante los graves da\u00f1os que ello provoca. El\u2026","rel":"","context":"En &quot;Asesinato de activistas en Veracruz&quot;","block_context":{"text":"Asesinato de activistas en Veracruz","link":"https:\/\/www.grieta.org.mx\/index.php\/category\/noticias-nacionales\/veracruz\/asesinato-de-activistas-en-veracruz\/"},"img":{"alt_text":"","src":"https:\/\/i0.wp.com\/www.grieta.org.mx\/wp-content\/uploads\/2019\/09\/570348_d.jpg?resize=350%2C200&ssl=1","width":350,"height":200,"srcset":"https:\/\/i0.wp.com\/www.grieta.org.mx\/wp-content\/uploads\/2019\/09\/570348_d.jpg?resize=350%2C200&ssl=1 1x, https:\/\/i0.wp.com\/www.grieta.org.mx\/wp-content\/uploads\/2019\/09\/570348_d.jpg?resize=525%2C300&ssl=1 1.5x"},"classes":[]},{"id":32524,"url":"https:\/\/www.grieta.org.mx\/index.php\/2019\/03\/30\/asesinan-en-veracruz-a-activista-abiram-hernandez-activista-por-los-desaparecidos\/","url_meta":{"origin":55421,"position":1},"title":"Asesinan en Veracruz a activista Abir\u00e1m Hern\u00e1ndez, activista por los desaparecidos","author":"grieta","date":"30 marzo, 2019","format":false,"excerpt":"Abir\u00e1m Hern\u00e1ndez, ex integrante del colectivo Por la Paz de Xalapa, fue asesinado el d\u00eda de ayer de manera artera: su cuerpo fue encontrado en la sala de su casa con un golpe en la cabeza que le quit\u00f3 la vida, luego de que fueran forzadas las entradas a su\u2026","rel":"","context":"En &quot;Asesinato de activistas en Veracruz&quot;","block_context":{"text":"Asesinato de activistas en Veracruz","link":"https:\/\/www.grieta.org.mx\/index.php\/category\/noticias-nacionales\/veracruz\/asesinato-de-activistas-en-veracruz\/"},"img":{"alt_text":"","src":"https:\/\/i0.wp.com\/www.grieta.org.mx\/wp-content\/uploads\/2019\/04\/36539725_10160675006530442_3325318810486964224_n.jpg?resize=350%2C200&ssl=1","width":350,"height":200,"srcset":"https:\/\/i0.wp.com\/www.grieta.org.mx\/wp-content\/uploads\/2019\/04\/36539725_10160675006530442_3325318810486964224_n.jpg?resize=350%2C200&ssl=1 1x, https:\/\/i0.wp.com\/www.grieta.org.mx\/wp-content\/uploads\/2019\/04\/36539725_10160675006530442_3325318810486964224_n.jpg?resize=525%2C300&ssl=1 1.5x, https:\/\/i0.wp.com\/www.grieta.org.mx\/wp-content\/uploads\/2019\/04\/36539725_10160675006530442_3325318810486964224_n.jpg?resize=700%2C400&ssl=1 2x"},"classes":[]},{"id":43699,"url":"https:\/\/www.grieta.org.mx\/index.php\/2020\/01\/26\/brujas-del-mar-exigen-justicia-por-asesinato-de-activistas-veracruz\/","url_meta":{"origin":55421,"position":2},"title":"Brujas del Mar exigen justicia por asesinato de activistas (Veracruz)","author":"grieta","date":"26 enero, 2020","format":false,"excerpt":"Andr\u00e9s Salom\u00f3n \/ Vanguardia Veracruz, Ver.- Con mantas y algunas cruces en color rosa, el colectivo Brujas del Mar realiz\u00f3 una protesta pac\u00edfica en el z\u00f3calo de la ciudad, para exigir justicia en apoyo a la movilizaci\u00f3n nacional por los feminicidios de dos activistas, asegur\u00f3 Arussi Unda, vocera del colectivo.\u2026","rel":"","context":"En &quot;Asesinato de activistas en Veracruz&quot;","block_context":{"text":"Asesinato de activistas en Veracruz","link":"https:\/\/www.grieta.org.mx\/index.php\/category\/noticias-nacionales\/veracruz\/asesinato-de-activistas-en-veracruz\/"},"img":{"alt_text":"","src":"https:\/\/i0.wp.com\/www.grieta.org.mx\/wp-content\/uploads\/2020\/01\/https-_www.vanguardiaveracruz.mx_wp-content_uploads_2020_01_ver-brujas.jpg?resize=350%2C200&ssl=1","width":350,"height":200,"srcset":"https:\/\/i0.wp.com\/www.grieta.org.mx\/wp-content\/uploads\/2020\/01\/https-_www.vanguardiaveracruz.mx_wp-content_uploads_2020_01_ver-brujas.jpg?resize=350%2C200&ssl=1 1x, https:\/\/i0.wp.com\/www.grieta.org.mx\/wp-content\/uploads\/2020\/01\/https-_www.vanguardiaveracruz.mx_wp-content_uploads_2020_01_ver-brujas.jpg?resize=525%2C300&ssl=1 1.5x, https:\/\/i0.wp.com\/www.grieta.org.mx\/wp-content\/uploads\/2020\/01\/https-_www.vanguardiaveracruz.mx_wp-content_uploads_2020_01_ver-brujas.jpg?resize=700%2C400&ssl=1 2x, https:\/\/i0.wp.com\/www.grieta.org.mx\/wp-content\/uploads\/2020\/01\/https-_www.vanguardiaveracruz.mx_wp-content_uploads_2020_01_ver-brujas.jpg?resize=1050%2C600&ssl=1 3x"},"classes":[]},{"id":33210,"url":"https:\/\/www.grieta.org.mx\/index.php\/2019\/04\/12\/periodistas-acusan-al-alcalde-de-cosolecaque-cirilo-vazquez-y-su-jefe-de-prensa-de-amenazas-de-muerte-veracruz\/","url_meta":{"origin":55421,"position":3},"title":"Periodistas acusan al alcalde de Cosolecaque Cirilo V\u00e1zquez y su jefe de prensa de amenazas de muerte (Veracruz)","author":"grieta","date":"12 abril, 2019","format":false,"excerpt":"Redacci\u00f3n \/ Plumas Libres Xalapa, Ver.- Periodistas de Cosoleacaque denunciaron que a causa de una manifestaci\u00f3n contra del alcalde Cirilo V\u00e1zquez Parissi que niega pagar un adeudo por publicidad, reciben amenazas de muerte y culpan a funcionarios de este ayuntamiento si algo les sucede. Gabriel Jimenez Rodr\u00edguez, director de TVS\u2026","rel":"","context":"En &quot;CINTILLO&quot;","block_context":{"text":"CINTILLO","link":"https:\/\/www.grieta.org.mx\/index.php\/category\/cintillo\/"},"img":{"alt_text":"","src":"https:\/\/i0.wp.com\/www.grieta.org.mx\/wp-content\/uploads\/2019\/05\/lils.jpg?resize=350%2C200&ssl=1","width":350,"height":200,"srcset":"https:\/\/i0.wp.com\/www.grieta.org.mx\/wp-content\/uploads\/2019\/05\/lils.jpg?resize=350%2C200&ssl=1 1x, https:\/\/i0.wp.com\/www.grieta.org.mx\/wp-content\/uploads\/2019\/05\/lils.jpg?resize=525%2C300&ssl=1 1.5x"},"classes":[]},{"id":65660,"url":"https:\/\/www.grieta.org.mx\/index.php\/2022\/11\/01\/el-crimen-amenaza-a-activistas-para-frenar-busquedas-de-desaparecidos-en-veracruz\/","url_meta":{"origin":55421,"position":4},"title":"El crimen amenaza a activistas para frenar b\u00fasquedas de desaparecidos en Veracruz","author":"grieta","date":"1 noviembre, 2022","format":false,"excerpt":"Laura Morales \/ Imagen del Golfo Se necesita mayor seguridad en las brigadas de b\u00fasqueda que llevan a cabo los colectivos en predios de la entidad, pues los activistas siguen siendo amenazados e intimidados para frenar sus acciones. Rosal\u00eda Castro Toss, integrante del Colectivo Solecito, acus\u00f3 que no se sienten\u2026","rel":"","context":"En &quot;CINTILLO&quot;","block_context":{"text":"CINTILLO","link":"https:\/\/www.grieta.org.mx\/index.php\/category\/cintillo\/"},"img":{"alt_text":"","src":"https:\/\/i0.wp.com\/www.grieta.org.mx\/wp-content\/uploads\/2022\/11\/collage-78_1-focus-0-0-732-549.jpg?resize=350%2C200&ssl=1","width":350,"height":200,"srcset":"https:\/\/i0.wp.com\/www.grieta.org.mx\/wp-content\/uploads\/2022\/11\/collage-78_1-focus-0-0-732-549.jpg?resize=350%2C200&ssl=1 1x, https:\/\/i0.wp.com\/www.grieta.org.mx\/wp-content\/uploads\/2022\/11\/collage-78_1-focus-0-0-732-549.jpg?resize=525%2C300&ssl=1 1.5x, https:\/\/i0.wp.com\/www.grieta.org.mx\/wp-content\/uploads\/2022\/11\/collage-78_1-focus-0-0-732-549.jpg?resize=700%2C400&ssl=1 2x"},"classes":[]},{"id":32481,"url":"https:\/\/www.grieta.org.mx\/index.php\/2019\/04\/03\/temen-activistas-que-crimen-de-abiram-quede-impune-veracruz\/","url_meta":{"origin":55421,"position":5},"title":"Temen activistas que crimen de Abir\u00e1m quede impune (Veracruz)","author":"grieta","date":"3 abril, 2019","format":false,"excerpt":"Juan David Castilla \/ El Dem\u00f3crata Un grupo de activistas protest\u00f3 frente a Palacio de Gobierno para exigir a las autoridades que el crimen de Abir\u00e1m Hern\u00e1ndez no quede en la impunidad. Ana\u00eds Palacios P\u00e9rez, quien ha formado parte de colectivos de familiares de desaparecidos, denunci\u00f3 que a cinco d\u00edas\u2026","rel":"","context":"En &quot;CINTILLO&quot;","block_context":{"text":"CINTILLO","link":"https:\/\/www.grieta.org.mx\/index.php\/category\/cintillo\/"},"img":{"alt_text":"","src":"https:\/\/i0.wp.com\/www.grieta.org.mx\/wp-content\/uploads\/2019\/04\/Screenshot_2019-04-25-Temen-activistas-que-crimen-de-Abir%C3%A1m-quede-impune-El-Dem%C3%B3crata.jpg?resize=350%2C200&ssl=1","width":350,"height":200,"srcset":"https:\/\/i0.wp.com\/www.grieta.org.mx\/wp-content\/uploads\/2019\/04\/Screenshot_2019-04-25-Temen-activistas-que-crimen-de-Abir%C3%A1m-quede-impune-El-Dem%C3%B3crata.jpg?resize=350%2C200&ssl=1 1x, https:\/\/i0.wp.com\/www.grieta.org.mx\/wp-content\/uploads\/2019\/04\/Screenshot_2019-04-25-Temen-activistas-que-crimen-de-Abir%C3%A1m-quede-impune-El-Dem%C3%B3crata.jpg?resize=525%2C300&ssl=1 1.5x, https:\/\/i0.wp.com\/www.grieta.org.mx\/wp-content\/uploads\/2019\/04\/Screenshot_2019-04-25-Temen-activistas-que-crimen-de-Abir%C3%A1m-quede-impune-El-Dem%C3%B3crata.jpg?resize=700%2C400&ssl=1 2x, https:\/\/i0.wp.com\/www.grieta.org.mx\/wp-content\/uploads\/2019\/04\/Screenshot_2019-04-25-Temen-activistas-que-crimen-de-Abir%C3%A1m-quede-impune-El-Dem%C3%B3crata.jpg?resize=1050%2C600&ssl=1 3x, https:\/\/i0.wp.com\/www.grieta.org.mx\/wp-content\/uploads\/2019\/04\/Screenshot_2019-04-25-Temen-activistas-que-crimen-de-Abir%C3%A1m-quede-impune-El-Dem%C3%B3crata.jpg?resize=1400%2C800&ssl=1 4x"},"classes":[]}],"_links":{"self":[{"href":"https:\/\/www.grieta.org.mx\/index.php\/wp-json\/wp\/v2\/posts\/55421","targetHints":{"allow":["GET"]}}],"collection":[{"href":"https:\/\/www.grieta.org.mx\/index.php\/wp-json\/wp\/v2\/posts"}],"about":[{"href":"https:\/\/www.grieta.org.mx\/index.php\/wp-json\/wp\/v2\/types\/post"}],"author":[{"embeddable":true,"href":"https:\/\/www.grieta.org.mx\/index.php\/wp-json\/wp\/v2\/users\/2"}],"replies":[{"embeddable":true,"href":"https:\/\/www.grieta.org.mx\/index.php\/wp-json\/wp\/v2\/comments?post=55421"}],"version-history":[{"count":1,"href":"https:\/\/www.grieta.org.mx\/index.php\/wp-json\/wp\/v2\/posts\/55421\/revisions"}],"predecessor-version":[{"id":55434,"href":"https:\/\/www.grieta.org.mx\/index.php\/wp-json\/wp\/v2\/posts\/55421\/revisions\/55434"}],"wp:featuredmedia":[{"embeddable":true,"href":"https:\/\/www.grieta.org.mx\/index.php\/wp-json\/wp\/v2\/media\/55422"}],"wp:attachment":[{"href":"https:\/\/www.grieta.org.mx\/index.php\/wp-json\/wp\/v2\/media?parent=55421"}],"wp:term":[{"taxonomy":"category","embeddable":true,"href":"https:\/\/www.grieta.org.mx\/index.php\/wp-json\/wp\/v2\/categories?post=55421"},{"taxonomy":"post_tag","embeddable":true,"href":"https:\/\/www.grieta.org.mx\/index.php\/wp-json\/wp\/v2\/tags?post=55421"}],"curies":[{"name":"wp","href":"https:\/\/api.w.org\/{rel}","templated":true}]}}