{"id":55411,"date":"2020-11-24T12:38:04","date_gmt":"2020-11-24T18:38:04","guid":{"rendered":"http:\/\/www.grieta.org.mx\/?p=55411"},"modified":"2020-11-24T12:38:04","modified_gmt":"2020-11-24T18:38:04","slug":"cronica-de-marchas-en-toluca-en-repudio-a-feminicidios","status":"publish","type":"post","link":"https:\/\/www.grieta.org.mx\/index.php\/2020\/11\/24\/cronica-de-marchas-en-toluca-en-repudio-a-feminicidios\/","title":{"rendered":"Cr\u00f3nica de marchas en Toluca en repudio a feminicidios"},"content":{"rendered":"<figure id=\"attachment_55412\" aria-describedby=\"caption-attachment-55412\" style=\"width: 800px\" class=\"wp-caption alignnone\"><img loading=\"lazy\" decoding=\"async\" data-attachment-id=\"55412\" data-permalink=\"https:\/\/www.grieta.org.mx\/index.php\/2020\/11\/24\/cronica-de-marchas-en-toluca-en-repudio-a-feminicidios\/screenshot_2020-11-24-3-facebook\/\" data-orig-file=\"https:\/\/www.grieta.org.mx\/wp-content\/uploads\/2020\/11\/Screenshot_2020-11-24-3-Facebook.jpg\" data-orig-size=\"633,428\" data-comments-opened=\"0\" data-image-meta=\"{&quot;aperture&quot;:&quot;0&quot;,&quot;credit&quot;:&quot;&quot;,&quot;camera&quot;:&quot;&quot;,&quot;caption&quot;:&quot;&quot;,&quot;created_timestamp&quot;:&quot;0&quot;,&quot;copyright&quot;:&quot;&quot;,&quot;focal_length&quot;:&quot;0&quot;,&quot;iso&quot;:&quot;0&quot;,&quot;shutter_speed&quot;:&quot;0&quot;,&quot;title&quot;:&quot;&quot;,&quot;orientation&quot;:&quot;1&quot;}\" data-image-title=\"Screenshot_2020-11-24 (3) Facebook\" data-image-description=\"\" data-image-caption=\"\" data-medium-file=\"https:\/\/www.grieta.org.mx\/wp-content\/uploads\/2020\/11\/Screenshot_2020-11-24-3-Facebook-300x203.jpg\" data-large-file=\"https:\/\/www.grieta.org.mx\/wp-content\/uploads\/2020\/11\/Screenshot_2020-11-24-3-Facebook.jpg\" class=\"wp-image-55412\" src=\"http:\/\/www.grieta.org.mx\/wp-content\/uploads\/2020\/11\/Screenshot_2020-11-24-3-Facebook.jpg\" alt=\"\" width=\"800\" height=\"541\" srcset=\"https:\/\/www.grieta.org.mx\/wp-content\/uploads\/2020\/11\/Screenshot_2020-11-24-3-Facebook.jpg 633w, https:\/\/www.grieta.org.mx\/wp-content\/uploads\/2020\/11\/Screenshot_2020-11-24-3-Facebook-300x203.jpg 300w\" sizes=\"auto, (max-width: 800px) 100vw, 800px\" \/><figcaption id=\"caption-attachment-55412\" class=\"wp-caption-text\">Imagen tomada de Facebook \/Flor-de-Asfalto<\/figcaption><\/figure>\n<p>Colectivo Flor de Asfalto<\/p>\n<p>Toluca inici\u00f3 la semana del 9 de noviembre con la noticia de tres feminicidios, tres mujeres asesinadas en menos de 72 horas en la capital del Estado de M\u00e9xico. La entidad es la que cuenta con el mayor n\u00famero de feminicidios en el pa\u00eds al haber registrado 80 v\u00edctimas en lo que va del a\u00f1o, cifra que aumenta con el confinamiento por el COVID-19.<br \/>\nEntre el s\u00e1bado 7 y el lunes 9 de noviembre, fueron localizadas sin vida Karina L\u00f3pez Nieto de 21 a\u00f1os, Karla Isela Mel\u00e9ndez Cedillo de 26 a\u00f1os y una mujer hasta ahora no identificada y de quien fue hallado su cuerpo en las inmediaciones de un terreno bald\u00edo en la zona norte de la ciudad. Karla y Karina fueron encontradas en sus respectivas casas, ambas con signos de agresiones en sus cuerpos.<br \/>\nKarla Isela, originaria de Jocotitl\u00e1n, era psic\u00f3loga egresada de la Facultad de Ciencias de la Conducta de la Universidad Aut\u00f3noma del Estado de M\u00e9xico. El ejercicio de su profesi\u00f3n la vincul\u00f3 directamente con su entorno comunitario, haciendo de la educaci\u00f3n especial su pasi\u00f3n.<br \/>\nEn este contexto, la Colectiva Auroras de Sol y la Comunidad Estudiantil Organizada de la Facultad de Ciencias de la Conducta, convocaron a una marcha separatista para el mi\u00e9rcoles 11 de noviembre. Por su parte &#8220;Revoltosas&#8221; Colectiva de Mujeres Feministas Diversas llamaron a una movilizaci\u00f3n mixta para el jueves 12 de noviembre. Ambas con la exigencia de justicia.<br \/>\nEl mi\u00e9rcoles 11 la concentraci\u00f3n comenz\u00f3 a partir del mediod\u00eda. Mujeres en su mayor\u00eda vestidas de negro y con distintivos verdes y morados, llegaban a la Plaza de los M\u00e1rtires en el centro de Toluca. Por su parte, la polic\u00eda estatal y municipal montaron un operativo en los alrededores del palacio de gobierno, granaderos con casco, escudo y tolete.<br \/>\nA su vez, los familiares de las v\u00edctimas se hicieron presentes. Por su parte, la hermana de Karina denunci\u00f3 que han dado informaci\u00f3n a las autoridades sobre el paradero del feminicida, pero que no hacen sin que se haga nada por detenerlo; pidi\u00f3 justicia no s\u00f3lo por su hermana, sino por todas las que se encuentran en la misma situaci\u00f3n. En ese mismo momento, la madre de Sandra Col\u00edn se\u00f1al\u00f3 que en abril de este a\u00f1o, su hija fue herida de muerte por un balazo en el est\u00f3mago, entr\u00f3 en terapia intensiva durante mes y medio, y estando a punto de darla de alta falleci\u00f3. Cont\u00f3 que su hija declar\u00f3 y reconoci\u00f3 a quienes atentaron contra su vida, de manera que en la fiscal\u00eda del estado existe ya una carpeta del caso; sin embargo, las autoridades s\u00f3lo le han dado a la familia atole con el dedo. Cuenta que se reuni\u00f3 con autoridades de la fiscal\u00eda pero que desde hace un mes y medio no le han notificado ning\u00fan tipo de informaci\u00f3n respecto al caso de su hija. Adem\u00e1s menciona que un d\u00eda antes de la marcha se enter\u00f3 de la misma y decidi\u00f3 asistir.<br \/>\nPor su parte, familiares de Karla, exigieron celeridad, que se esclarezca la verdad, que no haya una muerta m\u00e1s, declararon que:<\/p>\n<blockquote><p>&#8220;no queremos a nadie de nuestras familias, ni que nadie m\u00e1s de las familias pase un dolor como el que estamos pasando. Nosotros no queremos que pase esto, ya que se detenga [\u2026] hay un gobierno mediocre, eso es lo que est\u00e1 pasando. Que haya dignidad y respeto, y un lugar, el que merece la mujer, porque esa es la fuerza del pa\u00eds. Duele en el alma perder un hijo, duele en el alma perder a una amiga, a una sobrina, a todas las que han fallecido. Duele much\u00edsimo, ahora lo entiendo.<br \/>\n&#8220;La fiscal\u00eda nada m\u00e1s recibe a los padres para hacer una cortina, para que digan que s\u00ed est\u00e1n trabajando, pero despu\u00e9s le dan carpetazo y los archivan, \u00bfcu\u00e1ntos tenemos archivos ah\u00ed muertos de tantos feminicidios?, eso es lo que a nosotros nos duele y queremos que haya esa justicia, que no sean casos cerrados, tres meses, seis meses y se acab\u00f3; ese no es el trabajo de un gobierno, de una autoridad. Y hay mujeres en el gobierno, mujeres en el gobierno estatal, mujeres en el gobierno federal que tienen puestos, \u00a1hagan algo! Puede ser un d\u00eda sus hijas, sus nietas, sus sobrinas, sus t\u00edas, sus hermanas, sus madres. [\u2026] Dense cuenta del dolor que pasan estas familias, yo estoy aqu\u00ed por mi sobrina Karla. [\u2026] Se\u00f1ores comunicadores, den voz a la verdad, esta es la verdad del pueblo de M\u00e9xico, de nosotras las mujeres.&#8221;<\/p><\/blockquote>\n<p>As\u00ed, familiares y colectivas marcharon como mujeres estudiantes, trabajadoras, acad\u00e9micas, profesionistas, que a su paso por las avenidas y calles de Toluca, interpelaban con rabia y dignidad a quienes se asomaban de sus casas y locales, recordando que las mujeres son asesinadas en la cara de la gente, se\u00f1alando la impunidad de la que gozan los feminicidas y denunciando la complicidad del aparato judicial en todos sus niveles.<br \/>\nEl jueves a las 16:00 horas, diversas colectivas, colectivos, grupos y personas en lo individual, se encontraron en la misma plaza, donde mujeres y hombres avanzaron por la misma ruta, con las mismas consignas, con la misma rabia y con la misma dignidad. Las banderas de la comunidad LGBT+ y de la comunidad transexual, acompa\u00f1aron el rostro y nombre de sus amigas, sus hermanas, sus hijas, sus madres y sus compa\u00f1eras que ya no est\u00e1n.<br \/>\nAmbas movilizaciones fueron la voz de Karla, Karina, Sandra, Susana, Jessica, Sonia, Areli, Maribel, Aurora, mujeres asesinadas en Toluca y que, como otras, van quedando en el anonimato. Por ello, en uno y otro contingente, se expres\u00f3 el compromiso de no permitir que prive la impunidad, se\u00f1alando que seguir\u00e1n ejerciendo presi\u00f3n en los espacios p\u00fablicos en los que sea necesario hacerse presentes para que las autoridades hagan de manera responsable su trabajo.<br \/>\nEn ambos d\u00edas se tuvo como destino el Centro de Justicia para la Mujer, que depende de la Fiscal\u00eda General de Justicia del Estado de M\u00e9xico. El mi\u00e9rcoles la Colectiva Auroras de Sol expres\u00f3 su rabia por el &#8220;asesinato de mujeres a manos de hombres que dec\u00edan amarlas, cometiendo el acto m\u00e1s ruin, tomando sus vidas con extrema violencia, sabi\u00e9ndose impunes, apoyados por este sistema patriarcal, machista y clasista desde su estructura, que como mujeres padecemos y resistimos diariamente. Alzamos nuestro grito de justicia por Karina y Karla, tambi\u00e9n nombramos a la compa\u00f1era de la que a\u00fan se desconoce su identidad [\u2026] aunque no sabemos su nombre tambi\u00e9n su vida duele y cuenta, nos indigna su ausencia porque nos arrebataron una amiga, una hermana, una colega, hija, compa\u00f1era. Con ellas se apagan los sue\u00f1os, el futuro, las sonrisas y la vida compartida. Como Auroras del Sol repudiamos completamente la violencia [\u2026] reconocemos que estas violencias que hoy se ciernen sobre nuestros cuerpos es el resultado de este sistema patriarcal, machista y feminicida que explota y desprecia nuestros cuerpos. As\u00ed, llenas de rabia e indignaci\u00f3n hemos decidido, una vez m\u00e1s, alzar la voz, ser el grito de Karla, Karina y todas aquellas que nos quitaron. Gritar y exigir justicia por todas las mujeres asesinadas diariamente, les decimos que, para nosotras, su vida representa m\u00e1s que una cifra y que por ning\u00fan motivo permitiremos que el Estado convierta sus nombres en una carpeta abierta o una cifra estad\u00edstica y c\u00f3moda m\u00e1s. El dolor no nos detendr\u00e1, ser\u00e1 el alimento de nuestra digna lucha.&#8221;<br \/>\nPor su parte, el jueves, \u201cRevoltosas\u201d expres\u00f3 ante la misma instituci\u00f3n su posicionamiento ante el feminicidio de Karla y por las mujeres que han sido asesinadas: &#8220;Karla, docente, estudiante, artista, mujer. Y ser mujer en el estado que tiene el primer lugar de feminicidios en el pa\u00eds fue lo que la conden\u00f3. Hoy estamos aqu\u00ed para exigir justicia por su asesinato, estamos aqu\u00ed en absoluta desesperaci\u00f3n, indignaci\u00f3n, frustraci\u00f3n, enojo y miedo. Queremos sacar de la comodidad y de la indiferencia a todas y todos aquellos que est\u00e1n involucrados y se encargan de la procuraci\u00f3n e impartici\u00f3n de justicia. Para que salgan de la apat\u00eda y dejen de actuar con ineficiencia. Se necesita m\u00e1s que s\u00f3lo voluntad pol\u00edtica, se necesita m\u00e1s que s\u00f3lo discursos, se necesita m\u00e1s que s\u00f3lo fotos, se necesita m\u00e1s que s\u00f3lo la implementaci\u00f3n de la alerta de g\u00e9nero y se necesita m\u00e1s que fotos con el mo\u00f1o naranja. En menos de 72 horas, mataron a dos mujeres m\u00e1s aparte de Karla, hoy estamos aqu\u00ed por ellas y por todas aquellas que nos faltan, aquellas a las que les arrebataron la voz, hoy buscamos que se escuche y se haga justicia.&#8221;<br \/>\nAl concluir los respectivos m\u00edtines, ambas movilizaciones regresaron en contingente hacia el centro de la ciudad. En diversos momentos hubo un coro com\u00fan que acompa\u00f1\u00f3 ambos d\u00edas, la Canci\u00f3n Sin Miedo:<br \/>\nPor todas las compas marchando en Reforma<br \/>\nPor todas las morras peleando en Sonora<br \/>\nPor las comandantas luchando por Chiapas<br \/>\nPor todas las madres buscando en Tijuana<br \/>\nCantamos sin miedo, pedimos justicia<br \/>\nGritamos por cada desaparecida<br \/>\nQue resuene fuerte: \u00a1Nos queremos vivas!<\/p>\n","protected":false},"excerpt":{"rendered":"<p>Colectivo Flor de Asfalto Toluca inici\u00f3 la semana del 9 de noviembre con la noticia de tres feminicidios, tres mujeres asesinadas en menos de 72 horas en la capital del &hellip; <a href=\"https:\/\/www.grieta.org.mx\/index.php\/2020\/11\/24\/cronica-de-marchas-en-toluca-en-repudio-a-feminicidios\/\" class=\"more-link\">Leer m\u00e1s<\/a><\/p>\n","protected":false},"author":2,"featured_media":55412,"comment_status":"closed","ping_status":"closed","sticky":false,"template":"","format":"standard","meta":{"ngg_post_thumbnail":0,"_jetpack_newsletter_access":"","_jetpack_dont_email_post_to_subs":false,"_jetpack_newsletter_tier_id":0,"_jetpack_memberships_contains_paywalled_content":false,"_jetpack_memberships_contains_paid_content":false,"footnotes":""},"categories":[80,16,1013,3035,2,2720],"tags":[81,2248],"class_list":["post-55411","post","type-post","status-publish","format-standard","has-post-thumbnail","hentry","category-cintillo","category-estado-de-mexico","category-feminicios-en-el-estado-de-mexico","category-movilizaciones-y-protestas-de-habitantes-en-el-estado-de-mexico","category-noticias-nacionales","category-violencia-contra-las-mujeres-en-el-estado-de-mexico","tag-feminicidios","tag-luchas-de-las-mujeres","entry"],"jetpack_featured_media_url":"https:\/\/www.grieta.org.mx\/wp-content\/uploads\/2020\/11\/Screenshot_2020-11-24-3-Facebook.jpg","jetpack_sharing_enabled":true,"jetpack_shortlink":"https:\/\/wp.me\/p7ZJR4-epJ","jetpack_likes_enabled":false,"jetpack-related-posts":[{"id":55453,"url":"https:\/\/www.grieta.org.mx\/index.php\/2020\/11\/22\/colectivos-protestan-colgando-mantas-en-toluca-ante-el-aumento-de-femenicidios-estado-de-mexico\/","url_meta":{"origin":55411,"position":0},"title":"Colectivos protestan colgando mantas en Toluca ante el aumento de femenicidios (Estado de M\u00e9xico)","author":"grieta","date":"22 noviembre, 2020","format":false,"excerpt":"Foto tomada de: ADNoticias V\u00edctor Castillo \/ ADNoticias Hasta octubre en el Estado de M\u00e9xico se han contabilizado 119 casos de feminicidio Integrantes de colectivos feministas colocaron este s\u00e1bado mantas sobre un puente peatonal en Paseo Tollocan, en protesta por los feminicidios en el Estado de M\u00e9xico. Esto se suma\u2026","rel":"","context":"En &quot;CINTILLO&quot;","block_context":{"text":"CINTILLO","link":"https:\/\/www.grieta.org.mx\/index.php\/category\/cintillo\/"},"img":{"alt_text":"","src":"https:\/\/i0.wp.com\/www.grieta.org.mx\/wp-content\/uploads\/2020\/11\/Colectivos-protestan-colgando-mantas-en-Toluca-ante-el-aumento-de-femenicidios-edomex-nov.jpg?resize=350%2C200&ssl=1","width":350,"height":200,"srcset":"https:\/\/i0.wp.com\/www.grieta.org.mx\/wp-content\/uploads\/2020\/11\/Colectivos-protestan-colgando-mantas-en-Toluca-ante-el-aumento-de-femenicidios-edomex-nov.jpg?resize=350%2C200&ssl=1 1x, https:\/\/i0.wp.com\/www.grieta.org.mx\/wp-content\/uploads\/2020\/11\/Colectivos-protestan-colgando-mantas-en-Toluca-ante-el-aumento-de-femenicidios-edomex-nov.jpg?resize=525%2C300&ssl=1 1.5x, https:\/\/i0.wp.com\/www.grieta.org.mx\/wp-content\/uploads\/2020\/11\/Colectivos-protestan-colgando-mantas-en-Toluca-ante-el-aumento-de-femenicidios-edomex-nov.jpg?resize=700%2C400&ssl=1 2x"},"classes":[]},{"id":42606,"url":"https:\/\/www.grieta.org.mx\/index.php\/2019\/12\/26\/402-mujeres-asesinadas-en-once-meses-en-edomex\/","url_meta":{"origin":55411,"position":1},"title":"402 mujeres asesinadas en once meses en Edomex","author":"grieta","date":"26 diciembre, 2019","format":false,"excerpt":"\u00a0 Iv\u00e1n Ju\u00e1rez \/ Quadratin Edomex TOLUCA, Edomex.-26 diciembre 2019.-De enero a noviembre, 402 mujeres fueron asesinadas intencionalmente en el Estado de M\u00e9xico, es decir, un promedio de 1.2 casos diarios para convertirse en la entidad m\u00e1s peligrosa para las personas del sexo femenino. Sin embargo, \u00fanicamente 108 eventos son\u2026","rel":"","context":"En &quot;CINTILLO&quot;","block_context":{"text":"CINTILLO","link":"https:\/\/www.grieta.org.mx\/index.php\/category\/cintillo\/"},"img":{"alt_text":"","src":"https:\/\/i0.wp.com\/www.grieta.org.mx\/wp-content\/uploads\/2019\/12\/meses-ano-suman-mexico-feminicidios_0_0_958_596.jpg?resize=350%2C200&ssl=1","width":350,"height":200,"srcset":"https:\/\/i0.wp.com\/www.grieta.org.mx\/wp-content\/uploads\/2019\/12\/meses-ano-suman-mexico-feminicidios_0_0_958_596.jpg?resize=350%2C200&ssl=1 1x, https:\/\/i0.wp.com\/www.grieta.org.mx\/wp-content\/uploads\/2019\/12\/meses-ano-suman-mexico-feminicidios_0_0_958_596.jpg?resize=525%2C300&ssl=1 1.5x, https:\/\/i0.wp.com\/www.grieta.org.mx\/wp-content\/uploads\/2019\/12\/meses-ano-suman-mexico-feminicidios_0_0_958_596.jpg?resize=700%2C400&ssl=1 2x"},"classes":[]},{"id":55141,"url":"https:\/\/www.grieta.org.mx\/index.php\/2020\/11\/14\/despliegan-fuerte-operativo-ante-marcha-contra-feminicidios-estado-de-mexico\/","url_meta":{"origin":55411,"position":2},"title":"Despliegan fuerte operativo ante marcha contra feminicidios (Estado de M\u00e9xico)","author":"grieta","date":"14 noviembre, 2020","format":false,"excerpt":"Fotos tomadas de: ADNoticias V\u00edctor Castillo \/ ADNoticias La cuarta protesta en lo que va de la semana por los recientes feminicidios registrados en Toluca fue custodiada por decenas de polic\u00edas Al\u00a0menos 100 polic\u00edas estatales custodiaron la Casa de Gobierno del Estado de M\u00e9xico ubicada sobre Paseo Col\u00f3n, con un\u2026","rel":"","context":"En &quot;Abuso policiaco y tortura en el Estado de M\u00e9xico&quot;","block_context":{"text":"Abuso policiaco y tortura en el Estado de M\u00e9xico","link":"https:\/\/www.grieta.org.mx\/index.php\/category\/noticias-nacionales\/estado-de-mexico\/abuso-policiaco-y-tortura-en-el-estado-de-mexico\/"},"img":{"alt_text":"","src":"https:\/\/i0.wp.com\/www.grieta.org.mx\/wp-content\/uploads\/2020\/11\/Despliegan-fuerte-operativo-ante-marcha-contra-feminicidios-edomex-nov.jpeg?resize=350%2C200&ssl=1","width":350,"height":200,"srcset":"https:\/\/i0.wp.com\/www.grieta.org.mx\/wp-content\/uploads\/2020\/11\/Despliegan-fuerte-operativo-ante-marcha-contra-feminicidios-edomex-nov.jpeg?resize=350%2C200&ssl=1 1x, https:\/\/i0.wp.com\/www.grieta.org.mx\/wp-content\/uploads\/2020\/11\/Despliegan-fuerte-operativo-ante-marcha-contra-feminicidios-edomex-nov.jpeg?resize=525%2C300&ssl=1 1.5x, https:\/\/i0.wp.com\/www.grieta.org.mx\/wp-content\/uploads\/2020\/11\/Despliegan-fuerte-operativo-ante-marcha-contra-feminicidios-edomex-nov.jpeg?resize=700%2C400&ssl=1 2x, https:\/\/i0.wp.com\/www.grieta.org.mx\/wp-content\/uploads\/2020\/11\/Despliegan-fuerte-operativo-ante-marcha-contra-feminicidios-edomex-nov.jpeg?resize=1050%2C600&ssl=1 3x"},"classes":[]},{"id":41686,"url":"https:\/\/www.grieta.org.mx\/index.php\/2019\/11\/29\/mujeres-realizan-performance-un-violador-en-tu-camino-en-toluca-estado-de-mexico\/","url_meta":{"origin":55411,"position":3},"title":"Mujeres realizan performance \u201cUn violador en tu camino\u201d en Toluca (Estado de M\u00e9xico)","author":"grieta","date":"29 noviembre, 2019","format":false,"excerpt":"Foto: El Gr\u00e1fico Claudia Gonz\u00e1lez \/ El Universal Con pa\u00f1uelos verdes, las adolescentes se apostaron frente al Palacio de Gobierno del Estado de M\u00e9xico y exigieron a las autoridades atender la violencia de g\u00e9nero Un grupo de mujeres realiz\u00f3 el performance \u201cUn violador en tu camino\u201d en el centro de\u2026","rel":"","context":"En &quot;CINTILLO&quot;","block_context":{"text":"CINTILLO","link":"https:\/\/www.grieta.org.mx\/index.php\/category\/cintillo\/"},"img":{"alt_text":"","src":"https:\/\/i0.wp.com\/www.grieta.org.mx\/wp-content\/uploads\/2019\/11\/Mujeres-realizan-performance-%E2%80%9CUn-violador-en-tu-camino-toluca-edomex-nov.jpg?resize=350%2C200","width":350,"height":200},"classes":[]},{"id":43853,"url":"https:\/\/www.grieta.org.mx\/index.php\/2020\/02\/01\/tras-alerta-suben-los-feminicidios-estado-de-mexico\/","url_meta":{"origin":55411,"position":4},"title":"Tras alerta, suben los feminicidios (Estado de M\u00e9xico)","author":"grieta","date":"1 febrero, 2020","format":false,"excerpt":"Reforma Desde que se implement\u00f3 en 2005 la AVGM en 11 municipios de Edomex, feminicidios aumentaron y en 2019 delito alcanz\u00f3 r\u00e9cord con 60 casos Ciudad de M\u00e9xico\u2014 Desde que se implement\u00f3 en 2015 la Alerta de Violencia de G\u00e9nero contra las Mujeres (AVGM) en 11 municipios del Estado de\u2026","rel":"","context":"En &quot;CINTILLO&quot;","block_context":{"text":"CINTILLO","link":"https:\/\/www.grieta.org.mx\/index.php\/category\/cintillo\/"},"img":{"alt_text":"","src":"https:\/\/i0.wp.com\/www.grieta.org.mx\/wp-content\/uploads\/2020\/02\/Tras-alerta-suben-los-feminicidios-edomes-ene.jpg?resize=350%2C200&ssl=1","width":350,"height":200,"srcset":"https:\/\/i0.wp.com\/www.grieta.org.mx\/wp-content\/uploads\/2020\/02\/Tras-alerta-suben-los-feminicidios-edomes-ene.jpg?resize=350%2C200&ssl=1 1x, https:\/\/i0.wp.com\/www.grieta.org.mx\/wp-content\/uploads\/2020\/02\/Tras-alerta-suben-los-feminicidios-edomes-ene.jpg?resize=525%2C300&ssl=1 1.5x, https:\/\/i0.wp.com\/www.grieta.org.mx\/wp-content\/uploads\/2020\/02\/Tras-alerta-suben-los-feminicidios-edomes-ene.jpg?resize=700%2C400&ssl=1 2x"},"classes":[]},{"id":56000,"url":"https:\/\/www.grieta.org.mx\/index.php\/2020\/12\/27\/despilfarra-toluca-recursos-de-alerta-de-genero-en-autos-y-mobiliario-estado-de-mexico\/","url_meta":{"origin":55411,"position":5},"title":"Despilfarra Toluca recursos de alerta de g\u00e9nero en autos y mobiliario (Estado de M\u00e9xico)","author":"grieta","date":"27 diciembre, 2020","format":false,"excerpt":"Imagenes tomadas de: ADNoticias Victor Castillo \/ ADNoticias 117 mil en 5 escritorios entre los gastos hechos por el municipio, durante los \u00faltimos 2 a\u00f1os al menos 16 mujeres han sido v\u00edctimas de feminicidio En el 2019, previo a la creaci\u00f3n del Instituto Municipal de la Mujer Toluca, la Direcci\u00f3n\u2026","rel":"","context":"En &quot;CINTILLO&quot;","block_context":{"text":"CINTILLO","link":"https:\/\/www.grieta.org.mx\/index.php\/category\/cintillo\/"},"img":{"alt_text":"","src":"https:\/\/i0.wp.com\/www.grieta.org.mx\/wp-content\/uploads\/2020\/12\/Despilfarra-Toluca-recursos-de-alerta-de-genero-en-autos-y-mobiliario-edomex-dic.png?resize=350%2C200&ssl=1","width":350,"height":200,"srcset":"https:\/\/i0.wp.com\/www.grieta.org.mx\/wp-content\/uploads\/2020\/12\/Despilfarra-Toluca-recursos-de-alerta-de-genero-en-autos-y-mobiliario-edomex-dic.png?resize=350%2C200&ssl=1 1x, https:\/\/i0.wp.com\/www.grieta.org.mx\/wp-content\/uploads\/2020\/12\/Despilfarra-Toluca-recursos-de-alerta-de-genero-en-autos-y-mobiliario-edomex-dic.png?resize=525%2C300&ssl=1 1.5x, https:\/\/i0.wp.com\/www.grieta.org.mx\/wp-content\/uploads\/2020\/12\/Despilfarra-Toluca-recursos-de-alerta-de-genero-en-autos-y-mobiliario-edomex-dic.png?resize=700%2C400&ssl=1 2x"},"classes":[]}],"_links":{"self":[{"href":"https:\/\/www.grieta.org.mx\/index.php\/wp-json\/wp\/v2\/posts\/55411","targetHints":{"allow":["GET"]}}],"collection":[{"href":"https:\/\/www.grieta.org.mx\/index.php\/wp-json\/wp\/v2\/posts"}],"about":[{"href":"https:\/\/www.grieta.org.mx\/index.php\/wp-json\/wp\/v2\/types\/post"}],"author":[{"embeddable":true,"href":"https:\/\/www.grieta.org.mx\/index.php\/wp-json\/wp\/v2\/users\/2"}],"replies":[{"embeddable":true,"href":"https:\/\/www.grieta.org.mx\/index.php\/wp-json\/wp\/v2\/comments?post=55411"}],"version-history":[{"count":1,"href":"https:\/\/www.grieta.org.mx\/index.php\/wp-json\/wp\/v2\/posts\/55411\/revisions"}],"predecessor-version":[{"id":55413,"href":"https:\/\/www.grieta.org.mx\/index.php\/wp-json\/wp\/v2\/posts\/55411\/revisions\/55413"}],"wp:featuredmedia":[{"embeddable":true,"href":"https:\/\/www.grieta.org.mx\/index.php\/wp-json\/wp\/v2\/media\/55412"}],"wp:attachment":[{"href":"https:\/\/www.grieta.org.mx\/index.php\/wp-json\/wp\/v2\/media?parent=55411"}],"wp:term":[{"taxonomy":"category","embeddable":true,"href":"https:\/\/www.grieta.org.mx\/index.php\/wp-json\/wp\/v2\/categories?post=55411"},{"taxonomy":"post_tag","embeddable":true,"href":"https:\/\/www.grieta.org.mx\/index.php\/wp-json\/wp\/v2\/tags?post=55411"}],"curies":[{"name":"wp","href":"https:\/\/api.w.org\/{rel}","templated":true}]}}