{"id":55389,"date":"2020-11-19T13:13:09","date_gmt":"2020-11-19T19:13:09","guid":{"rendered":"http:\/\/www.grieta.org.mx\/?p=55389"},"modified":"2020-11-22T13:34:12","modified_gmt":"2020-11-22T19:34:12","slug":"habitantes-de-campeche-bloquean-obras-del-tren-maya","status":"publish","type":"post","link":"https:\/\/www.grieta.org.mx\/index.php\/2020\/11\/19\/habitantes-de-campeche-bloquean-obras-del-tren-maya\/","title":{"rendered":"Habitantes de Campeche bloquean obras del Tren Maya"},"content":{"rendered":"<h6><img loading=\"lazy\" decoding=\"async\" data-attachment-id=\"55390\" data-permalink=\"https:\/\/www.grieta.org.mx\/index.php\/2020\/11\/19\/habitantes-de-campeche-bloquean-obras-del-tren-maya\/f800x450-125136_176582_5050\/\" data-orig-file=\"https:\/\/www.grieta.org.mx\/wp-content\/uploads\/2020\/11\/f800x450-125136_176582_5050.jpg\" data-orig-size=\"800,450\" data-comments-opened=\"0\" data-image-meta=\"{&quot;aperture&quot;:&quot;0&quot;,&quot;credit&quot;:&quot;&quot;,&quot;camera&quot;:&quot;&quot;,&quot;caption&quot;:&quot;&quot;,&quot;created_timestamp&quot;:&quot;0&quot;,&quot;copyright&quot;:&quot;&quot;,&quot;focal_length&quot;:&quot;0&quot;,&quot;iso&quot;:&quot;0&quot;,&quot;shutter_speed&quot;:&quot;0&quot;,&quot;title&quot;:&quot;&quot;,&quot;orientation&quot;:&quot;0&quot;}\" data-image-title=\"f800x450-125136_176582_5050\" data-image-description=\"\" data-image-caption=\"\" data-medium-file=\"https:\/\/www.grieta.org.mx\/wp-content\/uploads\/2020\/11\/f800x450-125136_176582_5050-300x169.jpg\" data-large-file=\"https:\/\/www.grieta.org.mx\/wp-content\/uploads\/2020\/11\/f800x450-125136_176582_5050.jpg\" class=\"alignnone size-full wp-image-55390\" src=\"http:\/\/www.grieta.org.mx\/wp-content\/uploads\/2020\/11\/f800x450-125136_176582_5050.jpg\" alt=\"\" width=\"800\" height=\"450\" srcset=\"https:\/\/www.grieta.org.mx\/wp-content\/uploads\/2020\/11\/f800x450-125136_176582_5050.jpg 800w, https:\/\/www.grieta.org.mx\/wp-content\/uploads\/2020\/11\/f800x450-125136_176582_5050-300x169.jpg 300w, https:\/\/www.grieta.org.mx\/wp-content\/uploads\/2020\/11\/f800x450-125136_176582_5050-768x432.jpg 768w\" sizes=\"auto, (max-width: 800px) 100vw, 800px\" \/><br \/>\nObras del Tren Maya. Foto:Facebook @TrenMayaOficial<\/h6>\n<p>Rosa Santana \/ Proceso<\/p>\n<p>CHAMPOT\u00d3N, Camp. (apro).- Pobladores de las comunidades Xbacab, Miguel Colorado, 5 de febrero y Pixoyal bloquearon el paso a veh\u00edculos y maquinaria utilizada en la construcci\u00f3n del Tren Maya, en protesta por la destrucci\u00f3n de sus caminos de acceso.<\/p>\n<p>El enojo de los afectados se desbord\u00f3 debido a que las malas condiciones en que las pesadas unidades han dejado las v\u00edas de acceso a sus comunidades cost\u00f3 ayer la vida a un motociclista.<\/p>\n<p>Los inconformes colocaron piedras en el camino para impedir el paso exclusivamente a los volquetes y maquinarias utilizadas en las obras del tramo 2 del Tren Maya, las cuales est\u00e1n a cargo de Grupo Carso.<\/p>\n<p>Los quejosos advirtieron que no levantar\u00e1n el bloqueo hasta que la constructora se comprometa a reparar los aproximadamente 15 kil\u00f3metros de v\u00eda que destruy\u00f3.<\/p>\n<p><a href=\"https:\/\/www.proceso.com.mx\/nacional\/estados\/2020\/11\/19\/habitantes-de-campeche-bloquean-obras-del-tren-maya-253064.html\" target=\"_blank\" rel=\"noopener noreferrer\">https:\/\/www.proceso.com.mx\/nacional\/estados\/2020\/11\/19\/habitantes-de-campeche-bloquean-obras-del-tren-maya-253064.html<\/a><\/p>\n","protected":false},"excerpt":{"rendered":"<p>Obras del Tren Maya. Foto:Facebook @TrenMayaOficial Rosa Santana \/ Proceso CHAMPOT\u00d3N, Camp. (apro).- Pobladores de las comunidades Xbacab, Miguel Colorado, 5 de febrero y Pixoyal bloquearon el paso a veh\u00edculos &hellip; <a href=\"https:\/\/www.grieta.org.mx\/index.php\/2020\/11\/19\/habitantes-de-campeche-bloquean-obras-del-tren-maya\/\" class=\"more-link\">Leer m\u00e1s<\/a><\/p>\n","protected":false},"author":2,"featured_media":55390,"comment_status":"closed","ping_status":"closed","sticky":false,"template":"","format":"standard","meta":{"ngg_post_thumbnail":0,"_jetpack_newsletter_access":"","_jetpack_dont_email_post_to_subs":false,"_jetpack_newsletter_tier_id":0,"_jetpack_memberships_contains_paywalled_content":false,"_jetpack_memberships_contains_paid_content":false,"footnotes":""},"categories":[11,80,3,922,926,2,1877,2026],"tags":[354,1878],"class_list":["post-55389","post","type-post","status-publish","format-standard","has-post-thumbnail","hentry","category-campeche","category-cintillo","category-megaproyectos","category-megaproyectos-estados","category-mp-campeche","category-noticias-nacionales","category-resistencia-al-tren-maya-en-la-peninsula-de-yucatan-campeche","category-tren-maya","tag-bloqueo","tag-tren-maya","entry"],"jetpack_featured_media_url":"https:\/\/www.grieta.org.mx\/wp-content\/uploads\/2020\/11\/f800x450-125136_176582_5050.jpg","jetpack_sharing_enabled":true,"jetpack_shortlink":"https:\/\/wp.me\/p7ZJR4-epn","jetpack_likes_enabled":false,"jetpack-related-posts":[{"id":55643,"url":"https:\/\/www.grieta.org.mx\/index.php\/2020\/12\/07\/reves-a-obras-del-tren-maya-juez-da-suspension-definitiva-a-tramo-clave-en-campeche\/","url_meta":{"origin":55389,"position":0},"title":"Rev\u00e9s a obras del Tren Maya: juez da suspensi\u00f3n definitiva a tramo clave en Campeche","author":"grieta","date":"7 diciembre, 2020","format":false,"excerpt":"Rosa Santana \/ Proceso CAMPECHE, Camp. (apro).- El Juzgado Primero de Distrito con sede en Campeche concedi\u00f3 a comunidades mayas, urbanas y costeras, la suspensi\u00f3n definitiva de obras nuevas relativas al Tren Maya en el tramo 2, que corre de Esc\u00e1rcega a Calkin\u00ed, en esta entidad. Esc\u00e1rcega es punto clave\u2026","rel":"","context":"En &quot;Campeche&quot;","block_context":{"text":"Campeche","link":"https:\/\/www.grieta.org.mx\/index.php\/category\/noticias-nacionales\/campeche\/"},"img":{"alt_text":"","src":"https:\/\/i0.wp.com\/www.grieta.org.mx\/wp-content\/uploads\/2020\/12\/AmparoCampeche.png?resize=350%2C200&ssl=1","width":350,"height":200,"srcset":"https:\/\/i0.wp.com\/www.grieta.org.mx\/wp-content\/uploads\/2020\/12\/AmparoCampeche.png?resize=350%2C200&ssl=1 1x, https:\/\/i0.wp.com\/www.grieta.org.mx\/wp-content\/uploads\/2020\/12\/AmparoCampeche.png?resize=525%2C300&ssl=1 1.5x, https:\/\/i0.wp.com\/www.grieta.org.mx\/wp-content\/uploads\/2020\/12\/AmparoCampeche.png?resize=700%2C400&ssl=1 2x"},"classes":[]},{"id":49176,"url":"https:\/\/www.grieta.org.mx\/index.php\/2020\/05\/14\/cndh-pide-suspender-de-manera-urgente-obras-del-tren-maya\/","url_meta":{"origin":55389,"position":1},"title":"CNDH pide suspender de manera urgente obras del Tren Maya","author":"grieta","date":"14 mayo, 2020","format":false,"excerpt":"Lilia Balam \/ Informe Fracto El organismo emiti\u00f3 medidas cautelares al FONATUR para detener las actividades no esenciales relacionadas con el proyecto ferroviario, pues las obras vulnerar\u00edan los derechos de la poblaci\u00f3n. La Comisi\u00f3n Nacional de los Derechos Humanos (CNDH), solicit\u00f3 al Fondo Nacional de Fomento al Turismo (FONATUR), suspender\u2026","rel":"","context":"En &quot;Campeche&quot;","block_context":{"text":"Campeche","link":"https:\/\/www.grieta.org.mx\/index.php\/category\/noticias-nacionales\/campeche\/"},"img":{"alt_text":"","src":"https:\/\/i0.wp.com\/www.grieta.org.mx\/wp-content\/uploads\/2020\/05\/Tren_Maya_CNDH-1536x1003-e1589496540443.jpg?resize=350%2C200&ssl=1","width":350,"height":200,"srcset":"https:\/\/i0.wp.com\/www.grieta.org.mx\/wp-content\/uploads\/2020\/05\/Tren_Maya_CNDH-1536x1003-e1589496540443.jpg?resize=350%2C200&ssl=1 1x, https:\/\/i0.wp.com\/www.grieta.org.mx\/wp-content\/uploads\/2020\/05\/Tren_Maya_CNDH-1536x1003-e1589496540443.jpg?resize=525%2C300&ssl=1 1.5x, https:\/\/i0.wp.com\/www.grieta.org.mx\/wp-content\/uploads\/2020\/05\/Tren_Maya_CNDH-1536x1003-e1589496540443.jpg?resize=700%2C400&ssl=1 2x"},"classes":[]},{"id":67351,"url":"https:\/\/www.grieta.org.mx\/index.php\/2023\/08\/05\/paraliza-obras-de-tren-maya-quema-de-maquinaria-en-tramo-6-quintana-roo\/","url_meta":{"origin":55389,"position":2},"title":"Paraliza obras de Tren Maya quema de maquinaria en tramo 6 (Quintana Roo)","author":"grieta","date":"5 agosto, 2023","format":false,"excerpt":"antonio.hernandez.press \/ Quadrat\u00edn Quintana Roo OTH\u00d3N P. BLANCO, QRoo, 5 de agosto de 2023.- Cinco maquinarias pesadas fueron incendiadas en las obras del Tren Maya, en el frente seis del Tramo 6, muy cerca de la comunidad de Buenavista, supuestamente por parte de trabajadores inconformes por falta de pago. De\u2026","rel":"","context":"En &quot;CINTILLO&quot;","block_context":{"text":"CINTILLO","link":"https:\/\/www.grieta.org.mx\/index.php\/category\/cintillo\/"},"img":{"alt_text":"","src":"https:\/\/i0.wp.com\/www.grieta.org.mx\/wp-content\/uploads\/2023\/08\/Quema-e1691331646543.jpg?resize=350%2C200&ssl=1","width":350,"height":200,"srcset":"https:\/\/i0.wp.com\/www.grieta.org.mx\/wp-content\/uploads\/2023\/08\/Quema-e1691331646543.jpg?resize=350%2C200&ssl=1 1x, https:\/\/i0.wp.com\/www.grieta.org.mx\/wp-content\/uploads\/2023\/08\/Quema-e1691331646543.jpg?resize=525%2C300&ssl=1 1.5x, https:\/\/i0.wp.com\/www.grieta.org.mx\/wp-content\/uploads\/2023\/08\/Quema-e1691331646543.jpg?resize=700%2C400&ssl=1 2x"},"classes":[]},{"id":70538,"url":"https:\/\/www.grieta.org.mx\/index.php\/2024\/11\/24\/ejidatarios-de-champoton-inconformes-por-incumplimiento-de-fonatur-y-tren-maya-campeche\/","url_meta":{"origin":55389,"position":3},"title":"Ejidatarios de Champot\u00f3n inconformes por incumplimiento de Fonatur y Tren Maya (Campeche)","author":"grieta","date":"24 noviembre, 2024","format":false,"excerpt":"Jairo Maga\u00f1a \/ Foto: Fernando Eloy \/ La Jornada Maya Se\u00f1alan que a un a\u00f1o de la inauguraci\u00f3n a\u00fan no se concluyen las obras complementarias al proyecto San Francisco de Campeche Apenas un a\u00f1o ha pasado de la inauguraci\u00f3n del proyecto Tren Maya, y a ejidatarios que les prometieron un\u2026","rel":"","context":"En &quot;Abuso de autoridad en Campeche&quot;","block_context":{"text":"Abuso de autoridad en Campeche","link":"https:\/\/www.grieta.org.mx\/index.php\/category\/noticias-nacionales\/campeche\/abuso-de-autoridad-en-campeche\/"},"img":{"alt_text":"","src":"https:\/\/i0.wp.com\/www.grieta.org.mx\/wp-content\/uploads\/2024\/11\/ChampotonIncumplimiento-e1732490876137.jpg?resize=350%2C200&ssl=1","width":350,"height":200,"srcset":"https:\/\/i0.wp.com\/www.grieta.org.mx\/wp-content\/uploads\/2024\/11\/ChampotonIncumplimiento-e1732490876137.jpg?resize=350%2C200&ssl=1 1x, https:\/\/i0.wp.com\/www.grieta.org.mx\/wp-content\/uploads\/2024\/11\/ChampotonIncumplimiento-e1732490876137.jpg?resize=525%2C300&ssl=1 1.5x, https:\/\/i0.wp.com\/www.grieta.org.mx\/wp-content\/uploads\/2024\/11\/ChampotonIncumplimiento-e1732490876137.jpg?resize=700%2C400&ssl=1 2x"},"classes":[]},{"id":47874,"url":"https:\/\/www.grieta.org.mx\/index.php\/2020\/04\/13\/las-vias-torcidas-del-tren-maya-video\/","url_meta":{"origin":55389,"position":4},"title":"Las v\u00edas torcidas del tren maya (Video)","author":"grieta","date":"13 abril, 2020","format":false,"excerpt":"https:\/\/www.youtube.com\/watch?v=k8FRX9eT0YY","rel":"","context":"En &quot;16. Pueblo Maya&quot;","block_context":{"text":"16. Pueblo Maya","link":"https:\/\/www.grieta.org.mx\/index.php\/category\/espejos-de-la-resistencia\/16-pueblo-maya\/"},"img":{"alt_text":"","src":"https:\/\/i0.wp.com\/www.grieta.org.mx\/wp-content\/uploads\/2020\/04\/ViasTorcidasTrenMaya.png?resize=350%2C200&ssl=1","width":350,"height":200,"srcset":"https:\/\/i0.wp.com\/www.grieta.org.mx\/wp-content\/uploads\/2020\/04\/ViasTorcidasTrenMaya.png?resize=350%2C200&ssl=1 1x, https:\/\/i0.wp.com\/www.grieta.org.mx\/wp-content\/uploads\/2020\/04\/ViasTorcidasTrenMaya.png?resize=525%2C300&ssl=1 1.5x, https:\/\/i0.wp.com\/www.grieta.org.mx\/wp-content\/uploads\/2020\/04\/ViasTorcidasTrenMaya.png?resize=700%2C400&ssl=1 2x"},"classes":[]},{"id":61369,"url":"https:\/\/www.grieta.org.mx\/index.php\/2021\/08\/25\/denuncian-presiones-hostigamiento-y-criminalizacion-por-exigir-transparencia-en-obras-del-tren-maya-campeche\/","url_meta":{"origin":55389,"position":5},"title":"Denuncian presiones, hostigamiento y criminalizaci\u00f3n por exigir transparencia en obras del Tren Maya (Campeche)","author":"grieta","date":"25 agosto, 2021","format":false,"excerpt":"Rosa Santana \/ Proceso CAMPECHE, Camp. (apro).- Autoridades ejidales y miembros de la Uni\u00f3n de Ejidos en Defensa del Territorio Maya en Campeche denunciaron hoy que contin\u00faan las presiones, hostigamiento y criminalizaci\u00f3n en su contra, por exigir transparencia y di\u00e1logo en torno a las obras al Tren Maya. En conferencia\u2026","rel":"","context":"En &quot;Campeche&quot;","block_context":{"text":"Campeche","link":"https:\/\/www.grieta.org.mx\/index.php\/category\/noticias-nacionales\/campeche\/"},"img":{"alt_text":"","src":"https:\/\/i0.wp.com\/www.grieta.org.mx\/wp-content\/uploads\/2021\/08\/UnionDeEjidos-e1630358592960.jpg?resize=350%2C200&ssl=1","width":350,"height":200,"srcset":"https:\/\/i0.wp.com\/www.grieta.org.mx\/wp-content\/uploads\/2021\/08\/UnionDeEjidos-e1630358592960.jpg?resize=350%2C200&ssl=1 1x, https:\/\/i0.wp.com\/www.grieta.org.mx\/wp-content\/uploads\/2021\/08\/UnionDeEjidos-e1630358592960.jpg?resize=525%2C300&ssl=1 1.5x, https:\/\/i0.wp.com\/www.grieta.org.mx\/wp-content\/uploads\/2021\/08\/UnionDeEjidos-e1630358592960.jpg?resize=700%2C400&ssl=1 2x"},"classes":[]}],"_links":{"self":[{"href":"https:\/\/www.grieta.org.mx\/index.php\/wp-json\/wp\/v2\/posts\/55389","targetHints":{"allow":["GET"]}}],"collection":[{"href":"https:\/\/www.grieta.org.mx\/index.php\/wp-json\/wp\/v2\/posts"}],"about":[{"href":"https:\/\/www.grieta.org.mx\/index.php\/wp-json\/wp\/v2\/types\/post"}],"author":[{"embeddable":true,"href":"https:\/\/www.grieta.org.mx\/index.php\/wp-json\/wp\/v2\/users\/2"}],"replies":[{"embeddable":true,"href":"https:\/\/www.grieta.org.mx\/index.php\/wp-json\/wp\/v2\/comments?post=55389"}],"version-history":[{"count":1,"href":"https:\/\/www.grieta.org.mx\/index.php\/wp-json\/wp\/v2\/posts\/55389\/revisions"}],"predecessor-version":[{"id":55391,"href":"https:\/\/www.grieta.org.mx\/index.php\/wp-json\/wp\/v2\/posts\/55389\/revisions\/55391"}],"wp:featuredmedia":[{"embeddable":true,"href":"https:\/\/www.grieta.org.mx\/index.php\/wp-json\/wp\/v2\/media\/55390"}],"wp:attachment":[{"href":"https:\/\/www.grieta.org.mx\/index.php\/wp-json\/wp\/v2\/media?parent=55389"}],"wp:term":[{"taxonomy":"category","embeddable":true,"href":"https:\/\/www.grieta.org.mx\/index.php\/wp-json\/wp\/v2\/categories?post=55389"},{"taxonomy":"post_tag","embeddable":true,"href":"https:\/\/www.grieta.org.mx\/index.php\/wp-json\/wp\/v2\/tags?post=55389"}],"curies":[{"name":"wp","href":"https:\/\/api.w.org\/{rel}","templated":true}]}}