{"id":55381,"date":"2020-11-19T14:53:22","date_gmt":"2020-11-19T20:53:22","guid":{"rendered":"http:\/\/www.grieta.org.mx\/?p=55381"},"modified":"2020-11-21T14:58:04","modified_gmt":"2020-11-21T20:58:04","slug":"despiden-a-profesora-por-respaldar-a-alumnas-que-denunciaron-acoso-en-la-unistmo-oaxaca","status":"publish","type":"post","link":"https:\/\/www.grieta.org.mx\/index.php\/2020\/11\/19\/despiden-a-profesora-por-respaldar-a-alumnas-que-denunciaron-acoso-en-la-unistmo-oaxaca\/","title":{"rendered":"Despiden a profesora por respaldar a alumnas que denunciaron acoso en la Unistmo (Oaxaca)"},"content":{"rendered":"<p>Proceso \/ Pedro Mat\u00edas.<\/p>\n<p>El despido ocurre pese a que la profesora ten\u00eda medidas cautelares ante la campa\u00f1a de desprestigio que orquestaron las autoridades educativas de Oaxaca contra estudiantes y maestras que denunciaron.<\/p>\n<p><img loading=\"lazy\" decoding=\"async\" data-attachment-id=\"55382\" data-permalink=\"https:\/\/www.grieta.org.mx\/index.php\/2020\/11\/19\/despiden-a-profesora-por-respaldar-a-alumnas-que-denunciaron-acoso-en-la-unistmo-oaxaca\/a-63\/\" data-orig-file=\"https:\/\/www.grieta.org.mx\/wp-content\/uploads\/2020\/11\/A-2.jpg\" data-orig-size=\"800,450\" data-comments-opened=\"0\" data-image-meta=\"{&quot;aperture&quot;:&quot;0&quot;,&quot;credit&quot;:&quot;&quot;,&quot;camera&quot;:&quot;&quot;,&quot;caption&quot;:&quot;&quot;,&quot;created_timestamp&quot;:&quot;0&quot;,&quot;copyright&quot;:&quot;&quot;,&quot;focal_length&quot;:&quot;0&quot;,&quot;iso&quot;:&quot;0&quot;,&quot;shutter_speed&quot;:&quot;0&quot;,&quot;title&quot;:&quot;&quot;,&quot;orientation&quot;:&quot;0&quot;}\" data-image-title=\"A\" data-image-description=\"\" data-image-caption=\"\" data-medium-file=\"https:\/\/www.grieta.org.mx\/wp-content\/uploads\/2020\/11\/A-2-300x169.jpg\" data-large-file=\"https:\/\/www.grieta.org.mx\/wp-content\/uploads\/2020\/11\/A-2.jpg\" class=\"alignnone wp-image-55382\" src=\"http:\/\/www.grieta.org.mx\/wp-content\/uploads\/2020\/11\/A-2.jpg\" alt=\"\" width=\"800\" height=\"450\" srcset=\"https:\/\/www.grieta.org.mx\/wp-content\/uploads\/2020\/11\/A-2.jpg 800w, https:\/\/www.grieta.org.mx\/wp-content\/uploads\/2020\/11\/A-2-300x169.jpg 300w, https:\/\/www.grieta.org.mx\/wp-content\/uploads\/2020\/11\/A-2-768x432.jpg 768w\" sizes=\"auto, (max-width: 800px) 100vw, 800px\" \/><br \/>\nLa Univesrsidad del Istmo (Unistmo), en Ciudad Ixtepec. Foto:unistmo.edu.mx<\/p>\n<p>OAXACA, Oax. (apro).- El Sistema de Universidades del Estado de Oaxaca (Suneo) despidi\u00f3 a la profesora Virginia Ilescas Vela por respaldar a alumnas que denunciaron casos de violencia sexual en la Universidad del Istmo (Unistmo), en Ciudad Ixtepec.<\/p>\n<p>La Defensor\u00eda de los Derechos Humanos del Pueblo de Oaxaca (DDHPO) manifest\u00f3 su preocupaci\u00f3n ante la determinaci\u00f3n del Suneo de rescindir el contrato a Ilescas Vela, quien cuenta con medidas cautelares por la campa\u00f1a de desprestigio que orquestaron las autoridades educativas contra estudiantes y maestras que presentaron las denuncias.<\/p>\n<p>El hecho se da en el contexto de las investigaciones que realiza la propia Defensor\u00eda en los expedientes DDHPO\/0014\/RIX\/(10)\/OAX\/2020 y DDHPO\/0080\/(10)\/OAX\/2020, iniciados en febrero y marzo, respectivamente.<\/p>\n<p>De acuerdo con el organismo, dict\u00f3 medidas cautelares a alumnas y profesoras del campus, y solicit\u00f3 al Suneo abstenerse de cualquier acto de molestia que no estuviese debidamente fundado y motivado dentro de la normatividad institucional; de igual manera, pidi\u00f3 que la comunicaci\u00f3n con las quejosas se realizara de manera respetuosa e incluyente, con la finalidad de no afectar su dignidad.<\/p>\n<p>Por lo pronto, analizar\u00e1 si en la determinaci\u00f3n tomada por la Universidad se respetaron los derechos humanos de la profesora, dentro del contexto de violencia denunciado al interior del campus.<\/p>\n<p>Para la Defensor\u00eda es fundamental reconocer la demanda hist\u00f3rica de las mujeres por la reivindicaci\u00f3n de sus derechos y a vivir una vida libre de violencia en cualquier \u00e1mbito p\u00fablico o privado.<\/p>\n<p>Adelant\u00f3 que mantendr\u00e1 la exigencia y la demanda de frenar todos los actos que atenten contra el derecho a defender sus propios derechos y a luchar por el fin de la impunidad y las m\u00faltiples formas de violencia de g\u00e9nero.<\/p>\n<p>Tambi\u00e9n resulta fundamental el establecimiento de pol\u00edticas de cero tolerancia hacia la violencia de g\u00e9nero en las instituciones en general, pero particularmente en las educativas, abund\u00f3.<\/p>\n<p>Desde 2019, alumnas de la licenciatura en Derecho y de la maestr\u00eda en Derecho de la Energ\u00eda de la Unistmo informaron a las profesoras Monserrat S\u00e1nchez Moreno y Virginia Ilescas Vela del hostigamiento y abuso sexual que sufr\u00edan por parte de tres profesores, as\u00ed como de las amenazas de feminicidio de un alumno de la misma carrera.<\/p>\n<p>Las docentes dieron aviso a las autoridades acad\u00e9micas del campus Ixtepec, entre ellas al vicerrector acad\u00e9mico Israel Flores Sandoval, a la jefa de la licenciatura en Derecho, Cora Silvia Bonilla Carre\u00f3n, y al abogado general de la Unistmo, Jos\u00e9 Luis Ayala \u00c1lvarez.<\/p>\n<p>Esas autoridades se negaron a iniciar alg\u00fan tipo de investigaci\u00f3n y, por el contrario, revictimizaron a las alumnas y emprendieron hostigamiento laboral y procedimientos administrativos ilegales contra las dos profesoras.<\/p>\n<p>Ante la complicidad y omisi\u00f3n de autoridades universitarias, que permitieron a los agresores seguir actuando con impunidad, las agraviadas denunciaron p\u00fablicamente los hechos.<\/p>\n<p>El pasado 8 de marzo, durante las manifestaciones del D\u00eda Internacional de la Mujer, demandaron investigar los hechos y sancionar a los responsables.<\/p>\n<p>En respuesta, Hern\u00e1n Castillo Villalobos, profesor de la licenciatura en Derecho, \u201cha organizado a diversos grupos porriles dentro de la comunidad estudiantil para intimidar y violentar a las v\u00edctimas mediante conductas de acoso escolar\u201d.<\/p>\n<p>Los profesores se\u00f1alados como agresores, con la anuencia del rector del Suneo, Modesto Seara V\u00e1zquez, iniciaron un nuevo procedimiento administrativo contra las profesoras, bajo el argumento de que la denuncia p\u00fablica desprestigia la imagen de la instituci\u00f3n educativa.<\/p>\n<p>De forma discrecional, el rector de las universidades orden\u00f3 la conformaci\u00f3n de una Comisi\u00f3n Investigadora que revictimiz\u00f3 a las alumnas denunciantes, a quienes interrog\u00f3 el 18 de marzo, sin darles el derecho a recibir acompa\u00f1amiento y asistencia.<\/p>\n<p>Ante ello, el pasado 10 de septiembre la Red Nacional de Abogadas Ind\u00edgenas, que realiza la labor de defensa legal de las alumnas y el profesorado, dio acompa\u00f1amiento ante el juez de Control de Juchit\u00e1n, quien resolvi\u00f3 vincular a proceso a uno de los docentes se\u00f1alados como agresores, por el delito de hostigamiento sexual.<\/p>\n<p>Sin embargo, esto no ha sido suficiente para que el imputado sea separado del cargo mientras se resuelve su situaci\u00f3n legal. Por el contrario, le han designado clase en condiciones normales, lo que consideramos pone en riesgo la integridad de las alumnas de ese plantel\u201d, denunci\u00f3 la Red.<\/p>\n<p><a href=\"https:\/\/www.proceso.com.mx\/nacional\/estados\/2020\/11\/19\/despiden-profesora-por-respaldar-alumnas-que-denunciaron-acoso-en-la-unistmo-253047.html\" target=\"_blank\" rel=\"noopener noreferrer\">https:\/\/www.proceso.com.mx\/nacional\/estados\/2020\/11\/19\/despiden-profesora-por-respaldar-alumnas-que-denunciaron-acoso-en-la-unistmo-253047.html<\/a><\/p>\n","protected":false},"excerpt":{"rendered":"<p>Proceso \/ Pedro Mat\u00edas. El despido ocurre pese a que la profesora ten\u00eda medidas cautelares ante la campa\u00f1a de desprestigio que orquestaron las autoridades educativas de Oaxaca contra estudiantes y &hellip; <a href=\"https:\/\/www.grieta.org.mx\/index.php\/2020\/11\/19\/despiden-a-profesora-por-respaldar-a-alumnas-que-denunciaron-acoso-en-la-unistmo-oaxaca\/\" class=\"more-link\">Leer m\u00e1s<\/a><\/p>\n","protected":false},"author":2,"featured_media":55382,"comment_status":"closed","ping_status":"closed","sticky":false,"template":"","format":"standard","meta":{"ngg_post_thumbnail":0,"_jetpack_newsletter_access":"","_jetpack_dont_email_post_to_subs":false,"_jetpack_newsletter_tier_id":0,"_jetpack_memberships_contains_paywalled_content":false,"_jetpack_memberships_contains_paid_content":false,"footnotes":""},"categories":[80,3163,25,83,1665],"tags":[],"class_list":["post-55381","post","type-post","status-publish","format-standard","has-post-thumbnail","hentry","category-cintillo","category-la-lucha-de-las-mujeres-en-oaxaca","category-oaxaca","category-temas-nacionales","category-violencia-contra-las-mujeres-en-oaxaca","entry"],"jetpack_featured_media_url":"https:\/\/www.grieta.org.mx\/wp-content\/uploads\/2020\/11\/A-2.jpg","jetpack_sharing_enabled":true,"jetpack_shortlink":"https:\/\/wp.me\/p7ZJR4-epf","jetpack_likes_enabled":false,"jetpack-related-posts":[{"id":57738,"url":"https:\/\/www.grieta.org.mx\/index.php\/2021\/02\/24\/a-proceso-un-profesor-de-la-unistmo-de-ixtepec-oaxaca-acusado-de-abusar-de-una-alumna\/","url_meta":{"origin":55381,"position":0},"title":"A proceso un profesor de la Unistmo de Ixtepec, Oaxaca, acusado de abusar de una alumna","author":"grieta","date":"24 febrero, 2021","format":false,"excerpt":"Proceso \/ Pedro Mat\u00edas. De acuerdo con la investigaci\u00f3n, en distintas fechas de los meses de septiembre y octubre de 2019, la joven universitaria fue v\u00edctima de abuso sexual probablemente por el imputado. Una de la sedes de la Unistmo:@UNISTMO-SUNEO OAXACA, Oax. (apro).- La Fiscal\u00eda General confirm\u00f3 la detenci\u00f3n y\u2026","rel":"","context":"En &quot;CINTILLO&quot;","block_context":{"text":"CINTILLO","link":"https:\/\/www.grieta.org.mx\/index.php\/category\/cintillo\/"},"img":{"alt_text":"","src":"https:\/\/i0.wp.com\/www.grieta.org.mx\/wp-content\/uploads\/2021\/03\/R.jpg?resize=350%2C200&ssl=1","width":350,"height":200,"srcset":"https:\/\/i0.wp.com\/www.grieta.org.mx\/wp-content\/uploads\/2021\/03\/R.jpg?resize=350%2C200&ssl=1 1x, https:\/\/i0.wp.com\/www.grieta.org.mx\/wp-content\/uploads\/2021\/03\/R.jpg?resize=525%2C300&ssl=1 1.5x, https:\/\/i0.wp.com\/www.grieta.org.mx\/wp-content\/uploads\/2021\/03\/R.jpg?resize=700%2C400&ssl=1 2x"},"classes":[]},{"id":56914,"url":"https:\/\/www.grieta.org.mx\/index.php\/2021\/02\/09\/ni-la-pandemia-frena-violencia-feminicida-en-oaxaca-son-329-casos-en-el-gobierno-de-murat-consorcio\/","url_meta":{"origin":55381,"position":1},"title":"Ni la pandemia frena violencia feminicida en Oaxaca; son 329 casos en el gobierno de Murat: Consorcio","author":"grieta","date":"9 febrero, 2021","format":false,"excerpt":"P\u00e1gina 3 \/ Pedro Mat\u00edas. OAXACA, Oax.- La violencia sexual y feminicida contra las mujeres, particularmente contra estudiantes durante la pandemia no se detiene, por el contrario, sigue sucediendo tanto en espacios p\u00fablicos como cibern\u00e9ticos, denunci\u00f3 Consorcio para el Di\u00e1logo Parlamentario y Equidad. Para resaltar su dicho mencionaron los recientes\u2026","rel":"","context":"En &quot;CINTILLO&quot;","block_context":{"text":"CINTILLO","link":"https:\/\/www.grieta.org.mx\/index.php\/category\/cintillo\/"},"img":{"alt_text":"","src":"https:\/\/i0.wp.com\/www.grieta.org.mx\/wp-content\/uploads\/2021\/02\/1.jpeg?resize=350%2C200&ssl=1","width":350,"height":200,"srcset":"https:\/\/i0.wp.com\/www.grieta.org.mx\/wp-content\/uploads\/2021\/02\/1.jpeg?resize=350%2C200&ssl=1 1x, https:\/\/i0.wp.com\/www.grieta.org.mx\/wp-content\/uploads\/2021\/02\/1.jpeg?resize=525%2C300&ssl=1 1.5x, https:\/\/i0.wp.com\/www.grieta.org.mx\/wp-content\/uploads\/2021\/02\/1.jpeg?resize=700%2C400&ssl=1 2x"},"classes":[]},{"id":180,"url":"https:\/\/www.grieta.org.mx\/index.php\/2015\/10\/14\/marchan-estudiantes-contra-la-violencia-en-el-istmo\/","url_meta":{"origin":55381,"position":2},"title":"Marchan estudiantes contra la violencia en el istmo","author":"grieta","date":"14 octubre, 2015","format":false,"excerpt":"Istmopress. Redacci\u00f3n, Ixtepec, Oaxaca.- Unos 50 estudiantes del Colegio de Estudios Cient\u00edficos y Tecnol\u00f3gicos del Estado de Oaxaca (CECyTEO) plantel 22 ubicado en Ciudad Ixtepec se manifestaron a favor de la paz y en contra de la violencia e inseguridad que cree en la regi\u00f3n del istmo Los j\u00f3venes marcharon\u2026","rel":"","context":"En &quot;CINTILLO&quot;","block_context":{"text":"CINTILLO","link":"https:\/\/www.grieta.org.mx\/index.php\/category\/cintillo\/"},"img":{"alt_text":"","src":"https:\/\/i0.wp.com\/www.grieta.org.mx\/wp-content\/uploads\/2018\/03\/14524434_1106112876131411_958039263622046936_o.jpg?resize=350%2C200&ssl=1","width":350,"height":200,"srcset":"https:\/\/i0.wp.com\/www.grieta.org.mx\/wp-content\/uploads\/2018\/03\/14524434_1106112876131411_958039263622046936_o.jpg?resize=350%2C200&ssl=1 1x, https:\/\/i0.wp.com\/www.grieta.org.mx\/wp-content\/uploads\/2018\/03\/14524434_1106112876131411_958039263622046936_o.jpg?resize=525%2C300&ssl=1 1.5x, https:\/\/i0.wp.com\/www.grieta.org.mx\/wp-content\/uploads\/2018\/03\/14524434_1106112876131411_958039263622046936_o.jpg?resize=700%2C400&ssl=1 2x"},"classes":[]},{"id":46101,"url":"https:\/\/www.grieta.org.mx\/index.php\/2020\/03\/10\/denuncian-acoso-sexual-y-hostigamiento-en-la-universidad-del-istmo-oaxaca\/","url_meta":{"origin":55381,"position":3},"title":"Denuncian acoso sexual y hostigamiento en la Universidad del Istmo (Oaxaca)","author":"grieta","date":"10 marzo, 2020","format":false,"excerpt":"P\u00e1gina 3 \/ Diana Manzo. Denuncian acoso sexual y hostigamiento en la Universidad del Istmo. Foto: Diana Manzo. Juchit\u00e1n, Oax., (pagina3.mx).- Profesoras y estudiantes de la Universidad del Istmo campus Ciudad Ixtepec denuncian acoso de tres profesores de la licenciatura de Derecho. Ello, porque ejercen violencia sexual y hostigamiento desde\u2026","rel":"","context":"En &quot;CINTILLO&quot;","block_context":{"text":"CINTILLO","link":"https:\/\/www.grieta.org.mx\/index.php\/category\/cintillo\/"},"img":{"alt_text":"","src":"https:\/\/i0.wp.com\/www.grieta.org.mx\/wp-content\/uploads\/2020\/03\/Denuncian-acoso-sexual-y-hostigamiento-en-la-Universidad-del-Istmo-1-696x350.jpeg?resize=350%2C200&ssl=1","width":350,"height":200,"srcset":"https:\/\/i0.wp.com\/www.grieta.org.mx\/wp-content\/uploads\/2020\/03\/Denuncian-acoso-sexual-y-hostigamiento-en-la-Universidad-del-Istmo-1-696x350.jpeg?resize=350%2C200&ssl=1 1x, https:\/\/i0.wp.com\/www.grieta.org.mx\/wp-content\/uploads\/2020\/03\/Denuncian-acoso-sexual-y-hostigamiento-en-la-Universidad-del-Istmo-1-696x350.jpeg?resize=525%2C300&ssl=1 1.5x"},"classes":[]},{"id":59517,"url":"https:\/\/www.grieta.org.mx\/index.php\/2021\/05\/20\/denuncian-imposicion-de-polos-de-desarrollo-en-santa-maria-mixtequilla-e-ixtepec-oaxaca\/","url_meta":{"origin":55381,"position":4},"title":"Denuncian imposici\u00f3n de Polos de Desarrollo en Santa Mar\u00eda Mixtequilla e Ixtepec, Oaxaca","author":"grieta","date":"20 mayo, 2021","format":false,"excerpt":"La coperacha \/ Redacci\u00f3n. Foto: APIIDTT Organizaciones comunitarias se\u00f1alaron simulaci\u00f3n de consultas en poblaciones ind\u00edgenas. Organizaciones comunitarias en la zona del Istmo en Oaxaca denunciaron la imposici\u00f3n de los Polos de Desarrollo para el Bienestar (Podebis) a trav\u00e9s de simulaci\u00f3n de procesos de consulta ind\u00edgena en Santa Mar\u00eda Mixtequilla y\u2026","rel":"","context":"En &quot;CINTILLO&quot;","block_context":{"text":"CINTILLO","link":"https:\/\/www.grieta.org.mx\/index.php\/category\/cintillo\/"},"img":{"alt_text":"","src":"https:\/\/i0.wp.com\/www.grieta.org.mx\/wp-content\/uploads\/2021\/05\/Y.jpg?resize=350%2C200&ssl=1","width":350,"height":200,"srcset":"https:\/\/i0.wp.com\/www.grieta.org.mx\/wp-content\/uploads\/2021\/05\/Y.jpg?resize=350%2C200&ssl=1 1x, https:\/\/i0.wp.com\/www.grieta.org.mx\/wp-content\/uploads\/2021\/05\/Y.jpg?resize=525%2C300&ssl=1 1.5x, https:\/\/i0.wp.com\/www.grieta.org.mx\/wp-content\/uploads\/2021\/05\/Y.jpg?resize=700%2C400&ssl=1 2x"},"classes":[]},{"id":1720,"url":"https:\/\/www.grieta.org.mx\/index.php\/2016\/01\/23\/matan-a-otro-comunicador-de-oaxaca-ahora-en-el-istmo\/","url_meta":{"origin":55381,"position":5},"title":"Matan a otro comunicador de Oaxaca; ahora en el Istmo","author":"grieta","date":"23 enero, 2016","format":false,"excerpt":"P\u00e1gina 3. Pedro Mat\u00edas, Oaxaca.- En menos de 24 horas asesinaron a otro comunicador en Oaxaca, ahora fue el locutor de la radio comunitaria \u201cManantial\u201d de Santiago Laollaga, Reynel Mart\u00ednez Cerqueda, quien fue ejecutado cuando viajaba en un mototaxi. El cuerpo de Reynel, de 43 a\u00f1os de edad, fue localizado\u2026","rel":"","context":"En &quot;CINTILLO&quot;","block_context":{"text":"CINTILLO","link":"https:\/\/www.grieta.org.mx\/index.php\/category\/cintillo\/"},"img":{"alt_text":"","src":"https:\/\/i0.wp.com\/www.grieta.org.mx\/wp-content\/uploads\/2018\/03\/14524434_1106112876131411_958039263622046936_o.jpg?resize=350%2C200&ssl=1","width":350,"height":200,"srcset":"https:\/\/i0.wp.com\/www.grieta.org.mx\/wp-content\/uploads\/2018\/03\/14524434_1106112876131411_958039263622046936_o.jpg?resize=350%2C200&ssl=1 1x, https:\/\/i0.wp.com\/www.grieta.org.mx\/wp-content\/uploads\/2018\/03\/14524434_1106112876131411_958039263622046936_o.jpg?resize=525%2C300&ssl=1 1.5x, https:\/\/i0.wp.com\/www.grieta.org.mx\/wp-content\/uploads\/2018\/03\/14524434_1106112876131411_958039263622046936_o.jpg?resize=700%2C400&ssl=1 2x"},"classes":[]}],"_links":{"self":[{"href":"https:\/\/www.grieta.org.mx\/index.php\/wp-json\/wp\/v2\/posts\/55381","targetHints":{"allow":["GET"]}}],"collection":[{"href":"https:\/\/www.grieta.org.mx\/index.php\/wp-json\/wp\/v2\/posts"}],"about":[{"href":"https:\/\/www.grieta.org.mx\/index.php\/wp-json\/wp\/v2\/types\/post"}],"author":[{"embeddable":true,"href":"https:\/\/www.grieta.org.mx\/index.php\/wp-json\/wp\/v2\/users\/2"}],"replies":[{"embeddable":true,"href":"https:\/\/www.grieta.org.mx\/index.php\/wp-json\/wp\/v2\/comments?post=55381"}],"version-history":[{"count":1,"href":"https:\/\/www.grieta.org.mx\/index.php\/wp-json\/wp\/v2\/posts\/55381\/revisions"}],"predecessor-version":[{"id":55383,"href":"https:\/\/www.grieta.org.mx\/index.php\/wp-json\/wp\/v2\/posts\/55381\/revisions\/55383"}],"wp:featuredmedia":[{"embeddable":true,"href":"https:\/\/www.grieta.org.mx\/index.php\/wp-json\/wp\/v2\/media\/55382"}],"wp:attachment":[{"href":"https:\/\/www.grieta.org.mx\/index.php\/wp-json\/wp\/v2\/media?parent=55381"}],"wp:term":[{"taxonomy":"category","embeddable":true,"href":"https:\/\/www.grieta.org.mx\/index.php\/wp-json\/wp\/v2\/categories?post=55381"},{"taxonomy":"post_tag","embeddable":true,"href":"https:\/\/www.grieta.org.mx\/index.php\/wp-json\/wp\/v2\/tags?post=55381"}],"curies":[{"name":"wp","href":"https:\/\/api.w.org\/{rel}","templated":true}]}}