{"id":55377,"date":"2020-11-21T14:49:22","date_gmt":"2020-11-21T20:49:22","guid":{"rendered":"http:\/\/www.grieta.org.mx\/?p=55377"},"modified":"2020-11-21T14:49:22","modified_gmt":"2020-11-21T20:49:22","slug":"protestan-por-la-memoria-de-las-personas-trans-y-la-falta-de-justicia-a-los-crimenes-de-odio-en-jalisco","status":"publish","type":"post","link":"https:\/\/www.grieta.org.mx\/index.php\/2020\/11\/21\/protestan-por-la-memoria-de-las-personas-trans-y-la-falta-de-justicia-a-los-crimenes-de-odio-en-jalisco\/","title":{"rendered":"Protestan por la memoria de las personas trans y la falta de justicia a los cr\u00edmenes de odio en Jalisco"},"content":{"rendered":"<p><img loading=\"lazy\" decoding=\"async\" data-attachment-id=\"55378\" data-permalink=\"https:\/\/www.grieta.org.mx\/index.php\/2020\/11\/21\/protestan-por-la-memoria-de-las-personas-trans-y-la-falta-de-justicia-a-los-crimenes-de-odio-en-jalisco\/unknown-24-1\/\" data-orig-file=\"https:\/\/www.grieta.org.mx\/wp-content\/uploads\/2020\/11\/Unknown-24-1.jpeg\" data-orig-size=\"800,533\" data-comments-opened=\"0\" data-image-meta=\"{&quot;aperture&quot;:&quot;0&quot;,&quot;credit&quot;:&quot;&quot;,&quot;camera&quot;:&quot;&quot;,&quot;caption&quot;:&quot;&quot;,&quot;created_timestamp&quot;:&quot;0&quot;,&quot;copyright&quot;:&quot;&quot;,&quot;focal_length&quot;:&quot;0&quot;,&quot;iso&quot;:&quot;0&quot;,&quot;shutter_speed&quot;:&quot;0&quot;,&quot;title&quot;:&quot;&quot;,&quot;orientation&quot;:&quot;0&quot;}\" data-image-title=\"Unknown-24-1\" data-image-description=\"\" data-image-caption=\"\" data-medium-file=\"https:\/\/www.grieta.org.mx\/wp-content\/uploads\/2020\/11\/Unknown-24-1-300x200.jpeg\" data-large-file=\"https:\/\/www.grieta.org.mx\/wp-content\/uploads\/2020\/11\/Unknown-24-1.jpeg\" class=\" wp-image-55378 aligncenter\" src=\"http:\/\/www.grieta.org.mx\/wp-content\/uploads\/2020\/11\/Unknown-24-1.jpeg\" alt=\"\" width=\"797\" height=\"531\" srcset=\"https:\/\/www.grieta.org.mx\/wp-content\/uploads\/2020\/11\/Unknown-24-1.jpeg 800w, https:\/\/www.grieta.org.mx\/wp-content\/uploads\/2020\/11\/Unknown-24-1-300x200.jpeg 300w, https:\/\/www.grieta.org.mx\/wp-content\/uploads\/2020\/11\/Unknown-24-1-768x512.jpeg 768w, https:\/\/www.grieta.org.mx\/wp-content\/uploads\/2020\/11\/Unknown-24-1-750x500.jpeg 750w\" sizes=\"auto, (max-width: 797px) 100vw, 797px\" \/><\/p>\n<p>Foto: Zona Docs<\/p>\n<p><em><strong>Personas convocadas por\u00a0Impulso Trans, organizaci\u00f3n por los derechos de las personas transexuales, se reunieron frente al Congreso del Estado de Jalisco, en el marco del\u00a0D\u00eda Internacional de la Memoria Transexual,\u00a0para realizar un acto de memoria y reclamo de justicia por las personas transexuales asesinada y v\u00edctimas de la violencia impulsada por el odio.<\/strong><\/em><\/p>\n<p>Christian Cantero \/ Zona Docs<\/p>\n<p>Sus principales reclamos, advirtieron, son\u00a0<strong>la violencia y la discriminaci\u00f3n que sufren en distintos \u00e1mbitos de su vida cotidiana.<\/strong>\u00a0En los casos m\u00e1s graves, precisaron, son orilladas al suicidio o, tambi\u00e9n,\u00a0<b>son v\u00edctimas de los cr\u00edmenes de odio.<\/b><\/p>\n<p><em><strong>\u201cEl primer paso para terminar con esa violencia es nombrarla, evidenciarla saber d\u00f3nde est\u00e1, c\u00f3mo act\u00faa y, sobre todo, dejar de justiciarla. Los discursos negativos sobre las personas trans, incluidos los de psico-patologizaci\u00f3n de nuestras identidades de g\u00e9nero, no son inocuos, todo lo contrario, tienen consecuencias reales y concretas, ataques y asesinatos por odio y prejuicios motivados por esos mismos prejuicios\u201d, mencionaron en su pronunciamiento, mismo que leyeron en voz alta frente al Congreso del Estado.<\/strong><\/em><\/p>\n<p>Asimismo, se\u00a0<strong>manifestaron en solidaridad con las mujeres trans<\/strong>\u00a0que se dedican al trabajo sexual, as\u00ed como, a las defensoras de los derechos humanos, quienes, consideraron,\u00a0<b>se encuentran en situaci\u00f3n de mayor vulnerabilidad,<\/b>\u00a0<b>falta de acceso a la justicia y\u00a0 reparaci\u00f3n del da\u00f1o.<\/b><\/p>\n<p>Denunciaron l<b>as violencias que viven las infancias y adolescencias trans.\u00a0<\/b>Hicieron hincapi\u00e9 en la urgente necesidad de\u00a0\u201cno permitir que se les siga negando su existencia y la capacidad de auto conocerse en primera persona\u201d.<\/p>\n<p>Alzando la voz,\u00a0<strong>exigieron inclusi\u00f3n laboral y derechos sociales para todas las personas trans en todos los espacios de empleabilidad<\/strong>.\u00a0Adem\u00e1s, reiteraron la necesidad de pol\u00edticas p\u00fablicas para no ser<i>\u00a0discriminades<\/i>\u00a0en las distintas etapas de reclutamiento:\u00a0<strong>\u201cporque se antepone el prejuicio que los clientes de las empresas no estar\u00e1n c\u00f3modos al ser atendidos por una persona trans al no encajar en los est\u00e1ndares de g\u00e9nero\u201d.<\/strong><\/p>\n<p><em><strong>\u201cCelebramos nuestras diversidades sexuales y de g\u00e9nero, en donde no solo hemos encontrado espacios de habitabilidad, sino tambi\u00e9n de amistad, afecto, amor y erotismo que se nos hab\u00eda negado hist\u00f3ricamente. Recordamos con rabia, con orgullo, pero tambi\u00e9n con dignidad a todas las personas trans que han optado por el suicidio al no encontrar inclusi\u00f3n y tener rechazo en sus vidas, a todas aquellas personas que han asesinado por transfeminicidio o por transfobia\u201d finalizaron en su pronunciamiento.\u00a0<\/strong><\/em><\/p>\n<p><a href=\"https:\/\/www.zonadocs.mx\/2020\/11\/21\/protestan-por-la-memoria-de-las-personas-trans-y-la-falta-de-justicia-a-los-crimenes-de-odio-en-jalisco\/\">https:\/\/www.zonadocs.mx\/2020\/11\/21\/protestan-por-la-memoria-de-las-personas-trans-y-la-falta-de-justicia-a-los-crimenes-de-odio-en-jalisco\/<\/a><\/p>\n","protected":false},"excerpt":{"rendered":"<p>Foto: Zona Docs Personas convocadas por\u00a0Impulso Trans, organizaci\u00f3n por los derechos de las personas transexuales, se reunieron frente al Congreso del Estado de Jalisco, en el marco del\u00a0D\u00eda Internacional de &hellip; <a href=\"https:\/\/www.grieta.org.mx\/index.php\/2020\/11\/21\/protestan-por-la-memoria-de-las-personas-trans-y-la-falta-de-justicia-a-los-crimenes-de-odio-en-jalisco\/\" class=\"more-link\">Leer m\u00e1s<\/a><\/p>\n","protected":false},"author":2,"featured_media":55378,"comment_status":"closed","ping_status":"closed","sticky":false,"template":"","format":"standard","meta":{"ngg_post_thumbnail":0,"_jetpack_newsletter_access":"","_jetpack_dont_email_post_to_subs":false,"_jetpack_newsletter_tier_id":0,"_jetpack_memberships_contains_paywalled_content":false,"_jetpack_memberships_contains_paid_content":false,"footnotes":""},"categories":[80,20,2,3670],"tags":[408,1226],"class_list":["post-55377","post","type-post","status-publish","format-standard","has-post-thumbnail","hentry","category-cintillo","category-jalisco","category-noticias-nacionales","category-violencia-contra-la-comunidad-lgbtttiq-en-jalisco","tag-derechos-comunidad-lgbttti","tag-violencia-contra-la-comunidad-lgbttti","entry"],"jetpack_featured_media_url":"https:\/\/www.grieta.org.mx\/wp-content\/uploads\/2020\/11\/Unknown-24-1.jpeg","jetpack_sharing_enabled":true,"jetpack_shortlink":"https:\/\/wp.me\/p7ZJR4-epb","jetpack_likes_enabled":false,"jetpack-related-posts":[{"id":72303,"url":"https:\/\/www.grieta.org.mx\/index.php\/2025\/08\/17\/ni-una-activista-trans-menos-exigen-organizaciones-justicia-para-katia-medina-en-jalisco-y-tipificacion-de-los-transfeminicidios\/","url_meta":{"origin":55377,"position":0},"title":"\u201cNi una activista trans menos\u201d exigen organizaciones justicia para Katia Medina en Jalisco y tipificaci\u00f3n de los transfeminicidios","author":"grieta","date":"17 agosto, 2025","format":false,"excerpt":"Imagen: Zona Docs El transfeminicidio de la activista Katia Daniela Medina, directora del colectivo\u00a0Zapotl\u00e1n Diverso\u00a0en Zapotl\u00e1n el Grande en Zapotl\u00e1n el Grande, Jalisco dej\u00f3 en evidencia la falta de empat\u00eda, perspectiva de derechos humanos y de diversidad sexual que prevalece en los medios de comunicaci\u00f3n al reportar cr\u00edmenes en contra\u2026","rel":"","context":"En &quot;Amenazas contra activistas en Jalisco&quot;","block_context":{"text":"Amenazas contra activistas en Jalisco","link":"https:\/\/www.grieta.org.mx\/index.php\/category\/noticias-nacionales\/jalisco\/amenazas-contra-activistas-en-jalisco\/"},"img":{"alt_text":"","src":"https:\/\/i0.wp.com\/www.grieta.org.mx\/wp-content\/uploads\/2025\/09\/IMG_1932.jpeg?resize=350%2C200&ssl=1","width":350,"height":200},"classes":[]},{"id":72300,"url":"https:\/\/www.grieta.org.mx\/index.php\/2025\/08\/18\/transfeminicidio-en-tepatitlan-joselinne-paez-muere-tras-brutal-ataque-activistas-exigen-justicia-jalisco\/","url_meta":{"origin":55377,"position":1},"title":"Transfeminicidio en Tepatitl\u00e1n: Joselinne P\u00e1ez muere tras brutal ataque, activistas exigen justicia (Jalisco)","author":"grieta","date":"18 agosto, 2025","format":false,"excerpt":"Imagen: Zona Docs Redacci\u00f3n \/ Zona Docs La agresi\u00f3n que sufri\u00f3 Joselinne P\u00e1ez deriv\u00f3 en lesiones graves que la llevaron a cuidados cr\u00edticos,\u00a0donde finalmente perdi\u00f3 la vida este 18 de agosto de 2025, esto a pesar de recibir atenci\u00f3n m\u00e9dica. Su muerte se suma a una ola de violencia contra\u2026","rel":"","context":"En &quot;CINTILLO&quot;","block_context":{"text":"CINTILLO","link":"https:\/\/www.grieta.org.mx\/index.php\/category\/cintillo\/"},"img":{"alt_text":"","src":"https:\/\/i0.wp.com\/www.grieta.org.mx\/wp-content\/uploads\/2025\/09\/2458bfcd-bd60-4316-a804-4e0144cbce58.jpeg?resize=350%2C200&ssl=1","width":350,"height":200,"srcset":"https:\/\/i0.wp.com\/www.grieta.org.mx\/wp-content\/uploads\/2025\/09\/2458bfcd-bd60-4316-a804-4e0144cbce58.jpeg?resize=350%2C200&ssl=1 1x, https:\/\/i0.wp.com\/www.grieta.org.mx\/wp-content\/uploads\/2025\/09\/2458bfcd-bd60-4316-a804-4e0144cbce58.jpeg?resize=525%2C300&ssl=1 1.5x, https:\/\/i0.wp.com\/www.grieta.org.mx\/wp-content\/uploads\/2025\/09\/2458bfcd-bd60-4316-a804-4e0144cbce58.jpeg?resize=700%2C400&ssl=1 2x"},"classes":[]},{"id":13129,"url":"https:\/\/www.grieta.org.mx\/index.php\/2016\/05\/23\/crimenes-por-homofobia-no-cesan-en-jalisco\/","url_meta":{"origin":55377,"position":2},"title":"Cr\u00edmenes por homofobia no cesan en Jalisco","author":"grieta","date":"23 mayo, 2016","format":false,"excerpt":"Martha Hern\u00e1ndez Fuentes Gin, quien naci\u00f3 hombre y vest\u00eda de mujer, fue asesinada por asfixia con un trozo de alambre y su cuerpo fue arrojado en la carretera. Irene, por ser lesbiana, fue violada \u201cpara hacerla mujer\u201d. Estos forman parte de los 67 casos documentados por activistas en el Informe\u2026","rel":"","context":"En &quot;CINTILLO&quot;","block_context":{"text":"CINTILLO","link":"https:\/\/www.grieta.org.mx\/index.php\/category\/cintillo\/"},"img":{"alt_text":"","src":"https:\/\/i0.wp.com\/www.grieta.org.mx\/wp-content\/uploads\/2018\/03\/14524434_1106112876131411_958039263622046936_o.jpg?resize=350%2C200&ssl=1","width":350,"height":200,"srcset":"https:\/\/i0.wp.com\/www.grieta.org.mx\/wp-content\/uploads\/2018\/03\/14524434_1106112876131411_958039263622046936_o.jpg?resize=350%2C200&ssl=1 1x, https:\/\/i0.wp.com\/www.grieta.org.mx\/wp-content\/uploads\/2018\/03\/14524434_1106112876131411_958039263622046936_o.jpg?resize=525%2C300&ssl=1 1.5x, https:\/\/i0.wp.com\/www.grieta.org.mx\/wp-content\/uploads\/2018\/03\/14524434_1106112876131411_958039263622046936_o.jpg?resize=700%2C400&ssl=1 2x"},"classes":[]},{"id":57697,"url":"https:\/\/www.grieta.org.mx\/index.php\/2021\/03\/07\/exigen-politicas-para-detener-violencia-contra-mujeres-de-la-comunidad-lgbtttiq-jalisco\/","url_meta":{"origin":55377,"position":3},"title":"Exigen pol\u00edticas para detener violencia contra mujeres de la comunidad LGBTTTIQ+ (Jalisco)","author":"grieta","date":"7 marzo, 2021","format":false,"excerpt":"Foto: Cuartoscuro Jalisco est\u00e1 entre los primeros 10 estados con mayor n\u00famero de asesinatos de la comunidad gay Elizabeth R\u00edos \/ El Occidental Porque las acciones que se han llevado hasta el momento para abatir el problema no han dado resultado, la agrupaci\u00f3n Uni\u00f3n Diversa de Jalisco exigi\u00f3 a autoridades\u2026","rel":"","context":"En &quot;CINTILLO&quot;","block_context":{"text":"CINTILLO","link":"https:\/\/www.grieta.org.mx\/index.php\/category\/cintillo\/"},"img":{"alt_text":"","src":"https:\/\/i0.wp.com\/www.grieta.org.mx\/wp-content\/uploads\/2021\/03\/comunidad-LGBTTTIQ.jpeg?resize=350%2C200&ssl=1","width":350,"height":200,"srcset":"https:\/\/i0.wp.com\/www.grieta.org.mx\/wp-content\/uploads\/2021\/03\/comunidad-LGBTTTIQ.jpeg?resize=350%2C200&ssl=1 1x, https:\/\/i0.wp.com\/www.grieta.org.mx\/wp-content\/uploads\/2021\/03\/comunidad-LGBTTTIQ.jpeg?resize=525%2C300&ssl=1 1.5x, https:\/\/i0.wp.com\/www.grieta.org.mx\/wp-content\/uploads\/2021\/03\/comunidad-LGBTTTIQ.jpeg?resize=700%2C400&ssl=1 2x"},"classes":[]},{"id":60833,"url":"https:\/\/www.grieta.org.mx\/index.php\/2021\/07\/25\/mi-identidad-no-mata-tu-transfobia-si-marchan-contra-los-transfeminicidios-en-jalisco\/","url_meta":{"origin":55377,"position":4},"title":"\u201cMi identidad no mata, tu transfobia s\u00ed\u201d: marchan contra los transfeminicidios en Jalisco","author":"grieta","date":"25 julio, 2021","format":false,"excerpt":"Foto: Christian Cantero Durante 2020 fueron asesinadas en M\u00e9xico al menos 79 personas de la comunidad LGBTTTIQ+, un promedio de 6.5 v\u00edctimas por mes. Aunque esta cifra represent\u00f3 una disminuci\u00f3n del 32% respecto al 2019, a\u00f1o en que se registraron 117 asesinatos, la realidad es que el panorama en el\u2026","rel":"","context":"En &quot;CINTILLO&quot;","block_context":{"text":"CINTILLO","link":"https:\/\/www.grieta.org.mx\/index.php\/category\/cintillo\/"},"img":{"alt_text":"","src":"https:\/\/i0.wp.com\/www.grieta.org.mx\/wp-content\/uploads\/2021\/07\/photo5184052009496586932-1068x801-1.jpg?resize=350%2C200&ssl=1","width":350,"height":200,"srcset":"https:\/\/i0.wp.com\/www.grieta.org.mx\/wp-content\/uploads\/2021\/07\/photo5184052009496586932-1068x801-1.jpg?resize=350%2C200&ssl=1 1x, https:\/\/i0.wp.com\/www.grieta.org.mx\/wp-content\/uploads\/2021\/07\/photo5184052009496586932-1068x801-1.jpg?resize=525%2C300&ssl=1 1.5x, https:\/\/i0.wp.com\/www.grieta.org.mx\/wp-content\/uploads\/2021\/07\/photo5184052009496586932-1068x801-1.jpg?resize=700%2C400&ssl=1 2x, https:\/\/i0.wp.com\/www.grieta.org.mx\/wp-content\/uploads\/2021\/07\/photo5184052009496586932-1068x801-1.jpg?resize=1050%2C600&ssl=1 3x"},"classes":[]},{"id":53329,"url":"https:\/\/www.grieta.org.mx\/index.php\/2020\/08\/30\/mas-activistas-se-suman-a-la-huelga-de-hambre-por-crimenes-de-odio-en-veracruz\/","url_meta":{"origin":55377,"position":5},"title":"M\u00e1s activistas se suman a la huelga de hambre por cr\u00edmenes de odio en Veracruz","author":"grieta","date":"30 agosto, 2020","format":false,"excerpt":"Jos\u00e9 Mart\u00edn \/ Vanguardia de Veracruz Xalapa, Ver.- Por lo menos seis integrantes de la comunidad L\u00e9sbico, Gay, Bisexual, Travesti, Transexual, Transg\u00e9nero e Intersexual (LGBTTTI) mantienen una huelga de hambre como protesta ante el incremento de cr\u00edmenes de odio, y crueldad con la que se ataca a las mujeres trans.\u2026","rel":"","context":"En &quot;CINTILLO&quot;","block_context":{"text":"CINTILLO","link":"https:\/\/www.grieta.org.mx\/index.php\/category\/cintillo\/"},"img":{"alt_text":"","src":"https:\/\/i0.wp.com\/www.grieta.org.mx\/wp-content\/uploads\/2020\/09\/mas2.jpg?resize=350%2C200&ssl=1","width":350,"height":200,"srcset":"https:\/\/i0.wp.com\/www.grieta.org.mx\/wp-content\/uploads\/2020\/09\/mas2.jpg?resize=350%2C200&ssl=1 1x, https:\/\/i0.wp.com\/www.grieta.org.mx\/wp-content\/uploads\/2020\/09\/mas2.jpg?resize=525%2C300&ssl=1 1.5x, https:\/\/i0.wp.com\/www.grieta.org.mx\/wp-content\/uploads\/2020\/09\/mas2.jpg?resize=700%2C400&ssl=1 2x, https:\/\/i0.wp.com\/www.grieta.org.mx\/wp-content\/uploads\/2020\/09\/mas2.jpg?resize=1050%2C600&ssl=1 3x"},"classes":[]}],"_links":{"self":[{"href":"https:\/\/www.grieta.org.mx\/index.php\/wp-json\/wp\/v2\/posts\/55377","targetHints":{"allow":["GET"]}}],"collection":[{"href":"https:\/\/www.grieta.org.mx\/index.php\/wp-json\/wp\/v2\/posts"}],"about":[{"href":"https:\/\/www.grieta.org.mx\/index.php\/wp-json\/wp\/v2\/types\/post"}],"author":[{"embeddable":true,"href":"https:\/\/www.grieta.org.mx\/index.php\/wp-json\/wp\/v2\/users\/2"}],"replies":[{"embeddable":true,"href":"https:\/\/www.grieta.org.mx\/index.php\/wp-json\/wp\/v2\/comments?post=55377"}],"version-history":[{"count":1,"href":"https:\/\/www.grieta.org.mx\/index.php\/wp-json\/wp\/v2\/posts\/55377\/revisions"}],"predecessor-version":[{"id":55379,"href":"https:\/\/www.grieta.org.mx\/index.php\/wp-json\/wp\/v2\/posts\/55377\/revisions\/55379"}],"wp:featuredmedia":[{"embeddable":true,"href":"https:\/\/www.grieta.org.mx\/index.php\/wp-json\/wp\/v2\/media\/55378"}],"wp:attachment":[{"href":"https:\/\/www.grieta.org.mx\/index.php\/wp-json\/wp\/v2\/media?parent=55377"}],"wp:term":[{"taxonomy":"category","embeddable":true,"href":"https:\/\/www.grieta.org.mx\/index.php\/wp-json\/wp\/v2\/categories?post=55377"},{"taxonomy":"post_tag","embeddable":true,"href":"https:\/\/www.grieta.org.mx\/index.php\/wp-json\/wp\/v2\/tags?post=55377"}],"curies":[{"name":"wp","href":"https:\/\/api.w.org\/{rel}","templated":true}]}}