{"id":55279,"date":"2020-11-07T22:48:56","date_gmt":"2020-11-08T04:48:56","guid":{"rendered":"http:\/\/www.grieta.org.mx\/?p=55279"},"modified":"2020-11-17T22:53:11","modified_gmt":"2020-11-18T04:53:11","slug":"convocan-a-busqueda-masiva-por-personas-desaparecidas-en-sonora","status":"publish","type":"post","link":"https:\/\/www.grieta.org.mx\/index.php\/2020\/11\/07\/convocan-a-busqueda-masiva-por-personas-desaparecidas-en-sonora\/","title":{"rendered":"Convocan a b\u00fasqueda masiva por personas desaparecidas en Sonora"},"content":{"rendered":"<p><img loading=\"lazy\" decoding=\"async\" class=\"\" src=\"https:\/\/www.eluniversal.com.mx\/sites\/default\/files\/2020\/11\/07\/personas_desaparecidas_sonora.jpg\" alt=\"personas_desaparecidas_Sonora\" width=\"796\" height=\"491\" \/><\/p>\n<p>Amalia Escobar\/El Universal<\/p>\n<p>Las Madres Buscadoras de\u00a0<strong><a href=\"https:\/\/www.eluniversal.com.mx\/estados\" target=\"_blank\" rel=\"noopener noreferrer\">Sonora<\/a>\u00a0<\/strong>extenaron la invitaci\u00f3n a la B\u00fasqueda Estatal de\u00a0<strong>personas desaparecidas<\/strong>, misma que realizar\u00e1n el d\u00eda 15 de noviembre en la Costa de Hermosillo.<\/p>\n<p>La l\u00edder del colectivo, Cecy Flores, inform\u00f3 que esta b\u00fasqueda masiva se realizar\u00e1 en nombre de Marco Antonio Sauceda Rocha quien desapareci\u00f3 el 4 de mayo del 2019.<\/p>\n<p>Al momento, confirm\u00f3 la presencia de Colectivo Todos Somos Erick Carillo, Rastreadoras por la Paz Sinaloa, Colectivo Nacional Buscando en Vida, Colectivos Unidos por Baja California, as\u00ed como Madres Buscadoras de Sonora de Ciudad Obreg\u00f3n y Huatabampo.<\/p>\n<p>Las acompa\u00f1ar\u00e1 el delegado de la Comisi\u00f3n Nacional de los Derechos Humanos (<strong>CNDH<\/strong>), Ra\u00fal Ram\u00edrez.<\/p>\n<p>Flores hizo un llamado a los Sonorenses: \u201cSi tienes un familiar desaparecido \u00fanete, no tengas miedo de buscar, nosotras te apoyaremos. Vamos por ellos. Para m\u00e1s informaci\u00f3n comun\u00edcate al n\u00famero 6623415616\u201d.<\/p>\n<p><img decoding=\"async\" src=\"https:\/\/www.eluniversal.com.mx\/sites\/default\/files\/u39647\/personas_desaparecidas_sonora_.jpg\" alt=\"personas_desaparecidas_sonora_.jpg\" \/><\/p>\n<p>Las Madres Buscadoras de Sonora suman 211 hallazgos desde el 4 de mayo del 2019, fecha en que se integr\u00f3 el colectivo a ra\u00edz de la desaparici\u00f3n del hijo de la l\u00edder del colectivo, el joven Marco Antonio, en Bah\u00eda de Kino, municipio de Hermosillo.<\/p>\n<p><a href=\"https:\/\/www.eluniversal.com.mx\/estados\/convocan-busqueda-masiva-por-personas-desaparecidas-en-sonora\">https:\/\/www.eluniversal.com.mx\/estados\/convocan-busqueda-masiva-por-personas-desaparecidas-en-sonora<\/a><\/p>\n","protected":false},"excerpt":{"rendered":"<p>Amalia Escobar\/El Universal Las Madres Buscadoras de\u00a0Sonora\u00a0extenaron la invitaci\u00f3n a la B\u00fasqueda Estatal de\u00a0personas desaparecidas, misma que realizar\u00e1n el d\u00eda 15 de noviembre en la Costa de Hermosillo. La l\u00edder &hellip; <a href=\"https:\/\/www.grieta.org.mx\/index.php\/2020\/11\/07\/convocan-a-busqueda-masiva-por-personas-desaparecidas-en-sonora\/\" class=\"more-link\">Leer m\u00e1s<\/a><\/p>\n","protected":false},"author":2,"featured_media":55281,"comment_status":"closed","ping_status":"closed","sticky":false,"template":"","format":"standard","meta":{"ngg_post_thumbnail":0,"_jetpack_newsletter_access":"","_jetpack_dont_email_post_to_subs":false,"_jetpack_newsletter_tier_id":0,"_jetpack_memberships_contains_paywalled_content":false,"_jetpack_memberships_contains_paid_content":false,"footnotes":""},"categories":[80,1463,31],"tags":[121],"class_list":["post-55279","post","type-post","status-publish","format-standard","has-post-thumbnail","hentry","category-cintillo","category-desaparecidos-en-sonora","category-sonora","tag-desaparecidos","entry"],"jetpack_featured_media_url":"https:\/\/www.grieta.org.mx\/wp-content\/uploads\/2020\/11\/Sonora.jpg","jetpack_sharing_enabled":true,"jetpack_shortlink":"https:\/\/wp.me\/p7ZJR4-enB","jetpack_likes_enabled":false,"jetpack-related-posts":[{"id":63227,"url":"https:\/\/www.grieta.org.mx\/index.php\/2022\/01\/23\/en-sonora-forman-colectivo-juvenil-de-busqueda-de-desaparecidos\/","url_meta":{"origin":55279,"position":0},"title":"En Sonora forman colectivo juvenil de b\u00fasqueda de desaparecidos","author":"grieta","date":"23 enero, 2022","format":false,"excerpt":"Por\u00a0MAYRA ECHEVERR\u00cdA, GAMALIEL GONZ\u00c1LEZ Y JES\u00daS PALOMARES El imparcial Un colectivo de b\u00fasqueda de desaparecidos integrado por j\u00f3venes se conform\u00f3 en Sonora\u00a0y aunque de momento solamente cuenta con integrantes de Hermosillo y Nogales, pretende extenderse a otros municipios, inform\u00f3\u00a0Milagros Valenzuela Flores. La\u00a0fundadora del colectivo J\u00f3venes Buscadores de Sonora\u00a0explic\u00f3 que de\u2026","rel":"","context":"En &quot;Desaparecidos en Sonora&quot;","block_context":{"text":"Desaparecidos en Sonora","link":"https:\/\/www.grieta.org.mx\/index.php\/category\/noticias-nacionales\/sonora\/desaparecidos-en-sonora\/"},"img":{"alt_text":"","src":"https:\/\/i0.wp.com\/www.grieta.org.mx\/wp-content\/uploads\/2022\/01\/vv.jpg?resize=350%2C200&ssl=1","width":350,"height":200,"srcset":"https:\/\/i0.wp.com\/www.grieta.org.mx\/wp-content\/uploads\/2022\/01\/vv.jpg?resize=350%2C200&ssl=1 1x, https:\/\/i0.wp.com\/www.grieta.org.mx\/wp-content\/uploads\/2022\/01\/vv.jpg?resize=525%2C300&ssl=1 1.5x, https:\/\/i0.wp.com\/www.grieta.org.mx\/wp-content\/uploads\/2022\/01\/vv.jpg?resize=700%2C400&ssl=1 2x"},"classes":[]},{"id":54164,"url":"https:\/\/www.grieta.org.mx\/index.php\/2020\/10\/12\/la-lucha-de-las-madres-buscadoras-de-sonora-con-picos-y-palas-han-localizado-los-restos-de-200-personas\/","url_meta":{"origin":55279,"position":1},"title":"La lucha de las madres buscadoras de Sonora; con picos y palas han localizado los restos de 200 personas","author":"grieta","date":"12 octubre, 2020","format":false,"excerpt":"Animal Pol\u00edtico\/J. Hiram Gonz\u00e1lez \u201cEse d\u00eda\u00a0que los perd\u00ed mi vida se fue con ellos. No me voy a rendir nunca, nunca me voy a rendir, y los voy a buscar hasta el fin de mi vida y con mi vida de ser necesario\u201d, asegura Cecilia Flores Armenta, madre rastreadora en\u2026","rel":"","context":"En &quot;CINTILLO&quot;","block_context":{"text":"CINTILLO","link":"https:\/\/www.grieta.org.mx\/index.php\/category\/cintillo\/"},"img":{"alt_text":"","src":"https:\/\/i0.wp.com\/www.grieta.org.mx\/wp-content\/uploads\/2020\/10\/Con-picos-y-palas-las-Madres-Rastreadores-de-Sonora.jpg?resize=350%2C200&ssl=1","width":350,"height":200,"srcset":"https:\/\/i0.wp.com\/www.grieta.org.mx\/wp-content\/uploads\/2020\/10\/Con-picos-y-palas-las-Madres-Rastreadores-de-Sonora.jpg?resize=350%2C200&ssl=1 1x, https:\/\/i0.wp.com\/www.grieta.org.mx\/wp-content\/uploads\/2020\/10\/Con-picos-y-palas-las-Madres-Rastreadores-de-Sonora.jpg?resize=525%2C300&ssl=1 1.5x, https:\/\/i0.wp.com\/www.grieta.org.mx\/wp-content\/uploads\/2020\/10\/Con-picos-y-palas-las-Madres-Rastreadores-de-Sonora.jpg?resize=700%2C400&ssl=1 2x, https:\/\/i0.wp.com\/www.grieta.org.mx\/wp-content\/uploads\/2020\/10\/Con-picos-y-palas-las-Madres-Rastreadores-de-Sonora.jpg?resize=1050%2C600&ssl=1 3x"},"classes":[]},{"id":64162,"url":"https:\/\/www.grieta.org.mx\/index.php\/2022\/05\/07\/madres-buscadoras-de-sonora-el-colectivo-que-no-celebra-el-10-de-mayo\/","url_meta":{"origin":55279,"position":2},"title":"Madres Buscadoras de Sonora, el colectivo que no celebra el 10 de mayo","author":"grieta","date":"7 mayo, 2022","format":false,"excerpt":"Redacci\u00f3n | Uno TV Este grupo de mujeres, desde hace a\u00f1os, busca a sus hijas e hijos en Sonora. Foto: Twitter\/Madres Buscadoras de Sonora Estamos a unos d\u00edas del 10 de mayo 2022; sin embargo, no todas celebran el D\u00eda de las Madres;\u00a0tal es el caso del colectivo Madres Buscadoras\u2026","rel":"","context":"En &quot;Desaparecidos&quot;","block_context":{"text":"Desaparecidos","link":"https:\/\/www.grieta.org.mx\/index.php\/category\/temas-nacionales\/desaparecidos\/"},"img":{"alt_text":"","src":"https:\/\/i0.wp.com\/www.grieta.org.mx\/wp-content\/uploads\/2022\/05\/madres-buscadoras-de-sonora-el-colectivo-que-no-celebra-el-10-de-mayo-125545.jpg?resize=350%2C200&ssl=1","width":350,"height":200,"srcset":"https:\/\/i0.wp.com\/www.grieta.org.mx\/wp-content\/uploads\/2022\/05\/madres-buscadoras-de-sonora-el-colectivo-que-no-celebra-el-10-de-mayo-125545.jpg?resize=350%2C200&ssl=1 1x, https:\/\/i0.wp.com\/www.grieta.org.mx\/wp-content\/uploads\/2022\/05\/madres-buscadoras-de-sonora-el-colectivo-que-no-celebra-el-10-de-mayo-125545.jpg?resize=525%2C300&ssl=1 1.5x, https:\/\/i0.wp.com\/www.grieta.org.mx\/wp-content\/uploads\/2022\/05\/madres-buscadoras-de-sonora-el-colectivo-que-no-celebra-el-10-de-mayo-125545.jpg?resize=700%2C400&ssl=1 2x, https:\/\/i0.wp.com\/www.grieta.org.mx\/wp-content\/uploads\/2022\/05\/madres-buscadoras-de-sonora-el-colectivo-que-no-celebra-el-10-de-mayo-125545.jpg?resize=1050%2C600&ssl=1 3x"},"classes":[]},{"id":67969,"url":"https:\/\/www.grieta.org.mx\/index.php\/2023\/10\/19\/madres-buscadoras-de-sonora-encuentran-un-crematorio-clandestino-en-hermosillo\/","url_meta":{"origin":55279,"position":3},"title":"Madres buscadoras de Sonora encuentran un crematorio clandestino en Hermosillo","author":"grieta","date":"19 octubre, 2023","format":false,"excerpt":"La l\u00edder de las Madres Buscadoras de Sonora, Ceci Flores, inform\u00f3 que la agrupaci\u00f3n encontr\u00f3 un crematorio clandestino en Hermosillo. Este se suma al que fue hallado en Tlaquepaque, Jalisco, el 15 de octubre. A trav\u00e9s de un video, narr\u00f3 que el hallazgo ocurri\u00f3 tras una llamada an\u00f3nima sobre la\u2026","rel":"","context":"En &quot;Desaparecidos en Sonora&quot;","block_context":{"text":"Desaparecidos en Sonora","link":"https:\/\/www.grieta.org.mx\/index.php\/category\/noticias-nacionales\/sonora\/desaparecidos-en-sonora\/"},"img":{"alt_text":"","src":"https:\/\/i0.wp.com\/www.grieta.org.mx\/wp-content\/uploads\/2023\/10\/Madres-Buscadoras-de-Sonora-trabajan-en-campo-por-sus-tesoros.jpg?resize=350%2C200&ssl=1","width":350,"height":200,"srcset":"https:\/\/i0.wp.com\/www.grieta.org.mx\/wp-content\/uploads\/2023\/10\/Madres-Buscadoras-de-Sonora-trabajan-en-campo-por-sus-tesoros.jpg?resize=350%2C200&ssl=1 1x, https:\/\/i0.wp.com\/www.grieta.org.mx\/wp-content\/uploads\/2023\/10\/Madres-Buscadoras-de-Sonora-trabajan-en-campo-por-sus-tesoros.jpg?resize=525%2C300&ssl=1 1.5x, https:\/\/i0.wp.com\/www.grieta.org.mx\/wp-content\/uploads\/2023\/10\/Madres-Buscadoras-de-Sonora-trabajan-en-campo-por-sus-tesoros.jpg?resize=700%2C400&ssl=1 2x, https:\/\/i0.wp.com\/www.grieta.org.mx\/wp-content\/uploads\/2023\/10\/Madres-Buscadoras-de-Sonora-trabajan-en-campo-por-sus-tesoros.jpg?resize=1050%2C600&ssl=1 3x"},"classes":[]},{"id":62550,"url":"https:\/\/www.grieta.org.mx\/index.php\/2021\/10\/29\/madres-buscadoras-de-sonora-denuncian-exclusion-por-comite-creado-para-rastreo-de-personas-desaparecidas-sonora\/","url_meta":{"origin":55279,"position":4},"title":"Madres Buscadoras de Sonora denuncian exclusi\u00f3n por comit\u00e9 creado para rastreo de personas desaparecidas (Sonora)","author":"grieta","date":"29 octubre, 2021","format":false,"excerpt":"Durante la madrugada de este viernes, el colectivo Madres Buscadoras de Sonora denunciaron desde sus redes sociales que sus integrantes fueron excluidas del Consejo Estatal Ciudadano de B\u00fasqueda de Personas.HBB5x6G Omnia.com.mx Fue desde su Twitter y Facebook donde la agrupaci\u00f3n se\u00f1al\u00f3 el hecho y urgi\u00f3 a las autoridades para que\u2026","rel":"","context":"En &quot;Desaparecidos en Sonora&quot;","block_context":{"text":"Desaparecidos en Sonora","link":"https:\/\/www.grieta.org.mx\/index.php\/category\/noticias-nacionales\/sonora\/desaparecidos-en-sonora\/"},"img":{"alt_text":"","src":"https:\/\/i0.wp.com\/www.grieta.org.mx\/wp-content\/uploads\/2021\/10\/big_cqlyrrog.jpg?resize=350%2C200&ssl=1","width":350,"height":200,"srcset":"https:\/\/i0.wp.com\/www.grieta.org.mx\/wp-content\/uploads\/2021\/10\/big_cqlyrrog.jpg?resize=350%2C200&ssl=1 1x, https:\/\/i0.wp.com\/www.grieta.org.mx\/wp-content\/uploads\/2021\/10\/big_cqlyrrog.jpg?resize=525%2C300&ssl=1 1.5x, https:\/\/i0.wp.com\/www.grieta.org.mx\/wp-content\/uploads\/2021\/10\/big_cqlyrrog.jpg?resize=700%2C400&ssl=1 2x"},"classes":[]},{"id":64600,"url":"https:\/\/www.grieta.org.mx\/index.php\/2022\/07\/20\/condiciona-fiscalia-busqueda-de-desaparecidos-no-quieren-la-participacion-de-colectivos-denuncian-madres-buscadoras-jalisco\/","url_meta":{"origin":55279,"position":5},"title":"Condiciona Fiscal\u00eda b\u00fasqueda de desaparecidos; no quieren la participaci\u00f3n de colectivos denuncian madres buscadoras (Jalisco, Sonora)","author":"grieta","date":"20 julio, 2022","format":false,"excerpt":"Imagen: Especial Lauro Rodr\u00edguez \/ El Diario NTR Las Madres Buscadoras de Sonora acusaron que la Fiscal\u00eda del Estado condicion\u00f3 la b\u00fasqueda en campo. Mencion\u00f3 que se niegan a acompa\u00f1ar acciones colectivas. Ceci Patricia Flores Armenta, lideresa del colectivo Madres Buscadoras de Sonora, mencion\u00f3 que extendieron su estancia en Jalisco\u2026","rel":"","context":"En &quot;CINTILLO&quot;","block_context":{"text":"CINTILLO","link":"https:\/\/www.grieta.org.mx\/index.php\/category\/cintillo\/"},"img":{"alt_text":"","src":"https:\/\/i0.wp.com\/www.grieta.org.mx\/wp-content\/uploads\/2022\/07\/2022-07-20_10-07-27___612.png?resize=350%2C200&ssl=1","width":350,"height":200,"srcset":"https:\/\/i0.wp.com\/www.grieta.org.mx\/wp-content\/uploads\/2022\/07\/2022-07-20_10-07-27___612.png?resize=350%2C200&ssl=1 1x, https:\/\/i0.wp.com\/www.grieta.org.mx\/wp-content\/uploads\/2022\/07\/2022-07-20_10-07-27___612.png?resize=525%2C300&ssl=1 1.5x, https:\/\/i0.wp.com\/www.grieta.org.mx\/wp-content\/uploads\/2022\/07\/2022-07-20_10-07-27___612.png?resize=700%2C400&ssl=1 2x"},"classes":[]}],"_links":{"self":[{"href":"https:\/\/www.grieta.org.mx\/index.php\/wp-json\/wp\/v2\/posts\/55279","targetHints":{"allow":["GET"]}}],"collection":[{"href":"https:\/\/www.grieta.org.mx\/index.php\/wp-json\/wp\/v2\/posts"}],"about":[{"href":"https:\/\/www.grieta.org.mx\/index.php\/wp-json\/wp\/v2\/types\/post"}],"author":[{"embeddable":true,"href":"https:\/\/www.grieta.org.mx\/index.php\/wp-json\/wp\/v2\/users\/2"}],"replies":[{"embeddable":true,"href":"https:\/\/www.grieta.org.mx\/index.php\/wp-json\/wp\/v2\/comments?post=55279"}],"version-history":[{"count":1,"href":"https:\/\/www.grieta.org.mx\/index.php\/wp-json\/wp\/v2\/posts\/55279\/revisions"}],"predecessor-version":[{"id":55282,"href":"https:\/\/www.grieta.org.mx\/index.php\/wp-json\/wp\/v2\/posts\/55279\/revisions\/55282"}],"wp:featuredmedia":[{"embeddable":true,"href":"https:\/\/www.grieta.org.mx\/index.php\/wp-json\/wp\/v2\/media\/55281"}],"wp:attachment":[{"href":"https:\/\/www.grieta.org.mx\/index.php\/wp-json\/wp\/v2\/media?parent=55279"}],"wp:term":[{"taxonomy":"category","embeddable":true,"href":"https:\/\/www.grieta.org.mx\/index.php\/wp-json\/wp\/v2\/categories?post=55279"},{"taxonomy":"post_tag","embeddable":true,"href":"https:\/\/www.grieta.org.mx\/index.php\/wp-json\/wp\/v2\/tags?post=55279"}],"curies":[{"name":"wp","href":"https:\/\/api.w.org\/{rel}","templated":true}]}}