{"id":55180,"date":"2020-11-16T22:27:12","date_gmt":"2020-11-17T04:27:12","guid":{"rendered":"http:\/\/www.grieta.org.mx\/?p=55180"},"modified":"2020-11-16T22:27:12","modified_gmt":"2020-11-17T04:27:12","slug":"accion-en-mazatlan-sinaloa-en-repudio-a-los-ataques-paramilitares-en-contra-de-comunidades-zapatistas","status":"publish","type":"post","link":"https:\/\/www.grieta.org.mx\/index.php\/2020\/11\/16\/accion-en-mazatlan-sinaloa-en-repudio-a-los-ataques-paramilitares-en-contra-de-comunidades-zapatistas\/","title":{"rendered":"Acci\u00f3n en Mazatl\u00e1n, Sinaloa en repudio a los ataques paramilitares en contra de comunidades zapatistas"},"content":{"rendered":"<p><img loading=\"lazy\" decoding=\"async\" data-attachment-id=\"55184\" data-permalink=\"https:\/\/www.grieta.org.mx\/index.php\/2020\/11\/16\/accion-en-mazatlan-sinaloa-en-repudio-a-los-ataques-paramilitares-en-contra-de-comunidades-zapatistas\/photo_2020-11-16_22-22-24-2\/\" data-orig-file=\"https:\/\/www.grieta.org.mx\/wp-content\/uploads\/2020\/11\/photo_2020-11-16_22-22-24-1.jpg\" data-orig-size=\"336,350\" data-comments-opened=\"0\" data-image-meta=\"{&quot;aperture&quot;:&quot;0&quot;,&quot;credit&quot;:&quot;&quot;,&quot;camera&quot;:&quot;&quot;,&quot;caption&quot;:&quot;&quot;,&quot;created_timestamp&quot;:&quot;0&quot;,&quot;copyright&quot;:&quot;&quot;,&quot;focal_length&quot;:&quot;0&quot;,&quot;iso&quot;:&quot;0&quot;,&quot;shutter_speed&quot;:&quot;0&quot;,&quot;title&quot;:&quot;&quot;,&quot;orientation&quot;:&quot;1&quot;}\" data-image-title=\"photo_2020-11-16_22-22-24\" data-image-description=\"\" data-image-caption=\"\" data-medium-file=\"https:\/\/www.grieta.org.mx\/wp-content\/uploads\/2020\/11\/photo_2020-11-16_22-22-24-1-288x300.jpg\" data-large-file=\"https:\/\/www.grieta.org.mx\/wp-content\/uploads\/2020\/11\/photo_2020-11-16_22-22-24-1.jpg\" class=\"alignnone wp-image-55184\" src=\"http:\/\/www.grieta.org.mx\/wp-content\/uploads\/2020\/11\/photo_2020-11-16_22-22-24-1.jpg\" alt=\"\" width=\"500\" height=\"521\" srcset=\"https:\/\/www.grieta.org.mx\/wp-content\/uploads\/2020\/11\/photo_2020-11-16_22-22-24-1.jpg 336w, https:\/\/www.grieta.org.mx\/wp-content\/uploads\/2020\/11\/photo_2020-11-16_22-22-24-1-288x300.jpg 288w\" sizes=\"auto, (max-width: 500px) 100vw, 500px\" \/><\/p>\n<p>Colectivo Grieta<\/p>\n<p>El jueves 12 de noviembre se organizaron y desarrollaron actividades en la Plazuela Rep\u00fablica de Mazatl\u00e1n, Sinaloa, con el objetivo de denunciar las agresiones del grupo paramilitar ORCAO contra las Comunidades Ind\u00edgenas Zapatistas. Participaron compa\u00f1eros y compa\u00f1eras de la Red de Resistencia y Rebeld\u00eda-MZT. Como parte de las actividades realizadas, se colocaron mantas y se distribuyeron volantes.<\/p>\n<p><img loading=\"lazy\" decoding=\"async\" data-attachment-id=\"55181\" data-permalink=\"https:\/\/www.grieta.org.mx\/index.php\/2020\/11\/16\/accion-en-mazatlan-sinaloa-en-repudio-a-los-ataques-paramilitares-en-contra-de-comunidades-zapatistas\/photo_2020-11-16_22-22-18\/\" data-orig-file=\"https:\/\/www.grieta.org.mx\/wp-content\/uploads\/2020\/11\/photo_2020-11-16_22-22-18.jpg\" data-orig-size=\"1280,960\" data-comments-opened=\"0\" data-image-meta=\"{&quot;aperture&quot;:&quot;0&quot;,&quot;credit&quot;:&quot;&quot;,&quot;camera&quot;:&quot;&quot;,&quot;caption&quot;:&quot;&quot;,&quot;created_timestamp&quot;:&quot;0&quot;,&quot;copyright&quot;:&quot;&quot;,&quot;focal_length&quot;:&quot;0&quot;,&quot;iso&quot;:&quot;0&quot;,&quot;shutter_speed&quot;:&quot;0&quot;,&quot;title&quot;:&quot;&quot;,&quot;orientation&quot;:&quot;0&quot;}\" data-image-title=\"photo_2020-11-16_22-22-18\" data-image-description=\"\" data-image-caption=\"\" data-medium-file=\"https:\/\/www.grieta.org.mx\/wp-content\/uploads\/2020\/11\/photo_2020-11-16_22-22-18-300x225.jpg\" data-large-file=\"https:\/\/www.grieta.org.mx\/wp-content\/uploads\/2020\/11\/photo_2020-11-16_22-22-18-1024x768.jpg\" class=\"alignnone wp-image-55181\" src=\"http:\/\/www.grieta.org.mx\/wp-content\/uploads\/2020\/11\/photo_2020-11-16_22-22-18.jpg\" alt=\"\" width=\"800\" height=\"600\" srcset=\"https:\/\/www.grieta.org.mx\/wp-content\/uploads\/2020\/11\/photo_2020-11-16_22-22-18.jpg 1280w, https:\/\/www.grieta.org.mx\/wp-content\/uploads\/2020\/11\/photo_2020-11-16_22-22-18-300x225.jpg 300w, https:\/\/www.grieta.org.mx\/wp-content\/uploads\/2020\/11\/photo_2020-11-16_22-22-18-1024x768.jpg 1024w, https:\/\/www.grieta.org.mx\/wp-content\/uploads\/2020\/11\/photo_2020-11-16_22-22-18-768x576.jpg 768w, https:\/\/www.grieta.org.mx\/wp-content\/uploads\/2020\/11\/photo_2020-11-16_22-22-18-667x500.jpg 667w\" sizes=\"auto, (max-width: 800px) 100vw, 800px\" \/><\/p>\n<p><img loading=\"lazy\" decoding=\"async\" data-attachment-id=\"55182\" data-permalink=\"https:\/\/www.grieta.org.mx\/index.php\/2020\/11\/16\/accion-en-mazatlan-sinaloa-en-repudio-a-los-ataques-paramilitares-en-contra-de-comunidades-zapatistas\/photo_2020-11-16_22-22-24\/\" data-orig-file=\"https:\/\/www.grieta.org.mx\/wp-content\/uploads\/2020\/11\/photo_2020-11-16_22-22-24.jpg\" data-orig-size=\"1280,960\" data-comments-opened=\"0\" data-image-meta=\"{&quot;aperture&quot;:&quot;0&quot;,&quot;credit&quot;:&quot;&quot;,&quot;camera&quot;:&quot;&quot;,&quot;caption&quot;:&quot;&quot;,&quot;created_timestamp&quot;:&quot;0&quot;,&quot;copyright&quot;:&quot;&quot;,&quot;focal_length&quot;:&quot;0&quot;,&quot;iso&quot;:&quot;0&quot;,&quot;shutter_speed&quot;:&quot;0&quot;,&quot;title&quot;:&quot;&quot;,&quot;orientation&quot;:&quot;0&quot;}\" data-image-title=\"photo_2020-11-16_22-22-24\" data-image-description=\"\" data-image-caption=\"\" data-medium-file=\"https:\/\/www.grieta.org.mx\/wp-content\/uploads\/2020\/11\/photo_2020-11-16_22-22-24-300x225.jpg\" data-large-file=\"https:\/\/www.grieta.org.mx\/wp-content\/uploads\/2020\/11\/photo_2020-11-16_22-22-24-1024x768.jpg\" class=\"alignnone wp-image-55182\" src=\"http:\/\/www.grieta.org.mx\/wp-content\/uploads\/2020\/11\/photo_2020-11-16_22-22-24.jpg\" alt=\"\" width=\"800\" height=\"600\" srcset=\"https:\/\/www.grieta.org.mx\/wp-content\/uploads\/2020\/11\/photo_2020-11-16_22-22-24.jpg 1280w, https:\/\/www.grieta.org.mx\/wp-content\/uploads\/2020\/11\/photo_2020-11-16_22-22-24-300x225.jpg 300w, https:\/\/www.grieta.org.mx\/wp-content\/uploads\/2020\/11\/photo_2020-11-16_22-22-24-1024x768.jpg 1024w, https:\/\/www.grieta.org.mx\/wp-content\/uploads\/2020\/11\/photo_2020-11-16_22-22-24-768x576.jpg 768w, https:\/\/www.grieta.org.mx\/wp-content\/uploads\/2020\/11\/photo_2020-11-16_22-22-24-667x500.jpg 667w\" sizes=\"auto, (max-width: 800px) 100vw, 800px\" \/><\/p>\n<p><img loading=\"lazy\" decoding=\"async\" data-attachment-id=\"55183\" data-permalink=\"https:\/\/www.grieta.org.mx\/index.php\/2020\/11\/16\/accion-en-mazatlan-sinaloa-en-repudio-a-los-ataques-paramilitares-en-contra-de-comunidades-zapatistas\/photo_2020-11-16_22-22-30\/\" data-orig-file=\"https:\/\/www.grieta.org.mx\/wp-content\/uploads\/2020\/11\/photo_2020-11-16_22-22-30.jpg\" data-orig-size=\"1280,960\" data-comments-opened=\"0\" data-image-meta=\"{&quot;aperture&quot;:&quot;0&quot;,&quot;credit&quot;:&quot;&quot;,&quot;camera&quot;:&quot;&quot;,&quot;caption&quot;:&quot;&quot;,&quot;created_timestamp&quot;:&quot;0&quot;,&quot;copyright&quot;:&quot;&quot;,&quot;focal_length&quot;:&quot;0&quot;,&quot;iso&quot;:&quot;0&quot;,&quot;shutter_speed&quot;:&quot;0&quot;,&quot;title&quot;:&quot;&quot;,&quot;orientation&quot;:&quot;0&quot;}\" data-image-title=\"photo_2020-11-16_22-22-30\" data-image-description=\"\" data-image-caption=\"\" data-medium-file=\"https:\/\/www.grieta.org.mx\/wp-content\/uploads\/2020\/11\/photo_2020-11-16_22-22-30-300x225.jpg\" data-large-file=\"https:\/\/www.grieta.org.mx\/wp-content\/uploads\/2020\/11\/photo_2020-11-16_22-22-30-1024x768.jpg\" class=\"alignnone wp-image-55183\" src=\"http:\/\/www.grieta.org.mx\/wp-content\/uploads\/2020\/11\/photo_2020-11-16_22-22-30.jpg\" alt=\"\" width=\"800\" height=\"600\" srcset=\"https:\/\/www.grieta.org.mx\/wp-content\/uploads\/2020\/11\/photo_2020-11-16_22-22-30.jpg 1280w, https:\/\/www.grieta.org.mx\/wp-content\/uploads\/2020\/11\/photo_2020-11-16_22-22-30-300x225.jpg 300w, https:\/\/www.grieta.org.mx\/wp-content\/uploads\/2020\/11\/photo_2020-11-16_22-22-30-1024x768.jpg 1024w, https:\/\/www.grieta.org.mx\/wp-content\/uploads\/2020\/11\/photo_2020-11-16_22-22-30-768x576.jpg 768w, https:\/\/www.grieta.org.mx\/wp-content\/uploads\/2020\/11\/photo_2020-11-16_22-22-30-667x500.jpg 667w\" sizes=\"auto, (max-width: 800px) 100vw, 800px\" \/><\/p>\n","protected":false},"excerpt":{"rendered":"<p>Colectivo Grieta El jueves 12 de noviembre se organizaron y desarrollaron actividades en la Plazuela Rep\u00fablica de Mazatl\u00e1n, Sinaloa, con el objetivo de denunciar las agresiones del grupo paramilitar ORCAO &hellip; <a href=\"https:\/\/www.grieta.org.mx\/index.php\/2020\/11\/16\/accion-en-mazatlan-sinaloa-en-repudio-a-los-ataques-paramilitares-en-contra-de-comunidades-zapatistas\/\" class=\"more-link\">Leer m\u00e1s<\/a><\/p>\n","protected":false},"author":2,"featured_media":55184,"comment_status":"closed","ping_status":"closed","sticky":false,"template":"","format":"standard","meta":{"ngg_post_thumbnail":0,"_jetpack_newsletter_access":"","_jetpack_dont_email_post_to_subs":false,"_jetpack_newsletter_tier_id":0,"_jetpack_memberships_contains_paywalled_content":false,"_jetpack_memberships_contains_paid_content":false,"footnotes":""},"categories":[3674,80,1775,2661],"tags":[469,466],"class_list":["post-55180","post","type-post","status-publish","format-standard","has-post-thumbnail","hentry","category-contra-la-guerra-al-ezln","category-cintillo","category-colectivo-grieta","category-redes-de-resistencia-y-rebeldia","tag-ataque-paramilitar","tag-ezln","entry"],"jetpack_featured_media_url":"https:\/\/www.grieta.org.mx\/wp-content\/uploads\/2020\/11\/photo_2020-11-16_22-22-24-1.jpg","jetpack_sharing_enabled":true,"jetpack_shortlink":"https:\/\/wp.me\/p7ZJR4-em0","jetpack_likes_enabled":false,"jetpack-related-posts":[{"id":55202,"url":"https:\/\/www.grieta.org.mx\/index.php\/2020\/11\/16\/acciones-en-culiacan-los-mochis-y-escuinapa-sinaloa-en-repudio-a-los-ataques-paramilitares-en-contra-de-las-comunidades-zapatistas\/","url_meta":{"origin":55180,"position":0},"title":"Acciones en Culiac\u00e1n, Los Mochis y Escuinapa Sinaloa en repudio a los ataques paramilitares en contra de las comunidades zapatistas","author":"grieta","date":"16 noviembre, 2020","format":false,"excerpt":"Colectivo Grieta El pasado 10 de novimebre la JUNTA DE BUEN GOBIERNO ZAPATISTA \u201cNUEVO AMANECER EN RESISTENCIA Y REBELD\u00cdA POR LA VIDA Y LA HUMANIDAD\u201d dio a conocer una denuncia en la que se hac\u00edan publicos los ataques de la organizaci\u00f3n paramilitar ORCAO en contra de un compa\u00f1ero base de\u2026","rel":"","context":"En &quot;Alto a la Guerra contra los pueblos zapatistas&quot;","block_context":{"text":"Alto a la Guerra contra los pueblos zapatistas","link":"https:\/\/www.grieta.org.mx\/index.php\/category\/redes-de-resistencia-y-rebeldia\/contra-la-guerra-al-ezln\/"},"img":{"alt_text":"","src":"https:\/\/i0.wp.com\/www.grieta.org.mx\/wp-content\/uploads\/2020\/11\/photo_2020-11-16_23-02-53-1.jpg?resize=350%2C200&ssl=1","width":350,"height":200,"srcset":"https:\/\/i0.wp.com\/www.grieta.org.mx\/wp-content\/uploads\/2020\/11\/photo_2020-11-16_23-02-53-1.jpg?resize=350%2C200&ssl=1 1x, https:\/\/i0.wp.com\/www.grieta.org.mx\/wp-content\/uploads\/2020\/11\/photo_2020-11-16_23-02-53-1.jpg?resize=525%2C300&ssl=1 1.5x, https:\/\/i0.wp.com\/www.grieta.org.mx\/wp-content\/uploads\/2020\/11\/photo_2020-11-16_23-02-53-1.jpg?resize=700%2C400&ssl=1 2x, https:\/\/i0.wp.com\/www.grieta.org.mx\/wp-content\/uploads\/2020\/11\/photo_2020-11-16_23-02-53-1.jpg?resize=1050%2C600&ssl=1 3x"},"classes":[]},{"id":55120,"url":"https:\/\/www.grieta.org.mx\/index.php\/2020\/11\/14\/accion-en-san-luis-potosi-en-repudio-a-los-ataques-paramilitares-de-la-orcao-en-contra-de-comunidades-zapatistas\/","url_meta":{"origin":55180,"position":1},"title":"Acci\u00f3n en San Luis Potos\u00ed en repudio a los ataques paramilitares de la ORCAO en contra de comunidades zapatistas","author":"grieta","date":"14 noviembre, 2020","format":false,"excerpt":"Colectivo Grieta Colectivos de la Red de Resistencia y Rebeld\u00eda de San Luis Potos\u00ed, realizaron un tendedero de denuncias para manifestar el rechazo a los recientes ataques del grupo paramilitar ORCAO a las comunidades de zapatistas y bases de apoyo en el Municipio Aut\u00f3nomo en Rebeld\u00eda Mois\u00e9s Gandhi. La ORCAO\u2026","rel":"","context":"En &quot;Alto a la Guerra contra los pueblos zapatistas&quot;","block_context":{"text":"Alto a la Guerra contra los pueblos zapatistas","link":"https:\/\/www.grieta.org.mx\/index.php\/category\/redes-de-resistencia-y-rebeldia\/contra-la-guerra-al-ezln\/"},"img":{"alt_text":"","src":"https:\/\/i0.wp.com\/www.grieta.org.mx\/wp-content\/uploads\/2020\/11\/photo_2020-11-14_23-24-54.jpg?resize=350%2C200&ssl=1","width":350,"height":200,"srcset":"https:\/\/i0.wp.com\/www.grieta.org.mx\/wp-content\/uploads\/2020\/11\/photo_2020-11-14_23-24-54.jpg?resize=350%2C200&ssl=1 1x, https:\/\/i0.wp.com\/www.grieta.org.mx\/wp-content\/uploads\/2020\/11\/photo_2020-11-14_23-24-54.jpg?resize=525%2C300&ssl=1 1.5x"},"classes":[]},{"id":55196,"url":"https:\/\/www.grieta.org.mx\/index.php\/2020\/11\/16\/accion-en-morelia-michoacan-en-repudio-a-los-ataques-paramilitares-en-contra-de-comunidades-zapatistas\/","url_meta":{"origin":55180,"position":2},"title":"Acci\u00f3n en Morelia, Michoac\u00e1n en repudio a los ataques paramilitares en contra de comunidades zapatistas","author":"grieta","date":"16 noviembre, 2020","format":false,"excerpt":"Colectivo Grieta Despu\u00e9s de que el d\u00eda mi\u00e9rcoles 11 de noviembre, se diera a conocer la denuncia de los ataques de la organizaci\u00f3n paramilitar ORCAO y la agresi\u00f3n y secuestro del compa\u00f1ero F\u00e9lix L\u00f3pez Hern\u00e1ndez, el viernes, 13 de noviembre, se realiz\u00f3 como actividad la pega de calcas en los\u2026","rel":"","context":"En &quot;Alto a la Guerra contra los pueblos zapatistas&quot;","block_context":{"text":"Alto a la Guerra contra los pueblos zapatistas","link":"https:\/\/www.grieta.org.mx\/index.php\/category\/redes-de-resistencia-y-rebeldia\/contra-la-guerra-al-ezln\/"},"img":{"alt_text":"","src":"https:\/\/i0.wp.com\/www.grieta.org.mx\/wp-content\/uploads\/2020\/11\/photo_2020-11-16_22-51-56-1.jpg?resize=350%2C200&ssl=1","width":350,"height":200},"classes":[]},{"id":55080,"url":"https:\/\/www.grieta.org.mx\/index.php\/2020\/11\/14\/accion-en-zacatecas-en-repudio-de-los-ataques-paramilitares-a-comunidades-zapatistas\/","url_meta":{"origin":55180,"position":3},"title":"Acci\u00f3n en Zacatecas en repudio de los ataques paramilitares a comunidades zapatistas","author":"grieta","date":"14 noviembre, 2020","format":false,"excerpt":"Colectivo Grieta Zacatecas, Zac. Mi\u00e9rcoles 11 de noviembre 2020. \u00a0En Zacatecas, colectivos salieron a las calles para movilizarse por la denuncia de la Junta de Buen Gobierno Zapatista \u201cNuevo Amanecer en resistencia y Rebeld\u00eda por la Vida y la Humanidad\u201d, Caracol Patria Nueva. Realizaron pegas de carteles y difusi\u00f3n del\u2026","rel":"","context":"En &quot;Alto a la Guerra contra los pueblos zapatistas&quot;","block_context":{"text":"Alto a la Guerra contra los pueblos zapatistas","link":"https:\/\/www.grieta.org.mx\/index.php\/category\/redes-de-resistencia-y-rebeldia\/contra-la-guerra-al-ezln\/"},"img":{"alt_text":"","src":"https:\/\/i0.wp.com\/www.grieta.org.mx\/wp-content\/uploads\/2020\/11\/photo_2020-11-13_23-57-49.png?resize=350%2C200&ssl=1","width":350,"height":200},"classes":[]},{"id":55088,"url":"https:\/\/www.grieta.org.mx\/index.php\/2020\/11\/14\/accion-en-queretaro-en-repudio-a-los-ataques-paramilitares-en-contra-de-comunidades-zapatistas\/","url_meta":{"origin":55180,"position":4},"title":"Acci\u00f3n en Quer\u00e9taro en repudio a los ataques paramilitares en contra de comunidades zapatistas.","author":"grieta","date":"14 noviembre, 2020","format":false,"excerpt":"Colectivo Grieta Quer\u00e9taro, 13 de noviembre. La ma\u00f1ana de este viernes 13 de noviembre, en Quer\u00e9taro, la Red de Resistencia y Rebeld\u00eda realiz\u00f3 actos en la Plaza de Armas y en el Jard\u00edn Zenea. Se despleg\u00f3 una manta y se pegaron y repartieron carteles y volantes, denunciando el incremento de\u2026","rel":"","context":"En &quot;Alto a la Guerra contra los pueblos zapatistas&quot;","block_context":{"text":"Alto a la Guerra contra los pueblos zapatistas","link":"https:\/\/www.grieta.org.mx\/index.php\/category\/redes-de-resistencia-y-rebeldia\/contra-la-guerra-al-ezln\/"},"img":{"alt_text":"","src":"https:\/\/i0.wp.com\/www.grieta.org.mx\/wp-content\/uploads\/2020\/11\/photo_2020-11-14_00-21-23.jpg?resize=350%2C200&ssl=1","width":350,"height":200,"srcset":"https:\/\/i0.wp.com\/www.grieta.org.mx\/wp-content\/uploads\/2020\/11\/photo_2020-11-14_00-21-23.jpg?resize=350%2C200&ssl=1 1x, https:\/\/i0.wp.com\/www.grieta.org.mx\/wp-content\/uploads\/2020\/11\/photo_2020-11-14_00-21-23.jpg?resize=525%2C300&ssl=1 1.5x, https:\/\/i0.wp.com\/www.grieta.org.mx\/wp-content\/uploads\/2020\/11\/photo_2020-11-14_00-21-23.jpg?resize=700%2C400&ssl=1 2x, https:\/\/i0.wp.com\/www.grieta.org.mx\/wp-content\/uploads\/2020\/11\/photo_2020-11-14_00-21-23.jpg?resize=1050%2C600&ssl=1 3x"},"classes":[]},{"id":55126,"url":"https:\/\/www.grieta.org.mx\/index.php\/2020\/11\/15\/accion-en-la-laguna-en-repudio-a-las-agresiones-paramilitares-de-la-orcao-en-contra-de-comunidades-zapatistas\/","url_meta":{"origin":55180,"position":5},"title":"Acci\u00f3n en La Laguna en repudio a las agresiones paramilitares de la ORCAO en contra de comunidades zapatistas","author":"grieta","date":"15 noviembre, 2020","format":false,"excerpt":"\u00a0 Colectivo Grieta El jueves 12 de noviembre, la Red de Resistencia y Rebeld\u00eda Laguna organiz\u00f3 una pega de carteles exigiendo el alto a los ataques cometidos en d\u00edas pasados en contra de la comunidad zapatista Mois\u00e9s y Gandhi por parte de la organizaci\u00f3n paramilitar ORCAO en complicidad de los\u2026","rel":"","context":"En &quot;Alto a la Guerra contra los pueblos zapatistas&quot;","block_context":{"text":"Alto a la Guerra contra los pueblos zapatistas","link":"https:\/\/www.grieta.org.mx\/index.php\/category\/redes-de-resistencia-y-rebeldia\/contra-la-guerra-al-ezln\/"},"img":{"alt_text":"","src":"https:\/\/i0.wp.com\/www.grieta.org.mx\/wp-content\/uploads\/2020\/11\/photo_2020-11-14_23-44-20.jpg?resize=350%2C200&ssl=1","width":350,"height":200,"srcset":"https:\/\/i0.wp.com\/www.grieta.org.mx\/wp-content\/uploads\/2020\/11\/photo_2020-11-14_23-44-20.jpg?resize=350%2C200&ssl=1 1x, https:\/\/i0.wp.com\/www.grieta.org.mx\/wp-content\/uploads\/2020\/11\/photo_2020-11-14_23-44-20.jpg?resize=525%2C300&ssl=1 1.5x, https:\/\/i0.wp.com\/www.grieta.org.mx\/wp-content\/uploads\/2020\/11\/photo_2020-11-14_23-44-20.jpg?resize=700%2C400&ssl=1 2x"},"classes":[]}],"_links":{"self":[{"href":"https:\/\/www.grieta.org.mx\/index.php\/wp-json\/wp\/v2\/posts\/55180","targetHints":{"allow":["GET"]}}],"collection":[{"href":"https:\/\/www.grieta.org.mx\/index.php\/wp-json\/wp\/v2\/posts"}],"about":[{"href":"https:\/\/www.grieta.org.mx\/index.php\/wp-json\/wp\/v2\/types\/post"}],"author":[{"embeddable":true,"href":"https:\/\/www.grieta.org.mx\/index.php\/wp-json\/wp\/v2\/users\/2"}],"replies":[{"embeddable":true,"href":"https:\/\/www.grieta.org.mx\/index.php\/wp-json\/wp\/v2\/comments?post=55180"}],"version-history":[{"count":1,"href":"https:\/\/www.grieta.org.mx\/index.php\/wp-json\/wp\/v2\/posts\/55180\/revisions"}],"predecessor-version":[{"id":55185,"href":"https:\/\/www.grieta.org.mx\/index.php\/wp-json\/wp\/v2\/posts\/55180\/revisions\/55185"}],"wp:featuredmedia":[{"embeddable":true,"href":"https:\/\/www.grieta.org.mx\/index.php\/wp-json\/wp\/v2\/media\/55184"}],"wp:attachment":[{"href":"https:\/\/www.grieta.org.mx\/index.php\/wp-json\/wp\/v2\/media?parent=55180"}],"wp:term":[{"taxonomy":"category","embeddable":true,"href":"https:\/\/www.grieta.org.mx\/index.php\/wp-json\/wp\/v2\/categories?post=55180"},{"taxonomy":"post_tag","embeddable":true,"href":"https:\/\/www.grieta.org.mx\/index.php\/wp-json\/wp\/v2\/tags?post=55180"}],"curies":[{"name":"wp","href":"https:\/\/api.w.org\/{rel}","templated":true}]}}