{"id":55166,"date":"2020-11-12T10:52:44","date_gmt":"2020-11-12T16:52:44","guid":{"rendered":"http:\/\/www.grieta.org.mx\/?p=55166"},"modified":"2020-11-16T11:24:40","modified_gmt":"2020-11-16T17:24:40","slug":"en-resistencia-y-solidaridad-jalisco-reclama-alto-a-las-agresiones-contra-las-comunidades-zapatistas","status":"publish","type":"post","link":"https:\/\/www.grieta.org.mx\/index.php\/2020\/11\/12\/en-resistencia-y-solidaridad-jalisco-reclama-alto-a-las-agresiones-contra-las-comunidades-zapatistas\/","title":{"rendered":"En resistencia y solidaridad, Jalisco reclama \u00a1Alto a las agresiones contra las comunidades zapatistas!"},"content":{"rendered":"<p><img loading=\"lazy\" decoding=\"async\" data-attachment-id=\"55167\" data-permalink=\"https:\/\/www.grieta.org.mx\/index.php\/2020\/11\/12\/en-resistencia-y-solidaridad-jalisco-reclama-alto-a-las-agresiones-contra-las-comunidades-zapatistas\/lonas_acciones-zapatistas_christian-cantero\/\" data-orig-file=\"https:\/\/www.grieta.org.mx\/wp-content\/uploads\/2020\/11\/Lonas_Acciones-Zapatistas_Christian-Cantero.jpg\" data-orig-size=\"1280,853\" data-comments-opened=\"0\" data-image-meta=\"{&quot;aperture&quot;:&quot;0&quot;,&quot;credit&quot;:&quot;&quot;,&quot;camera&quot;:&quot;&quot;,&quot;caption&quot;:&quot;&quot;,&quot;created_timestamp&quot;:&quot;0&quot;,&quot;copyright&quot;:&quot;&quot;,&quot;focal_length&quot;:&quot;0&quot;,&quot;iso&quot;:&quot;0&quot;,&quot;shutter_speed&quot;:&quot;0&quot;,&quot;title&quot;:&quot;&quot;,&quot;orientation&quot;:&quot;0&quot;}\" data-image-title=\"Lonas_Acciones-Zapatistas_Christian-Cantero\" data-image-description=\"\" data-image-caption=\"\" data-medium-file=\"https:\/\/www.grieta.org.mx\/wp-content\/uploads\/2020\/11\/Lonas_Acciones-Zapatistas_Christian-Cantero-300x200.jpg\" data-large-file=\"https:\/\/www.grieta.org.mx\/wp-content\/uploads\/2020\/11\/Lonas_Acciones-Zapatistas_Christian-Cantero-1024x682.jpg\" class=\"wp-image-55167 aligncenter\" src=\"http:\/\/www.grieta.org.mx\/wp-content\/uploads\/2020\/11\/Lonas_Acciones-Zapatistas_Christian-Cantero.jpg\" alt=\"\" width=\"802\" height=\"535\" srcset=\"https:\/\/www.grieta.org.mx\/wp-content\/uploads\/2020\/11\/Lonas_Acciones-Zapatistas_Christian-Cantero.jpg 1280w, https:\/\/www.grieta.org.mx\/wp-content\/uploads\/2020\/11\/Lonas_Acciones-Zapatistas_Christian-Cantero-300x200.jpg 300w, https:\/\/www.grieta.org.mx\/wp-content\/uploads\/2020\/11\/Lonas_Acciones-Zapatistas_Christian-Cantero-1024x682.jpg 1024w, https:\/\/www.grieta.org.mx\/wp-content\/uploads\/2020\/11\/Lonas_Acciones-Zapatistas_Christian-Cantero-768x512.jpg 768w, https:\/\/www.grieta.org.mx\/wp-content\/uploads\/2020\/11\/Lonas_Acciones-Zapatistas_Christian-Cantero-750x500.jpg 750w\" sizes=\"auto, (max-width: 802px) 100vw, 802px\" \/><\/p>\n<p>Foto: Christian Cantero<\/p>\n<p><em><strong>En punto de las 5:00 p.m. este jueves 12 de noviembre, personas solidarias adherentes a la Sexta se reunieron en el Parque Rojo para demandar \u00a1alto! a las agresiones que recientemente han sufrido las comunidades zapatistas en Chiapas por el grupo paramilitar ORCAO.<\/strong><\/em><\/p>\n<p><em><strong>Con un despliegue de pancartas entre las avenidas Ju\u00e1rez y Federalismo en el centro de Guadalajara, Jalisco repartieron volantes y calcas a los transe\u00fantes y conductores.<\/strong><\/em><\/p>\n<p><em><strong>Las acciones se repetir\u00e1n este viernes 13 de noviembre, a las 5:00 p.m. en la Glorieta de las y los Desaparecidos.<\/strong><\/em><\/p>\n<p>Dalia Souza con informaci\u00f3n de Christian Cantero \/ Zona Docs<\/p>\n<p><strong><em>\u201cEs una peque\u00f1a forma de poder denunciar y difundir lo que est\u00e1 sucediendo all\u00e1 y hacer presi\u00f3n para que se resuelva; dejando de hostigar a los compa\u00f1eros zapatistas que est\u00e1n construyendo su autonom\u00eda\u201d afirm\u00f3 Mary, una de las ciudadanas que decidi\u00f3 sumarse a las acciones inmediatas de solidaridad con las comunidades zapatistas en Guadalajara.<\/em><\/strong><\/p>\n<p>Seg\u00fan explic\u00f3 la propia Mary y comunic\u00f3 la\u00a0Junta de Buen Gobierno Zapatista \u201cNuevo Amanecer en Resistencia por la Vida y la Humanidad\u201d desde el Caracol Patria Nueva en Chiapas,\u00a0<strong>el pasado 8 de noviembre, F\u00e9lix L\u00f3pez Hern\u00e1ndez<\/strong>, base de apoyo zapatista de la comunidad de San Isidro, anexo de Mois\u00e9s Gandhi,\u00a0<strong>fue secuestrado y torturado por paramilitares de la ORCAO.<\/strong><\/p>\n<p>Las agresiones y ataques se han perpetrado desde hace m\u00e1s de un a\u00f1o, informaron los zapatistas\u00a0<strong>\u201cde d\u00eda y de noche, estos ORCAISTAS atacan con disparos de armas de fuego en contra de la comunidad de Mois\u00e9s Gandhi, y el mal gobierno lo sabe y nada hace para controlar a sus matones. Al contrario, los protegen y ayudan\u201d<\/strong>\u00a0sentenciaron en su comunicado.<\/p>\n<p>Al respecto, precisaron que l<strong>os hechos de violencia han sido documentados por diversas organizaciones<\/strong>, el\u00a0<em>Centro de Derechos Humanos Fray Bartolom\u00e9 de las Casas (Frayba<\/em>); CORECO A.C. Una Organizaci\u00f3n de la Sociedad Civil;\u00a0<em>Servicios y Asesor\u00eda para la Paz (Serapaz)<\/em>; entre otras. Tambi\u00e9n\u00a0<strong>lo sabe el gobierno municipal, estatal y federal<\/strong>, pero como advierten,\u00a0<strong>esto no ha significado un alto a los atentados, tampoco sanciones a los responsables.<\/strong><\/p>\n<p><em><strong>\u201cTodas estas agresiones las conocen en los tres niveles de los malos gobiernos\u2026 Se ha dicho que investiguen, pero se hacen c\u00f3mplices porque este gobierno es igual que los anteriores\u2026 Lo \u00faltimo de esta alianza criminal entre los paramilitares de ORCAO y los Gobiernos Federal de L\u00f3pez Obrador, estatal de Rutilio Escand\u00f3n y los municipales oficiales de Ocosingo y Altamirano, es lo que hicieron este d\u00eda 8 de noviembre del 2020\u201d afirmaron.<\/strong><\/em><\/p>\n<p><strong>F\u00e9lix fue liberado el mi\u00e9rcoles 11 de noviembre por la tarde<\/strong>, no obstante, reclaman sus compa\u00f1eros y compa\u00f1eras zapatistas<strong>, quienes le secuestraron no han sido detenidos, ni juzgados con la venia de los malos gobiernos.<\/strong><\/p>\n<p><strong>Jalisco<\/strong>\u00a0no es el \u00fanico estado que se ha sumado a las acciones de solidaridad, resistencia y rebeld\u00eda,\u00a0<strong>Ciudad de M\u00e9xico, Colima, Michoac\u00e1n, Baja California, Sinaloa<\/strong>\u00a0y dem\u00e1s entidades de la Rep\u00fablica han replicado la demanda\u00a0<strong>\u00a1Alto a las agresiones contra las comunidades zapatistas!<\/strong><\/p>\n<p><a href=\"https:\/\/www.zonadocs.mx\/2020\/11\/12\/en-resistencia-y-solidaridad-jalisco-reclama-alto-a-las-agresiones-contra-las-comunidades-zapatistas\/\">https:\/\/www.zonadocs.mx\/2020\/11\/12\/en-resistencia-y-solidaridad-jalisco-reclama-alto-a-las-agresiones-contra-las-comunidades-zapatistas\/<\/a><\/p>\n<p>&nbsp;<\/p>\n","protected":false},"excerpt":{"rendered":"<p>Foto: Christian Cantero En punto de las 5:00 p.m. este jueves 12 de noviembre, personas solidarias adherentes a la Sexta se reunieron en el Parque Rojo para demandar \u00a1alto! a &hellip; <a href=\"https:\/\/www.grieta.org.mx\/index.php\/2020\/11\/12\/en-resistencia-y-solidaridad-jalisco-reclama-alto-a-las-agresiones-contra-las-comunidades-zapatistas\/\" class=\"more-link\">Leer m\u00e1s<\/a><\/p>\n","protected":false},"author":2,"featured_media":55167,"comment_status":"closed","ping_status":"closed","sticky":false,"template":"","format":"standard","meta":{"ngg_post_thumbnail":0,"_jetpack_newsletter_access":"","_jetpack_dont_email_post_to_subs":false,"_jetpack_newsletter_tier_id":0,"_jetpack_memberships_contains_paywalled_content":false,"_jetpack_memberships_contains_paid_content":false,"footnotes":""},"categories":[3674,80,20,2,2661],"tags":[],"class_list":["post-55166","post","type-post","status-publish","format-standard","has-post-thumbnail","hentry","category-contra-la-guerra-al-ezln","category-cintillo","category-jalisco","category-noticias-nacionales","category-redes-de-resistencia-y-rebeldia","entry"],"jetpack_featured_media_url":"https:\/\/www.grieta.org.mx\/wp-content\/uploads\/2020\/11\/Lonas_Acciones-Zapatistas_Christian-Cantero.jpg","jetpack_sharing_enabled":true,"jetpack_shortlink":"https:\/\/wp.me\/p7ZJR4-elM","jetpack_likes_enabled":false,"jetpack-related-posts":[{"id":67038,"url":"https:\/\/www.grieta.org.mx\/index.php\/2023\/06\/08\/si-tocan-a-uno-nos-tocan-a-todos-exigen-en-jalisco-un-alto-a-la-violencia-contra-las-comunidades-zapatistas-fotogaleria\/","url_meta":{"origin":55166,"position":0},"title":"\u201cSi tocan a uno nos tocan a todos\u201d: Exigen en Jalisco un alto a la violencia contra las comunidades zapatistas (fotogaler\u00eda)","author":"grieta","date":"8 junio, 2023","format":false,"excerpt":"Imagen: Mario Marlo Leslie Zepeda \/ Zona Docs El pasado 23 de mayo fue v\u00edctima de un intento de homicidio Jorge L\u00f3pez S\u00e1ntiz, un hombre ind\u00edgena perteneciente a las Bases de Apoyo del Ej\u00e9rcito Zapatista de Liberaci\u00f3n Nacional (BAEZLN). Denuncian que los responsables pertenecen a la Organizaci\u00f3n Regional de Cafeticultores\u2026","rel":"","context":"En &quot;Alto a la Guerra contra los pueblos zapatistas&quot;","block_context":{"text":"Alto a la Guerra contra los pueblos zapatistas","link":"https:\/\/www.grieta.org.mx\/index.php\/category\/redes-de-resistencia-y-rebeldia\/contra-la-guerra-al-ezln\/"},"img":{"alt_text":"","src":"https:\/\/i0.wp.com\/www.grieta.org.mx\/wp-content\/uploads\/2023\/06\/Captura-de-Pantalla-2023-06-08-a-las-22.32.12-768x510-1.png?resize=350%2C200&ssl=1","width":350,"height":200,"srcset":"https:\/\/i0.wp.com\/www.grieta.org.mx\/wp-content\/uploads\/2023\/06\/Captura-de-Pantalla-2023-06-08-a-las-22.32.12-768x510-1.png?resize=350%2C200&ssl=1 1x, https:\/\/i0.wp.com\/www.grieta.org.mx\/wp-content\/uploads\/2023\/06\/Captura-de-Pantalla-2023-06-08-a-las-22.32.12-768x510-1.png?resize=525%2C300&ssl=1 1.5x, https:\/\/i0.wp.com\/www.grieta.org.mx\/wp-content\/uploads\/2023\/06\/Captura-de-Pantalla-2023-06-08-a-las-22.32.12-768x510-1.png?resize=700%2C400&ssl=1 2x"},"classes":[]},{"id":70411,"url":"https:\/\/www.grieta.org.mx\/index.php\/2024\/11\/11\/alto-alas-agresiones-contra-las-comunidades-zapatistas\/","url_meta":{"origin":55166,"position":1},"title":"\u00a1ALTO A LAS AGRESIONES CONTRA LAS COMUNIDADES ZAPATISTAS!","author":"grieta","date":"11 noviembre, 2024","format":false,"excerpt":"","rel":"","context":"En &quot;Alto a la Guerra contra los pueblos zapatistas&quot;","block_context":{"text":"Alto a la Guerra contra los pueblos zapatistas","link":"https:\/\/www.grieta.org.mx\/index.php\/category\/redes-de-resistencia-y-rebeldia\/contra-la-guerra-al-ezln\/"},"img":{"alt_text":"","src":"https:\/\/i0.wp.com\/www.grieta.org.mx\/wp-content\/uploads\/2024\/11\/11.jpg?resize=350%2C200&ssl=1","width":350,"height":200,"srcset":"https:\/\/i0.wp.com\/www.grieta.org.mx\/wp-content\/uploads\/2024\/11\/11.jpg?resize=350%2C200&ssl=1 1x, https:\/\/i0.wp.com\/www.grieta.org.mx\/wp-content\/uploads\/2024\/11\/11.jpg?resize=525%2C300&ssl=1 1.5x, https:\/\/i0.wp.com\/www.grieta.org.mx\/wp-content\/uploads\/2024\/11\/11.jpg?resize=700%2C400&ssl=1 2x"},"classes":[]},{"id":70329,"url":"https:\/\/www.grieta.org.mx\/index.php\/2024\/10\/30\/alto-a-las-agresiones-contra-las-comunidades-zapatistas-reclaman-miles-en-manifestacion-en-la-ciudad-de-mexico\/","url_meta":{"origin":55166,"position":2},"title":"\u00a1Alto a las agresiones contra las comunidades zapatistas! reclaman miles en manifestaci\u00f3n en la Ciudad de M\u00e9xico [AUDIOS]","author":"grieta","date":"30 octubre, 2024","format":false,"excerpt":"Colectivo Grieta 24 de octubre de 2024 Ciudad de M\u00e9xico.- Al grito de \u00a1Alto a las agresiones contra las comunidades zapatistas! y exigiendo el cese a los hostigamientos orquestados por los tres niveles de gobierno y grupos narcoparamilitares contra las bases de apoyo del EZLN, este jueves 24 de octubre\u2026","rel":"","context":"En &quot;Alto a la Guerra contra los pueblos zapatistas&quot;","block_context":{"text":"Alto a la Guerra contra los pueblos zapatistas","link":"https:\/\/www.grieta.org.mx\/index.php\/category\/redes-de-resistencia-y-rebeldia\/contra-la-guerra-al-ezln\/"},"img":{"alt_text":"","src":"https:\/\/i0.wp.com\/www.grieta.org.mx\/wp-content\/uploads\/2024\/10\/Diapositiva2-1.jpeg?resize=350%2C200&ssl=1","width":350,"height":200,"srcset":"https:\/\/i0.wp.com\/www.grieta.org.mx\/wp-content\/uploads\/2024\/10\/Diapositiva2-1.jpeg?resize=350%2C200&ssl=1 1x, https:\/\/i0.wp.com\/www.grieta.org.mx\/wp-content\/uploads\/2024\/10\/Diapositiva2-1.jpeg?resize=525%2C300&ssl=1 1.5x, https:\/\/i0.wp.com\/www.grieta.org.mx\/wp-content\/uploads\/2024\/10\/Diapositiva2-1.jpeg?resize=700%2C400&ssl=1 2x"},"classes":[]},{"id":70391,"url":"https:\/\/www.grieta.org.mx\/index.php\/2024\/10\/28\/alto-a-los-ataques-a-comunidades-zapatistas-colectivos-en-jalisco-se-suman-al-llamado-de-solidaridad-y-alto-a-la-violencia\/","url_meta":{"origin":55166,"position":3},"title":"\u00a1Alto a los ataques a comunidades zapatistas!: colectivos en Jalisco se suman al llamado de solidaridad y alto a la violencia","author":"grieta","date":"28 octubre, 2024","format":false,"excerpt":"Imagen: Miguel Vidal Colectivos e integrantes adherentes a la Declaraci\u00f3n por la Vida, a la Sexta Declaraci\u00f3n de la Selva Lacandona y el Colaboratorio Urbano se pronunciaron en solidaridad desde Jalisco en contra de la creciente situaci\u00f3n de amenazas y violencia en Chiapas, que enfrentan las comunidades zapatistas. Miguel Vidal\u2026","rel":"","context":"En &quot;Alto a la Guerra contra los pueblos zapatistas&quot;","block_context":{"text":"Alto a la Guerra contra los pueblos zapatistas","link":"https:\/\/www.grieta.org.mx\/index.php\/category\/redes-de-resistencia-y-rebeldia\/contra-la-guerra-al-ezln\/"},"img":{"alt_text":"","src":"https:\/\/i0.wp.com\/www.grieta.org.mx\/wp-content\/uploads\/2024\/11\/IMG_8439-1068x712-1.jpg?resize=350%2C200&ssl=1","width":350,"height":200,"srcset":"https:\/\/i0.wp.com\/www.grieta.org.mx\/wp-content\/uploads\/2024\/11\/IMG_8439-1068x712-1.jpg?resize=350%2C200&ssl=1 1x, https:\/\/i0.wp.com\/www.grieta.org.mx\/wp-content\/uploads\/2024\/11\/IMG_8439-1068x712-1.jpg?resize=525%2C300&ssl=1 1.5x, https:\/\/i0.wp.com\/www.grieta.org.mx\/wp-content\/uploads\/2024\/11\/IMG_8439-1068x712-1.jpg?resize=700%2C400&ssl=1 2x, https:\/\/i0.wp.com\/www.grieta.org.mx\/wp-content\/uploads\/2024\/11\/IMG_8439-1068x712-1.jpg?resize=1050%2C600&ssl=1 3x"},"classes":[]},{"id":55120,"url":"https:\/\/www.grieta.org.mx\/index.php\/2020\/11\/14\/accion-en-san-luis-potosi-en-repudio-a-los-ataques-paramilitares-de-la-orcao-en-contra-de-comunidades-zapatistas\/","url_meta":{"origin":55166,"position":4},"title":"Acci\u00f3n en San Luis Potos\u00ed en repudio a los ataques paramilitares de la ORCAO en contra de comunidades zapatistas","author":"grieta","date":"14 noviembre, 2020","format":false,"excerpt":"Colectivo Grieta Colectivos de la Red de Resistencia y Rebeld\u00eda de San Luis Potos\u00ed, realizaron un tendedero de denuncias para manifestar el rechazo a los recientes ataques del grupo paramilitar ORCAO a las comunidades de zapatistas y bases de apoyo en el Municipio Aut\u00f3nomo en Rebeld\u00eda Mois\u00e9s Gandhi. La ORCAO\u2026","rel":"","context":"En &quot;Alto a la Guerra contra los pueblos zapatistas&quot;","block_context":{"text":"Alto a la Guerra contra los pueblos zapatistas","link":"https:\/\/www.grieta.org.mx\/index.php\/category\/redes-de-resistencia-y-rebeldia\/contra-la-guerra-al-ezln\/"},"img":{"alt_text":"","src":"https:\/\/i0.wp.com\/www.grieta.org.mx\/wp-content\/uploads\/2020\/11\/photo_2020-11-14_23-24-54.jpg?resize=350%2C200&ssl=1","width":350,"height":200,"srcset":"https:\/\/i0.wp.com\/www.grieta.org.mx\/wp-content\/uploads\/2020\/11\/photo_2020-11-14_23-24-54.jpg?resize=350%2C200&ssl=1 1x, https:\/\/i0.wp.com\/www.grieta.org.mx\/wp-content\/uploads\/2020\/11\/photo_2020-11-14_23-24-54.jpg?resize=525%2C300&ssl=1 1.5x"},"classes":[]},{"id":55126,"url":"https:\/\/www.grieta.org.mx\/index.php\/2020\/11\/15\/accion-en-la-laguna-en-repudio-a-las-agresiones-paramilitares-de-la-orcao-en-contra-de-comunidades-zapatistas\/","url_meta":{"origin":55166,"position":5},"title":"Acci\u00f3n en La Laguna en repudio a las agresiones paramilitares de la ORCAO en contra de comunidades zapatistas","author":"grieta","date":"15 noviembre, 2020","format":false,"excerpt":"\u00a0 Colectivo Grieta El jueves 12 de noviembre, la Red de Resistencia y Rebeld\u00eda Laguna organiz\u00f3 una pega de carteles exigiendo el alto a los ataques cometidos en d\u00edas pasados en contra de la comunidad zapatista Mois\u00e9s y Gandhi por parte de la organizaci\u00f3n paramilitar ORCAO en complicidad de los\u2026","rel":"","context":"En &quot;Alto a la Guerra contra los pueblos zapatistas&quot;","block_context":{"text":"Alto a la Guerra contra los pueblos zapatistas","link":"https:\/\/www.grieta.org.mx\/index.php\/category\/redes-de-resistencia-y-rebeldia\/contra-la-guerra-al-ezln\/"},"img":{"alt_text":"","src":"https:\/\/i0.wp.com\/www.grieta.org.mx\/wp-content\/uploads\/2020\/11\/photo_2020-11-14_23-44-20.jpg?resize=350%2C200&ssl=1","width":350,"height":200,"srcset":"https:\/\/i0.wp.com\/www.grieta.org.mx\/wp-content\/uploads\/2020\/11\/photo_2020-11-14_23-44-20.jpg?resize=350%2C200&ssl=1 1x, https:\/\/i0.wp.com\/www.grieta.org.mx\/wp-content\/uploads\/2020\/11\/photo_2020-11-14_23-44-20.jpg?resize=525%2C300&ssl=1 1.5x, https:\/\/i0.wp.com\/www.grieta.org.mx\/wp-content\/uploads\/2020\/11\/photo_2020-11-14_23-44-20.jpg?resize=700%2C400&ssl=1 2x"},"classes":[]}],"_links":{"self":[{"href":"https:\/\/www.grieta.org.mx\/index.php\/wp-json\/wp\/v2\/posts\/55166","targetHints":{"allow":["GET"]}}],"collection":[{"href":"https:\/\/www.grieta.org.mx\/index.php\/wp-json\/wp\/v2\/posts"}],"about":[{"href":"https:\/\/www.grieta.org.mx\/index.php\/wp-json\/wp\/v2\/types\/post"}],"author":[{"embeddable":true,"href":"https:\/\/www.grieta.org.mx\/index.php\/wp-json\/wp\/v2\/users\/2"}],"replies":[{"embeddable":true,"href":"https:\/\/www.grieta.org.mx\/index.php\/wp-json\/wp\/v2\/comments?post=55166"}],"version-history":[{"count":1,"href":"https:\/\/www.grieta.org.mx\/index.php\/wp-json\/wp\/v2\/posts\/55166\/revisions"}],"predecessor-version":[{"id":55168,"href":"https:\/\/www.grieta.org.mx\/index.php\/wp-json\/wp\/v2\/posts\/55166\/revisions\/55168"}],"wp:featuredmedia":[{"embeddable":true,"href":"https:\/\/www.grieta.org.mx\/index.php\/wp-json\/wp\/v2\/media\/55167"}],"wp:attachment":[{"href":"https:\/\/www.grieta.org.mx\/index.php\/wp-json\/wp\/v2\/media?parent=55166"}],"wp:term":[{"taxonomy":"category","embeddable":true,"href":"https:\/\/www.grieta.org.mx\/index.php\/wp-json\/wp\/v2\/categories?post=55166"},{"taxonomy":"post_tag","embeddable":true,"href":"https:\/\/www.grieta.org.mx\/index.php\/wp-json\/wp\/v2\/tags?post=55166"}],"curies":[{"name":"wp","href":"https:\/\/api.w.org\/{rel}","templated":true}]}}