{"id":55149,"date":"2020-11-12T16:34:25","date_gmt":"2020-11-12T22:34:25","guid":{"rendered":"http:\/\/www.grieta.org.mx\/?p=55149"},"modified":"2020-11-15T16:37:57","modified_gmt":"2020-11-15T22:37:57","slug":"avalan-legisladores-del-edomex-aumento-al-predial","status":"publish","type":"post","link":"https:\/\/www.grieta.org.mx\/index.php\/2020\/11\/12\/avalan-legisladores-del-edomex-aumento-al-predial\/","title":{"rendered":"Avalan legisladores del Edomex aumento al predial"},"content":{"rendered":"<p><img loading=\"lazy\" decoding=\"async\" data-attachment-id=\"55150\" data-permalink=\"https:\/\/www.grieta.org.mx\/index.php\/2020\/11\/12\/avalan-legisladores-del-edomex-aumento-al-predial\/avalan-legisladores-del-edomex-aumento-al-predial-edomex-nov\/\" data-orig-file=\"https:\/\/www.grieta.org.mx\/wp-content\/uploads\/2020\/11\/Avalan-legisladores-del-Edomex-aumento-al-predial-edomex-nov.jpeg\" data-orig-size=\"1280,714\" data-comments-opened=\"0\" data-image-meta=\"{&quot;aperture&quot;:&quot;0&quot;,&quot;credit&quot;:&quot;&quot;,&quot;camera&quot;:&quot;&quot;,&quot;caption&quot;:&quot;&quot;,&quot;created_timestamp&quot;:&quot;0&quot;,&quot;copyright&quot;:&quot;&quot;,&quot;focal_length&quot;:&quot;0&quot;,&quot;iso&quot;:&quot;0&quot;,&quot;shutter_speed&quot;:&quot;0&quot;,&quot;title&quot;:&quot;&quot;,&quot;orientation&quot;:&quot;0&quot;}\" data-image-title=\"Avalan legisladores del Edomex aumento al predial edomex nov\" data-image-description=\"\" data-image-caption=\"\" data-medium-file=\"https:\/\/www.grieta.org.mx\/wp-content\/uploads\/2020\/11\/Avalan-legisladores-del-Edomex-aumento-al-predial-edomex-nov-300x167.jpeg\" data-large-file=\"https:\/\/www.grieta.org.mx\/wp-content\/uploads\/2020\/11\/Avalan-legisladores-del-Edomex-aumento-al-predial-edomex-nov-1024x571.jpeg\" class=\"alignnone  wp-image-55150\" src=\"http:\/\/www.grieta.org.mx\/wp-content\/uploads\/2020\/11\/Avalan-legisladores-del-Edomex-aumento-al-predial-edomex-nov.jpeg\" alt=\"\" width=\"619\" height=\"345\" srcset=\"https:\/\/www.grieta.org.mx\/wp-content\/uploads\/2020\/11\/Avalan-legisladores-del-Edomex-aumento-al-predial-edomex-nov.jpeg 1280w, https:\/\/www.grieta.org.mx\/wp-content\/uploads\/2020\/11\/Avalan-legisladores-del-Edomex-aumento-al-predial-edomex-nov-300x167.jpeg 300w, https:\/\/www.grieta.org.mx\/wp-content\/uploads\/2020\/11\/Avalan-legisladores-del-Edomex-aumento-al-predial-edomex-nov-1024x571.jpeg 1024w, https:\/\/www.grieta.org.mx\/wp-content\/uploads\/2020\/11\/Avalan-legisladores-del-Edomex-aumento-al-predial-edomex-nov-768x428.jpeg 768w, https:\/\/www.grieta.org.mx\/wp-content\/uploads\/2020\/11\/Avalan-legisladores-del-Edomex-aumento-al-predial-edomex-nov-896x500.jpeg 896w\" sizes=\"auto, (max-width: 619px) 100vw, 619px\" \/><\/p>\n<p>Imagen tomada de: ADNoticias<\/p>\n<p>Violeta Huerta \/ ADNoticias<\/p>\n<p>La Legislatura local aval\u00f3 en comisiones la actualizaci\u00f3n para el 2021 de las tablas de valor de uso de suelo y construcci\u00f3n, un elemento base para el c\u00e1lculo del impuesto predial.<\/p>\n<p><span class=\"has-inline-color has-vivid-red-color\">Los ajustes implican aumentos que van del 0.1 hasta el 19.44 por ciento, aunque este \u00faltimo solo aplicar\u00e1 para una zona residencial de Ixtapan de la Sal, sin embargo, de manera general, el promedio de actualizaci\u00f3n para los valores del suelo ser\u00e1 de un 3.64%.<\/span><\/p>\n<p>Con esos datos el predial tendr\u00eda aumentos similares a la inflaci\u00f3n el siguiente a\u00f1o, excepto en algunas zonas donde se mantendr\u00e1n los valores de este 2020 y b\u00e1sicamente aumentar\u00e1 por cambios de uso de suelo, por ejemplo, al pasar de ser terreno sin construcci\u00f3n a un \u00e1rea habitacional o comercial.<\/p>\n<p><span class=\"has-inline-color has-vivid-red-color\">Los integrantes de la comisi\u00f3n de Legislaci\u00f3n y Administraci\u00f3n Municipal consideraron que en 109 municipios eran v\u00e1lidos los ajustes propuestos por los cabildos<\/span>, pero 14 casos no fueron procedentes por no cumplir con diversos requisitos y en dos m\u00e1s rechazaron los incrementos por considerarlos excesivos e injustificados.<\/p>\n<h2>El \u00fanico municipio con incremento del 19.44 por ciento fue Ixtapan de la Sal, pero solo para una zona residencial de lujo del municipio identificada como Rancho San Diego.<\/h2>\n<p>Por su parte a Tenancingo, que buscaba una actualizaci\u00f3n del 16.57 por ciento para alguna \u00e1rea, y Atizap\u00e1n de Zaragoza, que persegu\u00eda la del 15.09 por ciento, se les rechaz\u00f3 el aumento.<\/p>\n<p><span class=\"has-inline-color has-vivid-red-color\">Tras una reuni\u00f3n a puerta cerrada entre los legisladores, personal del IGECEM, Catastro y ediles, las y los legisladores acordaron declarar improcedentes 14 casos en donde los ayuntamientos no entregaron la informaci\u00f3n t\u00e9cnica correspondiente<\/span>: Nopaltepec, Teotihuac\u00e1n, Apaxco, Santo Tom\u00e1s, Juchitepec, Coatepec Harinas, Ocuilan, Almoloya del R\u00edo, Joquicingo, Tianguistenco, Tlatlaya, Ocoyoacac, Calimaya y Almoloya de Ju\u00e1rez.<\/p>\n<p>Entre la documentaci\u00f3n faltante est\u00e1n los contratos de compra-venta, manifestaciones de impuesto sobre adquisici\u00f3n, aval\u00faos comerciales, fotograf\u00edas de la muestra investigada, promoci\u00f3n de venta de inmuebles, opiniones de profesionales, expedientes t\u00e9cnicos de obras de infraestructura, entre otros aspectos.<\/p>\n<p><span class=\"has-inline-color has-vivid-red-color\">Del total, 35 ayuntamientos buscaban ratificar sus valores de este a\u00f1o y otros 59 municipios ped\u00edan alzas del 0.1 al 5%<\/span>, entre ellos: Toluca, Metepec, Acambay, Temascaltepec, Zacualpan, Chalco, Tultepec, Melchor Ocampo, Ixtapaluca, San Mateo Atenco, Aculco, entre otros.Adem\u00e1s, 24 municipios, entre ellos El Oro, Atlacomulco, San Felipe del Progreso, Lerma, Xonacatl\u00e1n, La Paz, Nezahualc\u00f3yotl, Coacalco, Huixquilucan, Isidro Fabela, Nicol\u00e1s Romero, Zinacantepec, Atenco y Jaltenco buscaban aumentos del 5.01 al 10 por ciento.<\/p>\n<p>Los municipios de Huehuetoca, San Antonio la Isla, Almoloya de Ju\u00e1rez y Santo Tom\u00e1s pidieron aumentos del 10 al 15 por ciento, pero solo los aprobaron para los dos primeros en algunas zonas.<\/p>\n<p>De 7 mil 621 \u00e1reas homog\u00e9neas en la entidad, es decir, delimitaciones territoriales, 5 mil 386 actualizan su valor, un 70 por ciento del total, con un promedio de incremento del 3.64 por ciento y otras 2 mil 234 ratifican sus valores de este a\u00f1o. Estas actualizaciones permiten que los bienes no pierdan plusval\u00eda.<\/p>\n<p>Los dict\u00e1menes ser\u00e1n sometidos a votaci\u00f3n en el pleno este jueves porque el plazo vence el 15 de noviembre y falta la publicaci\u00f3n de esta informaci\u00f3n en la Gaceta de Gobierno.<\/p>\n<p><a href=\"https:\/\/adnoticias.mx\/2020\/11\/12\/avalan-legisladores-del-edomex-aumento-al-predial\/\" target=\"_blank\" rel=\"noopener noreferrer\">https:\/\/adnoticias.mx\/2020\/11\/12\/avalan-legisladores-del-edomex-aumento-al-predial\/<\/a><\/p>\n<p>&nbsp;<\/p>\n","protected":false},"excerpt":{"rendered":"<p>Imagen tomada de: ADNoticias Violeta Huerta \/ ADNoticias La Legislatura local aval\u00f3 en comisiones la actualizaci\u00f3n para el 2021 de las tablas de valor de uso de suelo y construcci\u00f3n, &hellip; <a href=\"https:\/\/www.grieta.org.mx\/index.php\/2020\/11\/12\/avalan-legisladores-del-edomex-aumento-al-predial\/\" class=\"more-link\">Leer m\u00e1s<\/a><\/p>\n","protected":false},"author":2,"featured_media":55150,"comment_status":"closed","ping_status":"closed","sticky":false,"template":"","format":"standard","meta":{"ngg_post_thumbnail":0,"_jetpack_newsletter_access":"","_jetpack_dont_email_post_to_subs":false,"_jetpack_newsletter_tier_id":0,"_jetpack_memberships_contains_paywalled_content":false,"_jetpack_memberships_contains_paid_content":false,"footnotes":""},"categories":[80,16,2996,2],"tags":[1068],"class_list":["post-55149","post","type-post","status-publish","format-standard","has-post-thumbnail","hentry","category-cintillo","category-estado-de-mexico","category-incremento-del-costo-de-la-vida-en-el-estado-de-mexico","category-noticias-nacionales","tag-incremento-en-el-costo-de-la-vida","entry"],"jetpack_featured_media_url":"https:\/\/www.grieta.org.mx\/wp-content\/uploads\/2020\/11\/Avalan-legisladores-del-Edomex-aumento-al-predial-edomex-nov.jpeg","jetpack_sharing_enabled":true,"jetpack_shortlink":"https:\/\/wp.me\/p7ZJR4-elv","jetpack_likes_enabled":false,"jetpack-related-posts":[{"id":56442,"url":"https:\/\/www.grieta.org.mx\/index.php\/2021\/01\/28\/se-queda-sin-agua-cacalomacan-por-presunto-adeudo-millonario-a-cfe-estado-de-mexico\/","url_meta":{"origin":55149,"position":0},"title":"Se queda sin agua Cacalomac\u00e1n por presunto adeudo millonario a CFE (Estado de M\u00e9xico)","author":"grieta","date":"28 enero, 2021","format":false,"excerpt":"Foto tomada de: ADNoticias V\u00edctor Castillo \/ ADNoticias El vocero del Organismo de Agua Potable afirm\u00f3 que el adeudo asciende a los 4 millones de pesos Desde el pasado martes pobladores de Cacalomac\u00e1n, en Toluca, se encuentran sin el servicio de agua potable, de acuerdo con informaci\u00f3n de miembros del\u2026","rel":"","context":"En &quot;CINTILLO&quot;","block_context":{"text":"CINTILLO","link":"https:\/\/www.grieta.org.mx\/index.php\/category\/cintillo\/"},"img":{"alt_text":"","src":"https:\/\/i0.wp.com\/www.grieta.org.mx\/wp-content\/uploads\/2021\/01\/Se-queda-sin-agua-Cacalomacan-por-presunto-adeudo-millonario-a-CFE-edomex-ene.jpeg?resize=350%2C200&ssl=1","width":350,"height":200,"srcset":"https:\/\/i0.wp.com\/www.grieta.org.mx\/wp-content\/uploads\/2021\/01\/Se-queda-sin-agua-Cacalomacan-por-presunto-adeudo-millonario-a-CFE-edomex-ene.jpeg?resize=350%2C200&ssl=1 1x, https:\/\/i0.wp.com\/www.grieta.org.mx\/wp-content\/uploads\/2021\/01\/Se-queda-sin-agua-Cacalomacan-por-presunto-adeudo-millonario-a-CFE-edomex-ene.jpeg?resize=525%2C300&ssl=1 1.5x, https:\/\/i0.wp.com\/www.grieta.org.mx\/wp-content\/uploads\/2021\/01\/Se-queda-sin-agua-Cacalomacan-por-presunto-adeudo-millonario-a-CFE-edomex-ene.jpeg?resize=700%2C400&ssl=1 2x, https:\/\/i0.wp.com\/www.grieta.org.mx\/wp-content\/uploads\/2021\/01\/Se-queda-sin-agua-Cacalomacan-por-presunto-adeudo-millonario-a-CFE-edomex-ene.jpeg?resize=1050%2C600&ssl=1 3x"},"classes":[]},{"id":42818,"url":"https:\/\/www.grieta.org.mx\/index.php\/2020\/01\/07\/tapizan-toluca-con-volantes-que-piden-resistencia-al-aumento-de-pasaje-estado-de-mexico\/","url_meta":{"origin":55149,"position":1},"title":"Tapizan Toluca con volantes que piden resistencia al aumento de pasaje (Estado de M\u00e9xico)","author":"grieta","date":"7 enero, 2020","format":false,"excerpt":"Gerardo Hern\u00e1ndez \/ Quadrat\u00edn EdoMex \u00a0 TOLUCA, Edomex, 7 de enero de 2020.- La resistencia en contra del alza al pasaje en el Estado de M\u00e9xico contin\u00faa, donde ya no s\u00f3lo es trav\u00e9s de las redes sociales, sino con volanteo y carteles que se convoca a una megamarcha. En este\u2026","rel":"","context":"En &quot;CINTILLO&quot;","block_context":{"text":"CINTILLO","link":"https:\/\/www.grieta.org.mx\/index.php\/category\/cintillo\/"},"img":{"alt_text":"","src":"https:\/\/i0.wp.com\/www.grieta.org.mx\/wp-content\/uploads\/2020\/01\/Tapizan-Toluca-con-volantes-que-piden-resistencia-al-aumento-de-pasaje-edomex-ene.jpeg?resize=350%2C200&ssl=1","width":350,"height":200,"srcset":"https:\/\/i0.wp.com\/www.grieta.org.mx\/wp-content\/uploads\/2020\/01\/Tapizan-Toluca-con-volantes-que-piden-resistencia-al-aumento-de-pasaje-edomex-ene.jpeg?resize=350%2C200&ssl=1 1x, https:\/\/i0.wp.com\/www.grieta.org.mx\/wp-content\/uploads\/2020\/01\/Tapizan-Toluca-con-volantes-que-piden-resistencia-al-aumento-de-pasaje-edomex-ene.jpeg?resize=525%2C300&ssl=1 1.5x, https:\/\/i0.wp.com\/www.grieta.org.mx\/wp-content\/uploads\/2020\/01\/Tapizan-Toluca-con-volantes-que-piden-resistencia-al-aumento-de-pasaje-edomex-ene.jpeg?resize=700%2C400&ssl=1 2x, https:\/\/i0.wp.com\/www.grieta.org.mx\/wp-content\/uploads\/2020\/01\/Tapizan-Toluca-con-volantes-que-piden-resistencia-al-aumento-de-pasaje-edomex-ene.jpeg?resize=1050%2C600&ssl=1 3x"},"classes":[]},{"id":56680,"url":"https:\/\/www.grieta.org.mx\/index.php\/2021\/01\/18\/s-o-s-covid-toluca-la-sociedad-civil-se-organiza-para-hacer-frente-a-la-enfermedad-estado-de-mexico\/","url_meta":{"origin":55149,"position":2},"title":"S.O.S. Covid Toluca, la sociedad civil se organiza para hacer frente a la enfermedad (Estado de M\u00e9xico)","author":"grieta","date":"18 enero, 2021","format":false,"excerpt":"Imagen tomada de: ADNoticias V\u00edctor Castillo \/ ADNoticias En redes sociales y grupos de mensajer\u00eda familiares de pacientes con Covid-19 se organizan para buscar los insumos y protegerse de fraudes Desde que inici\u00f3 el 2021, en Toluca han muerto 9 personas al d\u00eda, en promedio, a consecuencia del virus SARS-CoV-2.\u2026","rel":"","context":"En &quot;CINTILLO&quot;","block_context":{"text":"CINTILLO","link":"https:\/\/www.grieta.org.mx\/index.php\/category\/cintillo\/"},"img":{"alt_text":"","src":"https:\/\/i0.wp.com\/www.grieta.org.mx\/wp-content\/uploads\/2021\/02\/S.O.S.-Covid-Toluca-la-sociedad-civil-se-organiza-para-hacer-frente-a-la-enfermedad-edomex-feb.jpg?resize=350%2C200&ssl=1","width":350,"height":200,"srcset":"https:\/\/i0.wp.com\/www.grieta.org.mx\/wp-content\/uploads\/2021\/02\/S.O.S.-Covid-Toluca-la-sociedad-civil-se-organiza-para-hacer-frente-a-la-enfermedad-edomex-feb.jpg?resize=350%2C200&ssl=1 1x, https:\/\/i0.wp.com\/www.grieta.org.mx\/wp-content\/uploads\/2021\/02\/S.O.S.-Covid-Toluca-la-sociedad-civil-se-organiza-para-hacer-frente-a-la-enfermedad-edomex-feb.jpg?resize=525%2C300&ssl=1 1.5x, https:\/\/i0.wp.com\/www.grieta.org.mx\/wp-content\/uploads\/2021\/02\/S.O.S.-Covid-Toluca-la-sociedad-civil-se-organiza-para-hacer-frente-a-la-enfermedad-edomex-feb.jpg?resize=700%2C400&ssl=1 2x, https:\/\/i0.wp.com\/www.grieta.org.mx\/wp-content\/uploads\/2021\/02\/S.O.S.-Covid-Toluca-la-sociedad-civil-se-organiza-para-hacer-frente-a-la-enfermedad-edomex-feb.jpg?resize=1050%2C600&ssl=1 3x"},"classes":[]},{"id":56454,"url":"https:\/\/www.grieta.org.mx\/index.php\/2021\/01\/26\/salario-rosa-principal-programa-para-combatir-la-pobreza-en-el-edomex-solo-cubre-13-de-los-7-5-millones-de-pobres\/","url_meta":{"origin":55149,"position":3},"title":"Salario Rosa, principal programa para combatir la pobreza en el Edomex, solo cubre 13% de los 7.5 millones de pobres","author":"grieta","date":"26 enero, 2021","format":false,"excerpt":"Imagen tomada de: ADNoticias Jeanette Estrada \/ ADNoticias En el periodo 2008-2018 el porcentaje de poblaci\u00f3n con ingreso inferior a la l\u00ednea de pobreza extrema por ingresos en Estado de M\u00e9xico increment\u00f3 en 2.6 puntos porcentuales El programa principal del gobierno mexiquense para combatir la pobreza en la entidad es\u2026","rel":"","context":"En &quot;CINTILLO&quot;","block_context":{"text":"CINTILLO","link":"https:\/\/www.grieta.org.mx\/index.php\/category\/cintillo\/"},"img":{"alt_text":"","src":"https:\/\/i0.wp.com\/www.grieta.org.mx\/wp-content\/uploads\/2021\/01\/Salario-Rosa-principal-programa-para-combatir-la-pobreza-en-el-Edomex-solo-cubre-13-de-los-7.5-millones-de-pobres-edomex-ene.jpg?resize=350%2C200&ssl=1","width":350,"height":200,"srcset":"https:\/\/i0.wp.com\/www.grieta.org.mx\/wp-content\/uploads\/2021\/01\/Salario-Rosa-principal-programa-para-combatir-la-pobreza-en-el-Edomex-solo-cubre-13-de-los-7.5-millones-de-pobres-edomex-ene.jpg?resize=350%2C200&ssl=1 1x, https:\/\/i0.wp.com\/www.grieta.org.mx\/wp-content\/uploads\/2021\/01\/Salario-Rosa-principal-programa-para-combatir-la-pobreza-en-el-Edomex-solo-cubre-13-de-los-7.5-millones-de-pobres-edomex-ene.jpg?resize=525%2C300&ssl=1 1.5x, https:\/\/i0.wp.com\/www.grieta.org.mx\/wp-content\/uploads\/2021\/01\/Salario-Rosa-principal-programa-para-combatir-la-pobreza-en-el-Edomex-solo-cubre-13-de-los-7.5-millones-de-pobres-edomex-ene.jpg?resize=700%2C400&ssl=1 2x"},"classes":[]},{"id":55453,"url":"https:\/\/www.grieta.org.mx\/index.php\/2020\/11\/22\/colectivos-protestan-colgando-mantas-en-toluca-ante-el-aumento-de-femenicidios-estado-de-mexico\/","url_meta":{"origin":55149,"position":4},"title":"Colectivos protestan colgando mantas en Toluca ante el aumento de femenicidios (Estado de M\u00e9xico)","author":"grieta","date":"22 noviembre, 2020","format":false,"excerpt":"Foto tomada de: ADNoticias V\u00edctor Castillo \/ ADNoticias Hasta octubre en el Estado de M\u00e9xico se han contabilizado 119 casos de feminicidio Integrantes de colectivos feministas colocaron este s\u00e1bado mantas sobre un puente peatonal en Paseo Tollocan, en protesta por los feminicidios en el Estado de M\u00e9xico. Esto se suma\u2026","rel":"","context":"En &quot;CINTILLO&quot;","block_context":{"text":"CINTILLO","link":"https:\/\/www.grieta.org.mx\/index.php\/category\/cintillo\/"},"img":{"alt_text":"","src":"https:\/\/i0.wp.com\/www.grieta.org.mx\/wp-content\/uploads\/2020\/11\/Colectivos-protestan-colgando-mantas-en-Toluca-ante-el-aumento-de-femenicidios-edomex-nov.jpg?resize=350%2C200&ssl=1","width":350,"height":200,"srcset":"https:\/\/i0.wp.com\/www.grieta.org.mx\/wp-content\/uploads\/2020\/11\/Colectivos-protestan-colgando-mantas-en-Toluca-ante-el-aumento-de-femenicidios-edomex-nov.jpg?resize=350%2C200&ssl=1 1x, https:\/\/i0.wp.com\/www.grieta.org.mx\/wp-content\/uploads\/2020\/11\/Colectivos-protestan-colgando-mantas-en-Toluca-ante-el-aumento-de-femenicidios-edomex-nov.jpg?resize=525%2C300&ssl=1 1.5x, https:\/\/i0.wp.com\/www.grieta.org.mx\/wp-content\/uploads\/2020\/11\/Colectivos-protestan-colgando-mantas-en-Toluca-ante-el-aumento-de-femenicidios-edomex-nov.jpg?resize=700%2C400&ssl=1 2x"},"classes":[]},{"id":55141,"url":"https:\/\/www.grieta.org.mx\/index.php\/2020\/11\/14\/despliegan-fuerte-operativo-ante-marcha-contra-feminicidios-estado-de-mexico\/","url_meta":{"origin":55149,"position":5},"title":"Despliegan fuerte operativo ante marcha contra feminicidios (Estado de M\u00e9xico)","author":"grieta","date":"14 noviembre, 2020","format":false,"excerpt":"Fotos tomadas de: ADNoticias V\u00edctor Castillo \/ ADNoticias La cuarta protesta en lo que va de la semana por los recientes feminicidios registrados en Toluca fue custodiada por decenas de polic\u00edas Al\u00a0menos 100 polic\u00edas estatales custodiaron la Casa de Gobierno del Estado de M\u00e9xico ubicada sobre Paseo Col\u00f3n, con un\u2026","rel":"","context":"En &quot;Abuso policiaco y tortura en el Estado de M\u00e9xico&quot;","block_context":{"text":"Abuso policiaco y tortura en el Estado de M\u00e9xico","link":"https:\/\/www.grieta.org.mx\/index.php\/category\/noticias-nacionales\/estado-de-mexico\/abuso-policiaco-y-tortura-en-el-estado-de-mexico\/"},"img":{"alt_text":"","src":"https:\/\/i0.wp.com\/www.grieta.org.mx\/wp-content\/uploads\/2020\/11\/Despliegan-fuerte-operativo-ante-marcha-contra-feminicidios-edomex-nov.jpeg?resize=350%2C200&ssl=1","width":350,"height":200,"srcset":"https:\/\/i0.wp.com\/www.grieta.org.mx\/wp-content\/uploads\/2020\/11\/Despliegan-fuerte-operativo-ante-marcha-contra-feminicidios-edomex-nov.jpeg?resize=350%2C200&ssl=1 1x, https:\/\/i0.wp.com\/www.grieta.org.mx\/wp-content\/uploads\/2020\/11\/Despliegan-fuerte-operativo-ante-marcha-contra-feminicidios-edomex-nov.jpeg?resize=525%2C300&ssl=1 1.5x, https:\/\/i0.wp.com\/www.grieta.org.mx\/wp-content\/uploads\/2020\/11\/Despliegan-fuerte-operativo-ante-marcha-contra-feminicidios-edomex-nov.jpeg?resize=700%2C400&ssl=1 2x, https:\/\/i0.wp.com\/www.grieta.org.mx\/wp-content\/uploads\/2020\/11\/Despliegan-fuerte-operativo-ante-marcha-contra-feminicidios-edomex-nov.jpeg?resize=1050%2C600&ssl=1 3x"},"classes":[]}],"_links":{"self":[{"href":"https:\/\/www.grieta.org.mx\/index.php\/wp-json\/wp\/v2\/posts\/55149","targetHints":{"allow":["GET"]}}],"collection":[{"href":"https:\/\/www.grieta.org.mx\/index.php\/wp-json\/wp\/v2\/posts"}],"about":[{"href":"https:\/\/www.grieta.org.mx\/index.php\/wp-json\/wp\/v2\/types\/post"}],"author":[{"embeddable":true,"href":"https:\/\/www.grieta.org.mx\/index.php\/wp-json\/wp\/v2\/users\/2"}],"replies":[{"embeddable":true,"href":"https:\/\/www.grieta.org.mx\/index.php\/wp-json\/wp\/v2\/comments?post=55149"}],"version-history":[{"count":1,"href":"https:\/\/www.grieta.org.mx\/index.php\/wp-json\/wp\/v2\/posts\/55149\/revisions"}],"predecessor-version":[{"id":55151,"href":"https:\/\/www.grieta.org.mx\/index.php\/wp-json\/wp\/v2\/posts\/55149\/revisions\/55151"}],"wp:featuredmedia":[{"embeddable":true,"href":"https:\/\/www.grieta.org.mx\/index.php\/wp-json\/wp\/v2\/media\/55150"}],"wp:attachment":[{"href":"https:\/\/www.grieta.org.mx\/index.php\/wp-json\/wp\/v2\/media?parent=55149"}],"wp:term":[{"taxonomy":"category","embeddable":true,"href":"https:\/\/www.grieta.org.mx\/index.php\/wp-json\/wp\/v2\/categories?post=55149"},{"taxonomy":"post_tag","embeddable":true,"href":"https:\/\/www.grieta.org.mx\/index.php\/wp-json\/wp\/v2\/tags?post=55149"}],"curies":[{"name":"wp","href":"https:\/\/api.w.org\/{rel}","templated":true}]}}