{"id":55064,"date":"2020-11-09T20:37:59","date_gmt":"2020-11-10T02:37:59","guid":{"rendered":"http:\/\/www.grieta.org.mx\/?p=55064"},"modified":"2020-11-13T23:54:00","modified_gmt":"2020-11-14T05:54:00","slug":"toma-simbolica-contra-el-feminicidio-en-oaxaca","status":"publish","type":"post","link":"https:\/\/www.grieta.org.mx\/index.php\/2020\/11\/09\/toma-simbolica-contra-el-feminicidio-en-oaxaca\/","title":{"rendered":"Toma simb\u00f3lica contra el feminicidio en Oaxaca"},"content":{"rendered":"<p>Avispa Midia \/ texto A\u00ee Daki y Susana \/ video de Susana.<\/p>\n<div class=\"jetpack-video-wrapper\"><iframe loading=\"lazy\" title=\"Contra el feminicidio, el grito &quot;Juntas somos fuego&quot;\" width=\"1170\" height=\"658\" src=\"https:\/\/www.youtube.com\/embed\/4p3PjYHvRa0?feature=oembed\" frameborder=\"0\" allow=\"accelerometer; autoplay; clipboard-write; encrypted-media; gyroscope; picture-in-picture\" allowfullscreen><\/iframe><\/div>\n<p>El 3 de noviembre del 2020 se realiz\u00f3 la toma simb\u00f3lica de la Defensor\u00eda de los Derechos Humanos del Pueblo de Oaxaca.<\/p>\n<p>Como narra el comunicado difundido a la par de la acci\u00f3n \u201cmujeres y disidencias nos encontramos haciendo esta toma simb\u00f3lica de la Defensor\u00eda de los Derechos Humanos del pueblo de Oaxaca, como una forma de apoyo a las madres de v\u00edctimas de violencia sexual y feminicidios, a colectivos feministas de diferentes corrientes \u00e9tico-pol\u00edticas y mujeres Otom\u00ed, quienes el 4 de septiembre tomaron las instalaciones de la Comisi\u00f3n Nacional de Derechos Humanos en la Ciudad de M\u00e9xico\u201d.<\/p>\n<p>Dichas tomas simbolizan una muestra de nuestra digna rabia a la inutilidad del estado y la incesante violencia hacia las mujeres y todes aquelles que se han vuelto una amenaza para el r\u00e9gimen neoliberal, capitalista heteropatriarcal y heterosexista. Este momento en la historia, ha comenzado con una mujer atada a una silla pidiendo justicia, representa un punto de quiebre para el movimiento feminista y disidente, por lo que hoy, aqu\u00ed en Oaxaca nos volvemos a unir a este grito colectivo lleno de frustraci\u00f3n, coraje y valent\u00eda para decir \u00a1YA BASTA!<\/p>\n<p><img loading=\"lazy\" decoding=\"async\" data-attachment-id=\"55071\" data-permalink=\"https:\/\/www.grieta.org.mx\/index.php\/2020\/11\/09\/toma-simbolica-contra-el-feminicidio-en-oaxaca\/1-110\/\" data-orig-file=\"https:\/\/www.grieta.org.mx\/wp-content\/uploads\/2020\/11\/1-2.jpg\" data-orig-size=\"1020,680\" data-comments-opened=\"0\" data-image-meta=\"{&quot;aperture&quot;:&quot;0&quot;,&quot;credit&quot;:&quot;&quot;,&quot;camera&quot;:&quot;&quot;,&quot;caption&quot;:&quot;&quot;,&quot;created_timestamp&quot;:&quot;0&quot;,&quot;copyright&quot;:&quot;&quot;,&quot;focal_length&quot;:&quot;0&quot;,&quot;iso&quot;:&quot;0&quot;,&quot;shutter_speed&quot;:&quot;0&quot;,&quot;title&quot;:&quot;&quot;,&quot;orientation&quot;:&quot;0&quot;}\" data-image-title=\"1\" data-image-description=\"\" data-image-caption=\"\" data-medium-file=\"https:\/\/www.grieta.org.mx\/wp-content\/uploads\/2020\/11\/1-2-300x200.jpg\" data-large-file=\"https:\/\/www.grieta.org.mx\/wp-content\/uploads\/2020\/11\/1-2.jpg\" class=\"alignnone wp-image-55071\" src=\"http:\/\/www.grieta.org.mx\/wp-content\/uploads\/2020\/11\/1-2.jpg\" alt=\"\" width=\"800\" height=\"533\" srcset=\"https:\/\/www.grieta.org.mx\/wp-content\/uploads\/2020\/11\/1-2.jpg 1020w, https:\/\/www.grieta.org.mx\/wp-content\/uploads\/2020\/11\/1-2-300x200.jpg 300w, https:\/\/www.grieta.org.mx\/wp-content\/uploads\/2020\/11\/1-2-768x512.jpg 768w, https:\/\/www.grieta.org.mx\/wp-content\/uploads\/2020\/11\/1-2-750x500.jpg 750w\" sizes=\"auto, (max-width: 800px) 100vw, 800px\" \/><\/p>\n<p>El 3 de noviembre del 2020 se realiz\u00f3 la toma simb\u00f3lica de la Defensor\u00eda de los Derechos Humanos del Pueblo de Oaxaca.<\/p>\n<p>Como narra el comunicado difundido a la par de la acci\u00f3n \u201cmujeres y disidencias nos encontramos haciendo esta toma simb\u00f3lica de la Defensor\u00eda de los Derechos Humanos del pueblo de Oaxaca, como una forma de apoyo a las madres de v\u00edctimas de violencia sexual y feminicidios, a colectivos feministas de diferentes corrientes \u00e9tico-pol\u00edticas y mujeres Otom\u00ed, quienes el 4 de septiembre tomaron las instalaciones de la Comisi\u00f3n Nacional de Derechos Humanos en la Ciudad de M\u00e9xico\u201d.<\/p>\n<p>EN CONTEXTO \u21d2 Oaxaca: a un a\u00f1o de la despenalizaci\u00f3n del aborto aun no hay acceso real<\/p>\n<p>Dichas tomas simbolizan una muestra de nuestra digna rabia a la inutilidad del estado y la incesante violencia hacia las mujeres y todes aquelles que se han vuelto una amenaza para el r\u00e9gimen neoliberal, capitalista heteropatriarcal y heterosexista. Este momento en la historia, ha comenzado con una mujer atada a una silla pidiendo justicia, representa un punto de quiebre para el movimiento feminista y disidente, por lo que hoy, aqu\u00ed en Oaxaca nos volvemos a unir a este grito colectivo lleno de frustraci\u00f3n, coraje y valent\u00eda para decir \u00a1YA BASTA!<\/p>\n<p><img loading=\"lazy\" decoding=\"async\" data-attachment-id=\"55072\" data-permalink=\"https:\/\/www.grieta.org.mx\/index.php\/2020\/11\/09\/toma-simbolica-contra-el-feminicidio-en-oaxaca\/b-26\/\" data-orig-file=\"https:\/\/www.grieta.org.mx\/wp-content\/uploads\/2020\/11\/b.jpg\" data-orig-size=\"1020,680\" data-comments-opened=\"0\" data-image-meta=\"{&quot;aperture&quot;:&quot;0&quot;,&quot;credit&quot;:&quot;&quot;,&quot;camera&quot;:&quot;&quot;,&quot;caption&quot;:&quot;&quot;,&quot;created_timestamp&quot;:&quot;0&quot;,&quot;copyright&quot;:&quot;&quot;,&quot;focal_length&quot;:&quot;0&quot;,&quot;iso&quot;:&quot;0&quot;,&quot;shutter_speed&quot;:&quot;0&quot;,&quot;title&quot;:&quot;&quot;,&quot;orientation&quot;:&quot;0&quot;}\" data-image-title=\"b\" data-image-description=\"\" data-image-caption=\"\" data-medium-file=\"https:\/\/www.grieta.org.mx\/wp-content\/uploads\/2020\/11\/b-300x200.jpg\" data-large-file=\"https:\/\/www.grieta.org.mx\/wp-content\/uploads\/2020\/11\/b.jpg\" class=\"alignnone wp-image-55072\" src=\"http:\/\/www.grieta.org.mx\/wp-content\/uploads\/2020\/11\/b.jpg\" alt=\"\" width=\"800\" height=\"533\" srcset=\"https:\/\/www.grieta.org.mx\/wp-content\/uploads\/2020\/11\/b.jpg 1020w, https:\/\/www.grieta.org.mx\/wp-content\/uploads\/2020\/11\/b-300x200.jpg 300w, https:\/\/www.grieta.org.mx\/wp-content\/uploads\/2020\/11\/b-768x512.jpg 768w, https:\/\/www.grieta.org.mx\/wp-content\/uploads\/2020\/11\/b-750x500.jpg 750w\" sizes=\"auto, (max-width: 800px) 100vw, 800px\" \/><\/p>\n<p><img loading=\"lazy\" decoding=\"async\" data-attachment-id=\"55073\" data-permalink=\"https:\/\/www.grieta.org.mx\/index.php\/2020\/11\/09\/toma-simbolica-contra-el-feminicidio-en-oaxaca\/c-20\/\" data-orig-file=\"https:\/\/www.grieta.org.mx\/wp-content\/uploads\/2020\/11\/c.jpg\" data-orig-size=\"1800,1091\" data-comments-opened=\"0\" data-image-meta=\"{&quot;aperture&quot;:&quot;0&quot;,&quot;credit&quot;:&quot;&quot;,&quot;camera&quot;:&quot;&quot;,&quot;caption&quot;:&quot;&quot;,&quot;created_timestamp&quot;:&quot;0&quot;,&quot;copyright&quot;:&quot;&quot;,&quot;focal_length&quot;:&quot;0&quot;,&quot;iso&quot;:&quot;0&quot;,&quot;shutter_speed&quot;:&quot;0&quot;,&quot;title&quot;:&quot;&quot;,&quot;orientation&quot;:&quot;0&quot;}\" data-image-title=\"c\" data-image-description=\"\" data-image-caption=\"\" data-medium-file=\"https:\/\/www.grieta.org.mx\/wp-content\/uploads\/2020\/11\/c-300x182.jpg\" data-large-file=\"https:\/\/www.grieta.org.mx\/wp-content\/uploads\/2020\/11\/c-1024x621.jpg\" class=\"alignnone wp-image-55073\" src=\"http:\/\/www.grieta.org.mx\/wp-content\/uploads\/2020\/11\/c.jpg\" alt=\"\" width=\"800\" height=\"485\" srcset=\"https:\/\/www.grieta.org.mx\/wp-content\/uploads\/2020\/11\/c.jpg 1800w, https:\/\/www.grieta.org.mx\/wp-content\/uploads\/2020\/11\/c-300x182.jpg 300w, https:\/\/www.grieta.org.mx\/wp-content\/uploads\/2020\/11\/c-1024x621.jpg 1024w, https:\/\/www.grieta.org.mx\/wp-content\/uploads\/2020\/11\/c-768x465.jpg 768w, https:\/\/www.grieta.org.mx\/wp-content\/uploads\/2020\/11\/c-1536x931.jpg 1536w, https:\/\/www.grieta.org.mx\/wp-content\/uploads\/2020\/11\/c-825x500.jpg 825w\" sizes=\"auto, (max-width: 800px) 100vw, 800px\" \/><\/p>\n<p><img loading=\"lazy\" decoding=\"async\" data-attachment-id=\"55074\" data-permalink=\"https:\/\/www.grieta.org.mx\/index.php\/2020\/11\/09\/toma-simbolica-contra-el-feminicidio-en-oaxaca\/d-14\/\" data-orig-file=\"https:\/\/www.grieta.org.mx\/wp-content\/uploads\/2020\/11\/d.jpg\" data-orig-size=\"1020,680\" data-comments-opened=\"0\" data-image-meta=\"{&quot;aperture&quot;:&quot;0&quot;,&quot;credit&quot;:&quot;&quot;,&quot;camera&quot;:&quot;&quot;,&quot;caption&quot;:&quot;&quot;,&quot;created_timestamp&quot;:&quot;0&quot;,&quot;copyright&quot;:&quot;&quot;,&quot;focal_length&quot;:&quot;0&quot;,&quot;iso&quot;:&quot;0&quot;,&quot;shutter_speed&quot;:&quot;0&quot;,&quot;title&quot;:&quot;&quot;,&quot;orientation&quot;:&quot;0&quot;}\" data-image-title=\"d\" data-image-description=\"\" data-image-caption=\"\" data-medium-file=\"https:\/\/www.grieta.org.mx\/wp-content\/uploads\/2020\/11\/d-300x200.jpg\" data-large-file=\"https:\/\/www.grieta.org.mx\/wp-content\/uploads\/2020\/11\/d.jpg\" class=\"alignnone wp-image-55074\" src=\"http:\/\/www.grieta.org.mx\/wp-content\/uploads\/2020\/11\/d.jpg\" alt=\"\" width=\"800\" height=\"533\" srcset=\"https:\/\/www.grieta.org.mx\/wp-content\/uploads\/2020\/11\/d.jpg 1020w, https:\/\/www.grieta.org.mx\/wp-content\/uploads\/2020\/11\/d-300x200.jpg 300w, https:\/\/www.grieta.org.mx\/wp-content\/uploads\/2020\/11\/d-768x512.jpg 768w, https:\/\/www.grieta.org.mx\/wp-content\/uploads\/2020\/11\/d-750x500.jpg 750w\" sizes=\"auto, (max-width: 800px) 100vw, 800px\" \/><\/p>\n<p><img loading=\"lazy\" decoding=\"async\" data-attachment-id=\"55075\" data-permalink=\"https:\/\/www.grieta.org.mx\/index.php\/2020\/11\/09\/toma-simbolica-contra-el-feminicidio-en-oaxaca\/e-8\/\" data-orig-file=\"https:\/\/www.grieta.org.mx\/wp-content\/uploads\/2020\/11\/e.jpg\" data-orig-size=\"1020,600\" data-comments-opened=\"0\" data-image-meta=\"{&quot;aperture&quot;:&quot;0&quot;,&quot;credit&quot;:&quot;&quot;,&quot;camera&quot;:&quot;&quot;,&quot;caption&quot;:&quot;&quot;,&quot;created_timestamp&quot;:&quot;0&quot;,&quot;copyright&quot;:&quot;&quot;,&quot;focal_length&quot;:&quot;0&quot;,&quot;iso&quot;:&quot;0&quot;,&quot;shutter_speed&quot;:&quot;0&quot;,&quot;title&quot;:&quot;&quot;,&quot;orientation&quot;:&quot;0&quot;}\" data-image-title=\"e\" data-image-description=\"\" data-image-caption=\"\" data-medium-file=\"https:\/\/www.grieta.org.mx\/wp-content\/uploads\/2020\/11\/e-300x176.jpg\" data-large-file=\"https:\/\/www.grieta.org.mx\/wp-content\/uploads\/2020\/11\/e.jpg\" class=\"alignnone wp-image-55075\" src=\"http:\/\/www.grieta.org.mx\/wp-content\/uploads\/2020\/11\/e.jpg\" alt=\"\" width=\"800\" height=\"471\" srcset=\"https:\/\/www.grieta.org.mx\/wp-content\/uploads\/2020\/11\/e.jpg 1020w, https:\/\/www.grieta.org.mx\/wp-content\/uploads\/2020\/11\/e-300x176.jpg 300w, https:\/\/www.grieta.org.mx\/wp-content\/uploads\/2020\/11\/e-768x452.jpg 768w, https:\/\/www.grieta.org.mx\/wp-content\/uploads\/2020\/11\/e-850x500.jpg 850w\" sizes=\"auto, (max-width: 800px) 100vw, 800px\" \/><\/p>\n<p>Al calor de un aquelarre y desde la consigna \u201cLas calles y las noches son nuestras\u201d, mujeres y disidencias marcharon por las calles marcando en el asfalto las huellas de las mujeres asesinadas y desaparecidas. Tambi\u00e9n se hizo presente el fuego de las que ya no est\u00e1n y se escucharon las voces de tierna rabia de Mare Advertencia L\u00edrica, Doma Press y Yadhii Boz.<\/p>\n<p>Se escuch\u00f3 el grito colectivo que denuncia cotidianamente la violencia patriarcal y heterosexista que ha causado m\u00e1s de 463 feminicidios en lo que va del a\u00f1o en Oaxaca.<\/p>\n<p>El grito de \u201cJuntas somos fuego\u201d\u2026 retumb\u00f3 en apoyo a las compa\u00f1eras de la Casa Refugio \u201cNi una menos\u201d, a las compa\u00f1eras Otom\u00edes que mantienen tomadas las instalaciones del INPI y a todas aquellas que desde las periferias resisten diariamente.<\/p>\n<p><img loading=\"lazy\" decoding=\"async\" data-attachment-id=\"55076\" data-permalink=\"https:\/\/www.grieta.org.mx\/index.php\/2020\/11\/09\/toma-simbolica-contra-el-feminicidio-en-oaxaca\/2-73\/\" data-orig-file=\"https:\/\/www.grieta.org.mx\/wp-content\/uploads\/2020\/11\/2-2.jpg\" data-orig-size=\"1020,680\" data-comments-opened=\"0\" data-image-meta=\"{&quot;aperture&quot;:&quot;0&quot;,&quot;credit&quot;:&quot;&quot;,&quot;camera&quot;:&quot;&quot;,&quot;caption&quot;:&quot;&quot;,&quot;created_timestamp&quot;:&quot;0&quot;,&quot;copyright&quot;:&quot;&quot;,&quot;focal_length&quot;:&quot;0&quot;,&quot;iso&quot;:&quot;0&quot;,&quot;shutter_speed&quot;:&quot;0&quot;,&quot;title&quot;:&quot;&quot;,&quot;orientation&quot;:&quot;0&quot;}\" data-image-title=\"2\" data-image-description=\"\" data-image-caption=\"\" data-medium-file=\"https:\/\/www.grieta.org.mx\/wp-content\/uploads\/2020\/11\/2-2-300x200.jpg\" data-large-file=\"https:\/\/www.grieta.org.mx\/wp-content\/uploads\/2020\/11\/2-2.jpg\" class=\"alignnone wp-image-55076\" src=\"http:\/\/www.grieta.org.mx\/wp-content\/uploads\/2020\/11\/2-2.jpg\" alt=\"\" width=\"800\" height=\"533\" srcset=\"https:\/\/www.grieta.org.mx\/wp-content\/uploads\/2020\/11\/2-2.jpg 1020w, https:\/\/www.grieta.org.mx\/wp-content\/uploads\/2020\/11\/2-2-300x200.jpg 300w, https:\/\/www.grieta.org.mx\/wp-content\/uploads\/2020\/11\/2-2-768x512.jpg 768w, https:\/\/www.grieta.org.mx\/wp-content\/uploads\/2020\/11\/2-2-750x500.jpg 750w\" sizes=\"auto, (max-width: 800px) 100vw, 800px\" \/><\/p>\n<p><img loading=\"lazy\" decoding=\"async\" data-attachment-id=\"55077\" data-permalink=\"https:\/\/www.grieta.org.mx\/index.php\/2020\/11\/09\/toma-simbolica-contra-el-feminicidio-en-oaxaca\/3-54\/\" data-orig-file=\"https:\/\/www.grieta.org.mx\/wp-content\/uploads\/2020\/11\/3-1.jpg\" data-orig-size=\"1020,680\" data-comments-opened=\"0\" data-image-meta=\"{&quot;aperture&quot;:&quot;0&quot;,&quot;credit&quot;:&quot;&quot;,&quot;camera&quot;:&quot;&quot;,&quot;caption&quot;:&quot;&quot;,&quot;created_timestamp&quot;:&quot;0&quot;,&quot;copyright&quot;:&quot;&quot;,&quot;focal_length&quot;:&quot;0&quot;,&quot;iso&quot;:&quot;0&quot;,&quot;shutter_speed&quot;:&quot;0&quot;,&quot;title&quot;:&quot;&quot;,&quot;orientation&quot;:&quot;0&quot;}\" data-image-title=\"3\" data-image-description=\"\" data-image-caption=\"\" data-medium-file=\"https:\/\/www.grieta.org.mx\/wp-content\/uploads\/2020\/11\/3-1-300x200.jpg\" data-large-file=\"https:\/\/www.grieta.org.mx\/wp-content\/uploads\/2020\/11\/3-1.jpg\" class=\"alignnone wp-image-55077\" src=\"http:\/\/www.grieta.org.mx\/wp-content\/uploads\/2020\/11\/3-1.jpg\" alt=\"\" width=\"800\" height=\"533\" srcset=\"https:\/\/www.grieta.org.mx\/wp-content\/uploads\/2020\/11\/3-1.jpg 1020w, https:\/\/www.grieta.org.mx\/wp-content\/uploads\/2020\/11\/3-1-300x200.jpg 300w, https:\/\/www.grieta.org.mx\/wp-content\/uploads\/2020\/11\/3-1-768x512.jpg 768w, https:\/\/www.grieta.org.mx\/wp-content\/uploads\/2020\/11\/3-1-750x500.jpg 750w\" sizes=\"auto, (max-width: 800px) 100vw, 800px\" \/><\/p>\n<p><img loading=\"lazy\" decoding=\"async\" data-attachment-id=\"55078\" data-permalink=\"https:\/\/www.grieta.org.mx\/index.php\/2020\/11\/09\/toma-simbolica-contra-el-feminicidio-en-oaxaca\/4-51\/\" data-orig-file=\"https:\/\/www.grieta.org.mx\/wp-content\/uploads\/2020\/11\/4-1.jpg\" data-orig-size=\"1020,680\" data-comments-opened=\"0\" data-image-meta=\"{&quot;aperture&quot;:&quot;0&quot;,&quot;credit&quot;:&quot;&quot;,&quot;camera&quot;:&quot;&quot;,&quot;caption&quot;:&quot;&quot;,&quot;created_timestamp&quot;:&quot;0&quot;,&quot;copyright&quot;:&quot;&quot;,&quot;focal_length&quot;:&quot;0&quot;,&quot;iso&quot;:&quot;0&quot;,&quot;shutter_speed&quot;:&quot;0&quot;,&quot;title&quot;:&quot;&quot;,&quot;orientation&quot;:&quot;0&quot;}\" data-image-title=\"4\" data-image-description=\"\" data-image-caption=\"\" data-medium-file=\"https:\/\/www.grieta.org.mx\/wp-content\/uploads\/2020\/11\/4-1-300x200.jpg\" data-large-file=\"https:\/\/www.grieta.org.mx\/wp-content\/uploads\/2020\/11\/4-1.jpg\" class=\"alignnone wp-image-55078\" src=\"http:\/\/www.grieta.org.mx\/wp-content\/uploads\/2020\/11\/4-1.jpg\" alt=\"\" width=\"800\" height=\"533\" srcset=\"https:\/\/www.grieta.org.mx\/wp-content\/uploads\/2020\/11\/4-1.jpg 1020w, https:\/\/www.grieta.org.mx\/wp-content\/uploads\/2020\/11\/4-1-300x200.jpg 300w, https:\/\/www.grieta.org.mx\/wp-content\/uploads\/2020\/11\/4-1-768x512.jpg 768w, https:\/\/www.grieta.org.mx\/wp-content\/uploads\/2020\/11\/4-1-750x500.jpg 750w\" sizes=\"auto, (max-width: 800px) 100vw, 800px\" \/><\/p>\n<p>Por ello, seguiremos buscando las formas, nuestras formas de hacer que nuestro grito llegue a las mujeres y no binaries, que se encuentran en las sombras buscando pruebas de que otros mundos son posibles, y \u00a1lo son! La realidad cambia con el hecho de que estemos aqu\u00ed, con el impulso de las acciones que las compa\u00f1eras y compa\u00f1eres en la CDMX y en otros estados han hecho y con emoci\u00f3n de observar qu\u00e9 m\u00e1s puede prender nuestra amorosa llamarada.<\/p>\n<p>Consulta el comunicado completo aqu\u00ed:<\/p>\n<p><a href=\"https:\/\/avispa.org\/toma-simbolica-contra-el-feminicidio-en-oaxaca\/\" target=\"_blank\" rel=\"noopener noreferrer\">https:\/\/avispa.org\/toma-simbolica-contra-el-feminicidio-en-oaxaca\/<\/a><\/p>\n","protected":false},"excerpt":{"rendered":"<p>Avispa Midia \/ texto A\u00ee Daki y Susana \/ video de Susana. El 3 de noviembre del 2020 se realiz\u00f3 la toma simb\u00f3lica de la Defensor\u00eda de los Derechos Humanos &hellip; <a href=\"https:\/\/www.grieta.org.mx\/index.php\/2020\/11\/09\/toma-simbolica-contra-el-feminicidio-en-oaxaca\/\" class=\"more-link\">Leer m\u00e1s<\/a><\/p>\n","protected":false},"author":2,"featured_media":55071,"comment_status":"closed","ping_status":"closed","sticky":false,"template":"","format":"standard","meta":{"ngg_post_thumbnail":0,"_jetpack_newsletter_access":"","_jetpack_dont_email_post_to_subs":false,"_jetpack_newsletter_tier_id":0,"_jetpack_memberships_contains_paywalled_content":false,"_jetpack_memberships_contains_paid_content":false,"footnotes":""},"categories":[80,1325,3163,2,25,1665],"tags":[],"class_list":["post-55064","post","type-post","status-publish","format-standard","has-post-thumbnail","hentry","category-cintillo","category-feminicidios-en-oaxaca-oaxaca","category-la-lucha-de-las-mujeres-en-oaxaca","category-noticias-nacionales","category-oaxaca","category-violencia-contra-las-mujeres-en-oaxaca","entry"],"jetpack_featured_media_url":"https:\/\/www.grieta.org.mx\/wp-content\/uploads\/2020\/11\/1-2.jpg","jetpack_sharing_enabled":true,"jetpack_shortlink":"https:\/\/wp.me\/p7ZJR4-ek8","jetpack_likes_enabled":false,"jetpack-related-posts":[{"id":21367,"url":"https:\/\/www.grieta.org.mx\/index.php\/2016\/09\/06\/pide-defensoria-investigar-feminicidio-de-profesora-en-la-region-mixteca-oax\/","url_meta":{"origin":55064,"position":0},"title":"Pide defensor\u00eda investigar feminicidio de profesora en Mixteca (Oaxaca)","author":"grieta","date":"6 septiembre, 2016","format":false,"excerpt":"Voces Oaxaca. David Yeudiel, Oaxaca. La Defensor\u00eda de los Derechos Humanos del Pueblo de Oaxaca solicit\u00f3 a la Fiscal\u00eda General del Estado que informe respecto a la investigaci\u00f3n sobre el homicidio de la ciudadana J. R. O., cuyo cuerpo fue encontrado en el r\u00edo Copala semi desnuda y con diez\u2026","rel":"","context":"En &quot;CINTILLO&quot;","block_context":{"text":"CINTILLO","link":"https:\/\/www.grieta.org.mx\/index.php\/category\/cintillo\/"},"img":{"alt_text":"","src":"https:\/\/i0.wp.com\/www.grieta.org.mx\/wp-content\/uploads\/2018\/03\/14524434_1106112876131411_958039263622046936_o.jpg?resize=350%2C200&ssl=1","width":350,"height":200,"srcset":"https:\/\/i0.wp.com\/www.grieta.org.mx\/wp-content\/uploads\/2018\/03\/14524434_1106112876131411_958039263622046936_o.jpg?resize=350%2C200&ssl=1 1x, https:\/\/i0.wp.com\/www.grieta.org.mx\/wp-content\/uploads\/2018\/03\/14524434_1106112876131411_958039263622046936_o.jpg?resize=525%2C300&ssl=1 1.5x, https:\/\/i0.wp.com\/www.grieta.org.mx\/wp-content\/uploads\/2018\/03\/14524434_1106112876131411_958039263622046936_o.jpg?resize=700%2C400&ssl=1 2x"},"classes":[]},{"id":51988,"url":"https:\/\/www.grieta.org.mx\/index.php\/2020\/07\/21\/234-mujeres-asesinadas-en-oaxaca-a-dos-anos-de-la-alerta-de-violencia-de-genero\/","url_meta":{"origin":55064,"position":1},"title":"234 mujeres asesinadas en Oaxaca, a dos a\u00f1os de la Alerta de Violencia de G\u00e9nero","author":"grieta","date":"21 julio, 2020","format":false,"excerpt":"Noticias \/ Citlalli Luciana. *AVGM fue emitida en 40 municipios de Oaxaca A casi dos a\u00f1os de que se emitiera la Alerta de Violencia de G\u00e9nero contra las Mujeres en 40 municipios de Oaxaca, los \u00edndices de violencia feminicida evidencian la falta de impacto para salvaguardar su vida. En ese\u2026","rel":"","context":"En &quot;CINTILLO&quot;","block_context":{"text":"CINTILLO","link":"https:\/\/www.grieta.org.mx\/index.php\/category\/cintillo\/"},"img":{"alt_text":"","src":"https:\/\/i0.wp.com\/www.grieta.org.mx\/wp-content\/uploads\/2018\/03\/14524434_1106112876131411_958039263622046936_o.jpg?resize=350%2C200&ssl=1","width":350,"height":200,"srcset":"https:\/\/i0.wp.com\/www.grieta.org.mx\/wp-content\/uploads\/2018\/03\/14524434_1106112876131411_958039263622046936_o.jpg?resize=350%2C200&ssl=1 1x, https:\/\/i0.wp.com\/www.grieta.org.mx\/wp-content\/uploads\/2018\/03\/14524434_1106112876131411_958039263622046936_o.jpg?resize=525%2C300&ssl=1 1.5x, https:\/\/i0.wp.com\/www.grieta.org.mx\/wp-content\/uploads\/2018\/03\/14524434_1106112876131411_958039263622046936_o.jpg?resize=700%2C400&ssl=1 2x"},"classes":[]},{"id":26334,"url":"https:\/\/www.grieta.org.mx\/index.php\/2018\/08\/31\/mexico-alerta-de-genero-no-sera-suficiente-en-oaxaca\/","url_meta":{"origin":55064,"position":2},"title":"M\u00e9xico: Alerta de G\u00e9nero no ser\u00e1 suficiente en Oaxaca","author":"grieta","date":"31 agosto, 2018","format":false,"excerpt":"Avispa Midia. Jorge Gonz\u00e1lez, La alerta de g\u00e9nero no garantiza que la violencia sistem\u00e1tica que viven las mujeres en Oaxaca disminuya, ya que se carece de pol\u00edticas p\u00fablicas que contemplen los matices que existen en el estado, coincidieron las participantes del segundo conversatorio Alerta de Violencia de G\u00e9nero contra las\u2026","rel":"","context":"En &quot;CINTILLO&quot;","block_context":{"text":"CINTILLO","link":"https:\/\/www.grieta.org.mx\/index.php\/category\/cintillo\/"},"img":{"alt_text":"","src":"https:\/\/i0.wp.com\/www.grieta.org.mx\/wp-content\/uploads\/2018\/03\/14524434_1106112876131411_958039263622046936_o.jpg?resize=350%2C200&ssl=1","width":350,"height":200,"srcset":"https:\/\/i0.wp.com\/www.grieta.org.mx\/wp-content\/uploads\/2018\/03\/14524434_1106112876131411_958039263622046936_o.jpg?resize=350%2C200&ssl=1 1x, https:\/\/i0.wp.com\/www.grieta.org.mx\/wp-content\/uploads\/2018\/03\/14524434_1106112876131411_958039263622046936_o.jpg?resize=525%2C300&ssl=1 1.5x, https:\/\/i0.wp.com\/www.grieta.org.mx\/wp-content\/uploads\/2018\/03\/14524434_1106112876131411_958039263622046936_o.jpg?resize=700%2C400&ssl=1 2x"},"classes":[]},{"id":11122,"url":"https:\/\/www.grieta.org.mx\/index.php\/2016\/04\/24\/mujeres-y-hombres-oaxaquenos-marchan-nuevamente-contra-la-violencia-machista\/","url_meta":{"origin":55064,"position":3},"title":"Mujeres y hombres oaxaque\u00f1os marchan nuevamente contra la violencia machista","author":"grieta","date":"24 abril, 2016","format":false,"excerpt":"Rodolfo S\u00e1nchez \"Exigimos la presentaci\u00f3n con vida de Arianne Ram\u00edrez Ram\u00edrez, desaparecida el 18 de octubre del 2013 en Huajuapan de Le\u00f3n y la fiscal\u00eda general de Oaxaca, no ha dado un informe real y preciso\"; coment\u00f3 Vilma Catuyoa. Las mujeres sobreviendo a la violencia en Oaxaca, en el marco\u2026","rel":"","context":"En &quot;CINTILLO&quot;","block_context":{"text":"CINTILLO","link":"https:\/\/www.grieta.org.mx\/index.php\/category\/cintillo\/"},"img":{"alt_text":"","src":"https:\/\/i0.wp.com\/www.grieta.org.mx\/wp-content\/uploads\/2018\/03\/14524434_1106112876131411_958039263622046936_o.jpg?resize=350%2C200&ssl=1","width":350,"height":200,"srcset":"https:\/\/i0.wp.com\/www.grieta.org.mx\/wp-content\/uploads\/2018\/03\/14524434_1106112876131411_958039263622046936_o.jpg?resize=350%2C200&ssl=1 1x, https:\/\/i0.wp.com\/www.grieta.org.mx\/wp-content\/uploads\/2018\/03\/14524434_1106112876131411_958039263622046936_o.jpg?resize=525%2C300&ssl=1 1.5x, https:\/\/i0.wp.com\/www.grieta.org.mx\/wp-content\/uploads\/2018\/03\/14524434_1106112876131411_958039263622046936_o.jpg?resize=700%2C400&ssl=1 2x"},"classes":[]},{"id":51020,"url":"https:\/\/www.grieta.org.mx\/index.php\/2020\/06\/18\/exigen-intervencion-de-segob-y-fgr-para-proteger-e-investigar-amenazas-a-feministas-de-consorcio-oaxaca\/","url_meta":{"origin":55064,"position":4},"title":"Exigen intervenci\u00f3n de Segob y FGR para proteger e investigar amenazas a feministas de Consorcio (Oaxaca)","author":"grieta","date":"18 junio, 2020","format":false,"excerpt":"P\u00e1gina 3 \/ Pedro Mat\u00edas. OAXACA, Oax.- La defensa de los derechos de las mujeres en Oaxaca se ha convertido en motivo de persecuci\u00f3n y amenazas, por eso exigen investigar amenazas a feministas. Como es el caso de Consorcio Oaxaca que por denunciar 427 feminicidios y 800 desapariciones en los\u2026","rel":"","context":"En &quot;CINTILLO&quot;","block_context":{"text":"CINTILLO","link":"https:\/\/www.grieta.org.mx\/index.php\/category\/cintillo\/"},"img":{"alt_text":"","src":"https:\/\/i0.wp.com\/www.grieta.org.mx\/wp-content\/uploads\/2020\/06\/A.png?resize=350%2C200&ssl=1","width":350,"height":200,"srcset":"https:\/\/i0.wp.com\/www.grieta.org.mx\/wp-content\/uploads\/2020\/06\/A.png?resize=350%2C200&ssl=1 1x, https:\/\/i0.wp.com\/www.grieta.org.mx\/wp-content\/uploads\/2020\/06\/A.png?resize=525%2C300&ssl=1 1.5x, https:\/\/i0.wp.com\/www.grieta.org.mx\/wp-content\/uploads\/2020\/06\/A.png?resize=700%2C400&ssl=1 2x"},"classes":[]},{"id":51473,"url":"https:\/\/www.grieta.org.mx\/index.php\/2020\/06\/29\/garantias-para-consorcio-oaxaca-exigen-relatores-de-la-onu\/","url_meta":{"origin":55064,"position":5},"title":"Garant\u00edas para Consorcio Oaxaca, exigen relatores de la ONU","author":"grieta","date":"29 junio, 2020","format":false,"excerpt":"Proceso \/ Pedro Mat\u00edas. Mary Lawlor, relatora especial sobre la situaci\u00f3n de los defensores de los derechos humanos de la ONU. Foto: www.ohchr.org OAXACA, Oax. (apro).- La Relatora Especial sobre la situaci\u00f3n de los defensores de los derechos humanos de la ONU, Mary Lawlor, junto con la Relatora Especial sobre\u2026","rel":"","context":"En &quot;CINTILLO&quot;","block_context":{"text":"CINTILLO","link":"https:\/\/www.grieta.org.mx\/index.php\/category\/cintillo\/"},"img":{"alt_text":"","src":"https:\/\/i0.wp.com\/www.grieta.org.mx\/wp-content\/uploads\/2020\/06\/consorcio-oaxaca-870x522.jpeg?resize=350%2C200&ssl=1","width":350,"height":200,"srcset":"https:\/\/i0.wp.com\/www.grieta.org.mx\/wp-content\/uploads\/2020\/06\/consorcio-oaxaca-870x522.jpeg?resize=350%2C200&ssl=1 1x, https:\/\/i0.wp.com\/www.grieta.org.mx\/wp-content\/uploads\/2020\/06\/consorcio-oaxaca-870x522.jpeg?resize=525%2C300&ssl=1 1.5x, https:\/\/i0.wp.com\/www.grieta.org.mx\/wp-content\/uploads\/2020\/06\/consorcio-oaxaca-870x522.jpeg?resize=700%2C400&ssl=1 2x"},"classes":[]}],"_links":{"self":[{"href":"https:\/\/www.grieta.org.mx\/index.php\/wp-json\/wp\/v2\/posts\/55064","targetHints":{"allow":["GET"]}}],"collection":[{"href":"https:\/\/www.grieta.org.mx\/index.php\/wp-json\/wp\/v2\/posts"}],"about":[{"href":"https:\/\/www.grieta.org.mx\/index.php\/wp-json\/wp\/v2\/types\/post"}],"author":[{"embeddable":true,"href":"https:\/\/www.grieta.org.mx\/index.php\/wp-json\/wp\/v2\/users\/2"}],"replies":[{"embeddable":true,"href":"https:\/\/www.grieta.org.mx\/index.php\/wp-json\/wp\/v2\/comments?post=55064"}],"version-history":[{"count":1,"href":"https:\/\/www.grieta.org.mx\/index.php\/wp-json\/wp\/v2\/posts\/55064\/revisions"}],"predecessor-version":[{"id":55081,"href":"https:\/\/www.grieta.org.mx\/index.php\/wp-json\/wp\/v2\/posts\/55064\/revisions\/55081"}],"wp:featuredmedia":[{"embeddable":true,"href":"https:\/\/www.grieta.org.mx\/index.php\/wp-json\/wp\/v2\/media\/55071"}],"wp:attachment":[{"href":"https:\/\/www.grieta.org.mx\/index.php\/wp-json\/wp\/v2\/media?parent=55064"}],"wp:term":[{"taxonomy":"category","embeddable":true,"href":"https:\/\/www.grieta.org.mx\/index.php\/wp-json\/wp\/v2\/categories?post=55064"},{"taxonomy":"post_tag","embeddable":true,"href":"https:\/\/www.grieta.org.mx\/index.php\/wp-json\/wp\/v2\/tags?post=55064"}],"curies":[{"name":"wp","href":"https:\/\/api.w.org\/{rel}","templated":true}]}}