{"id":55042,"date":"2020-11-12T22:15:08","date_gmt":"2020-11-13T04:15:08","guid":{"rendered":"http:\/\/www.grieta.org.mx\/?p=55042"},"modified":"2020-11-13T23:33:43","modified_gmt":"2020-11-14T05:33:43","slug":"que-es-el-tianguis-autogestivo-y-disidente-que-la-policia-desalojo-a-golpes-en-oaxaca","status":"publish","type":"post","link":"https:\/\/www.grieta.org.mx\/index.php\/2020\/11\/12\/que-es-el-tianguis-autogestivo-y-disidente-que-la-policia-desalojo-a-golpes-en-oaxaca\/","title":{"rendered":"\u00bfQu\u00e9 es el Tianguis Autogestivo y Disidente que la polic\u00eda desaloj\u00f3 a golpes en Oaxaca?"},"content":{"rendered":"<p>Avispa Midia \/ Rafael E. Lozano.<\/p>\n<p><img loading=\"lazy\" decoding=\"async\" data-attachment-id=\"55043\" data-permalink=\"https:\/\/www.grieta.org.mx\/index.php\/2020\/11\/12\/que-es-el-tianguis-autogestivo-y-disidente-que-la-policia-desalojo-a-golpes-en-oaxaca\/a-60\/\" data-orig-file=\"https:\/\/www.grieta.org.mx\/wp-content\/uploads\/2020\/11\/a.png\" data-orig-size=\"655,404\" data-comments-opened=\"0\" data-image-meta=\"{&quot;aperture&quot;:&quot;0&quot;,&quot;credit&quot;:&quot;&quot;,&quot;camera&quot;:&quot;&quot;,&quot;caption&quot;:&quot;&quot;,&quot;created_timestamp&quot;:&quot;0&quot;,&quot;copyright&quot;:&quot;&quot;,&quot;focal_length&quot;:&quot;0&quot;,&quot;iso&quot;:&quot;0&quot;,&quot;shutter_speed&quot;:&quot;0&quot;,&quot;title&quot;:&quot;&quot;,&quot;orientation&quot;:&quot;0&quot;}\" data-image-title=\"a\" data-image-description=\"\" data-image-caption=\"\" data-medium-file=\"https:\/\/www.grieta.org.mx\/wp-content\/uploads\/2020\/11\/a-300x185.png\" data-large-file=\"https:\/\/www.grieta.org.mx\/wp-content\/uploads\/2020\/11\/a.png\" class=\"alignnone wp-image-55043\" src=\"http:\/\/www.grieta.org.mx\/wp-content\/uploads\/2020\/11\/a.png\" alt=\"\" width=\"800\" height=\"493\" srcset=\"https:\/\/www.grieta.org.mx\/wp-content\/uploads\/2020\/11\/a.png 655w, https:\/\/www.grieta.org.mx\/wp-content\/uploads\/2020\/11\/a-300x185.png 300w\" sizes=\"auto, (max-width: 800px) 100vw, 800px\" \/><\/p>\n<p>Frente a la crisis sanitaria y econ\u00f3mica, el tianguis naciente propone trueque y autogesti\u00f3n. Despu\u00e9s de la agresi\u00f3n policiaca se declara en resistencia.<br \/>\nLa Regidora de Derechos Humanos y de Igualdad de G\u00e9nero, Mirna L\u00f3pez Torres, opin\u00f3: \u201cSi castigamos a polic\u00edas e inspectores, abrimos una puerta para que la autoridad se vea impedida para aplicar la normatividad\u201d.<\/p>\n<p>El pasado s\u00e1bado 7 de noviembre de 2020 se instal\u00f3 -por cuarta ocasi\u00f3n consecutiva en un mes- el Tianguis Autogestivo y Disidente en las inmediaciones de la Casa de la Cultura, ubicado en la zona centro de la ciudad de Oaxaca. Ese mismo d\u00eda, alrededor de las 12:30 h, llegaron inspectores municipales acompa\u00f1ados por elementos de la polic\u00eda municipal y estatal a desalojar con gritos, golpes y gas pimienta a las personas (en su mayor\u00eda j\u00f3venes y mujeres) que se encontraban intercambiando a trav\u00e9s del trueque sus productos y enseres personales y artesanales. As\u00ed lo denunciaron quienes participaron en el Tianguis a trav\u00e9s de un pronunciamiento contra la criminalizaci\u00f3n de la autogesti\u00f3n y el trueque.<\/p>\n<p>Brutalidad polic\u00edaca<\/p>\n<p>En el comunicado se\u00f1alan que, \u201cdirigidos por el inspector municipal Joaqu\u00edn Gonz\u00e1lez Santiago, Jefe de Departamento de Control de la Actividad en V\u00eda P\u00fablica y encargado del operativo, quien en compa\u00f1\u00eda de otros inspectores de comercio ambulante: Jonathan D\u00edaz Barrita, Jos\u00e9 Ram\u00f3n Rodr\u00edguez Mart\u00ednez, Juan Eduardo V\u00e1squez Cruz, Ra\u00fal Ramiro Reyes Ramos, comenzaron a quitar de manera arbitraria los puestos instalados y a desalojarnos de manera violenta a quienes nos encontr\u00e1bamos truequeando, al mismo tiempo que gritaban insultos machistas y homof\u00f3bicos, nos golpeaban con cascos y bastones, rociaban gas a nula distancia de los ojos y nos derribaban para patearnos entre varios elementos. Todo esto, ordenado por V\u00edctor C\u00e9sar V\u00e1squez Bocanegra, encargado de la Subdirecci\u00f3n de Regulaci\u00f3n de la Actividad en V\u00eda P\u00fablica\u201d.<\/p>\n<blockquote class=\"twitter-tweet\" data-width=\"550\" data-dnt=\"true\">\n<p lang=\"es\" dir=\"ltr\">En este v\u00eddeo me tiraron el tel\u00e9fono, me golpearon en la cabeza y me echaron gas en la cara. <a href=\"https:\/\/twitter.com\/oswaldogarciaj?ref_src=twsrc%5Etfw\">@oswaldogarciaj<\/a> esta es tu ciudad segura? Polic\u00edas que golpean mujeres que buscan sobrevivir en plena pandemia con un tianguis autogestivo en <a href=\"https:\/\/twitter.com\/hashtag\/Oaxaca?src=hash&amp;ref_src=twsrc%5Etfw\">#Oaxaca<\/a> <a href=\"https:\/\/twitter.com\/GatitosVsDesig?ref_src=twsrc%5Etfw\">@GatitosVsDesig<\/a> <a href=\"https:\/\/twitter.com\/lajornadaonline?ref_src=twsrc%5Etfw\">@lajornadaonline<\/a> <a href=\"https:\/\/t.co\/Ffyl4PkyCy\">pic.twitter.com\/Ffyl4PkyCy<\/a><\/p>\n<p>&mdash; Mar\u00eda Espinosa (@nostalgiamaja) <a href=\"https:\/\/twitter.com\/nostalgiamaja\/status\/1325671519784153088?ref_src=twsrc%5Etfw\">November 9, 2020<\/a><\/p><\/blockquote>\n<p><script async src=\"https:\/\/platform.twitter.com\/widgets.js\" charset=\"utf-8\"><\/script><\/p>\n<p>En entrevista para Avispa Midia, participantes del Tianguis, cuyo nombre pidieron se omitiera por temor a m\u00e1s represalias, relataron las agresiones que sufrieron el s\u00e1bado pasado: \u201cLlegaron inspectores dentro de las patrullas de los polic\u00edas municipales estatales y un grupo de \u00e9lite del Estado llamado \u2018Grupo Urbano de Fuerzas Especiales\u2019, y se mofaban. Nosotrxs est\u00e1bamos intentando dialogar, decirles que no est\u00e1bamos cometiendo ning\u00fan acto delictivo ni est\u00e1bamos haciendo nada en contra de la sociedad civil. (\u2026) En ning\u00fan momento la autoridad que estaba ah\u00ed, cont\u00f3 cu\u00e1l era el delito que se persegu\u00eda. Nunca se nos dijo el delito que est\u00e1bamos cometiendo y por el cu\u00e1l se justificaba un despliegue policiaco de m\u00e1s de 30 elementos en nuestra contra. Entraron a agredirnos; se nos fueron directamente a las compa\u00f1eras a golpes. Tambi\u00e9n hab\u00edan mam\u00e1s, ni\u00f1as, ni\u00f1os. Agredieron principalmente a tres compa\u00f1eras mujeres y un compa\u00f1ero trans, que pertenecemos a esto que llamamos disidencia sexual y de g\u00e9nero. Las golpearon brutalmente. Hay varias mujeres que tienen heridas internas\u201d.<\/p>\n<p>Despu\u00e9s, exponen: \u201cA una de esas compa\u00f1eras la golpearon con un bast\u00f3n retr\u00e1ctil. Le lanzaron gas pimienta a al menos una decena de las personas que est\u00e1bamos ah\u00ed. A otro de los compa\u00f1eros trans, que estaba videograbando la represi\u00f3n, le estrellaron el tel\u00e9fono contra el piso. Primero le aplicaron gas pimienta en los ojos, despu\u00e9s uno de ellos le grito: \u201c\u00a1puto deja de grabar!\u201d y le estrell\u00f3 el tel\u00e9fono contra el piso, y se le fue encima. \u00c9l y otros tres polic\u00edas m\u00e1s lo patearon en el piso (\u2026) comentan unas compa\u00f1eras que est\u00e1n orinando sangre, les cuesta caminar, les cuesta sentarse; quedaron con muchas heridas internas. Ya est\u00e1n haci\u00e9ndose estudios, pero no contamos siquiera con un seguro m\u00e9dico. (\u2026) Fue una barbaridad, se llevaron productos, los destrozaron frente a lxs compa\u00f1erxs\u201d.<\/p>\n<p><strong>Frente a las crisis, Tianguis Autogestivo y Disidente<\/strong><\/p>\n<p>A casi 8 meses de haberse declarado la emergencia sanitaria en M\u00e9xico por Covid-19, las medidas de distanciamiento social, el cierre de locales, mercados y negocios, el despido masivo de trabajadoras y trabajadores y la incertidumbre sanitaria y econ\u00f3mica ha precarizado a\u00fan m\u00e1s a los sectores de la poblaci\u00f3n que de por s\u00ed ya viv\u00eda en situaciones de vulnerabilidad. As\u00ed lo expresan algunas de las personas que participan en el tianguis con quienes Avispa Midia convers\u00f3. Ante las m\u00faltiples crisis, nace la iniciativa del Tianguis Autogestivo y Disidente. En su propia voz: \u201cEl tianguis surgi\u00f3 como una respuesta ante la necesidad. La mayor\u00eda de personas que hemos estado yendo a los tianguis no contamos con un trabajo estable, con un sueldo fijo, con alguna prestaci\u00f3n por parte del Estado o alguna otra instituci\u00f3n empresarial. Entonces surgi\u00f3 la idea de poder juntarnos y apropiarnos del espacio p\u00fablico ante el cierre que el mismo Estado ha desplegado\u201d.<\/p>\n<p>Detr\u00e1s de la Casa de la Cultura Oaxaque\u00f1a, en una explanada en la que yace el busto de Ricardo Flores Mag\u00f3n, se auto-convoca una vez a la semana a todas aquellas personas que quieran traer productos y enseres esenciales para la vida y el cuidado cotidiano: ropa, alimentos, plantas, libros y utensilios, elaborados o usados, para ser intercambiados y ofertados en un intento por encontrar alternativas econ\u00f3micas y \u201cpoder establecer desde la econom\u00eda solidaria un intercambio equitativo para las partes que vienen; tomando en cuenta la propia fuerza de trabajo que dichas personas invierten en los productos que elaboran, para poder llegar a un intercambio justo. (\u2026) La mayor\u00eda de lo que se intercambia ah\u00ed es hecho por nuestras propias manos, y lo que principalmente se hace en este tianguis es el trueque\u201d, a\u00f1adieron.<\/p>\n<p><img loading=\"lazy\" decoding=\"async\" data-attachment-id=\"55048\" data-permalink=\"https:\/\/www.grieta.org.mx\/index.php\/2020\/11\/12\/que-es-el-tianguis-autogestivo-y-disidente-que-la-policia-desalojo-a-golpes-en-oaxaca\/2-72\/\" data-orig-file=\"https:\/\/www.grieta.org.mx\/wp-content\/uploads\/2020\/11\/2-1.jpg\" data-orig-size=\"696,522\" data-comments-opened=\"0\" data-image-meta=\"{&quot;aperture&quot;:&quot;0&quot;,&quot;credit&quot;:&quot;&quot;,&quot;camera&quot;:&quot;&quot;,&quot;caption&quot;:&quot;&quot;,&quot;created_timestamp&quot;:&quot;0&quot;,&quot;copyright&quot;:&quot;&quot;,&quot;focal_length&quot;:&quot;0&quot;,&quot;iso&quot;:&quot;0&quot;,&quot;shutter_speed&quot;:&quot;0&quot;,&quot;title&quot;:&quot;&quot;,&quot;orientation&quot;:&quot;0&quot;}\" data-image-title=\"2\" data-image-description=\"\" data-image-caption=\"\" data-medium-file=\"https:\/\/www.grieta.org.mx\/wp-content\/uploads\/2020\/11\/2-1-300x225.jpg\" data-large-file=\"https:\/\/www.grieta.org.mx\/wp-content\/uploads\/2020\/11\/2-1.jpg\" class=\"alignnone wp-image-55048\" src=\"http:\/\/www.grieta.org.mx\/wp-content\/uploads\/2020\/11\/2-1.jpg\" alt=\"\" width=\"800\" height=\"600\" srcset=\"https:\/\/www.grieta.org.mx\/wp-content\/uploads\/2020\/11\/2-1.jpg 696w, https:\/\/www.grieta.org.mx\/wp-content\/uploads\/2020\/11\/2-1-300x225.jpg 300w, https:\/\/www.grieta.org.mx\/wp-content\/uploads\/2020\/11\/2-1-667x500.jpg 667w\" sizes=\"auto, (max-width: 800px) 100vw, 800px\" \/><\/p>\n<p><img loading=\"lazy\" decoding=\"async\" data-attachment-id=\"55049\" data-permalink=\"https:\/\/www.grieta.org.mx\/index.php\/2020\/11\/12\/que-es-el-tianguis-autogestivo-y-disidente-que-la-policia-desalojo-a-golpes-en-oaxaca\/3-53\/\" data-orig-file=\"https:\/\/www.grieta.org.mx\/wp-content\/uploads\/2020\/11\/3.jpg\" data-orig-size=\"696,870\" data-comments-opened=\"0\" data-image-meta=\"{&quot;aperture&quot;:&quot;0&quot;,&quot;credit&quot;:&quot;&quot;,&quot;camera&quot;:&quot;&quot;,&quot;caption&quot;:&quot;&quot;,&quot;created_timestamp&quot;:&quot;0&quot;,&quot;copyright&quot;:&quot;&quot;,&quot;focal_length&quot;:&quot;0&quot;,&quot;iso&quot;:&quot;0&quot;,&quot;shutter_speed&quot;:&quot;0&quot;,&quot;title&quot;:&quot;&quot;,&quot;orientation&quot;:&quot;0&quot;}\" data-image-title=\"3\" data-image-description=\"\" data-image-caption=\"\" data-medium-file=\"https:\/\/www.grieta.org.mx\/wp-content\/uploads\/2020\/11\/3-240x300.jpg\" data-large-file=\"https:\/\/www.grieta.org.mx\/wp-content\/uploads\/2020\/11\/3.jpg\" class=\"alignnone wp-image-55049\" src=\"http:\/\/www.grieta.org.mx\/wp-content\/uploads\/2020\/11\/3.jpg\" alt=\"\" width=\"800\" height=\"1000\" srcset=\"https:\/\/www.grieta.org.mx\/wp-content\/uploads\/2020\/11\/3.jpg 696w, https:\/\/www.grieta.org.mx\/wp-content\/uploads\/2020\/11\/3-240x300.jpg 240w, https:\/\/www.grieta.org.mx\/wp-content\/uploads\/2020\/11\/3-400x500.jpg 400w\" sizes=\"auto, (max-width: 800px) 100vw, 800px\" \/><\/p>\n<p><img loading=\"lazy\" decoding=\"async\" data-attachment-id=\"55050\" data-permalink=\"https:\/\/www.grieta.org.mx\/index.php\/2020\/11\/12\/que-es-el-tianguis-autogestivo-y-disidente-que-la-policia-desalojo-a-golpes-en-oaxaca\/4-50\/\" data-orig-file=\"https:\/\/www.grieta.org.mx\/wp-content\/uploads\/2020\/11\/4.jpg\" data-orig-size=\"696,522\" data-comments-opened=\"0\" data-image-meta=\"{&quot;aperture&quot;:&quot;0&quot;,&quot;credit&quot;:&quot;&quot;,&quot;camera&quot;:&quot;&quot;,&quot;caption&quot;:&quot;&quot;,&quot;created_timestamp&quot;:&quot;0&quot;,&quot;copyright&quot;:&quot;&quot;,&quot;focal_length&quot;:&quot;0&quot;,&quot;iso&quot;:&quot;0&quot;,&quot;shutter_speed&quot;:&quot;0&quot;,&quot;title&quot;:&quot;&quot;,&quot;orientation&quot;:&quot;1&quot;}\" data-image-title=\"4\" data-image-description=\"\" data-image-caption=\"\" data-medium-file=\"https:\/\/www.grieta.org.mx\/wp-content\/uploads\/2020\/11\/4-300x225.jpg\" data-large-file=\"https:\/\/www.grieta.org.mx\/wp-content\/uploads\/2020\/11\/4.jpg\" class=\"alignnone wp-image-55050\" src=\"http:\/\/www.grieta.org.mx\/wp-content\/uploads\/2020\/11\/4.jpg\" alt=\"\" width=\"800\" height=\"600\" srcset=\"https:\/\/www.grieta.org.mx\/wp-content\/uploads\/2020\/11\/4.jpg 696w, https:\/\/www.grieta.org.mx\/wp-content\/uploads\/2020\/11\/4-300x225.jpg 300w, https:\/\/www.grieta.org.mx\/wp-content\/uploads\/2020\/11\/4-667x500.jpg 667w\" sizes=\"auto, (max-width: 800px) 100vw, 800px\" \/><br \/>\nFotos del Tianguis Autogestivo y Disidente.<\/p>\n<p>Es autogestivo no s\u00f3lo porque la mayor\u00eda de las cosas son elaboradas por propia mano, sino porque la organizaci\u00f3n misma del tianguis no tiene liderazgo individual, sino una organizaci\u00f3n pol\u00edtica colectiva que trabaja para establecer sus objetivos y sostenerse: \u201cHay que dejar en claro que estamos intentado construir un espacio aut\u00f3nomo que parte de la autogesti\u00f3n. Autogestionarnos implica la organizaci\u00f3n colectiva fuera de las din\u00e1mica de poder vertical que tienen algunas organizaciones de tianguistas o vendedores. Intentamos construir un espacio seguro para mujeres y para compa\u00f1erxs que integramos la comunidad de la desobediencia sexual\u201d, puntualizaron.<\/p>\n<p>Es disidente porque cobija y acuerpa a la comunidad feminista y a la comunidad de la desobediencia sexual y de g\u00e9nero, al tiempo que converge con habitantes de comunidades y pueblos originarios e ind\u00edgenas que se encuentran cerca de la ciudad y que han visto todas las puertas y las calles cerradas para vender sus productos. M\u00e1s a\u00fan, comentan que son se\u00f1alados por no cumplir con todas las medidas sanitarias establecidas oficialmente para la nueva normalidad, \u201cpero los cuidados colectivos e individuales tambi\u00e9n son una estrategia de la autogesti\u00f3n y la autonom\u00eda para sobrevivir la pandemia. Aqu\u00ed venimos a truequear y a extender nuestros peque\u00f1os productos y art\u00edculos destinados a la alimentaci\u00f3n y al cuidado personal\u201d.<\/p>\n<p>Discrepancias en la posici\u00f3n oficial del Municipio de Oaxaca<\/p>\n<p>En un bolet\u00edn de prensa fechado el 11 de noviembre de 2020, el Ayuntamiento de Oaxaca de Ju\u00e1rez inform\u00f3 sobre los \u201cpormenores de la actuaci\u00f3n de servidoras y servidores p\u00fablicos municipales con relaci\u00f3n al retiro de un tianguis\u201d, en el que se\u00f1alan que el operativo comenz\u00f3 por una denuncia vecinal \u201cen la que se report\u00f3 la instalaci\u00f3n de vendedoras y vendedores en el parque ubicado en las calles de Santos Degollado y Ray\u00f3n\u201d, y que \u201cno se trat\u00f3 de un operativo de desalojo sino de presencia para resguardar el orden\u201d.<\/p>\n<p>Dicho bolet\u00edn describe que los funcionaros municipales arribaron y \u201cen todo momento intentaron entablar un di\u00e1logo respetuoso con las personas ah\u00ed reunidas\u201d. Aseguran que \u201cpersonas del sexo masculino que presuntamente estaban bajo los efectos del alcohol agredieron a los inspectores municipales\u201d quienes hab\u00edan exhortado en dos ocasiones y realizado \u201cuna amonestaci\u00f3n de manera verbal, reiter\u00e1ndoles que en caso de no acatar la solicitud, se proceder\u00eda en apego al art\u00edculo 45, fracci\u00f3n II del Reglamento para el Control de Actividades Comerciales y Servicios en V\u00eda P\u00fablica del Municipio de Oaxaca de Ju\u00e1rez\u201d. Por lo que se inici\u00f3 \u201cel aseguramiento de mercanc\u00edas y utensilios\u201d. Sin embargo, no especifican que la fracci\u00f3n II del art\u00edculo mencionado contempla como sanci\u00f3n \u201cuna multa de 5 a 100 d\u00edas de salario m\u00ednimo general vigente\u201d, y no el aseguramiento del puesto comercial.<\/p>\n<p>En ese sentido, durante la Sesi\u00f3n Ordinaria de Cabildo del municipio de Oaxaca de Ju\u00e1rez en la que se discuti\u00f3 el caso, y que fue celebrada el mismo 11 de noviembre; Luis Arturo \u00c1valos D\u00edaz Covarrubias, regidor de Bienes, Panteones y Servicios Municipales y de Mercados y Comercio en V\u00eda P\u00fablica, manifest\u00f3 que le pareci\u00f3 excesiva la actuaci\u00f3n de las fuerzas policiales, y expuso que por algo hay un procedimiento expl\u00edcito en el art\u00edculo 48 del mismo reglamento para realizar aseguramientos de implementos y mercanc\u00edas en v\u00eda p\u00fablica que establece los pasos de advertencia, amonestaci\u00f3n y multas que se tuvieron que haber impuesto antes de proceder a un aseguramiento.<\/p>\n<p>Asimismo, el regidor reconoce que, \u201cse ha divulgado en las redes sociales que sin mediar amonestaci\u00f3n o multa, los colaboradores, de la subdirecci\u00f3n arrebatan la mercanc\u00eda a los vendedores sin seguir los procedimientos establecidos (\u2026) mucho menos levantando el acta circunstanciada que cumpla con las formalidades establecidas, y en ocasiones utilizando la violencia f\u00edsica en contra de estas personas\u201d.<\/p>\n<p>Igualmente, la S\u00edndico Primera, Indira Zurita Lara, exhort\u00f3 al resto del cabildo a crear un espacio para que esta situaci\u00f3n no vuelva a ocurrir, y se pueda permitir la actividad de trueque, \u201cal final estos j\u00f3venes y estas mujeres se est\u00e1n dedicando a algo que no es un crimen, es preferible que los j\u00f3venes y las mujeres est\u00e9n realizando este tipo de actividades, a que se est\u00e9n organizando para crear mafias delincuenciales aqu\u00ed en la ciudad\u201d. Asimismo, comunic\u00f3 que expidi\u00f3 un oficio a la contralor\u00eda del municipio para que inicie una investigaci\u00f3n para saber si hubo abuso de autoridad.<\/p>\n<p><img loading=\"lazy\" decoding=\"async\" data-attachment-id=\"55053\" data-permalink=\"https:\/\/www.grieta.org.mx\/index.php\/2020\/11\/12\/que-es-el-tianguis-autogestivo-y-disidente-que-la-policia-desalojo-a-golpes-en-oaxaca\/5-35\/\" data-orig-file=\"https:\/\/www.grieta.org.mx\/wp-content\/uploads\/2020\/11\/5.png\" data-orig-size=\"1280,800\" data-comments-opened=\"0\" data-image-meta=\"{&quot;aperture&quot;:&quot;0&quot;,&quot;credit&quot;:&quot;&quot;,&quot;camera&quot;:&quot;&quot;,&quot;caption&quot;:&quot;&quot;,&quot;created_timestamp&quot;:&quot;0&quot;,&quot;copyright&quot;:&quot;&quot;,&quot;focal_length&quot;:&quot;0&quot;,&quot;iso&quot;:&quot;0&quot;,&quot;shutter_speed&quot;:&quot;0&quot;,&quot;title&quot;:&quot;&quot;,&quot;orientation&quot;:&quot;0&quot;}\" data-image-title=\"5\" data-image-description=\"\" data-image-caption=\"\" data-medium-file=\"https:\/\/www.grieta.org.mx\/wp-content\/uploads\/2020\/11\/5-300x188.png\" data-large-file=\"https:\/\/www.grieta.org.mx\/wp-content\/uploads\/2020\/11\/5-1024x640.png\" class=\"alignnone wp-image-55053\" src=\"http:\/\/www.grieta.org.mx\/wp-content\/uploads\/2020\/11\/5.png\" alt=\"\" width=\"800\" height=\"500\" srcset=\"https:\/\/www.grieta.org.mx\/wp-content\/uploads\/2020\/11\/5.png 1280w, https:\/\/www.grieta.org.mx\/wp-content\/uploads\/2020\/11\/5-300x188.png 300w, https:\/\/www.grieta.org.mx\/wp-content\/uploads\/2020\/11\/5-1024x640.png 1024w, https:\/\/www.grieta.org.mx\/wp-content\/uploads\/2020\/11\/5-768x480.png 768w, https:\/\/www.grieta.org.mx\/wp-content\/uploads\/2020\/11\/5-800x500.png 800w\" sizes=\"auto, (max-width: 800px) 100vw, 800px\" \/><br \/>\nReuni\u00f3n virtual del cabildo municipal. Imagen del Municipio de Oaxaca.<\/p>\n<p>En cuanto a la Regidora de Derechos Humanos y de Igualdad de G\u00e9nero, Mirna L\u00f3pez Torres, opin\u00f3 que: \u201cSi castigamos a polic\u00edas e inspectores, abrimos una puerta para que la autoridad se vea impedida para aplicar la normatividad. Si no atendemos las denuncias podemos vernos como violadores de derechos humanos\u201d; y esto lo vuelve, asegur\u00f3, \u201cun caso dif\u00edcil, complejo, porque ninguna resoluci\u00f3n ser\u00eda plenamente satisfactoria\u201d. Finalmente, remat\u00f3 su participaci\u00f3n, \u201cyo comparto lo bueno de su causa, pero para abrir una plaza para ellas implica abrir una caja de pandora con interese de otro tipo\u201d.<\/p>\n<p>Por su parte, el presidente municipal Oswaldo Garc\u00eda Jarqu\u00edn dijo que \u201ccondenar la violencia siempre tiene que ser de ambos lados\u201d e hizo alusi\u00f3n a los balazos que la polic\u00eda en Canc\u00fan dispar\u00f3 para dispersar una manifestaci\u00f3n feminista el 10 de noviembre: \u201cNo logro entender qu\u00e9 habr\u00e1 pasado para que los polic\u00edas hayan salido disparando, no lo pudo concebir; pero seguramente algo pas\u00f3\u201d. Con respecto a la petici\u00f3n de investigar y remover de sus cargos a quienes hayan cometido abuso policiaco contra las mujeres del tianguis autogestivo, el Presidente Municipal \u2013quien cit\u00f3 a Mirna L\u00f3pez- opin\u00f3, \u201cno abramos puertas que afectan a la administraci\u00f3n municipal por impulsos pol\u00edticos\u201d, e insisti\u00f3, \u201cno estoy de acuerdo con ning\u00fan tipo de violencia, bajo ninguna circunstancia, no de hoy, sino desde toda mi vida, y sobre todo en mi ejercicio profesional; y mucho menos a las mujeres. En ese sentido, ratifico ese compromiso. Pero tambi\u00e9n apegu\u00e9monos a la ley y no mandemos un mensaje equivocado de que aqu\u00ed en Oaxaca la gente puede hacer lo que se le plazca, eso yo creo que tambi\u00e9n no genera la inversi\u00f3n que tanto necesitamos en nuestra ciudad capital\u201d.<\/p>\n<p>Cabe recordar que el Presidente Municipal Oswaldo Garc\u00eda Jarqu\u00edn -y su esposa Martha Patricia Benfield L\u00f3pez- ser\u00e1n sometidos a juicio por actos de violencia pol\u00edtica en raz\u00f3n de g\u00e9nero ejercidos en contra de Jaquelina Escamilla Villanueva en mayo de 2020. Con ello, el Presidente Municipal de Oaxaca de Ju\u00e1rez corre el riesgo de aparecer en el Registro Nacional de Personas Sancionadas en Materia de Violencia Pol\u00edtica Contra las Mujeres, y de perder \u201cel modo honesto de vivir\u201d, el cu\u00e1l es un requisito legal para competir por un cargo de elecci\u00f3n popular en el futuro.<br \/>\nEl tianguis resiste<\/p>\n<p>En su pronunciamiento, el Tianguis Autogestivo y Disidente anunci\u00f3 su intenci\u00f3n de retomar el mismo espacio p\u00fablico a un costado de Flores Mag\u00f3n el pr\u00f3ximo s\u00e1bado 14 de noviembre a las 10 h, para realizar un evento pol\u00edtico y cultural contra la represi\u00f3n policiaca, en el que se compartir\u00e1n testimonios, circular\u00e1 un boteo para apoyar los gastos econ\u00f3micos de las personas golpeadas, y se retomar\u00e1 el trueque. Convocan \u201ca compa\u00f1eras feministas, personas sexodisidentes, quienes se autogestionan y hayan sido reprimidxs por el Estado, a que hagamos presencia\u201d.<\/p>\n<p><img loading=\"lazy\" decoding=\"async\" data-attachment-id=\"55055\" data-permalink=\"https:\/\/www.grieta.org.mx\/index.php\/2020\/11\/12\/que-es-el-tianguis-autogestivo-y-disidente-que-la-policia-desalojo-a-golpes-en-oaxaca\/6-30\/\" data-orig-file=\"https:\/\/www.grieta.org.mx\/wp-content\/uploads\/2020\/11\/6.jpg\" data-orig-size=\"768,960\" data-comments-opened=\"0\" data-image-meta=\"{&quot;aperture&quot;:&quot;0&quot;,&quot;credit&quot;:&quot;&quot;,&quot;camera&quot;:&quot;&quot;,&quot;caption&quot;:&quot;&quot;,&quot;created_timestamp&quot;:&quot;0&quot;,&quot;copyright&quot;:&quot;&quot;,&quot;focal_length&quot;:&quot;0&quot;,&quot;iso&quot;:&quot;0&quot;,&quot;shutter_speed&quot;:&quot;0&quot;,&quot;title&quot;:&quot;&quot;,&quot;orientation&quot;:&quot;0&quot;}\" data-image-title=\"6\" data-image-description=\"\" data-image-caption=\"\" data-medium-file=\"https:\/\/www.grieta.org.mx\/wp-content\/uploads\/2020\/11\/6-240x300.jpg\" data-large-file=\"https:\/\/www.grieta.org.mx\/wp-content\/uploads\/2020\/11\/6.jpg\" class=\"alignnone wp-image-55055\" src=\"http:\/\/www.grieta.org.mx\/wp-content\/uploads\/2020\/11\/6.jpg\" alt=\"\" width=\"800\" height=\"1000\" srcset=\"https:\/\/www.grieta.org.mx\/wp-content\/uploads\/2020\/11\/6.jpg 768w, https:\/\/www.grieta.org.mx\/wp-content\/uploads\/2020\/11\/6-240x300.jpg 240w, https:\/\/www.grieta.org.mx\/wp-content\/uploads\/2020\/11\/6-400x500.jpg 400w\" sizes=\"auto, (max-width: 800px) 100vw, 800px\" \/><br \/>\nCartel del Tianguis Autogestivo y Disidente<\/p>\n<p>\u201cEstamos acuerpando cualquier acci\u00f3n que las compa\u00f1eras agredidas quieran organizar\u201d, comentan a Avispa Midia al final de entrevista, \u201cuna de ellas va a ir a presentar una queja a la Defensor\u00eda de los Derechos Humanos, y tambi\u00e9n se va a presentar una queja en el \u00d3rgano de Control Interno para solicitar que se despidan a estas personas. Sin embargo, no confiamos ni en el sistema jur\u00eddico injusto ni en la justicia que se pueda acceder a trav\u00e9s de \u00e9l. (\u2026) La consigna sigue siendo que ninguna agresi\u00f3n va a quedar sin respuesta, y que si tocan a una, responderemos todas\u201d.<\/p>\n<p><a href=\"https:\/\/avispa.org\/que-es-el-tianguis-autogestivo-y-disidente-que-la-policia-desalojo-a-golpes-en-oaxaca\/\" target=\"_blank\" rel=\"noopener noreferrer\">https:\/\/avispa.org\/que-es-el-tianguis-autogestivo-y-disidente-que-la-policia-desalojo-a-golpes-en-oaxaca\/<\/a><\/p>\n","protected":false},"excerpt":{"rendered":"<p>Avispa Midia \/ Rafael E. Lozano. Frente a la crisis sanitaria y econ\u00f3mica, el tianguis naciente propone trueque y autogesti\u00f3n. Despu\u00e9s de la agresi\u00f3n policiaca se declara en resistencia. La &hellip; <a href=\"https:\/\/www.grieta.org.mx\/index.php\/2020\/11\/12\/que-es-el-tianguis-autogestivo-y-disidente-que-la-policia-desalojo-a-golpes-en-oaxaca\/\" class=\"more-link\">Leer m\u00e1s<\/a><\/p>\n","protected":false},"author":2,"featured_media":55043,"comment_status":"closed","ping_status":"closed","sticky":false,"template":"","format":"standard","meta":{"ngg_post_thumbnail":0,"_jetpack_newsletter_access":"","_jetpack_dont_email_post_to_subs":false,"_jetpack_newsletter_tier_id":0,"_jetpack_memberships_contains_paywalled_content":false,"_jetpack_memberships_contains_paid_content":false,"footnotes":""},"categories":[2242,80,1797,25,1496,2909,83],"tags":[],"class_list":["post-55042","post","type-post","status-publish","format-standard","has-post-thumbnail","hentry","category-brutalidad-policiaca-en-oaxaca","category-cintillo","category-defensa-del-pequeno-comercio-en-oaxaca","category-oaxaca","category-represion-en-oaxaca","category-resistencias-y-rebeldias-en-oaxaca","category-temas-nacionales","entry"],"jetpack_featured_media_url":"https:\/\/www.grieta.org.mx\/wp-content\/uploads\/2020\/11\/a.png","jetpack_sharing_enabled":true,"jetpack_shortlink":"https:\/\/wp.me\/p7ZJR4-ejM","jetpack_likes_enabled":false,"jetpack-related-posts":[{"id":57044,"url":"https:\/\/www.grieta.org.mx\/index.php\/2021\/02\/19\/gobierno-de-oaxaca-intentara-boicotear-accion-en-memoria-de-samir-flores\/","url_meta":{"origin":55042,"position":0},"title":"Gobierno de Oaxaca intentar\u00e1 boicotear Acci\u00f3n en memoria de Samir Flores","author":"grieta","date":"19 febrero, 2021","format":false,"excerpt":"Avispa Midia \/ Na\u00f1\u00ed Pinto Foto de portada por Santiago Navarro F. Vecinos del el Jard\u00edn Carbajal, en la tur\u00edstica ciudad de Oaxaca, han alertado a los participantes que llevar\u00e1n acabo la Acci\u00f3n Informativa y Art\u00edstica por la Vida y contra los Megaproyectos, este s\u00e1bado 20 de febrero, que el\u2026","rel":"","context":"En &quot;CINTILLO&quot;","block_context":{"text":"CINTILLO","link":"https:\/\/www.grieta.org.mx\/index.php\/category\/cintillo\/"},"img":{"alt_text":"","src":"https:\/\/i0.wp.com\/www.grieta.org.mx\/wp-content\/uploads\/2021\/02\/Aniversarios-asesinato-Samir-Flores-19-1536x1093-1.jpg?resize=350%2C200&ssl=1","width":350,"height":200,"srcset":"https:\/\/i0.wp.com\/www.grieta.org.mx\/wp-content\/uploads\/2021\/02\/Aniversarios-asesinato-Samir-Flores-19-1536x1093-1.jpg?resize=350%2C200&ssl=1 1x, https:\/\/i0.wp.com\/www.grieta.org.mx\/wp-content\/uploads\/2021\/02\/Aniversarios-asesinato-Samir-Flores-19-1536x1093-1.jpg?resize=525%2C300&ssl=1 1.5x, https:\/\/i0.wp.com\/www.grieta.org.mx\/wp-content\/uploads\/2021\/02\/Aniversarios-asesinato-Samir-Flores-19-1536x1093-1.jpg?resize=700%2C400&ssl=1 2x, https:\/\/i0.wp.com\/www.grieta.org.mx\/wp-content\/uploads\/2021\/02\/Aniversarios-asesinato-Samir-Flores-19-1536x1093-1.jpg?resize=1050%2C600&ssl=1 3x, https:\/\/i0.wp.com\/www.grieta.org.mx\/wp-content\/uploads\/2021\/02\/Aniversarios-asesinato-Samir-Flores-19-1536x1093-1.jpg?resize=1400%2C800&ssl=1 4x"},"classes":[]},{"id":57208,"url":"https:\/\/www.grieta.org.mx\/index.php\/2021\/02\/21\/voces-contra-megaproyectos-en-oaxaca-se-suman-a-pesar-de-intimidaciones\/","url_meta":{"origin":55042,"position":1},"title":"Voces contra megaproyectos en Oaxaca se suman a pesar de intimidaciones","author":"grieta","date":"21 febrero, 2021","format":false,"excerpt":"Avispa Midia \/ Na\u00f1\u00ed Pinto. El reloj marcaba las 10 horas de la ma\u00f1ana del d\u00eda 20 de febrero. Era la hora que los colectivos y participantes hab\u00edan acordado para iniciar la Acci\u00f3n Informativa y Art\u00edstica contra los Megaproyectos en Oaxaca. Una actividad m\u00e1s que se realizaba en M\u00e9xico y\u2026","rel":"","context":"En &quot;CINTILLO&quot;","block_context":{"text":"CINTILLO","link":"https:\/\/www.grieta.org.mx\/index.php\/category\/cintillo\/"},"img":{"alt_text":"","src":"https:\/\/i0.wp.com\/www.grieta.org.mx\/wp-content\/uploads\/2021\/02\/1-5.jpg?resize=350%2C200&ssl=1","width":350,"height":200,"srcset":"https:\/\/i0.wp.com\/www.grieta.org.mx\/wp-content\/uploads\/2021\/02\/1-5.jpg?resize=350%2C200&ssl=1 1x, https:\/\/i0.wp.com\/www.grieta.org.mx\/wp-content\/uploads\/2021\/02\/1-5.jpg?resize=525%2C300&ssl=1 1.5x, https:\/\/i0.wp.com\/www.grieta.org.mx\/wp-content\/uploads\/2021\/02\/1-5.jpg?resize=700%2C400&ssl=1 2x, https:\/\/i0.wp.com\/www.grieta.org.mx\/wp-content\/uploads\/2021\/02\/1-5.jpg?resize=1050%2C600&ssl=1 3x, https:\/\/i0.wp.com\/www.grieta.org.mx\/wp-content\/uploads\/2021\/02\/1-5.jpg?resize=1400%2C800&ssl=1 4x"},"classes":[]},{"id":55954,"url":"https:\/\/www.grieta.org.mx\/index.php\/2020\/12\/10\/aumenta-violencia-feminicida-y-transfeminicida-en-oaxaca\/","url_meta":{"origin":55042,"position":2},"title":"Aumenta violencia feminicida y transfeminicida en Oaxaca","author":"grieta","date":"10 diciembre, 2020","format":false,"excerpt":"Radio Zapatista. Geovanna \u00c1ngulo Ramos ten\u00eda 27 a\u00f1os y era maestra de danza cuando desapareci\u00f3 en San Agust\u00edn Etla, Oaxaca, el d\u00eda 25 de noviembre. 5 d\u00edas despu\u00e9s, su cuerpo fue encontrado sin vida en un barranco de Suchilquitongo, Etla. Al d\u00eda siguiente, Sherlyn fue asesinada en su est\u00e9tica, en\u2026","rel":"","context":"En &quot;CINTILLO&quot;","block_context":{"text":"CINTILLO","link":"https:\/\/www.grieta.org.mx\/index.php\/category\/cintillo\/"},"img":{"alt_text":"","src":"https:\/\/i0.wp.com\/www.grieta.org.mx\/wp-content\/uploads\/2018\/03\/14524434_1106112876131411_958039263622046936_o.jpg?resize=350%2C200&ssl=1","width":350,"height":200,"srcset":"https:\/\/i0.wp.com\/www.grieta.org.mx\/wp-content\/uploads\/2018\/03\/14524434_1106112876131411_958039263622046936_o.jpg?resize=350%2C200&ssl=1 1x, https:\/\/i0.wp.com\/www.grieta.org.mx\/wp-content\/uploads\/2018\/03\/14524434_1106112876131411_958039263622046936_o.jpg?resize=525%2C300&ssl=1 1.5x, https:\/\/i0.wp.com\/www.grieta.org.mx\/wp-content\/uploads\/2018\/03\/14524434_1106112876131411_958039263622046936_o.jpg?resize=700%2C400&ssl=1 2x"},"classes":[]},{"id":21085,"url":"https:\/\/www.grieta.org.mx\/index.php\/2016\/09\/05\/inicia-concentracion-de-normalistas-en-el-creno-oaxaca\/","url_meta":{"origin":55042,"position":3},"title":"Inicia concentraci\u00f3n de normalistas en el CRENO  (Oaxaca)","author":"grieta","date":"5 septiembre, 2016","format":false,"excerpt":"Quadrat\u00edn. Oscar Garc\u00eda, Oaxaca.- Estudiantes de las 11 normales de la entidad se empezaron a concentrar en las instalaciones del Centro Regional de Educaci\u00f3n Normal de Oaxaca (CRENO). En el patio de esa escuela, ubicada al norte de la ciudad de Oaxaca, los estudiantes est\u00e1n colocando sus casas de campa\u00f1a.\u2026","rel":"","context":"En &quot;CINTILLO&quot;","block_context":{"text":"CINTILLO","link":"https:\/\/www.grieta.org.mx\/index.php\/category\/cintillo\/"},"img":{"alt_text":"","src":"https:\/\/i0.wp.com\/www.grieta.org.mx\/wp-content\/uploads\/2018\/03\/14524434_1106112876131411_958039263622046936_o.jpg?resize=350%2C200&ssl=1","width":350,"height":200,"srcset":"https:\/\/i0.wp.com\/www.grieta.org.mx\/wp-content\/uploads\/2018\/03\/14524434_1106112876131411_958039263622046936_o.jpg?resize=350%2C200&ssl=1 1x, https:\/\/i0.wp.com\/www.grieta.org.mx\/wp-content\/uploads\/2018\/03\/14524434_1106112876131411_958039263622046936_o.jpg?resize=525%2C300&ssl=1 1.5x, https:\/\/i0.wp.com\/www.grieta.org.mx\/wp-content\/uploads\/2018\/03\/14524434_1106112876131411_958039263622046936_o.jpg?resize=700%2C400&ssl=1 2x"},"classes":[]},{"id":18693,"url":"https:\/\/www.grieta.org.mx\/index.php\/2016\/08\/01\/retiene-seccion-22-del-snte-otros-tres-vehiculos-de-empresas-oaxaca\/","url_meta":{"origin":55042,"position":4},"title":"Retiene Secci\u00f3n 22 del SNTE otros tres veh\u00edculos de empresas  (Oaxaca)","author":"grieta","date":"1 agosto, 2016","format":false,"excerpt":"Oscar Garc\u00eda, Oaxaca.- La Secci\u00f3n 22 del SNTE retuvo este lunes otras tres unidades de empresas para reforzar su bloqueo en la calle de Crespo, por donde dej\u00f3 abierto el paso peatonal y a trav\u00e9s de las escaleras del Fort\u00edn. Con un meg\u00e1fono, los inconformes advierten que no habr\u00e1 paso\u2026","rel":"","context":"En &quot;CINTILLO&quot;","block_context":{"text":"CINTILLO","link":"https:\/\/www.grieta.org.mx\/index.php\/category\/cintillo\/"},"img":{"alt_text":"","src":"https:\/\/i0.wp.com\/www.grieta.org.mx\/wp-content\/uploads\/2018\/03\/14524434_1106112876131411_958039263622046936_o.jpg?resize=350%2C200&ssl=1","width":350,"height":200,"srcset":"https:\/\/i0.wp.com\/www.grieta.org.mx\/wp-content\/uploads\/2018\/03\/14524434_1106112876131411_958039263622046936_o.jpg?resize=350%2C200&ssl=1 1x, https:\/\/i0.wp.com\/www.grieta.org.mx\/wp-content\/uploads\/2018\/03\/14524434_1106112876131411_958039263622046936_o.jpg?resize=525%2C300&ssl=1 1.5x, https:\/\/i0.wp.com\/www.grieta.org.mx\/wp-content\/uploads\/2018\/03\/14524434_1106112876131411_958039263622046936_o.jpg?resize=700%2C400&ssl=1 2x"},"classes":[]},{"id":915,"url":"https:\/\/www.grieta.org.mx\/index.php\/2015\/11\/28\/profesores-del-estado-de-mexico-condenan-presencia-policiaca-en-oaxaca\/","url_meta":{"origin":55042,"position":5},"title":"Profesores del Estado de M\u00e9xico condenan presencia policiaca en Oaxaca","author":"grieta","date":"28 noviembre, 2015","format":false,"excerpt":"Nezahualc\u00f3yotl, M\u00e9x.- 28 de Noviembre Aunque no impidieron que el examen de evaluaci\u00f3n se llevara a cabo, profesores del Magisterio Mexiquense se manifestaron este s\u00e1bado por tercera ocasi\u00f3n en las sedes donde la Secretar\u00eda de Educaci\u00f3n P\u00fablica (SEP) lleva a cabo la \u00faltima etapa de la primera vuelta del examen\u2026","rel":"","context":"En &quot;CINTILLO&quot;","block_context":{"text":"CINTILLO","link":"https:\/\/www.grieta.org.mx\/index.php\/category\/cintillo\/"},"img":{"alt_text":"","src":"https:\/\/i0.wp.com\/www.grieta.org.mx\/wp-content\/uploads\/2018\/03\/14524434_1106112876131411_958039263622046936_o.jpg?resize=350%2C200&ssl=1","width":350,"height":200,"srcset":"https:\/\/i0.wp.com\/www.grieta.org.mx\/wp-content\/uploads\/2018\/03\/14524434_1106112876131411_958039263622046936_o.jpg?resize=350%2C200&ssl=1 1x, https:\/\/i0.wp.com\/www.grieta.org.mx\/wp-content\/uploads\/2018\/03\/14524434_1106112876131411_958039263622046936_o.jpg?resize=525%2C300&ssl=1 1.5x, https:\/\/i0.wp.com\/www.grieta.org.mx\/wp-content\/uploads\/2018\/03\/14524434_1106112876131411_958039263622046936_o.jpg?resize=700%2C400&ssl=1 2x"},"classes":[]}],"_links":{"self":[{"href":"https:\/\/www.grieta.org.mx\/index.php\/wp-json\/wp\/v2\/posts\/55042","targetHints":{"allow":["GET"]}}],"collection":[{"href":"https:\/\/www.grieta.org.mx\/index.php\/wp-json\/wp\/v2\/posts"}],"about":[{"href":"https:\/\/www.grieta.org.mx\/index.php\/wp-json\/wp\/v2\/types\/post"}],"author":[{"embeddable":true,"href":"https:\/\/www.grieta.org.mx\/index.php\/wp-json\/wp\/v2\/users\/2"}],"replies":[{"embeddable":true,"href":"https:\/\/www.grieta.org.mx\/index.php\/wp-json\/wp\/v2\/comments?post=55042"}],"version-history":[{"count":1,"href":"https:\/\/www.grieta.org.mx\/index.php\/wp-json\/wp\/v2\/posts\/55042\/revisions"}],"predecessor-version":[{"id":55060,"href":"https:\/\/www.grieta.org.mx\/index.php\/wp-json\/wp\/v2\/posts\/55042\/revisions\/55060"}],"wp:featuredmedia":[{"embeddable":true,"href":"https:\/\/www.grieta.org.mx\/index.php\/wp-json\/wp\/v2\/media\/55043"}],"wp:attachment":[{"href":"https:\/\/www.grieta.org.mx\/index.php\/wp-json\/wp\/v2\/media?parent=55042"}],"wp:term":[{"taxonomy":"category","embeddable":true,"href":"https:\/\/www.grieta.org.mx\/index.php\/wp-json\/wp\/v2\/categories?post=55042"},{"taxonomy":"post_tag","embeddable":true,"href":"https:\/\/www.grieta.org.mx\/index.php\/wp-json\/wp\/v2\/tags?post=55042"}],"curies":[{"name":"wp","href":"https:\/\/api.w.org\/{rel}","templated":true}]}}