{"id":5503,"date":"2015-06-16T06:16:53","date_gmt":"2015-06-16T06:16:53","guid":{"rendered":"http:\/\/50.22.11.12\/~grietaor\/?p=5503"},"modified":"2016-03-27T06:18:33","modified_gmt":"2016-03-27T06:18:33","slug":"marcha-la-cnte-en-oaxaca-y-ciudad-de-mexico-manana-regresan-a-las-aulas","status":"publish","type":"post","link":"https:\/\/www.grieta.org.mx\/index.php\/2015\/06\/16\/marcha-la-cnte-en-oaxaca-y-ciudad-de-mexico-manana-regresan-a-las-aulas\/","title":{"rendered":"Marcha la CNTE en Oaxaca y ciudad de M\u00e9xico, ma\u00f1ana regresan a las aulas"},"content":{"rendered":"<p>David Yeudiel, Oaxaca.<\/p>\n<p>Profesores y profesoras de la Secci\u00f3n 22 adheridos a la Coordinadora Nacional de Trabajadores de la Educaci\u00f3n marcharon este martes en la capital Oaxaque\u00f1a y la Ciudad de M\u00e9xico, como parte de sus acciones de protesta en contra de la reforma educativa.<\/p>\n<p>En Oaxaca el contingente magisterial exige a su vez la liberaci\u00f3n de los  25 detenidos el pasado 7 de junio, durante la jornada de movilizaciones que ten\u00edan como objetivo el boicot al proceso electoral. Los profesores y profesoras se\u00f1alan detenciones arbitrarias ya que no se les aprendi\u00f3 en flagrancia ni se tienen pruebas que vinculen directamente a los detenidos con los hechos, por lo que exigieron su inmediata liberaci\u00f3n.<\/p>\n<p>En la ciudad de M\u00e9xico las y los agremiados a la Coordinadora, marcharon por paseo de la reforma hacia el hemiciclo a Ju\u00e1rez, seguidos de cerca por elementos de la Secretar\u00eda de Seguridad P\u00fablica del Distrito Federal (SSP-DF) sin que se registraran incidentes.<\/p>\n<p>Terminadas las manifestaciones, los maestros y maestras se desplazar\u00e1n a sus comunidades para reanudar con sus actividades acad\u00e9micas a partir de este mi\u00e9rcoles 17, ya que seg\u00fan inform\u00f3 el secretario general de la Secci\u00f3n 22, Rub\u00e9n Nu\u00f1ez Ginez, es un compromiso que se tiene con los estudiantes, padres de familia y autoridades de las diferentes comunidades para concluir en tiempo y forma con el ciclo escolar.<\/p>\n<p>Sin embargo se anunci\u00f3 una asamblea nacional extraordinaria en la que se valorar\u00e1 el plan de acci\u00f3n para continuar con las demandas de la CNTE, al tiempo que se asegur\u00f3 la persistencia de los plantones en el z\u00f3calo de Oaxaca y  monumento a la Revoluci\u00f3n en la ciudad de M\u00e9xico, con una plantilla representativa.<\/p>\n<p>Pagos Retenidos.<\/p>\n<p>Previo a la realizaci\u00f3n de las movilizaciones, los profesores y profesoras de la Secci\u00f3n 22 recibieron el pago correspondiente a la primera quincena del mes de junio, la cual hab\u00eda sido retenida por el gobierno federal, condicionada hasta reanudar las clases, por lo que con el compromiso de reincorporarse a las aulas este mi\u00e9rcoles, la Secretar\u00eda de Educaci\u00f3n P\u00fablica (SEP), liber\u00f3 los pagos correspondientes en los cuales no se realiz\u00f3 descuento alguno por los d\u00edas en que permanecieron en paro.<\/p>\n<p><a href=\"http:\/\/www.vocesoaxaca.com\/?p=455\" target=\"_blank\">www.vocesoaxaca.com\/?p=455<\/a><\/p>\n","protected":false},"excerpt":{"rendered":"<p>David Yeudiel, Oaxaca. Profesores y profesoras de la Secci\u00f3n 22 adheridos a la Coordinadora Nacional de Trabajadores de la Educaci\u00f3n marcharon este martes en la capital Oaxaque\u00f1a y la Ciudad &hellip; <a href=\"https:\/\/www.grieta.org.mx\/index.php\/2015\/06\/16\/marcha-la-cnte-en-oaxaca-y-ciudad-de-mexico-manana-regresan-a-las-aulas\/\" class=\"more-link\">Leer m\u00e1s<\/a><\/p>\n","protected":false},"author":2,"featured_media":21928,"comment_status":"closed","ping_status":"open","sticky":false,"template":"","format":"standard","meta":{"ngg_post_thumbnail":0,"_jetpack_newsletter_access":"","_jetpack_dont_email_post_to_subs":false,"_jetpack_newsletter_tier_id":0,"_jetpack_memberships_contains_paywalled_content":false,"_jetpack_memberships_contains_paid_content":false,"footnotes":""},"categories":[80],"tags":[105,133,93,180,135],"class_list":["post-5503","post","type-post","status-publish","format-standard","has-post-thumbnail","hentry","category-cintillo","tag-derechos-laborales","tag-maestros","tag-oaxaca","tag-protesta","tag-reforma-educativa","entry"],"jetpack_featured_media_url":"https:\/\/www.grieta.org.mx\/wp-content\/uploads\/2018\/03\/14524434_1106112876131411_958039263622046936_o.jpg","jetpack_sharing_enabled":true,"jetpack_shortlink":"https:\/\/wp.me\/p7ZJR4-1qL","jetpack_likes_enabled":false,"jetpack-related-posts":[{"id":1909,"url":"https:\/\/www.grieta.org.mx\/index.php\/2016\/01\/26\/realizan-profesores-de-la-seccion-22-marcha-en-juchitan\/","url_meta":{"origin":5503,"position":0},"title":"Realizan profesores de la secci\u00f3n 22 marcha en Juchitan","author":"grieta","date":"26 enero, 2016","format":false,"excerpt":"Istmopress. E. Santiago, Juchit\u00e1n, Oaxaca.- Unos doscientos profesores de la secci\u00f3n 22 marchan en esta ciudad, para exigir liberaci\u00f3n de cuatro compa\u00f1eros detenidos. Encabezados por l\u00edder magisterial de la regi\u00f3n del Istmo Adrian Ram\u00edrez Castillo, los mentores iniciaron su movilizaci\u00f3n partiendo del Crucero hasta llegar al palacio municipal. Frente al\u2026","rel":"","context":"En &quot;CINTILLO&quot;","block_context":{"text":"CINTILLO","link":"https:\/\/www.grieta.org.mx\/index.php\/category\/cintillo\/"},"img":{"alt_text":"","src":"https:\/\/i0.wp.com\/www.grieta.org.mx\/wp-content\/uploads\/2018\/03\/14524434_1106112876131411_958039263622046936_o.jpg?resize=350%2C200&ssl=1","width":350,"height":200,"srcset":"https:\/\/i0.wp.com\/www.grieta.org.mx\/wp-content\/uploads\/2018\/03\/14524434_1106112876131411_958039263622046936_o.jpg?resize=350%2C200&ssl=1 1x, https:\/\/i0.wp.com\/www.grieta.org.mx\/wp-content\/uploads\/2018\/03\/14524434_1106112876131411_958039263622046936_o.jpg?resize=525%2C300&ssl=1 1.5x, https:\/\/i0.wp.com\/www.grieta.org.mx\/wp-content\/uploads\/2018\/03\/14524434_1106112876131411_958039263622046936_o.jpg?resize=700%2C400&ssl=1 2x"},"classes":[]},{"id":13825,"url":"https:\/\/www.grieta.org.mx\/index.php\/2016\/06\/07\/inicia-seccion-22-del-snte-protesta-permanente-en-instalaciones-del-ieepo\/","url_meta":{"origin":5503,"position":1},"title":"Inicia Secci\u00f3n 22 del SNTE protesta permanente en instalaciones del IEEPO","author":"grieta","date":"7 junio, 2016","format":false,"excerpt":"Francisco Cruz, Oaxaca. Maestros y maestras de la Secci\u00f3n 22 del Sindicato Nacional de Trabajadores de la Educaci\u00f3n (SNTE) iniciaron un hoy un \u201cacordonamiento permanente\u201d a las instalaciones del Instituto Estatal de Educaci\u00f3n P\u00fablica de Oaxaca (IEEPO). Los profesores de cada regi\u00f3n se instalar\u00e1n en plant\u00f3n a los alrededores del\u2026","rel":"","context":"En &quot;CINTILLO&quot;","block_context":{"text":"CINTILLO","link":"https:\/\/www.grieta.org.mx\/index.php\/category\/cintillo\/"},"img":{"alt_text":"","src":"https:\/\/i0.wp.com\/www.grieta.org.mx\/wp-content\/uploads\/2018\/03\/14524434_1106112876131411_958039263622046936_o.jpg?resize=350%2C200&ssl=1","width":350,"height":200,"srcset":"https:\/\/i0.wp.com\/www.grieta.org.mx\/wp-content\/uploads\/2018\/03\/14524434_1106112876131411_958039263622046936_o.jpg?resize=350%2C200&ssl=1 1x, https:\/\/i0.wp.com\/www.grieta.org.mx\/wp-content\/uploads\/2018\/03\/14524434_1106112876131411_958039263622046936_o.jpg?resize=525%2C300&ssl=1 1.5x, https:\/\/i0.wp.com\/www.grieta.org.mx\/wp-content\/uploads\/2018\/03\/14524434_1106112876131411_958039263622046936_o.jpg?resize=700%2C400&ssl=1 2x"},"classes":[]},{"id":18696,"url":"https:\/\/www.grieta.org.mx\/index.php\/2016\/08\/01\/maestros-realizan-3-bloqueos-en-oaxaca-toman-accesos-a-guelaguetza\/","url_meta":{"origin":5503,"position":2},"title":"Maestros realizan 3 bloqueos en Oaxaca; toman accesos a Guelaguetza","author":"grieta","date":"1 agosto, 2016","format":false,"excerpt":"Redacci\u00f3n Reporte Indigo Varios grupos de integrantes de la Secci\u00f3n 22 de la Coordinadora Nacional de los Trabajadores de la Educaci\u00f3n (CNTE), tomaron varias vialidades de la ciudad de Oaxaca. Los profesores mantienen tomados los 3 accesos principales al Cerro del Fort\u00edn, en tanto polic\u00edas estatales vigilan los cercos portando\u2026","rel":"","context":"En &quot;CINTILLO&quot;","block_context":{"text":"CINTILLO","link":"https:\/\/www.grieta.org.mx\/index.php\/category\/cintillo\/"},"img":{"alt_text":"","src":"https:\/\/i0.wp.com\/www.grieta.org.mx\/wp-content\/uploads\/2018\/03\/14524434_1106112876131411_958039263622046936_o.jpg?resize=350%2C200&ssl=1","width":350,"height":200,"srcset":"https:\/\/i0.wp.com\/www.grieta.org.mx\/wp-content\/uploads\/2018\/03\/14524434_1106112876131411_958039263622046936_o.jpg?resize=350%2C200&ssl=1 1x, https:\/\/i0.wp.com\/www.grieta.org.mx\/wp-content\/uploads\/2018\/03\/14524434_1106112876131411_958039263622046936_o.jpg?resize=525%2C300&ssl=1 1.5x, https:\/\/i0.wp.com\/www.grieta.org.mx\/wp-content\/uploads\/2018\/03\/14524434_1106112876131411_958039263622046936_o.jpg?resize=700%2C400&ssl=1 2x"},"classes":[]},{"id":15280,"url":"https:\/\/www.grieta.org.mx\/index.php\/2016\/06\/22\/maestros-se-unen-a-movimiento\/","url_meta":{"origin":5503,"position":3},"title":"Maestros se unen a movimiento (Sinaloa)","author":"grieta","date":"22 junio, 2016","format":false,"excerpt":"Redacci\u00f3n El Debate, Sinaloa. Guasave, Sinaloa.- El representante de la CNTE en el municipio, Jos\u00e9 Pilar S\u00e1inz, se\u00f1al\u00f3 que en medida de protesta a las reformas de la salud y la educaci\u00f3n se unieron al movimiento de los m\u00e9dicos. Durante su manifestaci\u00f3n, que se llev\u00f3 a cabo por la tarde,\u2026","rel":"","context":"En &quot;CINTILLO&quot;","block_context":{"text":"CINTILLO","link":"https:\/\/www.grieta.org.mx\/index.php\/category\/cintillo\/"},"img":{"alt_text":"","src":"https:\/\/i0.wp.com\/www.grieta.org.mx\/wp-content\/uploads\/2018\/03\/14524434_1106112876131411_958039263622046936_o.jpg?resize=350%2C200&ssl=1","width":350,"height":200,"srcset":"https:\/\/i0.wp.com\/www.grieta.org.mx\/wp-content\/uploads\/2018\/03\/14524434_1106112876131411_958039263622046936_o.jpg?resize=350%2C200&ssl=1 1x, https:\/\/i0.wp.com\/www.grieta.org.mx\/wp-content\/uploads\/2018\/03\/14524434_1106112876131411_958039263622046936_o.jpg?resize=525%2C300&ssl=1 1.5x, https:\/\/i0.wp.com\/www.grieta.org.mx\/wp-content\/uploads\/2018\/03\/14524434_1106112876131411_958039263622046936_o.jpg?resize=700%2C400&ssl=1 2x"},"classes":[]},{"id":14316,"url":"https:\/\/www.grieta.org.mx\/index.php\/2016\/06\/15\/barricadas-marchas-y-bloqueos-a-10-anos-del-fallido-desalojo-de-maestros-en-oaxaca\/","url_meta":{"origin":5503,"position":4},"title":"Barricadas, marchas y bloqueos, a 10 a\u00f1os del fallido desalojo de maestros en Oaxaca","author":"grieta","date":"15 junio, 2016","format":false,"excerpt":"Jorge A. P\u00e9rez y Diana Manzo, Oaxaca Profesores afiliados a la secci\u00f3n 22 de la Coordinadora Nacional de los Trabajadores de la Educaci\u00f3n (CNTE), quienes se oponen a la implementaci\u00f3n de la reforma educativa, conmemoraron este martes con una marcha el d\u00e9cimo aniversario de que el ex gobernador pri\u00edsta de\u2026","rel":"","context":"En &quot;CINTILLO&quot;","block_context":{"text":"CINTILLO","link":"https:\/\/www.grieta.org.mx\/index.php\/category\/cintillo\/"},"img":{"alt_text":"","src":"https:\/\/i0.wp.com\/www.grieta.org.mx\/wp-content\/uploads\/2018\/03\/14524434_1106112876131411_958039263622046936_o.jpg?resize=350%2C200&ssl=1","width":350,"height":200,"srcset":"https:\/\/i0.wp.com\/www.grieta.org.mx\/wp-content\/uploads\/2018\/03\/14524434_1106112876131411_958039263622046936_o.jpg?resize=350%2C200&ssl=1 1x, https:\/\/i0.wp.com\/www.grieta.org.mx\/wp-content\/uploads\/2018\/03\/14524434_1106112876131411_958039263622046936_o.jpg?resize=525%2C300&ssl=1 1.5x, https:\/\/i0.wp.com\/www.grieta.org.mx\/wp-content\/uploads\/2018\/03\/14524434_1106112876131411_958039263622046936_o.jpg?resize=700%2C400&ssl=1 2x"},"classes":[]},{"id":915,"url":"https:\/\/www.grieta.org.mx\/index.php\/2015\/11\/28\/profesores-del-estado-de-mexico-condenan-presencia-policiaca-en-oaxaca\/","url_meta":{"origin":5503,"position":5},"title":"Profesores del Estado de M\u00e9xico condenan presencia policiaca en Oaxaca","author":"grieta","date":"28 noviembre, 2015","format":false,"excerpt":"Nezahualc\u00f3yotl, M\u00e9x.- 28 de Noviembre Aunque no impidieron que el examen de evaluaci\u00f3n se llevara a cabo, profesores del Magisterio Mexiquense se manifestaron este s\u00e1bado por tercera ocasi\u00f3n en las sedes donde la Secretar\u00eda de Educaci\u00f3n P\u00fablica (SEP) lleva a cabo la \u00faltima etapa de la primera vuelta del examen\u2026","rel":"","context":"En &quot;CINTILLO&quot;","block_context":{"text":"CINTILLO","link":"https:\/\/www.grieta.org.mx\/index.php\/category\/cintillo\/"},"img":{"alt_text":"","src":"https:\/\/i0.wp.com\/www.grieta.org.mx\/wp-content\/uploads\/2018\/03\/14524434_1106112876131411_958039263622046936_o.jpg?resize=350%2C200&ssl=1","width":350,"height":200,"srcset":"https:\/\/i0.wp.com\/www.grieta.org.mx\/wp-content\/uploads\/2018\/03\/14524434_1106112876131411_958039263622046936_o.jpg?resize=350%2C200&ssl=1 1x, https:\/\/i0.wp.com\/www.grieta.org.mx\/wp-content\/uploads\/2018\/03\/14524434_1106112876131411_958039263622046936_o.jpg?resize=525%2C300&ssl=1 1.5x, https:\/\/i0.wp.com\/www.grieta.org.mx\/wp-content\/uploads\/2018\/03\/14524434_1106112876131411_958039263622046936_o.jpg?resize=700%2C400&ssl=1 2x"},"classes":[]}],"_links":{"self":[{"href":"https:\/\/www.grieta.org.mx\/index.php\/wp-json\/wp\/v2\/posts\/5503","targetHints":{"allow":["GET"]}}],"collection":[{"href":"https:\/\/www.grieta.org.mx\/index.php\/wp-json\/wp\/v2\/posts"}],"about":[{"href":"https:\/\/www.grieta.org.mx\/index.php\/wp-json\/wp\/v2\/types\/post"}],"author":[{"embeddable":true,"href":"https:\/\/www.grieta.org.mx\/index.php\/wp-json\/wp\/v2\/users\/2"}],"replies":[{"embeddable":true,"href":"https:\/\/www.grieta.org.mx\/index.php\/wp-json\/wp\/v2\/comments?post=5503"}],"version-history":[{"count":1,"href":"https:\/\/www.grieta.org.mx\/index.php\/wp-json\/wp\/v2\/posts\/5503\/revisions"}],"predecessor-version":[{"id":5504,"href":"https:\/\/www.grieta.org.mx\/index.php\/wp-json\/wp\/v2\/posts\/5503\/revisions\/5504"}],"wp:featuredmedia":[{"embeddable":true,"href":"https:\/\/www.grieta.org.mx\/index.php\/wp-json\/wp\/v2\/media\/21928"}],"wp:attachment":[{"href":"https:\/\/www.grieta.org.mx\/index.php\/wp-json\/wp\/v2\/media?parent=5503"}],"wp:term":[{"taxonomy":"category","embeddable":true,"href":"https:\/\/www.grieta.org.mx\/index.php\/wp-json\/wp\/v2\/categories?post=5503"},{"taxonomy":"post_tag","embeddable":true,"href":"https:\/\/www.grieta.org.mx\/index.php\/wp-json\/wp\/v2\/tags?post=5503"}],"curies":[{"name":"wp","href":"https:\/\/api.w.org\/{rel}","templated":true}]}}