{"id":54870,"date":"2020-11-06T01:32:59","date_gmt":"2020-11-06T07:32:59","guid":{"rendered":"http:\/\/www.grieta.org.mx\/?p=54870"},"modified":"2020-11-09T01:38:36","modified_gmt":"2020-11-09T07:38:36","slug":"enfermeros-se-manifiestan-en-coacalco-exigen-equipo-para-enfrentar-la-pandemia-estado-de-mexico","status":"publish","type":"post","link":"https:\/\/www.grieta.org.mx\/index.php\/2020\/11\/06\/enfermeros-se-manifiestan-en-coacalco-exigen-equipo-para-enfrentar-la-pandemia-estado-de-mexico\/","title":{"rendered":"Enfermeros se manifiestan en Coacalco, exigen equipo para enfrentar la pandemia (Estado de M\u00e9xico)"},"content":{"rendered":"<p><img loading=\"lazy\" decoding=\"async\" data-attachment-id=\"54871\" data-permalink=\"https:\/\/www.grieta.org.mx\/index.php\/2020\/11\/06\/enfermeros-se-manifiestan-en-coacalco-exigen-equipo-para-enfrentar-la-pandemia-estado-de-mexico\/enfermeros-se-manifiestan-en-coacalco-exigen-equipo-para-enfrentar-la-pandemia-edomex-nov\/\" data-orig-file=\"https:\/\/www.grieta.org.mx\/wp-content\/uploads\/2020\/11\/Enfermeros-se-manifiestan-en-Coacalco-exigen-equipo-para-enfrentar-la-pandemia-edomex-nov.jpeg\" data-orig-size=\"750,375\" data-comments-opened=\"0\" data-image-meta=\"{&quot;aperture&quot;:&quot;0&quot;,&quot;credit&quot;:&quot;&quot;,&quot;camera&quot;:&quot;&quot;,&quot;caption&quot;:&quot;&quot;,&quot;created_timestamp&quot;:&quot;0&quot;,&quot;copyright&quot;:&quot;&quot;,&quot;focal_length&quot;:&quot;0&quot;,&quot;iso&quot;:&quot;0&quot;,&quot;shutter_speed&quot;:&quot;0&quot;,&quot;title&quot;:&quot;&quot;,&quot;orientation&quot;:&quot;0&quot;}\" data-image-title=\"Enfermeros se manifiestan en Coacalco, exigen equipo para enfrentar la pandemia edomex nov\" data-image-description=\"\" data-image-caption=\"\" data-medium-file=\"https:\/\/www.grieta.org.mx\/wp-content\/uploads\/2020\/11\/Enfermeros-se-manifiestan-en-Coacalco-exigen-equipo-para-enfrentar-la-pandemia-edomex-nov-300x150.jpeg\" data-large-file=\"https:\/\/www.grieta.org.mx\/wp-content\/uploads\/2020\/11\/Enfermeros-se-manifiestan-en-Coacalco-exigen-equipo-para-enfrentar-la-pandemia-edomex-nov.jpeg\" class=\"alignnone  wp-image-54871\" src=\"http:\/\/www.grieta.org.mx\/wp-content\/uploads\/2020\/11\/Enfermeros-se-manifiestan-en-Coacalco-exigen-equipo-para-enfrentar-la-pandemia-edomex-nov.jpeg\" alt=\"\" width=\"661\" height=\"331\" srcset=\"https:\/\/www.grieta.org.mx\/wp-content\/uploads\/2020\/11\/Enfermeros-se-manifiestan-en-Coacalco-exigen-equipo-para-enfrentar-la-pandemia-edomex-nov.jpeg 750w, https:\/\/www.grieta.org.mx\/wp-content\/uploads\/2020\/11\/Enfermeros-se-manifiestan-en-Coacalco-exigen-equipo-para-enfrentar-la-pandemia-edomex-nov-300x150.jpeg 300w\" sizes=\"auto, (max-width: 661px) 100vw, 661px\" \/><\/p>\n<p>Osvaldo M\u00fcller \/ HoyEstado<\/p>\n<p>Un grupo de <strong>30 enfermeros<\/strong> del <strong>Hospital General de Zona n\u00famero 98 del Instituto Mexicano del Seguro Social (IMSS)<\/strong> ubicado en el municipio de <strong>Coacalco<\/strong> mantienen un<strong>bloqueo<\/strong> al <strong>exterior<\/strong> de la unidad para <strong>exigir<\/strong> la <strong>dotaci\u00f3n<\/strong> de<strong>equipo<\/strong> de <strong>protecci\u00f3n<\/strong> para <strong>enfrentar<\/strong> la <strong>pandemia por Covid-19<\/strong>.<\/p>\n<p>Los manifestantes que portan <strong>cartelones <\/strong>con leyendas como <strong>\u201cNecesitamos material para atender pacientes covid\u201d \u201cQuiero un cubrebocas para protegerme\u201d \u201cQueremos equipos de protecci\u00f3n IMSS\u201d,<\/strong> se han colocado sobre los carriles del <strong>bulevar Coacalco<\/strong> en direcci\u00f3n el eje 15, situaci\u00f3n que ha ocasionado <strong>severo caos vial<\/strong>.<\/p>\n<p>A decir de los trabajadores durante varios d\u00edas han buscado una reuni\u00f3n con el <strong>director<\/strong> del <strong>nosocomio Eduardo S\u00e1nchez<\/strong> <strong>Uribe<\/strong> para exponerle las carencias que sufren \u201cNo contamos con <strong>cubrebocas<\/strong>, <strong>goggles<\/strong>,<strong>ropa quir\u00fargica<\/strong> y estamos <strong>expuestos<\/strong> al virus que todav\u00eda no desaparece\u201d, inform\u00f3 una enfermera que por temor a represalias pidi\u00f3 guardar el anonimato.<\/p>\n<p>Desde hace dos meses est\u00e1 unidad dej\u00f3 de ser considerada como <strong>\u201chospital covid\u201d<\/strong> y volvi\u00f3 a atender padecimientos generales \u201cSe supone que ya no \u00edbamos a recibir pacientes con coronavirus y no ha sido as\u00ed, siguen llegando y por eso la preocupaci\u00f3n, porque no existen las condiciones para seguir brindando el servicio. No nos negamos a trabajar pero que piensen en nosotros y nuestras familias\u201d, mencion\u00f3 la profesional de la salud. Por su parte, el <strong>Instituto Mexicano del Seguro Social,<\/strong> dio a conocer que entablar\u00e1n una <strong>mesa de di\u00e1logo<\/strong> con el personal de enfermer\u00eda\u00a0 y as\u00ed poder <strong>conocer las necesidades<\/strong>, a fin de darles <strong>pronta soluci\u00f3n<\/strong>.<\/p>\n<p><img loading=\"lazy\" decoding=\"async\" data-attachment-id=\"54872\" data-permalink=\"https:\/\/www.grieta.org.mx\/index.php\/2020\/11\/06\/enfermeros-se-manifiestan-en-coacalco-exigen-equipo-para-enfrentar-la-pandemia-estado-de-mexico\/whatsapp-image-2020-11-06-at-17-17-16-1-768x1024\/\" data-orig-file=\"https:\/\/www.grieta.org.mx\/wp-content\/uploads\/2020\/11\/WhatsApp-Image-2020-11-06-at-17.17.16-1-768x1024-1.jpeg\" data-orig-size=\"768,1024\" data-comments-opened=\"0\" data-image-meta=\"{&quot;aperture&quot;:&quot;0&quot;,&quot;credit&quot;:&quot;&quot;,&quot;camera&quot;:&quot;&quot;,&quot;caption&quot;:&quot;&quot;,&quot;created_timestamp&quot;:&quot;0&quot;,&quot;copyright&quot;:&quot;&quot;,&quot;focal_length&quot;:&quot;0&quot;,&quot;iso&quot;:&quot;0&quot;,&quot;shutter_speed&quot;:&quot;0&quot;,&quot;title&quot;:&quot;&quot;,&quot;orientation&quot;:&quot;0&quot;}\" data-image-title=\"WhatsApp-Image-2020-11-06-at-17.17.16-1-768&amp;#215;1024\" data-image-description=\"\" data-image-caption=\"\" data-medium-file=\"https:\/\/www.grieta.org.mx\/wp-content\/uploads\/2020\/11\/WhatsApp-Image-2020-11-06-at-17.17.16-1-768x1024-1-225x300.jpeg\" data-large-file=\"https:\/\/www.grieta.org.mx\/wp-content\/uploads\/2020\/11\/WhatsApp-Image-2020-11-06-at-17.17.16-1-768x1024-1.jpeg\" class=\"alignnone  wp-image-54872\" src=\"http:\/\/www.grieta.org.mx\/wp-content\/uploads\/2020\/11\/WhatsApp-Image-2020-11-06-at-17.17.16-1-768x1024-1.jpeg\" alt=\"\" width=\"641\" height=\"854\" srcset=\"https:\/\/www.grieta.org.mx\/wp-content\/uploads\/2020\/11\/WhatsApp-Image-2020-11-06-at-17.17.16-1-768x1024-1.jpeg 768w, https:\/\/www.grieta.org.mx\/wp-content\/uploads\/2020\/11\/WhatsApp-Image-2020-11-06-at-17.17.16-1-768x1024-1-225x300.jpeg 225w, https:\/\/www.grieta.org.mx\/wp-content\/uploads\/2020\/11\/WhatsApp-Image-2020-11-06-at-17.17.16-1-768x1024-1-375x500.jpeg 375w\" sizes=\"auto, (max-width: 641px) 100vw, 641px\" \/><\/p>\n<p><img loading=\"lazy\" decoding=\"async\" data-attachment-id=\"54873\" data-permalink=\"https:\/\/www.grieta.org.mx\/index.php\/2020\/11\/06\/enfermeros-se-manifiestan-en-coacalco-exigen-equipo-para-enfrentar-la-pandemia-estado-de-mexico\/whatsapp-image-2020-11-06-at-17-17-16-2-768x1024\/\" data-orig-file=\"https:\/\/www.grieta.org.mx\/wp-content\/uploads\/2020\/11\/WhatsApp-Image-2020-11-06-at-17.17.16-2-768x1024-1.jpeg\" data-orig-size=\"768,1024\" data-comments-opened=\"0\" data-image-meta=\"{&quot;aperture&quot;:&quot;0&quot;,&quot;credit&quot;:&quot;&quot;,&quot;camera&quot;:&quot;&quot;,&quot;caption&quot;:&quot;&quot;,&quot;created_timestamp&quot;:&quot;0&quot;,&quot;copyright&quot;:&quot;&quot;,&quot;focal_length&quot;:&quot;0&quot;,&quot;iso&quot;:&quot;0&quot;,&quot;shutter_speed&quot;:&quot;0&quot;,&quot;title&quot;:&quot;&quot;,&quot;orientation&quot;:&quot;0&quot;}\" data-image-title=\"WhatsApp-Image-2020-11-06-at-17.17.16-2-768&amp;#215;1024\" data-image-description=\"\" data-image-caption=\"\" data-medium-file=\"https:\/\/www.grieta.org.mx\/wp-content\/uploads\/2020\/11\/WhatsApp-Image-2020-11-06-at-17.17.16-2-768x1024-1-225x300.jpeg\" data-large-file=\"https:\/\/www.grieta.org.mx\/wp-content\/uploads\/2020\/11\/WhatsApp-Image-2020-11-06-at-17.17.16-2-768x1024-1.jpeg\" class=\"alignnone  wp-image-54873\" src=\"http:\/\/www.grieta.org.mx\/wp-content\/uploads\/2020\/11\/WhatsApp-Image-2020-11-06-at-17.17.16-2-768x1024-1.jpeg\" alt=\"\" width=\"647\" height=\"862\" srcset=\"https:\/\/www.grieta.org.mx\/wp-content\/uploads\/2020\/11\/WhatsApp-Image-2020-11-06-at-17.17.16-2-768x1024-1.jpeg 768w, https:\/\/www.grieta.org.mx\/wp-content\/uploads\/2020\/11\/WhatsApp-Image-2020-11-06-at-17.17.16-2-768x1024-1-225x300.jpeg 225w, https:\/\/www.grieta.org.mx\/wp-content\/uploads\/2020\/11\/WhatsApp-Image-2020-11-06-at-17.17.16-2-768x1024-1-375x500.jpeg 375w\" sizes=\"auto, (max-width: 647px) 100vw, 647px\" \/><\/p>\n<p><a href=\"https:\/\/www.hoyestado.com\/2020\/11\/enfermeros-se-manifiestan-en-coacalco-exigen-equipo-para-enfrentar-la-pandemia\/\" target=\"_blank\" rel=\"noopener noreferrer\">https:\/\/www.hoyestado.com\/2020\/11\/enfermeros-se-manifiestan-en-coacalco-exigen-equipo-para-enfrentar-la-pandemia\/<\/a><\/p>\n<p>&nbsp;<\/p>\n","protected":false},"excerpt":{"rendered":"<p>Osvaldo M\u00fcller \/ HoyEstado Un grupo de 30 enfermeros del Hospital General de Zona n\u00famero 98 del Instituto Mexicano del Seguro Social (IMSS) ubicado en el municipio de Coacalco mantienen &hellip; <a href=\"https:\/\/www.grieta.org.mx\/index.php\/2020\/11\/06\/enfermeros-se-manifiestan-en-coacalco-exigen-equipo-para-enfrentar-la-pandemia-estado-de-mexico\/\" class=\"more-link\">Leer m\u00e1s<\/a><\/p>\n","protected":false},"author":2,"featured_media":54871,"comment_status":"closed","ping_status":"closed","sticky":false,"template":"","format":"standard","meta":{"ngg_post_thumbnail":0,"_jetpack_newsletter_access":"","_jetpack_dont_email_post_to_subs":false,"_jetpack_newsletter_tier_id":0,"_jetpack_memberships_contains_paywalled_content":false,"_jetpack_memberships_contains_paid_content":false,"footnotes":""},"categories":[80,3270,918,2957,16,910,2768,2,83],"tags":[3198,3133,2841,3226],"class_list":["post-54870","post","type-post","status-publish","format-standard","has-post-thumbnail","hentry","category-cintillo","category-covid-19-en-estado-de-mexico","category-privatizacion-del-sector-salud","category-crisis-del-sector-salud-en-el-estado-de-mexico","category-estado-de-mexico","category-explotacion-y-precariedad-laboral","category-explotacion-y-precariedad-laboral-en-el-estado-de-mexico","category-noticias-nacionales","category-temas-nacionales","tag-covid19","tag-crisis-del-sector-salud","tag-explotacion-y-precariedad-laboral","tag-falta-de-material-y-equipo-medico","entry"],"jetpack_featured_media_url":"https:\/\/www.grieta.org.mx\/wp-content\/uploads\/2020\/11\/Enfermeros-se-manifiestan-en-Coacalco-exigen-equipo-para-enfrentar-la-pandemia-edomex-nov.jpeg","jetpack_sharing_enabled":true,"jetpack_shortlink":"https:\/\/wp.me\/p7ZJR4-eh0","jetpack_likes_enabled":false,"jetpack-related-posts":[{"id":47564,"url":"https:\/\/www.grieta.org.mx\/index.php\/2020\/03\/30\/protestan-medicos-de-hospitales-de-naucalpan-atizapan-y-coacalco-por-falta-de-insumos-estado-de-mexico\/","url_meta":{"origin":54870,"position":0},"title":"Protestan m\u00e9dicos de hospitales de Naucalpan, Atizap\u00e1n y Coacalco por falta de insumos (Estado de M\u00e9xico)","author":"grieta","date":"30 marzo, 2020","format":false,"excerpt":"Foto: Patricia Venegas \/ El Sol de Toluca Patricia Venegas \/ El Sol de Toluca Temen personal del sector salud infectarse por el COVID-19 M\u00e9dicos y enfermeras de los Hospitales Generales Salvador Gonz\u00e1lez Herrejon de Atizap\u00e1n, Maximiliano Ruiz Casta\u00f1eda de Naucalpan y del Centro de Salud de Coacalco realizaron protestas\u2026","rel":"","context":"En &quot;CINTILLO&quot;","block_context":{"text":"CINTILLO","link":"https:\/\/www.grieta.org.mx\/index.php\/category\/cintillo\/"},"img":{"alt_text":"","src":"https:\/\/i0.wp.com\/www.grieta.org.mx\/wp-content\/uploads\/2020\/04\/Protestan-m%C3%A9dicos-de-hospitales-de-Naucalpan-Atizap%C3%A1n-y-Coacalco-por-falta-de-insumos-edomex-abr.jpg?resize=350%2C200&ssl=1","width":350,"height":200,"srcset":"https:\/\/i0.wp.com\/www.grieta.org.mx\/wp-content\/uploads\/2020\/04\/Protestan-m%C3%A9dicos-de-hospitales-de-Naucalpan-Atizap%C3%A1n-y-Coacalco-por-falta-de-insumos-edomex-abr.jpg?resize=350%2C200&ssl=1 1x, https:\/\/i0.wp.com\/www.grieta.org.mx\/wp-content\/uploads\/2020\/04\/Protestan-m%C3%A9dicos-de-hospitales-de-Naucalpan-Atizap%C3%A1n-y-Coacalco-por-falta-de-insumos-edomex-abr.jpg?resize=525%2C300&ssl=1 1.5x, https:\/\/i0.wp.com\/www.grieta.org.mx\/wp-content\/uploads\/2020\/04\/Protestan-m%C3%A9dicos-de-hospitales-de-Naucalpan-Atizap%C3%A1n-y-Coacalco-por-falta-de-insumos-edomex-abr.jpg?resize=700%2C400&ssl=1 2x"},"classes":[]},{"id":47567,"url":"https:\/\/www.grieta.org.mx\/index.php\/2020\/03\/25\/enfermeros-realizan-bloqueos-en-texcoco-piden-insumos-para-trabajar-estado-de-mexico\/","url_meta":{"origin":54870,"position":1},"title":"Enfermeros realizan bloqueos en Texcoco; piden insumos para trabajar (Estado de M\u00e9xico)","author":"grieta","date":"25 marzo, 2020","format":false,"excerpt":"Foto: Antonio Miranda Orlando Salinas \/ El Sol de Toluca Aseguran que ellos tienen que comprar material para poder trabajar durante la contingencia Personal Personal del Hospital 197 del Instituto Mexicano del Seguro Social bloque\u00f3 la carretera Texcoco-Lecher\u00eda exigiendo insumos hospitalarios para evitar alg\u00fan contagio del virus COVID-19. Este manifestaci\u00f3n\u2026","rel":"","context":"En &quot;CINTILLO&quot;","block_context":{"text":"CINTILLO","link":"https:\/\/www.grieta.org.mx\/index.php\/category\/cintillo\/"},"img":{"alt_text":"","src":"https:\/\/i0.wp.com\/www.grieta.org.mx\/wp-content\/uploads\/2020\/04\/Enfermeros-realizan-bloqueos-en-Texcoco-piden-insumos-para-trabajar-edomex-abr.jpg?resize=350%2C200&ssl=1","width":350,"height":200,"srcset":"https:\/\/i0.wp.com\/www.grieta.org.mx\/wp-content\/uploads\/2020\/04\/Enfermeros-realizan-bloqueos-en-Texcoco-piden-insumos-para-trabajar-edomex-abr.jpg?resize=350%2C200&ssl=1 1x, https:\/\/i0.wp.com\/www.grieta.org.mx\/wp-content\/uploads\/2020\/04\/Enfermeros-realizan-bloqueos-en-Texcoco-piden-insumos-para-trabajar-edomex-abr.jpg?resize=525%2C300&ssl=1 1.5x, https:\/\/i0.wp.com\/www.grieta.org.mx\/wp-content\/uploads\/2020\/04\/Enfermeros-realizan-bloqueos-en-Texcoco-piden-insumos-para-trabajar-edomex-abr.jpg?resize=700%2C400&ssl=1 2x"},"classes":[]},{"id":56557,"url":"https:\/\/www.grieta.org.mx\/index.php\/2020\/12\/31\/protestan-por-segundo-dia-medicos-del-hospital-lopez-mateos-estado-de-mexico\/","url_meta":{"origin":54870,"position":2},"title":"Protestan por segundo d\u00eda m\u00e9dicos del hospital L\u00f3pez Mateos (Estado de M\u00e9xico)","author":"grieta","date":"31 diciembre, 2020","format":false,"excerpt":"Imagen tomada de: ADNoticias Claudia Garc\u00eda \/ ADNoticias Exigen a la Secretar\u00eda de Salud no designar a un director que repita los actos de influyentismos y que ignore las necesidades Por segundo d\u00eda, m\u00e9dicos del hospital Adolfo L\u00f3pez Mateos se manifestaron en la explanada del nosocomio, la finalidad exigir mejores\u2026","rel":"","context":"En &quot;CINTILLO&quot;","block_context":{"text":"CINTILLO","link":"https:\/\/www.grieta.org.mx\/index.php\/category\/cintillo\/"},"img":{"alt_text":"","src":"https:\/\/i0.wp.com\/www.grieta.org.mx\/wp-content\/uploads\/2021\/01\/Protestan-por-segundo-dia-medicos-del-hospital-Lopez-Mateos-edomex-ene.jpeg?resize=350%2C200&ssl=1","width":350,"height":200,"srcset":"https:\/\/i0.wp.com\/www.grieta.org.mx\/wp-content\/uploads\/2021\/01\/Protestan-por-segundo-dia-medicos-del-hospital-Lopez-Mateos-edomex-ene.jpeg?resize=350%2C200&ssl=1 1x, https:\/\/i0.wp.com\/www.grieta.org.mx\/wp-content\/uploads\/2021\/01\/Protestan-por-segundo-dia-medicos-del-hospital-Lopez-Mateos-edomex-ene.jpeg?resize=525%2C300&ssl=1 1.5x, https:\/\/i0.wp.com\/www.grieta.org.mx\/wp-content\/uploads\/2021\/01\/Protestan-por-segundo-dia-medicos-del-hospital-Lopez-Mateos-edomex-ene.jpeg?resize=700%2C400&ssl=1 2x, https:\/\/i0.wp.com\/www.grieta.org.mx\/wp-content\/uploads\/2021\/01\/Protestan-por-segundo-dia-medicos-del-hospital-Lopez-Mateos-edomex-ene.jpeg?resize=1050%2C600&ssl=1 3x"},"classes":[]},{"id":50815,"url":"https:\/\/www.grieta.org.mx\/index.php\/2020\/06\/09\/enfermeras-y-doctores-exigen-mejores-insumos-medicos-queretaro\/","url_meta":{"origin":54870,"position":3},"title":"Enfermeras y Doctores exigen mejores insumos m\u00e9dicos (Quer\u00e9taro)","author":"grieta","date":"9 junio, 2020","format":false,"excerpt":"Foto: www.facebook.com\/InboxPolitico Inbox Pol\u00edtico Este martes se llevaron acabo dos manifestaciones -en la capital del Estado de Quer\u00e9taro- ambas integradas por personal m\u00e9dico. En la primera, Enfermeras del Hospital de Especialidades del Ni\u00f1o y la Mujer, en Plaza de Armas, exigieron insumos de calidad para atender a pacientes Covid. En\u2026","rel":"","context":"En &quot;CINTILLO&quot;","block_context":{"text":"CINTILLO","link":"https:\/\/www.grieta.org.mx\/index.php\/category\/cintillo\/"},"img":{"alt_text":"","src":"https:\/\/i0.wp.com\/www.grieta.org.mx\/wp-content\/uploads\/2020\/06\/Enfermeras-y-Doctores-exigen-mejores-insumos-m%C3%A9dicos-qro-jun.jpg?resize=350%2C200&ssl=1","width":350,"height":200,"srcset":"https:\/\/i0.wp.com\/www.grieta.org.mx\/wp-content\/uploads\/2020\/06\/Enfermeras-y-Doctores-exigen-mejores-insumos-m%C3%A9dicos-qro-jun.jpg?resize=350%2C200&ssl=1 1x, https:\/\/i0.wp.com\/www.grieta.org.mx\/wp-content\/uploads\/2020\/06\/Enfermeras-y-Doctores-exigen-mejores-insumos-m%C3%A9dicos-qro-jun.jpg?resize=525%2C300&ssl=1 1.5x, https:\/\/i0.wp.com\/www.grieta.org.mx\/wp-content\/uploads\/2020\/06\/Enfermeras-y-Doctores-exigen-mejores-insumos-m%C3%A9dicos-qro-jun.jpg?resize=700%2C400&ssl=1 2x"},"classes":[]},{"id":47560,"url":"https:\/\/www.grieta.org.mx\/index.php\/2020\/04\/06\/medicos-y-enfermeros-protestan-ante-la-falta-de-insumos-en-la-clinica-76-del-imss-estado-de-mexico\/","url_meta":{"origin":54870,"position":4},"title":"M\u00e9dicos y enfermeros protestan ante la falta de insumos en la cl\u00ednica 76 del IMSS (Estado de M\u00e9xico)","author":"grieta","date":"6 abril, 2020","format":false,"excerpt":"Fotos: Osvaldo Muller Orlando Salinas \/ El Sol de Toluca Ubicada en el municipio de Ecatepec Trabajadores del Hospital General #76 del Instituto Mexicano del Seguro Social (IMSS), ubicado en el municipio de Ecatepec, protestan por la falta de insumos para tratar casos sospechosos de COVID-19. Por segunda ocasi\u00f3n, un\u2026","rel":"","context":"En &quot;CINTILLO&quot;","block_context":{"text":"CINTILLO","link":"https:\/\/www.grieta.org.mx\/index.php\/category\/cintillo\/"},"img":{"alt_text":"","src":"https:\/\/i0.wp.com\/www.grieta.org.mx\/wp-content\/uploads\/2020\/04\/M%C3%A9dicos-y-enfermeros-protestan-ante-la-falta-de-insumos-en-la-cl%C3%ADnica-76-del-IMSS-edomex-abr.jpg?resize=350%2C200&ssl=1","width":350,"height":200,"srcset":"https:\/\/i0.wp.com\/www.grieta.org.mx\/wp-content\/uploads\/2020\/04\/M%C3%A9dicos-y-enfermeros-protestan-ante-la-falta-de-insumos-en-la-cl%C3%ADnica-76-del-IMSS-edomex-abr.jpg?resize=350%2C200&ssl=1 1x, https:\/\/i0.wp.com\/www.grieta.org.mx\/wp-content\/uploads\/2020\/04\/M%C3%A9dicos-y-enfermeros-protestan-ante-la-falta-de-insumos-en-la-cl%C3%ADnica-76-del-IMSS-edomex-abr.jpg?resize=525%2C300&ssl=1 1.5x, https:\/\/i0.wp.com\/www.grieta.org.mx\/wp-content\/uploads\/2020\/04\/M%C3%A9dicos-y-enfermeros-protestan-ante-la-falta-de-insumos-en-la-cl%C3%ADnica-76-del-IMSS-edomex-abr.jpg?resize=700%2C400&ssl=1 2x"},"classes":[]},{"id":49735,"url":"https:\/\/www.grieta.org.mx\/index.php\/2020\/05\/19\/suman-11-mil-394-casos-acumulados-de-covid-19-en-personal-de-salud\/","url_meta":{"origin":54870,"position":5},"title":"Suman 11 mil 394 casos acumulados de COVID-19 en personal de salud","author":"grieta","date":"19 mayo, 2020","format":false,"excerpt":"Foto: Notimex Diego Santiago \/ Radio F\u00f3rmula De acuerdo con la Secretar\u00eda de Salud, hasta este martes, 149 trabajadores sanitarios fallecieron por complicaciones de la COVID-19 en M\u00e9xico. Hasta este lunes, se han acumulado 11 mil 394 casos de COVID-19 en personal de salud y 149 perdieron la vida. As\u00ed\u2026","rel":"","context":"En &quot;CINTILLO&quot;","block_context":{"text":"CINTILLO","link":"https:\/\/www.grieta.org.mx\/index.php\/category\/cintillo\/"},"img":{"alt_text":"","src":"https:\/\/i0.wp.com\/www.grieta.org.mx\/wp-content\/uploads\/2020\/05\/Suman-11-mil-394-casos-acumulados-de-COVID-19-en-personal-de-salud-salud-may.jpg?resize=350%2C200&ssl=1","width":350,"height":200,"srcset":"https:\/\/i0.wp.com\/www.grieta.org.mx\/wp-content\/uploads\/2020\/05\/Suman-11-mil-394-casos-acumulados-de-COVID-19-en-personal-de-salud-salud-may.jpg?resize=350%2C200&ssl=1 1x, https:\/\/i0.wp.com\/www.grieta.org.mx\/wp-content\/uploads\/2020\/05\/Suman-11-mil-394-casos-acumulados-de-COVID-19-en-personal-de-salud-salud-may.jpg?resize=525%2C300&ssl=1 1.5x"},"classes":[]}],"_links":{"self":[{"href":"https:\/\/www.grieta.org.mx\/index.php\/wp-json\/wp\/v2\/posts\/54870","targetHints":{"allow":["GET"]}}],"collection":[{"href":"https:\/\/www.grieta.org.mx\/index.php\/wp-json\/wp\/v2\/posts"}],"about":[{"href":"https:\/\/www.grieta.org.mx\/index.php\/wp-json\/wp\/v2\/types\/post"}],"author":[{"embeddable":true,"href":"https:\/\/www.grieta.org.mx\/index.php\/wp-json\/wp\/v2\/users\/2"}],"replies":[{"embeddable":true,"href":"https:\/\/www.grieta.org.mx\/index.php\/wp-json\/wp\/v2\/comments?post=54870"}],"version-history":[{"count":1,"href":"https:\/\/www.grieta.org.mx\/index.php\/wp-json\/wp\/v2\/posts\/54870\/revisions"}],"predecessor-version":[{"id":54874,"href":"https:\/\/www.grieta.org.mx\/index.php\/wp-json\/wp\/v2\/posts\/54870\/revisions\/54874"}],"wp:featuredmedia":[{"embeddable":true,"href":"https:\/\/www.grieta.org.mx\/index.php\/wp-json\/wp\/v2\/media\/54871"}],"wp:attachment":[{"href":"https:\/\/www.grieta.org.mx\/index.php\/wp-json\/wp\/v2\/media?parent=54870"}],"wp:term":[{"taxonomy":"category","embeddable":true,"href":"https:\/\/www.grieta.org.mx\/index.php\/wp-json\/wp\/v2\/categories?post=54870"},{"taxonomy":"post_tag","embeddable":true,"href":"https:\/\/www.grieta.org.mx\/index.php\/wp-json\/wp\/v2\/tags?post=54870"}],"curies":[{"name":"wp","href":"https:\/\/api.w.org\/{rel}","templated":true}]}}