{"id":54828,"date":"2020-10-19T12:20:30","date_gmt":"2020-10-19T17:20:30","guid":{"rendered":"http:\/\/www.grieta.org.mx\/?p=54828"},"modified":"2020-11-08T12:27:09","modified_gmt":"2020-11-08T18:27:09","slug":"inicia-busqueda-de-personas-desaparecidas-pero-se-pospone-por-falta-de-equipo-aguascalientes","status":"publish","type":"post","link":"https:\/\/www.grieta.org.mx\/index.php\/2020\/10\/19\/inicia-busqueda-de-personas-desaparecidas-pero-se-pospone-por-falta-de-equipo-aguascalientes\/","title":{"rendered":"Inicia b\u00fasqueda de personas desaparecidas, pero se pospone por falta de equipo (Aguascalientes)"},"content":{"rendered":"<p>Alejandro Romo\/Newsweek Aguascalientes<br \/>\n19 octubre 2020<\/p>\n<p><img loading=\"lazy\" decoding=\"async\" data-attachment-id=\"54829\" data-permalink=\"https:\/\/www.grieta.org.mx\/index.php\/2020\/10\/19\/inicia-busqueda-de-personas-desaparecidas-pero-se-pospone-por-falta-de-equipo-aguascalientes\/44a6b073-7d76-4a3e-b67c-9dadd52f001f-1-750x450\/\" data-orig-file=\"https:\/\/www.grieta.org.mx\/wp-content\/uploads\/2020\/11\/44a6b073-7d76-4a3e-b67c-9dadd52f001f-1-750x450-1.jpg\" data-orig-size=\"750,450\" data-comments-opened=\"0\" data-image-meta=\"{&quot;aperture&quot;:&quot;0&quot;,&quot;credit&quot;:&quot;&quot;,&quot;camera&quot;:&quot;&quot;,&quot;caption&quot;:&quot;&quot;,&quot;created_timestamp&quot;:&quot;0&quot;,&quot;copyright&quot;:&quot;&quot;,&quot;focal_length&quot;:&quot;0&quot;,&quot;iso&quot;:&quot;0&quot;,&quot;shutter_speed&quot;:&quot;0&quot;,&quot;title&quot;:&quot;&quot;,&quot;orientation&quot;:&quot;0&quot;}\" data-image-title=\"44a6b073-7d76-4a3e-b67c-9dadd52f001f-1-750&amp;#215;450\" data-image-description=\"\" data-image-caption=\"\" data-medium-file=\"https:\/\/www.grieta.org.mx\/wp-content\/uploads\/2020\/11\/44a6b073-7d76-4a3e-b67c-9dadd52f001f-1-750x450-1-300x180.jpg\" data-large-file=\"https:\/\/www.grieta.org.mx\/wp-content\/uploads\/2020\/11\/44a6b073-7d76-4a3e-b67c-9dadd52f001f-1-750x450-1.jpg\" src=\"http:\/\/www.grieta.org.mx\/wp-content\/uploads\/2020\/11\/44a6b073-7d76-4a3e-b67c-9dadd52f001f-1-750x450-1.jpg\" alt=\"\" width=\"750\" height=\"450\" class=\"alignnone size-full wp-image-54829\" srcset=\"https:\/\/www.grieta.org.mx\/wp-content\/uploads\/2020\/11\/44a6b073-7d76-4a3e-b67c-9dadd52f001f-1-750x450-1.jpg 750w, https:\/\/www.grieta.org.mx\/wp-content\/uploads\/2020\/11\/44a6b073-7d76-4a3e-b67c-9dadd52f001f-1-750x450-1-300x180.jpg 300w\" sizes=\"auto, (max-width: 750px) 100vw, 750px\" \/><\/p>\n<p>Desde el mediod\u00eda de este lunes iniciaron las acciones de b\u00fasqueda de personas desaparecidas en las inmediaciones del vel\u00f3dromo de Aguascalientes en el Complejo Tres Centurias, de donde familiares y activistas recibieron informaci\u00f3n y posibles indicios de que podr\u00edan haber restos de personas que fueron v\u00edctimas de desaparici\u00f3n forzada entre los a\u00f1os 2010 y 2015.<\/p>\n<p>Luego de que el s\u00e1bado se frustrara el operativo de b\u00fasqueda que se pretend\u00eda realizar, este d\u00eda acudieron al sitio elementos de la Fiscal\u00eda General del Estado (FGE), encabezados por el comisario de la Polic\u00eda Ministerial, Juan Muro D\u00edaz, adem\u00e1s de integrantes de la Coordinaci\u00f3n Estatal de Protecci\u00f3n Civil y Bomberos Estatales.<\/p>\n<p>Al llegar a las instalaciones del vel\u00f3dromo, las autoridades tendieron un cerco de seguridad, en el que se prohibi\u00f3 el acceso a los medios de comunicaci\u00f3n, para que en la zona s\u00f3lo permanecieran las brigadas de b\u00fasqueda, los miembros de los colectivos y los familiares de las personas desaparecidas.<\/p>\n<p>Tras la autorizaci\u00f3n del gobierno estatal, se comenzaron los trabajos.<\/p>\n<p>Para ello se abri\u00f3 una parte de las l\u00e1minas que se encontraban en la parte superior del pozo en donde se cree que pudieran encontrarse los restos de una o m\u00e1s personas desaparecidas.<\/p>\n<p>Posteriormente, los elementos de Protecci\u00f3n Civil ingresaron un dron amarrado a varias cuerdas para proyectar en una c\u00e1mara lo que se encontraba al interior de la fosa.<\/p>\n<p><img loading=\"lazy\" decoding=\"async\" data-attachment-id=\"54830\" data-permalink=\"https:\/\/www.grieta.org.mx\/index.php\/2020\/10\/19\/inicia-busqueda-de-personas-desaparecidas-pero-se-pospone-por-falta-de-equipo-aguascalientes\/fosa2\/\" data-orig-file=\"https:\/\/www.grieta.org.mx\/wp-content\/uploads\/2020\/11\/fosa2.jpg\" data-orig-size=\"675,450\" data-comments-opened=\"0\" data-image-meta=\"{&quot;aperture&quot;:&quot;0&quot;,&quot;credit&quot;:&quot;&quot;,&quot;camera&quot;:&quot;&quot;,&quot;caption&quot;:&quot;&quot;,&quot;created_timestamp&quot;:&quot;0&quot;,&quot;copyright&quot;:&quot;&quot;,&quot;focal_length&quot;:&quot;0&quot;,&quot;iso&quot;:&quot;0&quot;,&quot;shutter_speed&quot;:&quot;0&quot;,&quot;title&quot;:&quot;&quot;,&quot;orientation&quot;:&quot;0&quot;}\" data-image-title=\"fosa2\" data-image-description=\"\" data-image-caption=\"\" data-medium-file=\"https:\/\/www.grieta.org.mx\/wp-content\/uploads\/2020\/11\/fosa2-300x200.jpg\" data-large-file=\"https:\/\/www.grieta.org.mx\/wp-content\/uploads\/2020\/11\/fosa2.jpg\" src=\"http:\/\/www.grieta.org.mx\/wp-content\/uploads\/2020\/11\/fosa2.jpg\" alt=\"\" width=\"675\" height=\"450\" class=\"alignnone size-full wp-image-54830\" srcset=\"https:\/\/www.grieta.org.mx\/wp-content\/uploads\/2020\/11\/fosa2.jpg 675w, https:\/\/www.grieta.org.mx\/wp-content\/uploads\/2020\/11\/fosa2-300x200.jpg 300w\" sizes=\"auto, (max-width: 675px) 100vw, 675px\" \/><\/p>\n<p>De esta forma se corrobor\u00f3 que la profundidad del lugar era superior a los 50 metros, encontrando una gran cantidad de basura y residuos en el fondo.<\/p>\n<p>Debido a las condiciones que se observaron en el dispositivo, la brigada de b\u00fasqueda comunic\u00f3 a los familiares que antes de realizar un descenso de rescate ser\u00eda necesario medir la presencia de gases al interior del pozo, y evitar poner en riesgo a los elementos de bomberos.<\/p>\n<p>Por lo anterior, se determin\u00f3 posponer el descenso al fondo del pozo para el pr\u00f3ximo mi\u00e9rcoles a las ocho de la ma\u00f1ana, a fin de gestionar a la empresa Veolia Aguascalientes la incursi\u00f3n de un explos\u00edmetro que permita medir el nivel de explosividad de los gases que pudieran estar acumulados.<\/p>\n<p>La coordinadora del Observatorio de Violencia Social y de G\u00e9nero (OVSG), Violeta Sab\u00e1s D\u00edaz de Le\u00f3n, inform\u00f3 que mientras tanto, el lugar se quedar\u00e1 resguardado con un cerco de seguridad y vigilancia polic\u00edaca, para evitar que se puedan manipular posibles indicios para la localizaci\u00f3n de personas.<\/p>\n<p>\u201cEn lo que se consiguen los equipos van a quitar una parte de la plancha de metal para que se pueda ventilar el espacio y sea menos riesgoso para los bomberos, mientras tanto se va a dejar la cadena de custodia con una patrulla para que nadie pueda acceder\u201d.<\/p>\n<p><img loading=\"lazy\" decoding=\"async\" data-attachment-id=\"54831\" data-permalink=\"https:\/\/www.grieta.org.mx\/index.php\/2020\/10\/19\/inicia-busqueda-de-personas-desaparecidas-pero-se-pospone-por-falta-de-equipo-aguascalientes\/fosa3\/\" data-orig-file=\"https:\/\/www.grieta.org.mx\/wp-content\/uploads\/2020\/11\/fosa3.jpg\" data-orig-size=\"675,450\" data-comments-opened=\"0\" data-image-meta=\"{&quot;aperture&quot;:&quot;0&quot;,&quot;credit&quot;:&quot;&quot;,&quot;camera&quot;:&quot;&quot;,&quot;caption&quot;:&quot;&quot;,&quot;created_timestamp&quot;:&quot;0&quot;,&quot;copyright&quot;:&quot;&quot;,&quot;focal_length&quot;:&quot;0&quot;,&quot;iso&quot;:&quot;0&quot;,&quot;shutter_speed&quot;:&quot;0&quot;,&quot;title&quot;:&quot;&quot;,&quot;orientation&quot;:&quot;0&quot;}\" data-image-title=\"fosa3\" data-image-description=\"\" data-image-caption=\"\" data-medium-file=\"https:\/\/www.grieta.org.mx\/wp-content\/uploads\/2020\/11\/fosa3-300x200.jpg\" data-large-file=\"https:\/\/www.grieta.org.mx\/wp-content\/uploads\/2020\/11\/fosa3.jpg\" src=\"http:\/\/www.grieta.org.mx\/wp-content\/uploads\/2020\/11\/fosa3.jpg\" alt=\"\" width=\"675\" height=\"450\" class=\"alignnone size-full wp-image-54831\" srcset=\"https:\/\/www.grieta.org.mx\/wp-content\/uploads\/2020\/11\/fosa3.jpg 675w, https:\/\/www.grieta.org.mx\/wp-content\/uploads\/2020\/11\/fosa3-300x200.jpg 300w\" sizes=\"auto, (max-width: 675px) 100vw, 675px\" \/><\/p>\n<p>Asimismo, se procedi\u00f3 a retirar una parte de la estructura met\u00e1lica para ventilar el fondo del pozo y reducir el riesgo para los bomberos que descender\u00e1n.<\/p>\n<p>\u201cEn el fondo hay much\u00edsima basura, se observan muchas bolsas, nosotros desconocemos las condiciones en las que pudieran estar, si logramos localizar a la persona que se menciona que se pueda encontrar ah\u00ed, por eso es indispensable que los bomberos puedan descender y con esto asegurarle a las familias si se encuentra algo\u201d.<\/p>\n<p>La activista mencion\u00f3 que una vez que concluyan las investigaciones en el pozo, se realizar\u00e1 la b\u00fasqueda en un segundo punto del complejo, en las instalaciones del Grupo Modelo, en donde tambi\u00e9n se tienen indicios de que pudiera haber restos de personas desaparecidas, para lo cual ya se iniciaron las gestiones ante el gobierno estatal, la empresa y el arrendatario.<\/p>\n<p>\u201cPrimero vamos a agotar este punto y posteriormente vamos a acudir al segundo punto, en la cervecer\u00eda Modelo, donde tenemos mayores indicios de que ah\u00ed pueda haber restos, afortunadamente ah\u00ed no va a ser un trabajo f\u00edsico tan extenuante porque no se tienen que retirar l\u00e1minas, pero ya estamos gestionando las autorizaciones para acordar con fiscal\u00eda para que tambi\u00e9n pueda estar en resguardo\u201d, concluy\u00f3.<\/p>\n<p><img loading=\"lazy\" decoding=\"async\" data-attachment-id=\"54832\" data-permalink=\"https:\/\/www.grieta.org.mx\/index.php\/2020\/10\/19\/inicia-busqueda-de-personas-desaparecidas-pero-se-pospone-por-falta-de-equipo-aguascalientes\/fosa4\/\" data-orig-file=\"https:\/\/www.grieta.org.mx\/wp-content\/uploads\/2020\/11\/fosa4.jpg\" data-orig-size=\"675,450\" data-comments-opened=\"0\" data-image-meta=\"{&quot;aperture&quot;:&quot;0&quot;,&quot;credit&quot;:&quot;&quot;,&quot;camera&quot;:&quot;&quot;,&quot;caption&quot;:&quot;&quot;,&quot;created_timestamp&quot;:&quot;0&quot;,&quot;copyright&quot;:&quot;&quot;,&quot;focal_length&quot;:&quot;0&quot;,&quot;iso&quot;:&quot;0&quot;,&quot;shutter_speed&quot;:&quot;0&quot;,&quot;title&quot;:&quot;&quot;,&quot;orientation&quot;:&quot;0&quot;}\" data-image-title=\"fosa4\" data-image-description=\"\" data-image-caption=\"\" data-medium-file=\"https:\/\/www.grieta.org.mx\/wp-content\/uploads\/2020\/11\/fosa4-300x200.jpg\" data-large-file=\"https:\/\/www.grieta.org.mx\/wp-content\/uploads\/2020\/11\/fosa4.jpg\" src=\"http:\/\/www.grieta.org.mx\/wp-content\/uploads\/2020\/11\/fosa4.jpg\" alt=\"\" width=\"675\" height=\"450\" class=\"alignnone size-full wp-image-54832\" srcset=\"https:\/\/www.grieta.org.mx\/wp-content\/uploads\/2020\/11\/fosa4.jpg 675w, https:\/\/www.grieta.org.mx\/wp-content\/uploads\/2020\/11\/fosa4-300x200.jpg 300w\" sizes=\"auto, (max-width: 675px) 100vw, 675px\" \/><\/p>\n<p><a href=\"https:\/\/newsweekespanol.com\/2020\/10\/inicia-busqueda-de-personas-desaparecidas-pero-se-pospone-por-falta-de-equipo\/\" rel=\"noopener noreferrer\" target=\"_blank\">https:\/\/newsweekespanol.com\/2020\/10\/inicia-busqueda-de-personas-desaparecidas-pero-se-pospone-por-falta-de-equipo\/<\/a><\/p>\n","protected":false},"excerpt":{"rendered":"<p>Alejandro Romo\/Newsweek Aguascalientes 19 octubre 2020 Desde el mediod\u00eda de este lunes iniciaron las acciones de b\u00fasqueda de personas desaparecidas en las inmediaciones del vel\u00f3dromo de Aguascalientes en el Complejo &hellip; <a href=\"https:\/\/www.grieta.org.mx\/index.php\/2020\/10\/19\/inicia-busqueda-de-personas-desaparecidas-pero-se-pospone-por-falta-de-equipo-aguascalientes\/\" class=\"more-link\">Leer m\u00e1s<\/a><\/p>\n","protected":false},"author":2,"featured_media":54829,"comment_status":"closed","ping_status":"closed","sticky":false,"template":"","format":"standard","meta":{"ngg_post_thumbnail":0,"_jetpack_newsletter_access":"","_jetpack_dont_email_post_to_subs":false,"_jetpack_newsletter_tier_id":0,"_jetpack_memberships_contains_paywalled_content":false,"_jetpack_memberships_contains_paid_content":false,"footnotes":""},"categories":[4,80,87,1189,2,83],"tags":[3725,3018,121,3152],"class_list":["post-54828","post","type-post","status-publish","format-standard","has-post-thumbnail","hentry","category-aguascalientes","category-cintillo","category-desaparecidos","category-desaparecidos-en-aguascalientes","category-noticias-nacionales","category-temas-nacionales","tag-colectivo-verdad-y-justicia","tag-colectivos-de-busqueda-de-desaparecidos","tag-desaparecidos","tag-observatorio-de-violencia-social-y-genero","entry"],"jetpack_featured_media_url":"https:\/\/www.grieta.org.mx\/wp-content\/uploads\/2020\/11\/44a6b073-7d76-4a3e-b67c-9dadd52f001f-1-750x450-1.jpg","jetpack_sharing_enabled":true,"jetpack_shortlink":"https:\/\/wp.me\/p7ZJR4-egk","jetpack_likes_enabled":false,"jetpack-related-posts":[{"id":41762,"url":"https:\/\/www.grieta.org.mx\/index.php\/2019\/11\/20\/reportan-110-personas-desaparecidas-en-aguascalientes\/","url_meta":{"origin":54828,"position":0},"title":"Reportan 110 personas desaparecidas en Aguascalientes","author":"grieta","date":"20 noviembre, 2019","format":false,"excerpt":"X\u00f3chitl \u00c1lvarez\/El Universal 20 noviembre 2019 Aguascalientes, Ags.- La Fiscal\u00eda General del Estado de Aguascalientes inform\u00f3 que tiene una lista con 110 personas desaparecidas, algunas de ellas desde hace una d\u00e9cada, por lo que consider\u00f3 necesaria una legislaci\u00f3n que contribuya a su b\u00fasqueda. El titular de la Fiscal\u00eda, Jes\u00fas Figueroa\u2026","rel":"","context":"En &quot;Aguascalientes&quot;","block_context":{"text":"Aguascalientes","link":"https:\/\/www.grieta.org.mx\/index.php\/category\/noticias-nacionales\/aguascalientes\/"},"img":{"alt_text":"","src":"https:\/\/i0.wp.com\/www.grieta.org.mx\/wp-content\/uploads\/2019\/12\/fiscal.png?resize=350%2C200&ssl=1","width":350,"height":200,"srcset":"https:\/\/i0.wp.com\/www.grieta.org.mx\/wp-content\/uploads\/2019\/12\/fiscal.png?resize=350%2C200&ssl=1 1x, https:\/\/i0.wp.com\/www.grieta.org.mx\/wp-content\/uploads\/2019\/12\/fiscal.png?resize=525%2C300&ssl=1 1.5x"},"classes":[]},{"id":30728,"url":"https:\/\/www.grieta.org.mx\/index.php\/2019\/03\/08\/familiares-de-desaparecidos-se-manifiestan-en-aguascalientes\/","url_meta":{"origin":54828,"position":1},"title":"Familiares de desaparecidos se manifiestan en Aguascalientes","author":"grieta","date":"8 marzo, 2019","format":false,"excerpt":"En el posicionamiento se exigi\u00f3 al gobierno federal la actualizaci\u00f3n de bases de datos estatal y nacional que contenga la informaci\u00f3n y fotograf\u00eda de personas desaparecidas Karla M\u00e9ndez\/Exc\u00e9lsior AGUASCALIENTES, Aguascalientes. Durante la visita del Presidente Andr\u00e9s Manuel L\u00f3pez Obrador, familiares de personas desaparecidas se manifestaron en el evento \"La idea\u2026","rel":"","context":"En &quot;Aguascalientes&quot;","block_context":{"text":"Aguascalientes","link":"https:\/\/www.grieta.org.mx\/index.php\/category\/noticias-nacionales\/aguascalientes\/"},"img":{"alt_text":"","src":"https:\/\/i0.wp.com\/www.grieta.org.mx\/wp-content\/uploads\/2019\/03\/2111539.jpg?resize=350%2C200&ssl=1","width":350,"height":200,"srcset":"https:\/\/i0.wp.com\/www.grieta.org.mx\/wp-content\/uploads\/2019\/03\/2111539.jpg?resize=350%2C200&ssl=1 1x, https:\/\/i0.wp.com\/www.grieta.org.mx\/wp-content\/uploads\/2019\/03\/2111539.jpg?resize=525%2C300&ssl=1 1.5x"},"classes":[]},{"id":54712,"url":"https:\/\/www.grieta.org.mx\/index.php\/2020\/08\/17\/inicia-caravana-de-familiares-de-desaparecidos-de-aguascalientes-en-puerto-vallarta\/","url_meta":{"origin":54828,"position":2},"title":"Inicia caravana de familiares de desaparecidos de Aguascalientes en Puerto Vallarta","author":"grieta","date":"17 agosto, 2020","format":false,"excerpt":"Alejandro Romo\/Newsweek Aguascalientes 17 agosto 2020 Este lunes comenz\u00f3 la caravana de b\u00fasqueda organizada por el Colectivo Buscando Personas, Verdad y Justicia y el Observatorio de Violencia Social y de G\u00e9nero (OVSG) y familiares de personas desaparecidas de Aguascalientes en municipios de Jalisco. La caravana inici\u00f3 en Puerto Vallarta, Jalisco,\u2026","rel":"","context":"En &quot;Aguascalientes&quot;","block_context":{"text":"Aguascalientes","link":"https:\/\/www.grieta.org.mx\/index.php\/category\/noticias-nacionales\/aguascalientes\/"},"img":{"alt_text":"","src":"https:\/\/i0.wp.com\/www.grieta.org.mx\/wp-content\/uploads\/2020\/11\/WhatsApp-Image-2020-08-17-at-1.48.32-PM.jpeg?resize=350%2C200&ssl=1","width":350,"height":200,"srcset":"https:\/\/i0.wp.com\/www.grieta.org.mx\/wp-content\/uploads\/2020\/11\/WhatsApp-Image-2020-08-17-at-1.48.32-PM.jpeg?resize=350%2C200&ssl=1 1x, https:\/\/i0.wp.com\/www.grieta.org.mx\/wp-content\/uploads\/2020\/11\/WhatsApp-Image-2020-08-17-at-1.48.32-PM.jpeg?resize=525%2C300&ssl=1 1.5x"},"classes":[]},{"id":65364,"url":"https:\/\/www.grieta.org.mx\/index.php\/2022\/09\/28\/denuncian-opacidad-sobre-desaparecidos-en-aguascalientes\/","url_meta":{"origin":54828,"position":3},"title":"Denuncian opacidad sobre desaparecidos en Aguascalientes","author":"grieta","date":"28 septiembre, 2022","format":false,"excerpt":"Claudia \u00c1vila\/El Sol del Centro 28 septiembre 2022 Fiscal\u00eda y Comisi\u00f3n Estatal de B\u00fasqueda no informan con exactitud cu\u00e1ntas personas no localizadas hay, se\u00f1ala el Observatorio de Violencia Social y de G\u00e9nero Aguascalientes es uno de los estados m\u00e1s opacos en cuanto a la b\u00fasqueda de personas desaparecidas, pues si\u2026","rel":"","context":"En &quot;Aguascalientes&quot;","block_context":{"text":"Aguascalientes","link":"https:\/\/www.grieta.org.mx\/index.php\/category\/noticias-nacionales\/aguascalientes\/"},"img":{"alt_text":"","src":"https:\/\/i0.wp.com\/www.grieta.org.mx\/wp-content\/uploads\/2022\/09\/Marcha-Desaparecidos.jpg?resize=350%2C200&ssl=1","width":350,"height":200,"srcset":"https:\/\/i0.wp.com\/www.grieta.org.mx\/wp-content\/uploads\/2022\/09\/Marcha-Desaparecidos.jpg?resize=350%2C200&ssl=1 1x, https:\/\/i0.wp.com\/www.grieta.org.mx\/wp-content\/uploads\/2022\/09\/Marcha-Desaparecidos.jpg?resize=525%2C300&ssl=1 1.5x, https:\/\/i0.wp.com\/www.grieta.org.mx\/wp-content\/uploads\/2022\/09\/Marcha-Desaparecidos.jpg?resize=700%2C400&ssl=1 2x"},"classes":[]},{"id":5664,"url":"https:\/\/www.grieta.org.mx\/index.php\/2016\/09\/01\/desaparecidos-en-aguascalientes\/","url_meta":{"origin":54828,"position":4},"title":"Desaparecidos en Aguascalientes","author":"grieta","date":"1 septiembre, 2016","format":false,"excerpt":"01\/09\/16. Fiscal\u00eda contin\u00faa sin publicar el protocolo sobre personas desaparecidas La Jornada Aguascalientes 09\/07\/16. Sin ser localizados, 22 aguascalentenses que desaparecieron este a\u00f1o La Jornada Aguascalientes 12\/01\/16. Ocupa Aguascalientes lugar 19 en desaparecidos en el \u00e1mbito nacional La Jornada Aguascalientes 11\/01\/16. 283 personas est\u00e1n desaparecidas en Aguascalientes La Jornada Aguascalientes\u2026","rel":"","context":"En &quot;Aguascalientes&quot;","block_context":{"text":"Aguascalientes","link":"https:\/\/www.grieta.org.mx\/index.php\/category\/noticias-nacionales\/aguascalientes\/"},"img":{"alt_text":"","src":"https:\/\/i0.wp.com\/www.grieta.org.mx\/wp-content\/uploads\/2018\/03\/14524434_1106112876131411_958039263622046936_o.jpg?resize=350%2C200&ssl=1","width":350,"height":200,"srcset":"https:\/\/i0.wp.com\/www.grieta.org.mx\/wp-content\/uploads\/2018\/03\/14524434_1106112876131411_958039263622046936_o.jpg?resize=350%2C200&ssl=1 1x, https:\/\/i0.wp.com\/www.grieta.org.mx\/wp-content\/uploads\/2018\/03\/14524434_1106112876131411_958039263622046936_o.jpg?resize=525%2C300&ssl=1 1.5x, https:\/\/i0.wp.com\/www.grieta.org.mx\/wp-content\/uploads\/2018\/03\/14524434_1106112876131411_958039263622046936_o.jpg?resize=700%2C400&ssl=1 2x"},"classes":[]},{"id":54822,"url":"https:\/\/www.grieta.org.mx\/index.php\/2020\/10\/20\/reanudaran-busqueda-de-personas-en-presunta-fosa-localizada-en-tres-centurias-aguascalientes\/","url_meta":{"origin":54828,"position":5},"title":"Reanudar\u00e1n b\u00fasqueda de personas en fosa localizada en Tres Centurias, Aguascalientes","author":"grieta","date":"20 octubre, 2020","format":false,"excerpt":"Mariana Orozco\/Debate 20 octubre 2020 Mediante las redes sociales oficiales en Observatorio de Violencia Social y de G\u00e9nero de Aguascalientes, informar\u00f3n que las autoridades estatales reanudar\u00e1n la b\u00fasqueda de personas dentro de la presunta fosa clandestina ubicada en Tres Centurias en el estado hidroc\u00e1lido Reanudar\u00e1n b\u00fasqueda de personas en fosa\u2026","rel":"","context":"En &quot;Aguascalientes&quot;","block_context":{"text":"Aguascalientes","link":"https:\/\/www.grieta.org.mx\/index.php\/category\/noticias-nacionales\/aguascalientes\/"},"img":{"alt_text":"","src":"https:\/\/i0.wp.com\/www.grieta.org.mx\/wp-content\/uploads\/2020\/11\/fosa-ags.png?resize=350%2C200&ssl=1","width":350,"height":200,"srcset":"https:\/\/i0.wp.com\/www.grieta.org.mx\/wp-content\/uploads\/2020\/11\/fosa-ags.png?resize=350%2C200&ssl=1 1x, https:\/\/i0.wp.com\/www.grieta.org.mx\/wp-content\/uploads\/2020\/11\/fosa-ags.png?resize=525%2C300&ssl=1 1.5x, https:\/\/i0.wp.com\/www.grieta.org.mx\/wp-content\/uploads\/2020\/11\/fosa-ags.png?resize=700%2C400&ssl=1 2x"},"classes":[]}],"_links":{"self":[{"href":"https:\/\/www.grieta.org.mx\/index.php\/wp-json\/wp\/v2\/posts\/54828","targetHints":{"allow":["GET"]}}],"collection":[{"href":"https:\/\/www.grieta.org.mx\/index.php\/wp-json\/wp\/v2\/posts"}],"about":[{"href":"https:\/\/www.grieta.org.mx\/index.php\/wp-json\/wp\/v2\/types\/post"}],"author":[{"embeddable":true,"href":"https:\/\/www.grieta.org.mx\/index.php\/wp-json\/wp\/v2\/users\/2"}],"replies":[{"embeddable":true,"href":"https:\/\/www.grieta.org.mx\/index.php\/wp-json\/wp\/v2\/comments?post=54828"}],"version-history":[{"count":1,"href":"https:\/\/www.grieta.org.mx\/index.php\/wp-json\/wp\/v2\/posts\/54828\/revisions"}],"predecessor-version":[{"id":54833,"href":"https:\/\/www.grieta.org.mx\/index.php\/wp-json\/wp\/v2\/posts\/54828\/revisions\/54833"}],"wp:featuredmedia":[{"embeddable":true,"href":"https:\/\/www.grieta.org.mx\/index.php\/wp-json\/wp\/v2\/media\/54829"}],"wp:attachment":[{"href":"https:\/\/www.grieta.org.mx\/index.php\/wp-json\/wp\/v2\/media?parent=54828"}],"wp:term":[{"taxonomy":"category","embeddable":true,"href":"https:\/\/www.grieta.org.mx\/index.php\/wp-json\/wp\/v2\/categories?post=54828"},{"taxonomy":"post_tag","embeddable":true,"href":"https:\/\/www.grieta.org.mx\/index.php\/wp-json\/wp\/v2\/tags?post=54828"}],"curies":[{"name":"wp","href":"https:\/\/api.w.org\/{rel}","templated":true}]}}