{"id":54785,"date":"2020-10-28T12:57:56","date_gmt":"2020-10-28T18:57:56","guid":{"rendered":"http:\/\/www.grieta.org.mx\/?p=54785"},"modified":"2020-11-07T13:08:54","modified_gmt":"2020-11-07T19:08:54","slug":"colectivos-buscan-apoyo-para-familia-de-desaparecidos-nayarit","status":"publish","type":"post","link":"https:\/\/www.grieta.org.mx\/index.php\/2020\/10\/28\/colectivos-buscan-apoyo-para-familia-de-desaparecidos-nayarit\/","title":{"rendered":"Colectivos buscan apoyo para familia de desaparecidos (Nayarit)"},"content":{"rendered":"<p><img loading=\"lazy\" decoding=\"async\" data-attachment-id=\"54786\" data-permalink=\"https:\/\/www.grieta.org.mx\/index.php\/2020\/10\/28\/colectivos-buscan-apoyo-para-familia-de-desaparecidos-nayarit\/1603924298_whatsapp_image_20201028_at_2-10-38_pm\/\" data-orig-file=\"https:\/\/www.grieta.org.mx\/wp-content\/uploads\/2020\/11\/1603924298_whatsapp_image_20201028_at_2.10.38_pm.jpeg\" data-orig-size=\"733,550\" data-comments-opened=\"0\" data-image-meta=\"{&quot;aperture&quot;:&quot;0&quot;,&quot;credit&quot;:&quot;&quot;,&quot;camera&quot;:&quot;&quot;,&quot;caption&quot;:&quot;&quot;,&quot;created_timestamp&quot;:&quot;0&quot;,&quot;copyright&quot;:&quot;&quot;,&quot;focal_length&quot;:&quot;0&quot;,&quot;iso&quot;:&quot;0&quot;,&quot;shutter_speed&quot;:&quot;0&quot;,&quot;title&quot;:&quot;&quot;,&quot;orientation&quot;:&quot;0&quot;}\" data-image-title=\"1603924298_whatsapp_image_20201028_at_2.10.38_pm\" data-image-description=\"\" data-image-caption=\"\" data-medium-file=\"https:\/\/www.grieta.org.mx\/wp-content\/uploads\/2020\/11\/1603924298_whatsapp_image_20201028_at_2.10.38_pm-300x225.jpeg\" data-large-file=\"https:\/\/www.grieta.org.mx\/wp-content\/uploads\/2020\/11\/1603924298_whatsapp_image_20201028_at_2.10.38_pm.jpeg\" class=\"size-full wp-image-54786 aligncenter\" src=\"http:\/\/www.grieta.org.mx\/wp-content\/uploads\/2020\/11\/1603924298_whatsapp_image_20201028_at_2.10.38_pm.jpeg\" alt=\"\" width=\"733\" height=\"550\" srcset=\"https:\/\/www.grieta.org.mx\/wp-content\/uploads\/2020\/11\/1603924298_whatsapp_image_20201028_at_2.10.38_pm.jpeg 733w, https:\/\/www.grieta.org.mx\/wp-content\/uploads\/2020\/11\/1603924298_whatsapp_image_20201028_at_2.10.38_pm-300x225.jpeg 300w, https:\/\/www.grieta.org.mx\/wp-content\/uploads\/2020\/11\/1603924298_whatsapp_image_20201028_at_2.10.38_pm-666x500.jpeg 666w\" sizes=\"auto, (max-width: 733px) 100vw, 733px\" \/><\/p>\n<p>Foto: Meridiano.mx<\/p>\n<p>Paola Cervantes \/ Meridiano.mx<\/p>\n<p>Los colectivos Familias Unidas por Nayarit, Renacer por Amor a Ellos, En B\u00fasqueda de Verdad y Justicia, y Por Nuestros Corazones se reunieron en la Plaza Bicentenario de Tepic para exigir el apoyo del Gobernador del Estado Antonio Echevarr\u00eda Garc\u00eda debido a que no recibieron apoyo en la Comisi\u00f3n Estatal de Atenci\u00f3n Integral a Victimas.<\/p>\n<p>Rosa Mar\u00eda Montes integrante de estos colectivos inform\u00f3 que se requiere apoyo econ\u00f3mico para una familia de escasos recursos que encontr\u00f3 a sus familiares desaparecidos en una fosa clandestina del municipio de Xalisco, se debe recoger los cuerpos de la Fiscal\u00eda General del Estado, por tal motivo han salido a las calles a botear con la finalidad de reunir el recurso para la sepultura.<\/p>\n<p>\u201cA una compa\u00f1era de nuestro colectivo se le notific\u00f3 que su hijo se encontraba en SEMEFO que fue rescatado por un colectivo hermano en las fosas que se encontraron en Xalisco, y la semana pasada se le notifica tambi\u00e9n que se encuentra su esposo, que desaparecieron desde el 2017, Fiscal\u00eda del Estado le pide se lleve los cuerpos ya que afirma no haber espacio, la se\u00f1ora madre y esposa pues es una persona de escasos recursos\u201d.<\/p>\n<p>Mencion\u00f3 que al no recibir apoyo de la Comisi\u00f3n, se acudi\u00f3 al Ayuntamiento de Tepic sin embargo no hay espacios para donar terrenos, por ello se unieron para realizar la colecta pues al menos se requiere la cantidad de 20,000 mil pesos para llevar acabo el procedimiento, tambi\u00e9n piden que el recurso sea destinado directamente a las v\u00edctimas y no mediante una instituci\u00f3n.<\/p>\n<p>\u201cDesde el domingo estamos recolectando en cruceros, mercados por las calles, pues boteos para poder sepultar a estas personas pero es una labor tit\u00e1nica e imposible, sabemos que hay muchos cuerpos que est\u00e1n por integrarse y no podemos estar cada que entreguen un cuerpo con estas actividades\u201d.<\/p>\n<p>Finalmente coment\u00f3 que en los \u00faltimos tres a\u00f1os de los 1200 casos de desaparici\u00f3n en Nayarit solo se han recuperado los cuerpos de alrededor de 27 personas, adem\u00e1s reiter\u00f3 la petici\u00f3n al Gobernador Antonio Echevarr\u00eda Garc\u00eda para que atienda estos casos.<\/p>\n<p><a href=\"https:\/\/meridiano.mx\/seccion\/Nayarit\/65580\/colectivos-buscan-apoyo-para-familia-de-desaparecidos\">https:\/\/meridiano.mx\/seccion\/Nayarit\/65580\/colectivos-buscan-apoyo-para-familia-de-desaparecidos<\/a><\/p>\n","protected":false},"excerpt":{"rendered":"<p>Foto: Meridiano.mx Paola Cervantes \/ Meridiano.mx Los colectivos Familias Unidas por Nayarit, Renacer por Amor a Ellos, En B\u00fasqueda de Verdad y Justicia, y Por Nuestros Corazones se reunieron en &hellip; <a href=\"https:\/\/www.grieta.org.mx\/index.php\/2020\/10\/28\/colectivos-buscan-apoyo-para-familia-de-desaparecidos-nayarit\/\" class=\"more-link\">Leer m\u00e1s<\/a><\/p>\n","protected":false},"author":2,"featured_media":54786,"comment_status":"closed","ping_status":"closed","sticky":false,"template":"","format":"standard","meta":{"ngg_post_thumbnail":0,"_jetpack_newsletter_access":"","_jetpack_dont_email_post_to_subs":false,"_jetpack_newsletter_tier_id":0,"_jetpack_memberships_contains_paywalled_content":false,"_jetpack_memberships_contains_paid_content":false,"footnotes":""},"categories":[80,87,23,2,83],"tags":[3018,121,3509],"class_list":["post-54785","post","type-post","status-publish","format-standard","has-post-thumbnail","hentry","category-cintillo","category-desaparecidos","category-nayarit","category-noticias-nacionales","category-temas-nacionales","tag-colectivos-de-busqueda-de-desaparecidos","tag-desaparecidos","tag-red-de-desaparecidos","entry"],"jetpack_featured_media_url":"https:\/\/www.grieta.org.mx\/wp-content\/uploads\/2020\/11\/1603924298_whatsapp_image_20201028_at_2.10.38_pm.jpeg","jetpack_sharing_enabled":true,"jetpack_shortlink":"https:\/\/wp.me\/p7ZJR4-efD","jetpack_likes_enabled":false,"jetpack-related-posts":[{"id":59410,"url":"https:\/\/www.grieta.org.mx\/index.php\/2021\/05\/10\/hasta-encontrarlos-madres-de-desaparecidos-reiteran-su-promesa-este-10-de-may-nayarit\/","url_meta":{"origin":54785,"position":0},"title":"\u00a1Hasta encontrarlos!: Madres de desaparecidos reiteran su promesa este 10 de may (Nayarit)","author":"grieta","date":"10 mayo, 2021","format":false,"excerpt":"Foto: Ilustrativa Oscar Gil \/ Meridiano.MX FESTEJO DOLOROSO; Madres de personas desaparecidas, arropadas por distintos colectivos, festejaron muy a su manera, recordando en el parque a La Madre de Tepic a sus hijas e hijos, a la vez que hacen un llamado a las autoridades de reforzar sus acciones para\u2026","rel":"","context":"En &quot;CINTILLO&quot;","block_context":{"text":"CINTILLO","link":"https:\/\/www.grieta.org.mx\/index.php\/category\/cintillo\/"},"img":{"alt_text":"","src":"https:\/\/i0.wp.com\/www.grieta.org.mx\/wp-content\/uploads\/2021\/05\/colectivos-protestan-ante-nuevos-lineamientos-de-la-ceav-233709.jpeg?resize=350%2C200&ssl=1","width":350,"height":200,"srcset":"https:\/\/i0.wp.com\/www.grieta.org.mx\/wp-content\/uploads\/2021\/05\/colectivos-protestan-ante-nuevos-lineamientos-de-la-ceav-233709.jpeg?resize=350%2C200&ssl=1 1x, https:\/\/i0.wp.com\/www.grieta.org.mx\/wp-content\/uploads\/2021\/05\/colectivos-protestan-ante-nuevos-lineamientos-de-la-ceav-233709.jpeg?resize=525%2C300&ssl=1 1.5x, https:\/\/i0.wp.com\/www.grieta.org.mx\/wp-content\/uploads\/2021\/05\/colectivos-protestan-ante-nuevos-lineamientos-de-la-ceav-233709.jpeg?resize=700%2C400&ssl=1 2x"},"classes":[]},{"id":32282,"url":"https:\/\/www.grieta.org.mx\/index.php\/2019\/04\/15\/en-el-predio-de-la-saucera-en-pantanal-siguen-saliendo-osamentas-nayarit\/","url_meta":{"origin":54785,"position":1},"title":"En el predio de la Saucera en Pantanal siguen saliendo Osamentas (Nayarit)","author":"grieta","date":"15 abril, 2019","format":false,"excerpt":"JD \/ Meridiano.mx Xalisco.-El pasado s\u00e1bado fueron localizados restos \u00f3seos al parecer de dos personas en fosas clandestinas ubicadas en un predio denominado Valle de la Saucera perteneciente al Ejido de Pantanal. Cabe hacer menci\u00f3n qu\u00e9 dicho lugar cuenta con historial, respecto en fosas clandestinas, donde fuentes no oficiales en\u2026","rel":"","context":"En &quot;CINTILLO&quot;","block_context":{"text":"CINTILLO","link":"https:\/\/www.grieta.org.mx\/index.php\/category\/cintillo\/"},"img":{"alt_text":"","src":"https:\/\/i0.wp.com\/www.grieta.org.mx\/wp-content\/uploads\/2019\/04\/63872.jpg?resize=350%2C200&ssl=1","width":350,"height":200,"srcset":"https:\/\/i0.wp.com\/www.grieta.org.mx\/wp-content\/uploads\/2019\/04\/63872.jpg?resize=350%2C200&ssl=1 1x, https:\/\/i0.wp.com\/www.grieta.org.mx\/wp-content\/uploads\/2019\/04\/63872.jpg?resize=525%2C300&ssl=1 1.5x, https:\/\/i0.wp.com\/www.grieta.org.mx\/wp-content\/uploads\/2019\/04\/63872.jpg?resize=700%2C400&ssl=1 2x, https:\/\/i0.wp.com\/www.grieta.org.mx\/wp-content\/uploads\/2019\/04\/63872.jpg?resize=1050%2C600&ssl=1 3x"},"classes":[]},{"id":71500,"url":"https:\/\/www.grieta.org.mx\/index.php\/2025\/03\/15\/colectivos-nayaritas-de-busqueda-se-unen-a-luto-nacional-por-las-victimas-de-teuchitlan-nayarit\/","url_meta":{"origin":54785,"position":2},"title":"Colectivos nayaritas de b\u00fasqueda se unen a luto nacional por las v\u00edctimas de Teuchitl\u00e1n (Nayarit)","author":"grieta","date":"15 marzo, 2025","format":false,"excerpt":"Imagen: Crys Ben\u00edtez \/ El Occidental Tepic, Nayarit (OEM-Informex).- Colectivos de familiares desaparecidos se reunieron este s\u00e1bado por la tarde frente a Palacio de Gobierno, para unirse al luto nacional por el rancho de reclutamiento y exterminio encontrado en Teuchitl\u00e1n, Jalisco. Las organizaciones de b\u00fasqueda, confirmaron que esta actividad es\u2026","rel":"","context":"En &quot;CINTILLO&quot;","block_context":{"text":"CINTILLO","link":"https:\/\/www.grieta.org.mx\/index.php\/category\/cintillo\/"},"img":{"alt_text":"","src":"https:\/\/i0.wp.com\/www.grieta.org.mx\/wp-content\/uploads\/2025\/03\/Colectivos-Nayarit.webp?resize=350%2C200&ssl=1","width":350,"height":200,"srcset":"https:\/\/i0.wp.com\/www.grieta.org.mx\/wp-content\/uploads\/2025\/03\/Colectivos-Nayarit.webp?resize=350%2C200&ssl=1 1x, https:\/\/i0.wp.com\/www.grieta.org.mx\/wp-content\/uploads\/2025\/03\/Colectivos-Nayarit.webp?resize=525%2C300&ssl=1 1.5x, https:\/\/i0.wp.com\/www.grieta.org.mx\/wp-content\/uploads\/2025\/03\/Colectivos-Nayarit.webp?resize=700%2C400&ssl=1 2x, https:\/\/i0.wp.com\/www.grieta.org.mx\/wp-content\/uploads\/2025\/03\/Colectivos-Nayarit.webp?resize=1050%2C600&ssl=1 3x"},"classes":[]},{"id":59551,"url":"https:\/\/www.grieta.org.mx\/index.php\/2021\/05\/18\/protestas-jovenes-por-desaparecidos-en-puerto-vallarta-jalisco\/","url_meta":{"origin":54785,"position":3},"title":"Protestan j\u00f3venes por desaparecidos en Puerto Vallarta (Jalisco)","author":"grieta","date":"18 mayo, 2021","format":false,"excerpt":"Foto: Ilustrativa, tomada de Internet J. Alejo \/ Meridiano.MX Puerto Vallarta.- Colectivos marcharon la tarde de ayer en protesta por la desaparici\u00f3n y posterior hallazgo sin vida de los hermanos Gonz\u00e1lez Moreno. De manera pac\u00edfica y por las principales calles de la ciudad, decenas de personas, mujeres j\u00f3venes en su\u2026","rel":"","context":"En &quot;CINTILLO&quot;","block_context":{"text":"CINTILLO","link":"https:\/\/www.grieta.org.mx\/index.php\/category\/cintillo\/"},"img":{"alt_text":"","src":"https:\/\/i0.wp.com\/www.grieta.org.mx\/wp-content\/uploads\/2021\/05\/WhatsApp-Image-2020-09-26-at-1.41.48-PM-e1621889726451.jpeg?resize=350%2C200&ssl=1","width":350,"height":200,"srcset":"https:\/\/i0.wp.com\/www.grieta.org.mx\/wp-content\/uploads\/2021\/05\/WhatsApp-Image-2020-09-26-at-1.41.48-PM-e1621889726451.jpeg?resize=350%2C200&ssl=1 1x, https:\/\/i0.wp.com\/www.grieta.org.mx\/wp-content\/uploads\/2021\/05\/WhatsApp-Image-2020-09-26-at-1.41.48-PM-e1621889726451.jpeg?resize=525%2C300&ssl=1 1.5x, https:\/\/i0.wp.com\/www.grieta.org.mx\/wp-content\/uploads\/2021\/05\/WhatsApp-Image-2020-09-26-at-1.41.48-PM-e1621889726451.jpeg?resize=700%2C400&ssl=1 2x"},"classes":[]},{"id":70023,"url":"https:\/\/www.grieta.org.mx\/index.php\/2024\/09\/26\/madres-buscadoras-despliegan-lona-gigante-con-rostros-de-desaparecidos-en-tondoroque-nayarit\/","url_meta":{"origin":54785,"position":4},"title":"Madres buscadoras despliegan lona gigante con rostros de desaparecidos en Tondoroque (Nayarit)","author":"grieta","date":"26 septiembre, 2024","format":false,"excerpt":"Imagen: Tribuna de la Bah\u00eda Las madres buscadoras claman que sus hijos y familiares no sean olvidados, colgando una lona de 12 metros en el puente peatonal de Tondoroque Isrrael L\u00f3pez \/ Tribuna de la Bah\u00eda Como un acto de visibilizaci\u00f3n, familiares que buscan a sus desaparecidos en Bah\u00eda de\u2026","rel":"","context":"En &quot;CINTILLO&quot;","block_context":{"text":"CINTILLO","link":"https:\/\/www.grieta.org.mx\/index.php\/category\/cintillo\/"},"img":{"alt_text":"","src":"https:\/\/i0.wp.com\/www.grieta.org.mx\/wp-content\/uploads\/2024\/10\/desaparecidos-3-1024x695-1.jpg?resize=350%2C200&ssl=1","width":350,"height":200,"srcset":"https:\/\/i0.wp.com\/www.grieta.org.mx\/wp-content\/uploads\/2024\/10\/desaparecidos-3-1024x695-1.jpg?resize=350%2C200&ssl=1 1x, https:\/\/i0.wp.com\/www.grieta.org.mx\/wp-content\/uploads\/2024\/10\/desaparecidos-3-1024x695-1.jpg?resize=525%2C300&ssl=1 1.5x, https:\/\/i0.wp.com\/www.grieta.org.mx\/wp-content\/uploads\/2024\/10\/desaparecidos-3-1024x695-1.jpg?resize=700%2C400&ssl=1 2x"},"classes":[]},{"id":72281,"url":"https:\/\/www.grieta.org.mx\/index.php\/2025\/08\/28\/aumentan-las-desapariciones-en-nayarit-denuncian-colectivos\/","url_meta":{"origin":54785,"position":5},"title":"Aumentan las desapariciones en Nayarit: denuncian colectivos","author":"grieta","date":"28 agosto, 2025","format":false,"excerpt":"Imagen: Realidades de Nayarit Como cada a\u00f1o, en el mes de agosto, los colectivos de busqueda ofrecer\u00e1n una misa por sus desaparecidos Arcelia Garc\u00eda Ortega \/ Realidades de Nayarit Tepic, Nayarit; jueves 28 de agosto del 2025.- Colectivos de familiares de desaparecidos invitan para este pr\u00f3ximo 30 de agosto por\u2026","rel":"","context":"En &quot;CINTILLO&quot;","block_context":{"text":"CINTILLO","link":"https:\/\/www.grieta.org.mx\/index.php\/category\/cintillo\/"},"img":{"alt_text":"","src":"https:\/\/i0.wp.com\/www.grieta.org.mx\/wp-content\/uploads\/2025\/08\/DESAPARECIDOS-1.jpeg?resize=350%2C200&ssl=1","width":350,"height":200,"srcset":"https:\/\/i0.wp.com\/www.grieta.org.mx\/wp-content\/uploads\/2025\/08\/DESAPARECIDOS-1.jpeg?resize=350%2C200&ssl=1 1x, https:\/\/i0.wp.com\/www.grieta.org.mx\/wp-content\/uploads\/2025\/08\/DESAPARECIDOS-1.jpeg?resize=525%2C300&ssl=1 1.5x, https:\/\/i0.wp.com\/www.grieta.org.mx\/wp-content\/uploads\/2025\/08\/DESAPARECIDOS-1.jpeg?resize=700%2C400&ssl=1 2x, https:\/\/i0.wp.com\/www.grieta.org.mx\/wp-content\/uploads\/2025\/08\/DESAPARECIDOS-1.jpeg?resize=1050%2C600&ssl=1 3x"},"classes":[]}],"_links":{"self":[{"href":"https:\/\/www.grieta.org.mx\/index.php\/wp-json\/wp\/v2\/posts\/54785","targetHints":{"allow":["GET"]}}],"collection":[{"href":"https:\/\/www.grieta.org.mx\/index.php\/wp-json\/wp\/v2\/posts"}],"about":[{"href":"https:\/\/www.grieta.org.mx\/index.php\/wp-json\/wp\/v2\/types\/post"}],"author":[{"embeddable":true,"href":"https:\/\/www.grieta.org.mx\/index.php\/wp-json\/wp\/v2\/users\/2"}],"replies":[{"embeddable":true,"href":"https:\/\/www.grieta.org.mx\/index.php\/wp-json\/wp\/v2\/comments?post=54785"}],"version-history":[{"count":1,"href":"https:\/\/www.grieta.org.mx\/index.php\/wp-json\/wp\/v2\/posts\/54785\/revisions"}],"predecessor-version":[{"id":54787,"href":"https:\/\/www.grieta.org.mx\/index.php\/wp-json\/wp\/v2\/posts\/54785\/revisions\/54787"}],"wp:featuredmedia":[{"embeddable":true,"href":"https:\/\/www.grieta.org.mx\/index.php\/wp-json\/wp\/v2\/media\/54786"}],"wp:attachment":[{"href":"https:\/\/www.grieta.org.mx\/index.php\/wp-json\/wp\/v2\/media?parent=54785"}],"wp:term":[{"taxonomy":"category","embeddable":true,"href":"https:\/\/www.grieta.org.mx\/index.php\/wp-json\/wp\/v2\/categories?post=54785"},{"taxonomy":"post_tag","embeddable":true,"href":"https:\/\/www.grieta.org.mx\/index.php\/wp-json\/wp\/v2\/tags?post=54785"}],"curies":[{"name":"wp","href":"https:\/\/api.w.org\/{rel}","templated":true}]}}