{"id":54775,"date":"2020-11-06T12:26:25","date_gmt":"2020-11-06T18:26:25","guid":{"rendered":"http:\/\/www.grieta.org.mx\/?p=54775"},"modified":"2020-11-07T12:32:19","modified_gmt":"2020-11-07T18:32:19","slug":"fallece-enfermero-del-issste-por-contagio-de-covid-19-trabajadores-acusan-escasez-de-medicamento-colima","status":"publish","type":"post","link":"https:\/\/www.grieta.org.mx\/index.php\/2020\/11\/06\/fallece-enfermero-del-issste-por-contagio-de-covid-19-trabajadores-acusan-escasez-de-medicamento-colima\/","title":{"rendered":"Fallece enfermero del ISSSTE por contagio de Covid-19; trabajadores acusan escasez de medicamento (Colima)"},"content":{"rendered":"<p><img loading=\"lazy\" decoding=\"async\" data-attachment-id=\"54776\" data-permalink=\"https:\/\/www.grieta.org.mx\/index.php\/2020\/11\/06\/fallece-enfermero-del-issste-por-contagio-de-covid-19-trabajadores-acusan-escasez-de-medicamento-colima\/image-91\/\" data-orig-file=\"https:\/\/www.grieta.org.mx\/wp-content\/uploads\/2020\/11\/image-91.png\" data-orig-size=\"692,368\" data-comments-opened=\"0\" data-image-meta=\"{&quot;aperture&quot;:&quot;0&quot;,&quot;credit&quot;:&quot;&quot;,&quot;camera&quot;:&quot;&quot;,&quot;caption&quot;:&quot;&quot;,&quot;created_timestamp&quot;:&quot;0&quot;,&quot;copyright&quot;:&quot;&quot;,&quot;focal_length&quot;:&quot;0&quot;,&quot;iso&quot;:&quot;0&quot;,&quot;shutter_speed&quot;:&quot;0&quot;,&quot;title&quot;:&quot;&quot;,&quot;orientation&quot;:&quot;0&quot;}\" data-image-title=\"image-91\" data-image-description=\"\" data-image-caption=\"\" data-medium-file=\"https:\/\/www.grieta.org.mx\/wp-content\/uploads\/2020\/11\/image-91-300x160.png\" data-large-file=\"https:\/\/www.grieta.org.mx\/wp-content\/uploads\/2020\/11\/image-91.png\" class=\" wp-image-54776 aligncenter\" src=\"http:\/\/www.grieta.org.mx\/wp-content\/uploads\/2020\/11\/image-91.png\" alt=\"\" width=\"800\" height=\"426\" srcset=\"https:\/\/www.grieta.org.mx\/wp-content\/uploads\/2020\/11\/image-91.png 692w, https:\/\/www.grieta.org.mx\/wp-content\/uploads\/2020\/11\/image-91-300x160.png 300w\" sizes=\"auto, (max-width: 800px) 100vw, 800px\" \/><\/p>\n<p>Foto: Diario Avanzada<\/p>\n<p>Heidi de Le\u00f3n Guti\u00e9rrez \/ Diario Avanzada<\/p>\n<p>Colima, M\u00e9xico, Avanzada (06\/11\/2020).- El enfermero General del \u00e1rea de Terapia Intensiva del ISSSTE, Jos\u00e9 Gabriel Torres Medina falleci\u00f3 por Covid-19 en la cl\u00ednica Miguel Trejo Ochoa en la capital de Colima.<\/p>\n<p>Este jueves por la tarde, la secretar\u00eda de Salud estatal confirm\u00f3 el fallecimiento del joven trabajador de la salud y env\u00edo sus condolencia a los familiares de la v\u00edctima. Sin embargo, a trav\u00e9s de diversas denuncias, trabajadores del ISSSTE se\u00f1alaron que la salud de Torres Medina se agrav\u00f3 por la falta de medicamentos y la escasa disposici\u00f3n de los directivos de la delegaci\u00f3n del ISSSTE para conseguirlos.<\/p>\n<p>Torres Medina realiz\u00f3 su servicio social en el Hospital Regional Universitario, y despu\u00e9s, labor\u00f3 en el ISSSTE en el \u00e1rea de Terapia Intensiva. Fue precisamente en esta instituci\u00f3n, donde se sospecha, adquiri\u00f3 el Covid-19.<\/p>\n<p>Una vez que se confirm\u00f3 el deceso de Torres Medina, los trabajadores del ISSSTE lamentaron las condiciones en las que laboran por la falta de medicamentos, y la poca disposici\u00f3n de la autoridad administrativa para resolver sus problemas.<\/p>\n<p>A estas quejas, tambi\u00e9n se unen las de los 35 trabajadores del \u00e1rea COVID del Hospital Regional Universitario, quienes no han recibido su pago desde hace cuatro meses por errores administrativos y la escasa comunicaci\u00f3n entre la secretar\u00eda de Salud en Colima y personal del INSABI del gobierno federal.<\/p>\n<p>En la entidad han muerto 13 trabajadores del Sector Salud por Covid-19, entre ellos, la enfermera Maribel Larios Ricardo, de 39 a\u00f1os de edad, quien laboraba en el Hospital Regional Universitario (HRU) y atend\u00eda a pacientes contagiados con el virus SARs-CoV2.<\/p>\n<p>Adem\u00e1s, el pasado mes de agosto, en la gaceta del Hospital General de Zona n\u00famero 1 del IMSS de Villa de \u00c1lvarez, se inform\u00f3 sobre el fallecimiento de 12 trabajadores.<\/p>\n<p><a href=\"https:\/\/www.diarioavanzada.com.mx\/?p=17234\">https:\/\/www.diarioavanzada.com.mx\/?p=17234<\/a><\/p>\n","protected":false},"excerpt":{"rendered":"<p>Foto: Diario Avanzada Heidi de Le\u00f3n Guti\u00e9rrez \/ Diario Avanzada Colima, M\u00e9xico, Avanzada (06\/11\/2020).- El enfermero General del \u00e1rea de Terapia Intensiva del ISSSTE, Jos\u00e9 Gabriel Torres Medina falleci\u00f3 por &hellip; <a href=\"https:\/\/www.grieta.org.mx\/index.php\/2020\/11\/06\/fallece-enfermero-del-issste-por-contagio-de-covid-19-trabajadores-acusan-escasez-de-medicamento-colima\/\" class=\"more-link\">Leer m\u00e1s<\/a><\/p>\n","protected":false},"author":2,"featured_media":54776,"comment_status":"closed","ping_status":"closed","sticky":false,"template":"","format":"standard","meta":{"ngg_post_thumbnail":0,"_jetpack_newsletter_access":"","_jetpack_dont_email_post_to_subs":false,"_jetpack_newsletter_tier_id":0,"_jetpack_memberships_contains_paywalled_content":false,"_jetpack_memberships_contains_paid_content":false,"footnotes":""},"categories":[80,13,918,2365,2,83],"tags":[3241,3133,2367,3604,492,3264],"class_list":["post-54775","post","type-post","status-publish","format-standard","has-post-thumbnail","hentry","category-cintillo","category-colima","category-privatizacion-del-sector-salud","category-crisis-en-el-sector-salud-en-colima","category-noticias-nacionales","category-temas-nacionales","tag-covid-19","tag-crisis-del-sector-salud","tag-crisis-en-el-sector-salud","tag-falta-de-medicamentos","tag-issste","tag-muerte-de-medicos","entry"],"jetpack_featured_media_url":"https:\/\/www.grieta.org.mx\/wp-content\/uploads\/2020\/11\/image-91.png","jetpack_sharing_enabled":true,"jetpack_shortlink":"https:\/\/wp.me\/p7ZJR4-eft","jetpack_likes_enabled":false,"jetpack-related-posts":[{"id":53148,"url":"https:\/\/www.grieta.org.mx\/index.php\/2020\/09\/05\/dolores-gonzalez-exige-a-diputados-federales-busquen-resolver-servicio-medico-en-clinica-del-issste-colima\/","url_meta":{"origin":54775,"position":0},"title":"Dolores Gonz\u00e1lez exige a diputados federales busquen resolver servicio m\u00e9dico en cl\u00ednica del ISSSTE Colima","author":"grieta","date":"5 septiembre, 2020","format":false,"excerpt":"Foto: Colima Noticias Edgardo Zamora \/ Colima Noticias Colima, Col.- La dirigente de la secci\u00f3n 30 del Sindicato Nacional de Trabajadores de la Secretar\u00eda de Salud, Dolores Gonz\u00e1lez Meza, hizo un llamado en\u00e9rgico a diputados federales para que resuelvan el servicio en la cl\u00ednica del ISSSTE para trabajadores de la\u2026","rel":"","context":"En &quot;CINTILLO&quot;","block_context":{"text":"CINTILLO","link":"https:\/\/www.grieta.org.mx\/index.php\/category\/cintillo\/"},"img":{"alt_text":"","src":"https:\/\/i0.wp.com\/www.grieta.org.mx\/wp-content\/uploads\/2020\/09\/issste-covid-19-colima-696x522-1.jpeg?resize=350%2C200&ssl=1","width":350,"height":200,"srcset":"https:\/\/i0.wp.com\/www.grieta.org.mx\/wp-content\/uploads\/2020\/09\/issste-covid-19-colima-696x522-1.jpeg?resize=350%2C200&ssl=1 1x, https:\/\/i0.wp.com\/www.grieta.org.mx\/wp-content\/uploads\/2020\/09\/issste-covid-19-colima-696x522-1.jpeg?resize=525%2C300&ssl=1 1.5x"},"classes":[]},{"id":56337,"url":"https:\/\/www.grieta.org.mx\/index.php\/2021\/01\/12\/hospitales-de-colima-reportan-el-100-por-ciento-de-ocupacion-en-areas-covid\/","url_meta":{"origin":54775,"position":1},"title":"Hospitales de Colima reportan el 100 por ciento de ocupaci\u00f3n en \u00e1reas Covid","author":"grieta","date":"12 enero, 2021","format":false,"excerpt":"Foto: Diario Avanzada Heidi de Le\u00f3n Guti\u00e9rrez \/ Diario Avanzada Colima, M\u00e9xico, Avanzada (12\/01\/2020).- El Hospital General de Manzanillo y el Hospital Regional Universitario (HRU) reportaron un 100 por ciento de ocupaci\u00f3n hospitalaria en las \u00e1reas destinadas para atender a los enfermos de Covid-19. Mientras que las cl\u00ednicas del ISSSTE\u2026","rel":"","context":"En &quot;CINTILLO&quot;","block_context":{"text":"CINTILLO","link":"https:\/\/www.grieta.org.mx\/index.php\/category\/cintillo\/"},"img":{"alt_text":"","src":"https:\/\/i0.wp.com\/www.grieta.org.mx\/wp-content\/uploads\/2021\/01\/Hospital-1.jpg?resize=350%2C200&ssl=1","width":350,"height":200,"srcset":"https:\/\/i0.wp.com\/www.grieta.org.mx\/wp-content\/uploads\/2021\/01\/Hospital-1.jpg?resize=350%2C200&ssl=1 1x, https:\/\/i0.wp.com\/www.grieta.org.mx\/wp-content\/uploads\/2021\/01\/Hospital-1.jpg?resize=525%2C300&ssl=1 1.5x, https:\/\/i0.wp.com\/www.grieta.org.mx\/wp-content\/uploads\/2021\/01\/Hospital-1.jpg?resize=700%2C400&ssl=1 2x"},"classes":[]},{"id":54421,"url":"https:\/\/www.grieta.org.mx\/index.php\/2020\/10\/20\/trabajadores-denuncian-desvio-de-recursos-en-el-issste-colima-pagan-a-personal-directivo-con-dinero-que-deberia-ser-para-medicos-que-atienden-covid\/","url_meta":{"origin":54775,"position":2},"title":"Trabajadores denuncian desv\u00edo de recursos en el ISSSTE Colima; pagan a personal directivo con dinero que deber\u00eda ser para m\u00e9dicos que atienden Covid","author":"grieta","date":"20 octubre, 2020","format":false,"excerpt":"Foto: Colima Noticias Edgardo Zamora \/ Colima Noticias Colima, Col.-\u00a0\u00a0Trabajadores de la cl\u00ednica \u201cDr. Miguel Trejo Ochoa\u201d del ISSSTE de Colima denuncian que a personal que atiende a pacientes con Covid-19 no se les ha pagado por concepto de riesgo, y que este dinero se le ha beneficiado a personal\u2026","rel":"","context":"En &quot;CINTILLO&quot;","block_context":{"text":"CINTILLO","link":"https:\/\/www.grieta.org.mx\/index.php\/category\/cintillo\/"},"img":{"alt_text":"","src":"https:\/\/i0.wp.com\/www.grieta.org.mx\/wp-content\/uploads\/2020\/10\/issste-covid-19-colima.jpeg?resize=350%2C200&ssl=1","width":350,"height":200,"srcset":"https:\/\/i0.wp.com\/www.grieta.org.mx\/wp-content\/uploads\/2020\/10\/issste-covid-19-colima.jpeg?resize=350%2C200&ssl=1 1x, https:\/\/i0.wp.com\/www.grieta.org.mx\/wp-content\/uploads\/2020\/10\/issste-covid-19-colima.jpeg?resize=525%2C300&ssl=1 1.5x, https:\/\/i0.wp.com\/www.grieta.org.mx\/wp-content\/uploads\/2020\/10\/issste-covid-19-colima.jpeg?resize=700%2C400&ssl=1 2x"},"classes":[]},{"id":49962,"url":"https:\/\/www.grieta.org.mx\/index.php\/2020\/05\/23\/niega-issste-colima-atencion-medica-a-medico-con-covid-19\/","url_meta":{"origin":54775,"position":3},"title":"Niega ISSSTE Colima atenci\u00f3n m\u00e9dica a m\u00e9dico con Covid-19","author":"grieta","date":"23 mayo, 2020","format":false,"excerpt":"Foto: Ecos de la Costa Infoecos \/ Ecos de la Costa Un m\u00e9dico del sistema de salud ISSSTE adscrito a la Cl\u00ednica de Manzanillo, sufri\u00f3 del contagio del COVID-19 conocido como Coronavirus, siendo trasladado a la Cl\u00ednica Hospital Miguel Trejo Ochoa del ISSSTE en Colima y donde le fue rechazada\u2026","rel":"","context":"En &quot;CINTILLO&quot;","block_context":{"text":"CINTILLO","link":"https:\/\/www.grieta.org.mx\/index.php\/category\/cintillo\/"},"img":{"alt_text":"","src":"https:\/\/i0.wp.com\/www.grieta.org.mx\/wp-content\/uploads\/2020\/05\/p1f1.jpg?resize=350%2C200&ssl=1","width":350,"height":200,"srcset":"https:\/\/i0.wp.com\/www.grieta.org.mx\/wp-content\/uploads\/2020\/05\/p1f1.jpg?resize=350%2C200&ssl=1 1x, https:\/\/i0.wp.com\/www.grieta.org.mx\/wp-content\/uploads\/2020\/05\/p1f1.jpg?resize=525%2C300&ssl=1 1.5x"},"classes":[]},{"id":49346,"url":"https:\/\/www.grieta.org.mx\/index.php\/2020\/05\/14\/issste-colima-sigue-sin-insumos-para-atender-pacientes-con-covid-19\/","url_meta":{"origin":54775,"position":4},"title":"ISSSTE Colima sigue sin insumos para atender pacientes con Covid-19","author":"grieta","date":"14 mayo, 2020","format":false,"excerpt":"Foto: Ecos de la Costa Infoecos \/ Ecos de la Costa En la Cl\u00ednica hospital del ISSSTE Dr. Miguel Trejo Ochoa en Colima, no se cuenta con c\u00e1psulas para tratar a posibles pacientes con Covid-19. De acuerdo al secretario general de la secci\u00f3n XII del Sindicato del ISSSTE, Carlos Alberto\u2026","rel":"","context":"En &quot;CINTILLO&quot;","block_context":{"text":"CINTILLO","link":"https:\/\/www.grieta.org.mx\/index.php\/category\/cintillo\/"},"img":{"alt_text":"","src":"https:\/\/i0.wp.com\/www.grieta.org.mx\/wp-content\/uploads\/2020\/05\/p1f2.jpg?resize=350%2C200&ssl=1","width":350,"height":200,"srcset":"https:\/\/i0.wp.com\/www.grieta.org.mx\/wp-content\/uploads\/2020\/05\/p1f2.jpg?resize=350%2C200&ssl=1 1x, https:\/\/i0.wp.com\/www.grieta.org.mx\/wp-content\/uploads\/2020\/05\/p1f2.jpg?resize=525%2C300&ssl=1 1.5x, https:\/\/i0.wp.com\/www.grieta.org.mx\/wp-content\/uploads\/2020\/05\/p1f2.jpg?resize=700%2C400&ssl=1 2x, https:\/\/i0.wp.com\/www.grieta.org.mx\/wp-content\/uploads\/2020\/05\/p1f2.jpg?resize=1050%2C600&ssl=1 3x"},"classes":[]},{"id":46756,"url":"https:\/\/www.grieta.org.mx\/index.php\/2020\/03\/25\/exigen-trabajadores-del-issste-equipo-indispensable-para-atender-a-contagiados-de-covid-19-colima\/","url_meta":{"origin":54775,"position":5},"title":"Exigen trabajadores del ISSSTE equipo indispensable para atender a contagiados de Covid-19 (Colima)","author":"grieta","date":"25 marzo, 2020","format":false,"excerpt":"Foto: El Comentario Carlos A. Ar\u00e9valo \/ El Comentario Personal m\u00e9dico y administrativo del ISSSTE\u00a0pararon actividades laborales y se manifestaron la ma\u00f1ana de este mi\u00e9rcoles (25) afuera de la\u00a0Cl\u00ednica \u201cDr. Miguel Trejo Ochoa\u201d, ubicada en la ciudad de Colima, para\u00a0demandar material y equipo indispensable\u00a0que les permita sentirse protegidos al momento\u2026","rel":"","context":"En &quot;CINTILLO&quot;","block_context":{"text":"CINTILLO","link":"https:\/\/www.grieta.org.mx\/index.php\/category\/cintillo\/"},"img":{"alt_text":"","src":"https:\/\/i0.wp.com\/www.grieta.org.mx\/wp-content\/uploads\/2020\/03\/efd72ec3c17af7ae57a59f8be4e433bc.jpeg?resize=350%2C200&ssl=1","width":350,"height":200,"srcset":"https:\/\/i0.wp.com\/www.grieta.org.mx\/wp-content\/uploads\/2020\/03\/efd72ec3c17af7ae57a59f8be4e433bc.jpeg?resize=350%2C200&ssl=1 1x, https:\/\/i0.wp.com\/www.grieta.org.mx\/wp-content\/uploads\/2020\/03\/efd72ec3c17af7ae57a59f8be4e433bc.jpeg?resize=525%2C300&ssl=1 1.5x, https:\/\/i0.wp.com\/www.grieta.org.mx\/wp-content\/uploads\/2020\/03\/efd72ec3c17af7ae57a59f8be4e433bc.jpeg?resize=700%2C400&ssl=1 2x, https:\/\/i0.wp.com\/www.grieta.org.mx\/wp-content\/uploads\/2020\/03\/efd72ec3c17af7ae57a59f8be4e433bc.jpeg?resize=1050%2C600&ssl=1 3x"},"classes":[]}],"_links":{"self":[{"href":"https:\/\/www.grieta.org.mx\/index.php\/wp-json\/wp\/v2\/posts\/54775","targetHints":{"allow":["GET"]}}],"collection":[{"href":"https:\/\/www.grieta.org.mx\/index.php\/wp-json\/wp\/v2\/posts"}],"about":[{"href":"https:\/\/www.grieta.org.mx\/index.php\/wp-json\/wp\/v2\/types\/post"}],"author":[{"embeddable":true,"href":"https:\/\/www.grieta.org.mx\/index.php\/wp-json\/wp\/v2\/users\/2"}],"replies":[{"embeddable":true,"href":"https:\/\/www.grieta.org.mx\/index.php\/wp-json\/wp\/v2\/comments?post=54775"}],"version-history":[{"count":1,"href":"https:\/\/www.grieta.org.mx\/index.php\/wp-json\/wp\/v2\/posts\/54775\/revisions"}],"predecessor-version":[{"id":54777,"href":"https:\/\/www.grieta.org.mx\/index.php\/wp-json\/wp\/v2\/posts\/54775\/revisions\/54777"}],"wp:featuredmedia":[{"embeddable":true,"href":"https:\/\/www.grieta.org.mx\/index.php\/wp-json\/wp\/v2\/media\/54776"}],"wp:attachment":[{"href":"https:\/\/www.grieta.org.mx\/index.php\/wp-json\/wp\/v2\/media?parent=54775"}],"wp:term":[{"taxonomy":"category","embeddable":true,"href":"https:\/\/www.grieta.org.mx\/index.php\/wp-json\/wp\/v2\/categories?post=54775"},{"taxonomy":"post_tag","embeddable":true,"href":"https:\/\/www.grieta.org.mx\/index.php\/wp-json\/wp\/v2\/tags?post=54775"}],"curies":[{"name":"wp","href":"https:\/\/api.w.org\/{rel}","templated":true}]}}