{"id":54735,"date":"2020-11-04T23:09:30","date_gmt":"2020-11-05T05:09:30","guid":{"rendered":"http:\/\/www.grieta.org.mx\/?p=54735"},"modified":"2020-11-06T23:19:16","modified_gmt":"2020-11-07T05:19:16","slug":"familia-en-nl-denuncia-a-fuerza-civil-por-allanamiento-golpes-robo-y-tocamientos","status":"publish","type":"post","link":"https:\/\/www.grieta.org.mx\/index.php\/2020\/11\/04\/familia-en-nl-denuncia-a-fuerza-civil-por-allanamiento-golpes-robo-y-tocamientos\/","title":{"rendered":"Familia en NL denuncia a Fuerza Civil por allanamiento, golpes, robo y tocamientos"},"content":{"rendered":"<p><strong>Habitantes del municipio rural de Doctor Arroyo aseguraron que elementos de la polic\u00eda estatal irrumpieron en sus domicilios y agredieron a varias personas, supuestamente para buscar droga.<\/strong><\/p>\n<figure id=\"attachment_54736\" aria-describedby=\"caption-attachment-54736\" style=\"width: 800px\" class=\"wp-caption alignnone\"><img loading=\"lazy\" decoding=\"async\" data-attachment-id=\"54736\" data-permalink=\"https:\/\/www.grieta.org.mx\/index.php\/2020\/11\/04\/familia-en-nl-denuncia-a-fuerza-civil-por-allanamiento-golpes-robo-y-tocamientos\/allanamiento-casa\/\" data-orig-file=\"https:\/\/www.grieta.org.mx\/wp-content\/uploads\/2020\/11\/allanamiento-casa.jpeg\" data-orig-size=\"800,450\" data-comments-opened=\"0\" data-image-meta=\"{&quot;aperture&quot;:&quot;0&quot;,&quot;credit&quot;:&quot;&quot;,&quot;camera&quot;:&quot;&quot;,&quot;caption&quot;:&quot;&quot;,&quot;created_timestamp&quot;:&quot;0&quot;,&quot;copyright&quot;:&quot;&quot;,&quot;focal_length&quot;:&quot;0&quot;,&quot;iso&quot;:&quot;0&quot;,&quot;shutter_speed&quot;:&quot;0&quot;,&quot;title&quot;:&quot;&quot;,&quot;orientation&quot;:&quot;0&quot;}\" data-image-title=\"allanamiento casa\" data-image-description=\"\" data-image-caption=\"&lt;p&gt;Interior de uno de los domicilios allanados en Doctor Arroyo. Foto: Especial&lt;\/p&gt;\n\" data-medium-file=\"https:\/\/www.grieta.org.mx\/wp-content\/uploads\/2020\/11\/allanamiento-casa-300x169.jpeg\" data-large-file=\"https:\/\/www.grieta.org.mx\/wp-content\/uploads\/2020\/11\/allanamiento-casa.jpeg\" class=\"wp-image-54736 size-full\" src=\"http:\/\/www.grieta.org.mx\/wp-content\/uploads\/2020\/11\/allanamiento-casa.jpeg\" alt=\"\" width=\"800\" height=\"450\" srcset=\"https:\/\/www.grieta.org.mx\/wp-content\/uploads\/2020\/11\/allanamiento-casa.jpeg 800w, https:\/\/www.grieta.org.mx\/wp-content\/uploads\/2020\/11\/allanamiento-casa-300x169.jpeg 300w, https:\/\/www.grieta.org.mx\/wp-content\/uploads\/2020\/11\/allanamiento-casa-768x432.jpeg 768w\" sizes=\"auto, (max-width: 800px) 100vw, 800px\" \/><figcaption id=\"caption-attachment-54736\" class=\"wp-caption-text\">Interior de uno de los domicilios allanados en Doctor Arroyo. Foto: Especial<\/figcaption><\/figure>\n<p>Luciano Campos Garza\/ PROCESO<\/p>\n<p>MONTERREY, N.L. (apro).- Habitantes del municipio rural de Doctor Arroyo denunciaron a elementos de la polic\u00eda estatal Fuerza Civil quienes irrumpieron en sus domicilios, golpearon a varias personas e hicieron tocamientos a una moradora, supuestamente para buscar droga guardada.<\/p>\n<p>El incidente ocurri\u00f3 durante la madrugada del viernes 23 de octubre, en tres viviendas de la comunidad Los Cuartos. Tras ser detenidas, estas personas fueron liberadas hasta el lunes 26, en Monterrey, luego de que una juez de control determinara que no hab\u00eda elementos para procesarlos, denuncia Cristina Varela Cuello, una de las v\u00edctimas.<\/p>\n<p>Ella dice que los polic\u00edas de FC le robaron de su casa 16 mil pesos en efectivo y productos de aseo personal Avon, que comercializa, adem\u00e1s de que le destrozaron la casa.<\/p>\n<p>Un polic\u00eda, que no puede identificar, porque tra\u00eda el rostro cubierto, le hizo tocamientos en el cuerpo mientras la ten\u00eda sometida, denuncia.<\/p>\n<p>De acuerdo con Cristina, de 48 a\u00f1os, fueron v\u00edctimas de este hecho su esposo Rodolfo Cuello Mor\u00edn, de 50 y el hijo de los dos, Armando de 27. Por lo menos al hijo, dice, lo torturaron con agua.<\/p>\n<p>En otros domicilios y en el mismo incidente fueron detenidos con ellos, y posteriormente liberados, su primo, Carlos Cuello, su esposa Aurora, y los primos Jos\u00e9, un mec\u00e1nico, y Sim\u00f3n, este \u00faltimo afectado de sus facultades mentales.<\/p>\n<p>Al dar su testimonio, Cristina solo quiere que la ciudadan\u00eda conozca los hechos, y sepa de qu\u00e9 manera se desempe\u00f1a la polic\u00eda Fuerza Civil<\/p>\n<p>\u201cNi las cintas de los zapatos nos regresaron. Todo lo llevaban en una bolsa, hasta los tel\u00e9fonos celulares. Nos dijeron que en Monterrey nos iban a entregar, pero no nos entregaron ni las cintas, qu\u00e9 nos van a regresar lo dem\u00e1s. Yo si quiero que la gente sepa qu\u00e9 clase de gobierno tenemos. \u00bfSi as\u00ed le seguimos, de qui\u00e9n nos vamos a cuidar?\u201d, se queja.<\/p>\n<blockquote class=\"twitter-tweet\">\n<p dir=\"ltr\" lang=\"es\">Personas del municipio rural de Doctor Arroyo denunciaron que integrantes de la polic\u00eda estatal Fuerza Civil de Nuevo Le\u00f3n causaron destrozos en su casa durante un allanamiento, en el que adem\u00e1s fueron golpeados.<br \/>\n(Video: Especial)<br \/>\n\u27a1 <a href=\"https:\/\/t.co\/IQIBszpwGW\">https:\/\/t.co\/IQIBszpwGW<\/a> <a href=\"https:\/\/t.co\/GtIVcoJ5qf\">pic.twitter.com\/GtIVcoJ5qf<\/a><\/p>\n<p>\u2014 Proceso (@proceso) <a href=\"https:\/\/twitter.com\/proceso\/status\/1324123636223995904?ref_src=twsrc%5Etfw\">November 4, 2020<\/a><\/p><\/blockquote>\n<p><script async src=\"https:\/\/platform.twitter.com\/widgets.js\" charset=\"utf-8\"><\/script><\/p>\n<p>Buscaban armas y droga<\/p>\n<p>Cristina Varela da su versi\u00f3n del incidente, ocurrido en Doctor Arroyo, un empobrecido municipio ubicado en el extremo sur de Nuevo le\u00f3n, a 320 kil\u00f3metros al sur de Monterrey.<\/p>\n<p>Dice que la madrugada del 23 dorm\u00eda en la rec\u00e1mara de su casa con su esposo, quien se dedica a la alba\u00f1iler\u00eda. En otra habitaci\u00f3n estaba su hijo, que trabaja en un taller de estructuras para construcci\u00f3n.<\/p>\n<p>Repentinamente a las 5:30 horas sonaron golpes en la puerta. Atisb\u00f3 al exterior y cont\u00f3 ocho veh\u00edculos de Fuerza Civil. Intent\u00f3 moverse para abrir, seg\u00fan dice, pero en cuesti\u00f3n de segundos, las puertas de la casa estaban destrozadas y los uniformados ya estaban adentro. A\u00fan hoy, dice, las puertas no funcionan.<\/p>\n<p>Los tres vest\u00edan ropa interior.<\/p>\n<p>\u201cNo nos dieron chance ni de bajarnos de la cama, nos encontraron en ropa interior, dormidos. Tiraron al piso a mi esposo. Yo me pude poner una batita cortita. Sal\u00ed afuera a amarrar a un perro, que lo cuido como si fuera un ni\u00f1o, y me lo quer\u00edan matar\u201d.<\/p>\n<p>\u201cCuando regres\u00e9 me preguntaron de quien era el otro cuarto, donde estaba dormido mi hijo. Me sentaron en una silla en la cocina, no me dejaban levantar la cabeza. Mir\u00e9 que llevaban a mi hijo, en puro b\u00f3xer, descalzo y a los dos los golpearon mucho. Les daban golpes bien feos\u201d, dice.<\/p>\n<p>Comenta que como miraba la acci\u00f3n trajeron una s\u00e1bana y la cubrieron.<\/p>\n<p>\u201cO\u00ed que estaban sacando agua del lavadero de la cocina. No sab\u00eda para qu\u00e9, pero dec\u00eda que buscaran una toalla y no s\u00e9 qu\u00e9 le hac\u00edan a mi hijo, pero de pronto dijeron que ya se hab\u00eda muerto. Dec\u00edan que al cabo por ah\u00ed lo iban a tirar\u201d, dice, evocando lo que supone que fue una sesi\u00f3n de tortura.<\/p>\n<p>A ellos se los llevaron y a ella le pidieron que se vistiera, pero tuvo que hacerlo frente a los agentes varones. Luego, seg\u00fan relata, la sentaron en un sill\u00f3n y no le permitieron que levantara el rostro. Dice que solo alcanz\u00f3 a percibir que eran agentes de Fuerza Civil.<\/p>\n<p>\u201cNos dijeron que seg\u00fan andaban buscando armas, que si ten\u00edamos cuernos de chivo y eso ni lo conozco. Uno se dedica a su trabajo. Me sacaron de ah\u00ed y a ellos ya los hab\u00edan sacado. Se los llevaron a las patrullas que estaban en la calle. Pero antes de sacarme me robaron mucho\u201d.<\/p>\n<p>\u201cMe robaron un dinero que ten\u00eda para varios pagos, unos 16 mil pesos. A mi esposo le vaciaron la cartera, igual a mi hijo. Vendo Avon y Fuller. Ten\u00eda en un mueblecito todo lleno y me limpiaron completamente lo que ten\u00eda. Se robaron la hielera, y una m\u00e1quina de cortar pelo que ten\u00eda prestada\u201d, dice Cristina.<\/p>\n<p>A los tres se los llevaron detenidos, y los subieron a una camioneta granadera, explica. A ellos los llevaron en la caja y a ella en la cabina. Los trasladaron, recuerda, a las celdas municipales del vecino municipio de Galeana. Estuvieron ah\u00ed y hasta el s\u00e1bado los trasladaron a Monterrey, y los presentaron ante el Ministerio P\u00fablico. No sabe a d\u00f3nde los llevaron, s\u00f3lo refiere que fue un edificio en la Avenida Gonzalitos.<\/p>\n<p>\u201cNos dijeron que nuestro delito era que and\u00e1bamos vendiendo droga. Pero antes de sacarnos del rancho, nos bajaron en la calle principal (de Doctor Arroyo), donde pasa la carretera y alguna gente nos vio. No nos permitieron avisarle a nadie. Ah\u00ed nos tomaron fotos antes de sacarnos\u201d, comenta.<\/p>\n<p>Refiere que cuando lleg\u00f3 a Monterrey su hijo mostraba hematomas en la espalda. Fueron llevados a un hospital donde, dice, el dictamen m\u00e9dico solo hac\u00eda referencia que su esposo presentaba una herida cortante en el p\u00f3mulo, abajo del ojo. Pero no fueron incluidos los golpes que evidenciaban.<\/p>\n<p>Estuvieron encerrados en celdas de Monterrey el s\u00e1bado, el domingo, y hasta el lunes fueron excarcelados, cuando los presentaron con una juez de control. Para entonces, dos de sus hijos, que viven en esta ciudad, llevaron abogados para que los asesoraran, y eso ayud\u00f3 a la causa.<\/p>\n<p>\u201cLa juez nos liber\u00f3. Metimos abogados y como dijeron donde viv\u00edamos, la juez dijo que no hab\u00eda delito. Yo les dije que el que a m\u00ed me cuidaba, me manoseaba. El de la Fuerza Civil, \u00e9l s\u00ed me manoseaba. Eso le molest\u00f3 a la se\u00f1ora (jueza), que dijo que era un abuso que se hubieran metido a la casa y que por la edad que yo ten\u00eda, eso no era conveniente. Yo nunca les mir\u00e9 la cara, porque andaban cubiertos\u201d, dice.<\/p>\n<p>Cristina dice que s\u00f3lo quiere hacer una denuncia p\u00fablica, pues est\u00e1 segura de que no le ser\u00e1n reintegrados los bienes y el dinero que, dice, le fueron robados. Adem\u00e1s, afirma, no era necesario que le rompieran las puertas. \u201cLes hubiera abierto, si ellos han sonado. Si hubiera un cargo, pues nos hubieran llevado, pero, aparte de eso, venir a robarnos lo poquito que uno tiene\u2026\u201d, se queja.<\/p>\n<p>Entrevistada aparte, Perla Cuello Lucio, hermana de Carlos, y quien vive en Matehuala, San Luis Potos\u00ed, municipio cercano al sitio de los hechos, dice que tras hablar con los afectados, encontr\u00f3 que fueron tres las casas allanadas.<\/p>\n<p>En la casa que habitan Jos\u00e9 y Sim\u00f3n, tambi\u00e9n los uniformados ingresaron y les robaron botas y una chamarra. Tambi\u00e9n sometieron a Carlos y Aurora, a quienes les apuntaron con armas desde la ventana, por lo que \u00e9l tuvo que abrir la puerta.<\/p>\n<p>\u201cA \u00e9l lo sometieron en un bote de agua y le echaron agua mineral en la nariz. Al hijo de Cristina tambi\u00e9n lo sometieron en un bote de agua, lo mismo que a mi hermano. Les preguntaron por dos nombres, que no sab\u00edan qui\u00e9nes eran\u201d, explica y dice que se los llevaron detenidos.<\/p>\n<p>Dice que inicialmente hicieron una denuncia p\u00fablica en redes sociales en Matehuala, pero ahora quieren que el caso sea conocido en un \u00e1mbito mayor.<\/p>\n<p>Se\u00f1ala que los habitantes de Los Cuartos est\u00e1n indignados y levantan firmas para expresar su inconformidad por estos hechos.<\/p>\n<p><a href=\"https:\/\/www.proceso.com.mx\/nacional\/2020\/11\/4\/familia-en-nl-denuncia-fuerza-civil-por-allanamiento-golpes-robo-tocamientos-252129.html\" rel=\"noopener noreferrer\" target=\"_blank\">https:\/\/www.proceso.com.mx\/nacional\/2020\/11\/4\/familia-en-nl-denuncia-fuerza-civil-por-allanamiento-golpes-robo-tocamientos-252129.html<\/a>&nbsp;<\/p>\n","protected":false},"excerpt":{"rendered":"<p>Habitantes del municipio rural de Doctor Arroyo aseguraron que elementos de la polic\u00eda estatal irrumpieron en sus domicilios y agredieron a varias personas, supuestamente para buscar droga. Luciano Campos Garza\/ &hellip; <a href=\"https:\/\/www.grieta.org.mx\/index.php\/2020\/11\/04\/familia-en-nl-denuncia-a-fuerza-civil-por-allanamiento-golpes-robo-y-tocamientos\/\" class=\"more-link\">Leer m\u00e1s<\/a><\/p>\n","protected":false},"author":2,"featured_media":54736,"comment_status":"closed","ping_status":"closed","sticky":false,"template":"","format":"standard","meta":{"ngg_post_thumbnail":0,"_jetpack_newsletter_access":"","_jetpack_dont_email_post_to_subs":false,"_jetpack_newsletter_tier_id":0,"_jetpack_memberships_contains_paywalled_content":false,"_jetpack_memberships_contains_paid_content":false,"footnotes":""},"categories":[80,2,24,2443],"tags":[199,3726,2448,3728,2000,3727,325],"class_list":["post-54735","post","type-post","status-publish","format-standard","has-post-thumbnail","hentry","category-cintillo","category-noticias-nacionales","category-nuevo-leon","category-violencia-de-fuerzas-represivas-en-nuevo-leon","tag-abuso-policiaco","tag-allanamiento","tag-fuerza-civil","tag-pillaje-policiaco","tag-policia-estatal","tag-robo","tag-tortura","entry"],"jetpack_featured_media_url":"https:\/\/www.grieta.org.mx\/wp-content\/uploads\/2020\/11\/allanamiento-casa.jpeg","jetpack_sharing_enabled":true,"jetpack_shortlink":"https:\/\/wp.me\/p7ZJR4-eeP","jetpack_likes_enabled":false,"jetpack-related-posts":[{"id":54732,"url":"https:\/\/www.grieta.org.mx\/index.php\/2020\/11\/06\/buscan-denunciar-a-fuerza-civil-de-nuevo-leon-por-abuso-de-autoridad\/","url_meta":{"origin":54735,"position":0},"title":"Buscan denunciar a Fuerza Civil de Nuevo Le\u00f3n por abuso de autoridad","author":"grieta","date":"6 noviembre, 2020","format":false,"excerpt":"Los agentes de la polic\u00eda estatal que allanaron en octubre tres domicilios en el municipio rural de Doctor Arroyo pueden ser demandados por abuso de autoridad, afirma Ciudadanos en Apoyo a los Derechos Humanos (Cadhac). Luciano Campos Garza\/ PROCESO MONTERREY, N.L. (apro).- Los agentes de la polic\u00eda estatal Fuerza Civil\u2026","rel":"","context":"En &quot;NOTICIAS NACIONALES&quot;","block_context":{"text":"NOTICIAS NACIONALES","link":"https:\/\/www.grieta.org.mx\/index.php\/category\/noticias-nacionales\/"},"img":{"alt_text":"","src":"https:\/\/i0.wp.com\/www.grieta.org.mx\/wp-content\/uploads\/2020\/11\/allanamiento-NL.jpg?resize=350%2C200&ssl=1","width":350,"height":200,"srcset":"https:\/\/i0.wp.com\/www.grieta.org.mx\/wp-content\/uploads\/2020\/11\/allanamiento-NL.jpg?resize=350%2C200&ssl=1 1x, https:\/\/i0.wp.com\/www.grieta.org.mx\/wp-content\/uploads\/2020\/11\/allanamiento-NL.jpg?resize=525%2C300&ssl=1 1.5x, https:\/\/i0.wp.com\/www.grieta.org.mx\/wp-content\/uploads\/2020\/11\/allanamiento-NL.jpg?resize=700%2C400&ssl=1 2x"},"classes":[]},{"id":28562,"url":"https:\/\/www.grieta.org.mx\/index.php\/2019\/01\/24\/denuncian-desapariciones-forzadas-tamaulipas\/","url_meta":{"origin":54735,"position":1},"title":"Denuncian desapariciones forzadas (Tamaulipas)","author":"grieta","date":"24 enero, 2019","format":false,"excerpt":"Noe Gea \/ Noticias Reynosa Son 7 los desaparecidos y los familiares acusan a elementos de la Polic\u00eda Estatal acreditable como los responsables de estos atropellos Un gran n\u00famero de personas estuvieron en la unidad Antisecuestro, perteneciente perteneciente a la PGJE, para realizar las denuncias correspondientes, con respecto a la\u2026","rel":"","context":"En &quot;Abuso policiaco y tortura en Tamaulipas&quot;","block_context":{"text":"Abuso policiaco y tortura en Tamaulipas","link":"https:\/\/www.grieta.org.mx\/index.php\/category\/noticias-nacionales\/tamaulipas\/abuso-policiaco-y-tortura-en-tamaulipas\/"},"img":{"alt_text":"","src":"https:\/\/i0.wp.com\/www.grieta.org.mx\/wp-content\/uploads\/2019\/01\/Denuncian-desapariciones-forzadas-tamaulipas.jpg?resize=350%2C200&ssl=1","width":350,"height":200,"srcset":"https:\/\/i0.wp.com\/www.grieta.org.mx\/wp-content\/uploads\/2019\/01\/Denuncian-desapariciones-forzadas-tamaulipas.jpg?resize=350%2C200&ssl=1 1x, https:\/\/i0.wp.com\/www.grieta.org.mx\/wp-content\/uploads\/2019\/01\/Denuncian-desapariciones-forzadas-tamaulipas.jpg?resize=525%2C300&ssl=1 1.5x, https:\/\/i0.wp.com\/www.grieta.org.mx\/wp-content\/uploads\/2019\/01\/Denuncian-desapariciones-forzadas-tamaulipas.jpg?resize=700%2C400&ssl=1 2x"},"classes":[]},{"id":28565,"url":"https:\/\/www.grieta.org.mx\/index.php\/2019\/01\/24\/manifestantes-exigen-justicia-por-desaparecidos-tamaulipas\/","url_meta":{"origin":54735,"position":2},"title":"Manifestantes Exigen Justicia por Desaparecidos (Tamaulipas)","author":"grieta","date":"24 enero, 2019","format":false,"excerpt":"No\u00e9 Gea \/ Noticias Reynosa Bloquean carretera ribere\u00f1a, demandan que elementos de la Polic\u00eda Estatal se llev\u00e1ron a seis de sus familiares Alrededor del mediod\u00eda de este mi\u00e9rcoles 23 de enero, habitantes de Valadeces y D\u00edaz Ordaz, se manifestar\u00f3n, un hotel de la carretera Ribere\u00f1a donde funge como Cuartel de\u2026","rel":"","context":"En &quot;Abuso policiaco y tortura en Tamaulipas&quot;","block_context":{"text":"Abuso policiaco y tortura en Tamaulipas","link":"https:\/\/www.grieta.org.mx\/index.php\/category\/noticias-nacionales\/tamaulipas\/abuso-policiaco-y-tortura-en-tamaulipas\/"},"img":{"alt_text":"","src":"https:\/\/i0.wp.com\/www.grieta.org.mx\/wp-content\/uploads\/2019\/01\/Manifestantes-Exigen-Justicia-por-Desaparecidos-tamaulipas.jpg?resize=350%2C200&ssl=1","width":350,"height":200,"srcset":"https:\/\/i0.wp.com\/www.grieta.org.mx\/wp-content\/uploads\/2019\/01\/Manifestantes-Exigen-Justicia-por-Desaparecidos-tamaulipas.jpg?resize=350%2C200&ssl=1 1x, https:\/\/i0.wp.com\/www.grieta.org.mx\/wp-content\/uploads\/2019\/01\/Manifestantes-Exigen-Justicia-por-Desaparecidos-tamaulipas.jpg?resize=525%2C300&ssl=1 1.5x, https:\/\/i0.wp.com\/www.grieta.org.mx\/wp-content\/uploads\/2019\/01\/Manifestantes-Exigen-Justicia-por-Desaparecidos-tamaulipas.jpg?resize=700%2C400&ssl=1 2x"},"classes":[]},{"id":48749,"url":"https:\/\/www.grieta.org.mx\/index.php\/2020\/05\/04\/fuerza-publica-usada-contra-la-poblacion-de-tlalnepantla-estado-de-mexico\/","url_meta":{"origin":54735,"position":3},"title":"Fuerza p\u00fablica usada contra la Poblaci\u00f3n de Tlalnepantla. (Estado de M\u00e9xico)","author":"grieta","date":"4 mayo, 2020","format":false,"excerpt":"Vecinos de Atizap\u00e1n Elementos de la polic\u00eda municipal y estatal as\u00ed como de la Guardia Nacional retiran con violencia a los vendedores a quienes incluso, les decomisan sus productos o se los dejan inservibles El gobierno municipal de Tlalnepantla, Estado de M\u00e9xico, encabezado por Raciel P\u00e9rez, orden\u00f3 retirar, mediante el\u2026","rel":"","context":"En &quot;Abuso policiaco y tortura en el Estado de M\u00e9xico&quot;","block_context":{"text":"Abuso policiaco y tortura en el Estado de M\u00e9xico","link":"https:\/\/www.grieta.org.mx\/index.php\/category\/noticias-nacionales\/estado-de-mexico\/abuso-policiaco-y-tortura-en-el-estado-de-mexico\/"},"img":{"alt_text":"","src":"https:\/\/i0.wp.com\/www.grieta.org.mx\/wp-content\/uploads\/2020\/05\/gn-tlalne.png?resize=350%2C200&ssl=1","width":350,"height":200,"srcset":"https:\/\/i0.wp.com\/www.grieta.org.mx\/wp-content\/uploads\/2020\/05\/gn-tlalne.png?resize=350%2C200&ssl=1 1x, https:\/\/i0.wp.com\/www.grieta.org.mx\/wp-content\/uploads\/2020\/05\/gn-tlalne.png?resize=525%2C300&ssl=1 1.5x, https:\/\/i0.wp.com\/www.grieta.org.mx\/wp-content\/uploads\/2020\/05\/gn-tlalne.png?resize=700%2C400&ssl=1 2x, https:\/\/i0.wp.com\/www.grieta.org.mx\/wp-content\/uploads\/2020\/05\/gn-tlalne.png?resize=1050%2C600&ssl=1 3x"},"classes":[]},{"id":58677,"url":"https:\/\/www.grieta.org.mx\/index.php\/2021\/04\/11\/elementos-de-fuerza-civil-de-nuevo-leon-detienen-arbitrariamente-y-golpean-a-reportera-vianca-trevino\/","url_meta":{"origin":54735,"position":4},"title":"Elementos de Fuerza Civil de Nuevo Le\u00f3n detienen arbitrariamente y golpean a reportera Vianca Trevi\u00f1o","author":"grieta","date":"11 abril, 2021","format":false,"excerpt":"La reportera sufri\u00f3 una fisura y debe usar una f\u00e9rula inmobilizadora por 15 d\u00edas, todo ello ocasionado por el forcejeo y porque las esposas Redacci\u00f3n\/ ANIMAL POL\u00cdTICO Entre la noche del 8 de abril y la madrugada del 9 de abril, Vianca Maleny Trevi\u00f1o Navejar, reportera de Multimedios Televisi\u00f3n fue\u2026","rel":"","context":"En &quot;CINTILLO&quot;","block_context":{"text":"CINTILLO","link":"https:\/\/www.grieta.org.mx\/index.php\/category\/cintillo\/"},"img":{"alt_text":"","src":"https:\/\/i0.wp.com\/www.grieta.org.mx\/wp-content\/uploads\/2021\/04\/cuartoscuro_751132_digital.jpeg?resize=350%2C200&ssl=1","width":350,"height":200,"srcset":"https:\/\/i0.wp.com\/www.grieta.org.mx\/wp-content\/uploads\/2021\/04\/cuartoscuro_751132_digital.jpeg?resize=350%2C200&ssl=1 1x, https:\/\/i0.wp.com\/www.grieta.org.mx\/wp-content\/uploads\/2021\/04\/cuartoscuro_751132_digital.jpeg?resize=525%2C300&ssl=1 1.5x, https:\/\/i0.wp.com\/www.grieta.org.mx\/wp-content\/uploads\/2021\/04\/cuartoscuro_751132_digital.jpeg?resize=700%2C400&ssl=1 2x, https:\/\/i0.wp.com\/www.grieta.org.mx\/wp-content\/uploads\/2021\/04\/cuartoscuro_751132_digital.jpeg?resize=1050%2C600&ssl=1 3x, https:\/\/i0.wp.com\/www.grieta.org.mx\/wp-content\/uploads\/2021\/04\/cuartoscuro_751132_digital.jpeg?resize=1400%2C800&ssl=1 4x"},"classes":[]},{"id":34668,"url":"https:\/\/www.grieta.org.mx\/index.php\/2019\/06\/10\/llegarian-a-nl-mil-800-elementos-de-la-guardia-nacional-nuevo-leon\/","url_meta":{"origin":54735,"position":5},"title":"Llegar\u00edan A NL Mil 800 Elementos De La Guardia Nacional (Nuevo Le\u00f3n)","author":"grieta","date":"10 junio, 2019","format":false,"excerpt":"Miled Nuevo Le\u00f3n Tras el anuncio que hizo el secretario de Seguridad y Protecci\u00f3n Ciudadana del Gobierno Federal, Alfonso Durazo Monta\u00f1o, en cuanto a la llegada de al menos mil 200 elementos de la Guardia Nacional, Aldo Fasci Zuazua, secretario de Seguridad del Estado, adelant\u00f3 que llegar\u00edan m\u00e1s efectivos de\u2026","rel":"","context":"En &quot;CINTILLO&quot;","block_context":{"text":"CINTILLO","link":"https:\/\/www.grieta.org.mx\/index.php\/category\/cintillo\/"},"img":{"alt_text":"","src":"https:\/\/i0.wp.com\/www.grieta.org.mx\/wp-content\/uploads\/2019\/06\/Llegar%C3%ADan-A-NL-Mil-800-Elementos-De-La-Guardia-Nacional-nl-jun.jpg?resize=350%2C200&ssl=1","width":350,"height":200,"srcset":"https:\/\/i0.wp.com\/www.grieta.org.mx\/wp-content\/uploads\/2019\/06\/Llegar%C3%ADan-A-NL-Mil-800-Elementos-De-La-Guardia-Nacional-nl-jun.jpg?resize=350%2C200&ssl=1 1x, https:\/\/i0.wp.com\/www.grieta.org.mx\/wp-content\/uploads\/2019\/06\/Llegar%C3%ADan-A-NL-Mil-800-Elementos-De-La-Guardia-Nacional-nl-jun.jpg?resize=525%2C300&ssl=1 1.5x, https:\/\/i0.wp.com\/www.grieta.org.mx\/wp-content\/uploads\/2019\/06\/Llegar%C3%ADan-A-NL-Mil-800-Elementos-De-La-Guardia-Nacional-nl-jun.jpg?resize=700%2C400&ssl=1 2x"},"classes":[]}],"_links":{"self":[{"href":"https:\/\/www.grieta.org.mx\/index.php\/wp-json\/wp\/v2\/posts\/54735","targetHints":{"allow":["GET"]}}],"collection":[{"href":"https:\/\/www.grieta.org.mx\/index.php\/wp-json\/wp\/v2\/posts"}],"about":[{"href":"https:\/\/www.grieta.org.mx\/index.php\/wp-json\/wp\/v2\/types\/post"}],"author":[{"embeddable":true,"href":"https:\/\/www.grieta.org.mx\/index.php\/wp-json\/wp\/v2\/users\/2"}],"replies":[{"embeddable":true,"href":"https:\/\/www.grieta.org.mx\/index.php\/wp-json\/wp\/v2\/comments?post=54735"}],"version-history":[{"count":1,"href":"https:\/\/www.grieta.org.mx\/index.php\/wp-json\/wp\/v2\/posts\/54735\/revisions"}],"predecessor-version":[{"id":54737,"href":"https:\/\/www.grieta.org.mx\/index.php\/wp-json\/wp\/v2\/posts\/54735\/revisions\/54737"}],"wp:featuredmedia":[{"embeddable":true,"href":"https:\/\/www.grieta.org.mx\/index.php\/wp-json\/wp\/v2\/media\/54736"}],"wp:attachment":[{"href":"https:\/\/www.grieta.org.mx\/index.php\/wp-json\/wp\/v2\/media?parent=54735"}],"wp:term":[{"taxonomy":"category","embeddable":true,"href":"https:\/\/www.grieta.org.mx\/index.php\/wp-json\/wp\/v2\/categories?post=54735"},{"taxonomy":"post_tag","embeddable":true,"href":"https:\/\/www.grieta.org.mx\/index.php\/wp-json\/wp\/v2\/tags?post=54735"}],"curies":[{"name":"wp","href":"https:\/\/api.w.org\/{rel}","templated":true}]}}