{"id":5467,"date":"2015-06-07T03:58:38","date_gmt":"2015-06-07T03:58:38","guid":{"rendered":"http:\/\/50.22.11.12\/~grietaor\/?p=5467"},"modified":"2016-03-27T04:01:11","modified_gmt":"2016-03-27T04:01:11","slug":"maestros-enfrentan-a-uniformados-en-oaxaca","status":"publish","type":"post","link":"https:\/\/www.grieta.org.mx\/index.php\/2015\/06\/07\/maestros-enfrentan-a-uniformados-en-oaxaca\/","title":{"rendered":"Maestros enfrentan a uniformados en Oaxaca"},"content":{"rendered":"<p>Jorge A. P\u00e9rez Alfonso, Oaxaca.<\/p>\n<p>Profesores de la secci\u00f3n 22 de la CNTE se enfrentaron con polic\u00edas federales y elementos del Ej\u00e9rcito Mexicano por el control de seis juntas electorales ubicados en otras tantas cabeceras distritales; de las 11 sedes que ocuparon en d\u00edas recientes, las autoridades han recuperado ocho y los mentores mantienen en su poder tres.<\/p>\n<p>Uno de los enfrentamientos ocurri\u00f3 en Huajuapan de Le\u00f3n, regi\u00f3n de la Mixteca, donde utilizaron piedras, palos y gases lacrim\u00f3genos. En la trifulca los federales detuvieron a cuatro habitantes que apoyaban a los maestros y \u00e9stos tomaron de rehenes a otros tantos polic\u00edas.<\/p>\n<p>Tras m\u00e1s de 10 horas todos fueron liberados y los docentes retuvieron el control de las oficinas del Instituto Nacional Electoral (INE). Hubo m\u00e1s de 30 personas lesionadas de ambos bandos. Los uniformados son atendidos en el hospital del Issste de esa localidad.<\/p>\n<p>En Teotitl\u00e1n de Flores Mag\u00f3n, regi\u00f3n de la Ca\u00f1ada, los sindicalistas colocaron barricadas en la carretera para impedir la llegada de elementos de la Gendarmer\u00eda, quienes realizaron un repliegue a la espera de nuevas \u00f3rdenes.<\/p>\n<p>En la ciudad de Tlaxiaco, regi\u00f3n de la Mixteca, los mentores mantuvieron el control de la junta distrital n\u00famero seis; a ese lugar arribaron polic\u00edas federales, quienes fueron rodeados por unos 2 mil maestros, de acuerdo con testigos un funcionario del INE solicit\u00f3 a los uniformados que se retiraran ya que ese distrito no solicit\u00f3 su presencia.<\/p>\n<p>Retiro en Miahuatl\u00e1n<\/p>\n<p>A la Sierra Sur, en Miahuatl\u00e1n de Porfirio D\u00edaz, arribaron fuerzas castrenses, pero los maestros colocaron barricadas para impedir su desalojo de la junta distrital 10; en ese sitio se report\u00f3 la quema de dichas oficinas, los mentores detuvieron a una empleada del INE, quien fue entregada a param\u00e9dicos de la Cruz Roja y a observadores de la Defensor\u00eda de los Derechos Humanos de los Pueblos de Oaxaca; por la noche los maestros se retiraron hacia el palacio municipal y los militares tomarion control del local.<\/p>\n<p>En Pinotepa Nacional, en la junta distrital 11, los profesores quemaron mobiliario y al llegar los elementos del Ej\u00e9rcito Mexicano se retiraron, por lo que las oficinas fueron entregadas a funcionarios del INE.<\/p>\n<p>En Tuxtepec, regi\u00f3n de la Cuenca del Papaloapan, los maestros incendiaron las instalaciones de junta distrital n\u00famero uno y dos veh\u00edculos, pero al llegar las fuerzas federales tomaron el control de las oficinas del INE.<\/p>\n<p>En la regi\u00f3n de los Valles Centrales, donde se ubica la capital del estado, polic\u00edas federales y de la Gendarmer\u00eda arribaron a la terminal de abastecimiento y reparto de Petr\u00f3leos Mexicanos ubicada en Santa Mar\u00eda El Tule, con lo que se inici\u00f3 la distribuci\u00f3n del combustible en 50 gasolineras de la ciudad de Oaxaca y municipios conurbados, a cada uno de estos establecimientos se le entreg\u00f3 una pipa con 20 mil litros, pero para que se normalice la situaci\u00f3n se requerir\u00e1 de una semana, informaron funcionarios de la empresa.<\/p>\n<p>En Salina Cruz,, los m\u00e1s de 500 maestros que bloqueaban la refiner\u00eda Antonio Doval\u00ed Jaime tambi\u00e9n fueron desalojados por soldados y polic\u00edas.<\/p>\n<p>La noche del viernes, un grupo de personas armadas con machetes y palos, intent\u00f3 desalojar a unos 400 maestros que hab\u00edan tomado la gasolinera del municipio de San Pedro Pochutla, con el argumento de que quer\u00edan adquirir combustible. Los agresores, identificados por los mentores como simpatizantes de \u00d3scar Valencia, candidato pri\u00edsta a una diputaci\u00f3n, golpearon a los profesores y lesionaron a seis. Una maestra herida fue traslada a un hospital de la ciudad de Oaxaca.<\/p>\n<p>Carta a Lorenzo C\u00f3rdova<\/p>\n<p>Un comunicado de la Junta Local del INE indica que hasta las 20:30 horas del s\u00e1bado fueron recuperadas las juntas distritales uno de Tuxtepec, 4 de Tlacolula, 5 de Tehuantepec, 6 de Tlaxiaco, 7 de Juchit\u00e1n, 8 de Oaxaca de Ju\u00e1rez y 9 de Santa Luc\u00eda del Camino, adem\u00e1s de la de Miahuatl\u00e1n, por lo que a\u00fan faltan por recuperarse tres inmuebles m\u00e1s.<\/p>\n<p>En este contexto, 24 de los 84 consejeros del INE en Oaxaca enviaron una carta al consejero presidente, Lorenzo C\u00f3rdova, en la cual piden la suspensi\u00f3n del proceso electoral programado para este domingo al considerar que no existen las condiciones para el proceso, el cual, afirman, se ha militarizado, adem\u00e1s de que las instalaciones de los consejos distritales recuperadas se encuentran en condiciones inoperantes.<\/p>\n<p>En el documento se\u00f1alan que es muy grave que la instituci\u00f3n permita el desarrollo de una elecci\u00f3n en medio de un cerco militar y policiaco, pues en la entidad existe sicosis por la posible acci\u00f3n de la CNTE y las fuerzas federales, que portan armas de fuego de alto poder.<\/p>\n<p><a href=\"http:\/\/www.jornada.unam.mx\/2015\/06\/07\/index.php?section=politica&#038;article=002n1pol&#038;partner=rss\" target=\"_blank\">www.jornada.unam.mx\/2015\/06\/07\/index.php?section=politica&#038;article=002n1pol&#038;partner=rss<\/a><\/p>\n","protected":false},"excerpt":{"rendered":"<p>Jorge A. P\u00e9rez Alfonso, Oaxaca. Profesores de la secci\u00f3n 22 de la CNTE se enfrentaron con polic\u00edas federales y elementos del Ej\u00e9rcito Mexicano por el control de seis juntas electorales &hellip; <a href=\"https:\/\/www.grieta.org.mx\/index.php\/2015\/06\/07\/maestros-enfrentan-a-uniformados-en-oaxaca\/\" class=\"more-link\">Leer m\u00e1s<\/a><\/p>\n","protected":false},"author":2,"featured_media":21928,"comment_status":"closed","ping_status":"open","sticky":false,"template":"","format":"standard","meta":{"ngg_post_thumbnail":0,"_jetpack_newsletter_access":"","_jetpack_dont_email_post_to_subs":false,"_jetpack_newsletter_tier_id":0,"_jetpack_memberships_contains_paywalled_content":false,"_jetpack_memberships_contains_paid_content":false,"footnotes":""},"categories":[80],"tags":[401,133,93,180],"class_list":["post-5467","post","type-post","status-publish","format-standard","has-post-thumbnail","hentry","category-cintillo","tag-elecciones-2015","tag-maestros","tag-oaxaca","tag-protesta","entry"],"jetpack_featured_media_url":"https:\/\/www.grieta.org.mx\/wp-content\/uploads\/2018\/03\/14524434_1106112876131411_958039263622046936_o.jpg","jetpack_sharing_enabled":true,"jetpack_shortlink":"https:\/\/wp.me\/p7ZJR4-1qb","jetpack_likes_enabled":false,"jetpack-related-posts":[{"id":15393,"url":"https:\/\/www.grieta.org.mx\/index.php\/2016\/06\/21\/protestan-maestros-en-yucatan-por-los-actos-violentos-en-oaxaca\/","url_meta":{"origin":5467,"position":0},"title":"Protestan maestros [en Yucat\u00e1n] por los actos violentos en Oaxaca","author":"grieta","date":"21 junio, 2016","format":false,"excerpt":"Maestros marcharon alrededor de la Plaza Grande de M\u00e9rida, exigiendo la renuncia de Aurelio Nu\u00f1o Mayer como secretario de Educaci\u00f3n P\u00fablica, a quien acusan de represi\u00f3n y violencia contra integrantes de la Coordinadora Nacional de Trabajadores de la Educaci\u00f3n (CNTE). Encabezados por la coordinadora del CNTE en el Estado, Neyda\u2026","rel":"","context":"En &quot;CINTILLO&quot;","block_context":{"text":"CINTILLO","link":"https:\/\/www.grieta.org.mx\/index.php\/category\/cintillo\/"},"img":{"alt_text":"","src":"https:\/\/i0.wp.com\/www.grieta.org.mx\/wp-content\/uploads\/2018\/03\/14524434_1106112876131411_958039263622046936_o.jpg?resize=350%2C200&ssl=1","width":350,"height":200,"srcset":"https:\/\/i0.wp.com\/www.grieta.org.mx\/wp-content\/uploads\/2018\/03\/14524434_1106112876131411_958039263622046936_o.jpg?resize=350%2C200&ssl=1 1x, https:\/\/i0.wp.com\/www.grieta.org.mx\/wp-content\/uploads\/2018\/03\/14524434_1106112876131411_958039263622046936_o.jpg?resize=525%2C300&ssl=1 1.5x, https:\/\/i0.wp.com\/www.grieta.org.mx\/wp-content\/uploads\/2018\/03\/14524434_1106112876131411_958039263622046936_o.jpg?resize=700%2C400&ssl=1 2x"},"classes":[]},{"id":15182,"url":"https:\/\/www.grieta.org.mx\/index.php\/2016\/06\/23\/magisterio-de-nuevo-ideal-marcha-en-apoyo-a-los-maestros-y-del-pueblo-de-oaxaca\/","url_meta":{"origin":5467,"position":1},"title":"Magisterio de Nuevo Ideal marcha en apoyo a los maestros y del pueblo de Oaxaca.","author":"grieta","date":"23 junio, 2016","format":false,"excerpt":"Por: Nidia D\u00edaz Nuevo Ideal, Dgo.- El pasado jueves a temprana hora el magisterio organiz\u00f3 una marcha donde participaron maestros de preescolar, primaria, secundaria y preparatoria en apoyo a los docentes de Oaxaca, quienes el pasado domingo protestaron en Nochixtl\u00e1n contra la Reforma Educativa y se enfrentaron con Polic\u00edas Federales\u2026","rel":"","context":"En &quot;CINTILLO&quot;","block_context":{"text":"CINTILLO","link":"https:\/\/www.grieta.org.mx\/index.php\/category\/cintillo\/"},"img":{"alt_text":"","src":"https:\/\/i0.wp.com\/www.grieta.org.mx\/wp-content\/uploads\/2018\/03\/14524434_1106112876131411_958039263622046936_o.jpg?resize=350%2C200&ssl=1","width":350,"height":200,"srcset":"https:\/\/i0.wp.com\/www.grieta.org.mx\/wp-content\/uploads\/2018\/03\/14524434_1106112876131411_958039263622046936_o.jpg?resize=350%2C200&ssl=1 1x, https:\/\/i0.wp.com\/www.grieta.org.mx\/wp-content\/uploads\/2018\/03\/14524434_1106112876131411_958039263622046936_o.jpg?resize=525%2C300&ssl=1 1.5x, https:\/\/i0.wp.com\/www.grieta.org.mx\/wp-content\/uploads\/2018\/03\/14524434_1106112876131411_958039263622046936_o.jpg?resize=700%2C400&ssl=1 2x"},"classes":[]},{"id":14583,"url":"https:\/\/www.grieta.org.mx\/index.php\/2016\/06\/19\/arde-nochixtlan-tras-desalojo-de-fuerzas-federales-se-habla-de-tres-muertos-y-decenas-de-heridos\/","url_meta":{"origin":5467,"position":2},"title":"Arde Nochixtl\u00e1n (Oaxaca) tras desalojo de fuerzas federales; se habla de tres muertos y decenas de heridos","author":"grieta","date":"19 junio, 2016","format":false,"excerpt":"P\u00e1gina 3. Pedro Mat\u00edas, Oaxaca.- Por lo menos un muerto, decenas de heridos, cinco veh\u00edculos, una motocicleta de tr\u00e1nsito y mobiliario del palacio municipal de Nochixtl\u00e1n incendiados es el resultado preliminar del desalojo violento que realiz\u00f3 la polic\u00eda federal en el bloqueo magisterial de la Mixteca, lo que provoc\u00f3 que\u2026","rel":"","context":"En &quot;CINTILLO&quot;","block_context":{"text":"CINTILLO","link":"https:\/\/www.grieta.org.mx\/index.php\/category\/cintillo\/"},"img":{"alt_text":"","src":"https:\/\/i0.wp.com\/www.grieta.org.mx\/wp-content\/uploads\/2018\/03\/14524434_1106112876131411_958039263622046936_o.jpg?resize=350%2C200&ssl=1","width":350,"height":200,"srcset":"https:\/\/i0.wp.com\/www.grieta.org.mx\/wp-content\/uploads\/2018\/03\/14524434_1106112876131411_958039263622046936_o.jpg?resize=350%2C200&ssl=1 1x, https:\/\/i0.wp.com\/www.grieta.org.mx\/wp-content\/uploads\/2018\/03\/14524434_1106112876131411_958039263622046936_o.jpg?resize=525%2C300&ssl=1 1.5x, https:\/\/i0.wp.com\/www.grieta.org.mx\/wp-content\/uploads\/2018\/03\/14524434_1106112876131411_958039263622046936_o.jpg?resize=700%2C400&ssl=1 2x"},"classes":[]},{"id":14310,"url":"https:\/\/www.grieta.org.mx\/index.php\/2016\/06\/13\/el-centro-historico-de-oaxaca-sitiado-con-13-barricadas-ante-avance-de-fuerzas-federales\/","url_meta":{"origin":5467,"position":3},"title":"El Centro Hist\u00f3rico de Oaxaca sitiado con 13 barricadas ante avance de fuerzas federales","author":"grieta","date":"13 junio, 2016","format":false,"excerpt":"P\u00e1gina 3. Pedro Mat\u00edas, Oaxaca.- Por lo menos 13 barricadas se instalaron a partir de las 21:00 horas en el Centro Hist\u00f3rico de Oaxaca ante el avance de fuerzas federales que amagan con desalojar a maestros que bloquean la supercarretera Oaxaca-M\u00e9xico y amenazan con retirar el campamento magisterial que se\u2026","rel":"","context":"En &quot;CINTILLO&quot;","block_context":{"text":"CINTILLO","link":"https:\/\/www.grieta.org.mx\/index.php\/category\/cintillo\/"},"img":{"alt_text":"","src":"https:\/\/i0.wp.com\/www.grieta.org.mx\/wp-content\/uploads\/2018\/03\/14524434_1106112876131411_958039263622046936_o.jpg?resize=350%2C200&ssl=1","width":350,"height":200,"srcset":"https:\/\/i0.wp.com\/www.grieta.org.mx\/wp-content\/uploads\/2018\/03\/14524434_1106112876131411_958039263622046936_o.jpg?resize=350%2C200&ssl=1 1x, https:\/\/i0.wp.com\/www.grieta.org.mx\/wp-content\/uploads\/2018\/03\/14524434_1106112876131411_958039263622046936_o.jpg?resize=525%2C300&ssl=1 1.5x, https:\/\/i0.wp.com\/www.grieta.org.mx\/wp-content\/uploads\/2018\/03\/14524434_1106112876131411_958039263622046936_o.jpg?resize=700%2C400&ssl=1 2x"},"classes":[]},{"id":5469,"url":"https:\/\/www.grieta.org.mx\/index.php\/2015\/06\/07\/en-oaxaca-32-casillas-quemadas-bloqueos-y-protestas-magisteriales\/","url_meta":{"origin":5467,"position":4},"title":"En Oaxaca 32 casillas quemadas, bloqueos y protestas magisteriales","author":"grieta","date":"7 junio, 2015","format":false,"excerpt":"Pedro Mat\u00edas, Oaxaca. OAXACA, Oax. (proceso.com.mx).- Conforme avanza la jornada electoral en la entidad, las acciones magisteriales se incrementan. En Juchit\u00e1n fueron quemadas ocho urnas electorales, otras cuatro en Miahuatl\u00e1n y dos en Chahuites, con lo que suman 32 casillas incineradas como parte del boicot que realiza la Secci\u00f3n 22\u2026","rel":"","context":"En &quot;CINTILLO&quot;","block_context":{"text":"CINTILLO","link":"https:\/\/www.grieta.org.mx\/index.php\/category\/cintillo\/"},"img":{"alt_text":"","src":"https:\/\/i0.wp.com\/www.grieta.org.mx\/wp-content\/uploads\/2018\/03\/14524434_1106112876131411_958039263622046936_o.jpg?resize=350%2C200&ssl=1","width":350,"height":200,"srcset":"https:\/\/i0.wp.com\/www.grieta.org.mx\/wp-content\/uploads\/2018\/03\/14524434_1106112876131411_958039263622046936_o.jpg?resize=350%2C200&ssl=1 1x, https:\/\/i0.wp.com\/www.grieta.org.mx\/wp-content\/uploads\/2018\/03\/14524434_1106112876131411_958039263622046936_o.jpg?resize=525%2C300&ssl=1 1.5x, https:\/\/i0.wp.com\/www.grieta.org.mx\/wp-content\/uploads\/2018\/03\/14524434_1106112876131411_958039263622046936_o.jpg?resize=700%2C400&ssl=1 2x"},"classes":[]},{"id":5073,"url":"https:\/\/www.grieta.org.mx\/index.php\/2015\/07\/24\/docentes-de-la-cnte-arriban-al-zocalo-de-oaxaca\/","url_meta":{"origin":5467,"position":5},"title":"Docentes de la CNTE arriban al Z\u00f3calo de Oaxaca","author":"grieta","date":"24 julio, 2015","format":false,"excerpt":"Redacci\u00f3n El Informador. OAXACA, OAXACA (24\/JUL\/2015).- \u201c\u00a1El pueblo est\u00e1 despierto! \u00a1El lunes es el d\u00eda decisivo!\u201d, aseguran los maestros al llegar al Z\u00f3calo de la ciudad de Oaxaca. Luego de recorrer las calles principales, el contingente del magisterio de la Coordinadora Nacional de Trabajadores de la Educaci\u00f3n (CNTE) arrib\u00f3 al\u2026","rel":"","context":"En &quot;CINTILLO&quot;","block_context":{"text":"CINTILLO","link":"https:\/\/www.grieta.org.mx\/index.php\/category\/cintillo\/"},"img":{"alt_text":"","src":"https:\/\/i0.wp.com\/www.grieta.org.mx\/wp-content\/uploads\/2018\/03\/14524434_1106112876131411_958039263622046936_o.jpg?resize=350%2C200&ssl=1","width":350,"height":200,"srcset":"https:\/\/i0.wp.com\/www.grieta.org.mx\/wp-content\/uploads\/2018\/03\/14524434_1106112876131411_958039263622046936_o.jpg?resize=350%2C200&ssl=1 1x, https:\/\/i0.wp.com\/www.grieta.org.mx\/wp-content\/uploads\/2018\/03\/14524434_1106112876131411_958039263622046936_o.jpg?resize=525%2C300&ssl=1 1.5x, https:\/\/i0.wp.com\/www.grieta.org.mx\/wp-content\/uploads\/2018\/03\/14524434_1106112876131411_958039263622046936_o.jpg?resize=700%2C400&ssl=1 2x"},"classes":[]}],"_links":{"self":[{"href":"https:\/\/www.grieta.org.mx\/index.php\/wp-json\/wp\/v2\/posts\/5467","targetHints":{"allow":["GET"]}}],"collection":[{"href":"https:\/\/www.grieta.org.mx\/index.php\/wp-json\/wp\/v2\/posts"}],"about":[{"href":"https:\/\/www.grieta.org.mx\/index.php\/wp-json\/wp\/v2\/types\/post"}],"author":[{"embeddable":true,"href":"https:\/\/www.grieta.org.mx\/index.php\/wp-json\/wp\/v2\/users\/2"}],"replies":[{"embeddable":true,"href":"https:\/\/www.grieta.org.mx\/index.php\/wp-json\/wp\/v2\/comments?post=5467"}],"version-history":[{"count":1,"href":"https:\/\/www.grieta.org.mx\/index.php\/wp-json\/wp\/v2\/posts\/5467\/revisions"}],"predecessor-version":[{"id":5468,"href":"https:\/\/www.grieta.org.mx\/index.php\/wp-json\/wp\/v2\/posts\/5467\/revisions\/5468"}],"wp:featuredmedia":[{"embeddable":true,"href":"https:\/\/www.grieta.org.mx\/index.php\/wp-json\/wp\/v2\/media\/21928"}],"wp:attachment":[{"href":"https:\/\/www.grieta.org.mx\/index.php\/wp-json\/wp\/v2\/media?parent=5467"}],"wp:term":[{"taxonomy":"category","embeddable":true,"href":"https:\/\/www.grieta.org.mx\/index.php\/wp-json\/wp\/v2\/categories?post=5467"},{"taxonomy":"post_tag","embeddable":true,"href":"https:\/\/www.grieta.org.mx\/index.php\/wp-json\/wp\/v2\/tags?post=5467"}],"curies":[{"name":"wp","href":"https:\/\/api.w.org\/{rel}","templated":true}]}}