{"id":5465,"date":"2015-06-07T03:52:11","date_gmt":"2015-06-07T03:52:11","guid":{"rendered":"http:\/\/50.22.11.12\/~grietaor\/?p=5465"},"modified":"2016-03-27T03:54:35","modified_gmt":"2016-03-27T03:54:35","slug":"detienen-a-lider-de-la-seccion-22-del-istmo-lo-envian-a-instalaciones-de-la-pgr","status":"publish","type":"post","link":"https:\/\/www.grieta.org.mx\/index.php\/2015\/06\/07\/detienen-a-lider-de-la-seccion-22-del-istmo-lo-envian-a-instalaciones-de-la-pgr\/","title":{"rendered":"Detienen a l\u00edder de la Secci\u00f3n 22 del Istmo; lo env\u00edan a instalaciones de la PGR"},"content":{"rendered":"<p>Diana Manzo, Oaxaca.<\/p>\n<p>JUCHIT\u00c1N, OAX., (pagina3.mx).- Elementos de la Polic\u00eda Federal detuvieron esta ma\u00f1ana al l\u00edder de la Secci\u00f3n 22 del Sindicato Nacional de Trabajadores de la Educaci\u00f3n (SNTE) en el Istmo, Heriberto Magari\u00f1o, y otros tres maestros m\u00e1s, en el municipio de Salina Cruz; sin embargo, solo Magari\u00f1o fue remitido a las instalaciones de la Procuradur\u00eda General de la Rep\u00fablica (PGR), en ese puerto.<\/p>\n<p>Tras la detenci\u00f3n, el magisterio oaxaque\u00f1o del Istmo, agrupado tambi\u00e9n en la Coordinadora Nacional de Trabajadores de la Educaci\u00f3n (CNTE), est\u00e1n llamado a sus bases para cerrar carreteras y realizar otras acciones para presionar y las autoridades liberen a su l\u00edder.<\/p>\n<p><a href=\"http:\/\/pagina3.mx\/2015\/06\/detienen-a-lider-de-la-seccion-22-del-istmo-lo-envian-a-instalaciones-de-la-pgr\/\" target=\"_blank\">pagina3.mx\/2015\/06\/detienen-a-lider-de-la-seccion-22-del-istmo-lo-envian-a-instalaciones-de-la-pgr\/<\/a><\/p>\n","protected":false},"excerpt":{"rendered":"<p>Diana Manzo, Oaxaca. JUCHIT\u00c1N, OAX., (pagina3.mx).- Elementos de la Polic\u00eda Federal detuvieron esta ma\u00f1ana al l\u00edder de la Secci\u00f3n 22 del Sindicato Nacional de Trabajadores de la Educaci\u00f3n (SNTE) en &hellip; <a href=\"https:\/\/www.grieta.org.mx\/index.php\/2015\/06\/07\/detienen-a-lider-de-la-seccion-22-del-istmo-lo-envian-a-instalaciones-de-la-pgr\/\" class=\"more-link\">Leer m\u00e1s<\/a><\/p>\n","protected":false},"author":2,"featured_media":21928,"comment_status":"closed","ping_status":"open","sticky":false,"template":"","format":"standard","meta":{"ngg_post_thumbnail":0,"_jetpack_newsletter_access":"","_jetpack_dont_email_post_to_subs":false,"_jetpack_newsletter_tier_id":0,"_jetpack_memberships_contains_paywalled_content":false,"_jetpack_memberships_contains_paid_content":false,"footnotes":""},"categories":[80],"tags":[134,133,93,130],"class_list":["post-5465","post","type-post","status-publish","format-standard","has-post-thumbnail","hentry","category-cintillo","tag-cnte","tag-maestros","tag-oaxaca","tag-represion","entry"],"jetpack_featured_media_url":"https:\/\/www.grieta.org.mx\/wp-content\/uploads\/2018\/03\/14524434_1106112876131411_958039263622046936_o.jpg","jetpack_sharing_enabled":true,"jetpack_shortlink":"https:\/\/wp.me\/p7ZJR4-1q9","jetpack_likes_enabled":false,"jetpack-related-posts":[{"id":5463,"url":"https:\/\/www.grieta.org.mx\/index.php\/2015\/06\/16\/movilizaciones-por-elecciones-2015-en-oaxaca\/","url_meta":{"origin":5465,"position":0},"title":"Movilizaciones por elecciones 2015 en Oaxaca","author":"grieta","date":"16 junio, 2015","format":false,"excerpt":"16\/06\/15. Marcha la CNTE en Oaxaca y ciudad de M\u00e9xico, ma\u00f1ana regresan a las aulasVoces Oaxaca 15\/06\/15. Gobierno retiene pago a maestros de Oaxaca, asegura la Secci\u00f3n 22 P\u00e1gina 3 07\/06\/15. Gendarmer\u00eda y Ej\u00e9rcito detiene a 88 integrantes de la S-22 y FPR por quema de urnas en Oaxaca Oaxaca\u2026","rel":"","context":"En &quot;NOTICIAS NACIONALES&quot;","block_context":{"text":"NOTICIAS NACIONALES","link":"https:\/\/www.grieta.org.mx\/index.php\/category\/noticias-nacionales\/"},"img":{"alt_text":"","src":"https:\/\/i0.wp.com\/www.grieta.org.mx\/wp-content\/uploads\/2018\/03\/14524434_1106112876131411_958039263622046936_o.jpg?resize=350%2C200&ssl=1","width":350,"height":200,"srcset":"https:\/\/i0.wp.com\/www.grieta.org.mx\/wp-content\/uploads\/2018\/03\/14524434_1106112876131411_958039263622046936_o.jpg?resize=350%2C200&ssl=1 1x, https:\/\/i0.wp.com\/www.grieta.org.mx\/wp-content\/uploads\/2018\/03\/14524434_1106112876131411_958039263622046936_o.jpg?resize=525%2C300&ssl=1 1.5x, https:\/\/i0.wp.com\/www.grieta.org.mx\/wp-content\/uploads\/2018\/03\/14524434_1106112876131411_958039263622046936_o.jpg?resize=700%2C400&ssl=1 2x"},"classes":[]},{"id":14313,"url":"https:\/\/www.grieta.org.mx\/index.php\/2016\/06\/13\/arrecian-bloqueos-carreteros-profesores-de-la-seccion-22-en-el-istmo\/","url_meta":{"origin":5465,"position":1},"title":"Arrecian bloqueos carreteros profesores de la Secci\u00f3n 22 en el Istmo","author":"grieta","date":"13 junio, 2016","format":false,"excerpt":"P\u00e1gina 3. Diana Manzo, Juchit\u00e1n, Oaxaca.- Profesores de la secci\u00f3n 22 de la CNTE encabezaron diversos bloqueos carreteros en el Istmo de Tehuantepec para exigir la libertad de sus dirigentes Francisco Villalobos Ric\u00e1rdez (Secretario de Organizaci\u00f3n) y Rub\u00e9n Nu\u00f1ez Ginez (Secretario General) quienes fueron detenidos el pasado fin de semana\u2026","rel":"","context":"En &quot;CINTILLO&quot;","block_context":{"text":"CINTILLO","link":"https:\/\/www.grieta.org.mx\/index.php\/category\/cintillo\/"},"img":{"alt_text":"","src":"https:\/\/i0.wp.com\/www.grieta.org.mx\/wp-content\/uploads\/2018\/03\/14524434_1106112876131411_958039263622046936_o.jpg?resize=350%2C200&ssl=1","width":350,"height":200,"srcset":"https:\/\/i0.wp.com\/www.grieta.org.mx\/wp-content\/uploads\/2018\/03\/14524434_1106112876131411_958039263622046936_o.jpg?resize=350%2C200&ssl=1 1x, https:\/\/i0.wp.com\/www.grieta.org.mx\/wp-content\/uploads\/2018\/03\/14524434_1106112876131411_958039263622046936_o.jpg?resize=525%2C300&ssl=1 1.5x, https:\/\/i0.wp.com\/www.grieta.org.mx\/wp-content\/uploads\/2018\/03\/14524434_1106112876131411_958039263622046936_o.jpg?resize=700%2C400&ssl=1 2x"},"classes":[]},{"id":19763,"url":"https:\/\/www.grieta.org.mx\/index.php\/2016\/08\/17\/ante-cerrazon-del-gobierno-federal-maestros-toman-plazas-comerciales-y-ciudad-administrativa-oaxaca\/","url_meta":{"origin":5465,"position":2},"title":"Ante \u201ccerraz\u00f3n\u201d del gobierno federal, maestros toman plazas comerciales y ciudad administrativa (OAXACA)","author":"grieta","date":"17 agosto, 2016","format":false,"excerpt":"Pedro Mat\u00edas, Oaxaca. OAXACA, Oax. (#pagina3.mx).- Por tercer d\u00eda consecutivo, maestros de la Secci\u00f3n 22 del Sindicato Nacional de Trabajadores de la Educaci\u00f3n (SNTE-CNTE) bloquean centros comerciales y suspenden actividades en 72 dependencias gubernamentales al tomar el complejo de Ciudad Administrativa. Ante los \u201cnulos\u201d avances en la mesa de negociaci\u00f3n\u2026","rel":"","context":"En &quot;CINTILLO&quot;","block_context":{"text":"CINTILLO","link":"https:\/\/www.grieta.org.mx\/index.php\/category\/cintillo\/"},"img":{"alt_text":"","src":"https:\/\/i0.wp.com\/www.grieta.org.mx\/wp-content\/uploads\/2018\/03\/14524434_1106112876131411_958039263622046936_o.jpg?resize=350%2C200&ssl=1","width":350,"height":200,"srcset":"https:\/\/i0.wp.com\/www.grieta.org.mx\/wp-content\/uploads\/2018\/03\/14524434_1106112876131411_958039263622046936_o.jpg?resize=350%2C200&ssl=1 1x, https:\/\/i0.wp.com\/www.grieta.org.mx\/wp-content\/uploads\/2018\/03\/14524434_1106112876131411_958039263622046936_o.jpg?resize=525%2C300&ssl=1 1.5x, https:\/\/i0.wp.com\/www.grieta.org.mx\/wp-content\/uploads\/2018\/03\/14524434_1106112876131411_958039263622046936_o.jpg?resize=700%2C400&ssl=1 2x"},"classes":[]},{"id":5110,"url":"https:\/\/www.grieta.org.mx\/index.php\/2015\/08\/10\/maestros-de-la-seccion-22-toman-de-forma-indefinida-coordinacion-de-ieepo-en-juchitan\/","url_meta":{"origin":5465,"position":3},"title":"Maestros de la secci\u00f3n 22 \u201ctoman\u201d de forma indefinida coordinaci\u00f3n de IEEPO en Juchit\u00e1n","author":"grieta","date":"10 agosto, 2015","format":false,"excerpt":"P\u00e1gina 3. Diana Manzo, Jucht\u00e1n, Oaxaca.- Maestros de la secci\u00f3n 22 de la regi\u00f3n Istmo despu\u00e9s de reunirse con trabajadores de la coordinaci\u00f3n regional del IEEPO en Juchit\u00e1n acordaron una \u201ctoma\u201d de forma indefinida para el resguardo de las instalaciones y exigir al gobierno de Oaxaca la instalaci\u00f3n de una\u2026","rel":"","context":"En &quot;CINTILLO&quot;","block_context":{"text":"CINTILLO","link":"https:\/\/www.grieta.org.mx\/index.php\/category\/cintillo\/"},"img":{"alt_text":"","src":"https:\/\/i0.wp.com\/www.grieta.org.mx\/wp-content\/uploads\/2018\/03\/14524434_1106112876131411_958039263622046936_o.jpg?resize=350%2C200&ssl=1","width":350,"height":200,"srcset":"https:\/\/i0.wp.com\/www.grieta.org.mx\/wp-content\/uploads\/2018\/03\/14524434_1106112876131411_958039263622046936_o.jpg?resize=350%2C200&ssl=1 1x, https:\/\/i0.wp.com\/www.grieta.org.mx\/wp-content\/uploads\/2018\/03\/14524434_1106112876131411_958039263622046936_o.jpg?resize=525%2C300&ssl=1 1.5x, https:\/\/i0.wp.com\/www.grieta.org.mx\/wp-content\/uploads\/2018\/03\/14524434_1106112876131411_958039263622046936_o.jpg?resize=700%2C400&ssl=1 2x"},"classes":[]},{"id":12371,"url":"https:\/\/www.grieta.org.mx\/index.php\/2016\/05\/16\/en-el-istmo-el-90-por-ciento-de-escuelas-sin-clases-profesores-se-manifiestan-en-instalaciones-de-ieepo\/","url_meta":{"origin":5465,"position":4},"title":"En el Istmo el 90 por ciento de escuelas sin clases, profesores se manifiestan en instalaciones de IEEPO","author":"grieta","date":"16 mayo, 2016","format":false,"excerpt":"Diana Manzo, Oaxaca JUCHIT\u00c1N,OAX.- En la regi\u00f3n del Istmo de Tehuantepec el 90 por ciento de las escuelas se sumaron al paro de labores que encabez\u00f3 este 15 de mayo la secci\u00f3n 22 de la CNTE, y solo el 10 por ciento entre ellos el Centro de Educaci\u00f3n Preescolar Cozijopi\u2026","rel":"","context":"En &quot;CINTILLO&quot;","block_context":{"text":"CINTILLO","link":"https:\/\/www.grieta.org.mx\/index.php\/category\/cintillo\/"},"img":{"alt_text":"","src":"https:\/\/i0.wp.com\/www.grieta.org.mx\/wp-content\/uploads\/2018\/03\/14524434_1106112876131411_958039263622046936_o.jpg?resize=350%2C200&ssl=1","width":350,"height":200,"srcset":"https:\/\/i0.wp.com\/www.grieta.org.mx\/wp-content\/uploads\/2018\/03\/14524434_1106112876131411_958039263622046936_o.jpg?resize=350%2C200&ssl=1 1x, https:\/\/i0.wp.com\/www.grieta.org.mx\/wp-content\/uploads\/2018\/03\/14524434_1106112876131411_958039263622046936_o.jpg?resize=525%2C300&ssl=1 1.5x, https:\/\/i0.wp.com\/www.grieta.org.mx\/wp-content\/uploads\/2018\/03\/14524434_1106112876131411_958039263622046936_o.jpg?resize=700%2C400&ssl=1 2x"},"classes":[]},{"id":16165,"url":"https:\/\/www.grieta.org.mx\/index.php\/2016\/07\/06\/por-tercer-dia-consecutivo-maestros-bloquean-plazas-comerciales\/","url_meta":{"origin":5465,"position":5},"title":"Por tercer d\u00eda consecutivo, maestros bloquean plazas comerciales (Oaxaca)","author":"grieta","date":"6 julio, 2016","format":false,"excerpt":"P\u00e1gina 3. Arturo Rodr\u00edguez\/Pedro Mat\u00edas, Oaxaca.- Por tercer d\u00eda consecutivo, maestros de la Secci\u00f3n 22 del Sindicato Nacional de Trabajadores de la Educaci\u00f3n (SNTE) realizaron por lo menos 13 bloqueos carreteros y la toma de centros comerciales como parte del plan de acci\u00f3n de 72 horas que acord\u00f3 la CNTE.La\u2026","rel":"","context":"En &quot;CINTILLO&quot;","block_context":{"text":"CINTILLO","link":"https:\/\/www.grieta.org.mx\/index.php\/category\/cintillo\/"},"img":{"alt_text":"","src":"https:\/\/i0.wp.com\/www.grieta.org.mx\/wp-content\/uploads\/2018\/03\/14524434_1106112876131411_958039263622046936_o.jpg?resize=350%2C200&ssl=1","width":350,"height":200,"srcset":"https:\/\/i0.wp.com\/www.grieta.org.mx\/wp-content\/uploads\/2018\/03\/14524434_1106112876131411_958039263622046936_o.jpg?resize=350%2C200&ssl=1 1x, https:\/\/i0.wp.com\/www.grieta.org.mx\/wp-content\/uploads\/2018\/03\/14524434_1106112876131411_958039263622046936_o.jpg?resize=525%2C300&ssl=1 1.5x, https:\/\/i0.wp.com\/www.grieta.org.mx\/wp-content\/uploads\/2018\/03\/14524434_1106112876131411_958039263622046936_o.jpg?resize=700%2C400&ssl=1 2x"},"classes":[]}],"_links":{"self":[{"href":"https:\/\/www.grieta.org.mx\/index.php\/wp-json\/wp\/v2\/posts\/5465","targetHints":{"allow":["GET"]}}],"collection":[{"href":"https:\/\/www.grieta.org.mx\/index.php\/wp-json\/wp\/v2\/posts"}],"about":[{"href":"https:\/\/www.grieta.org.mx\/index.php\/wp-json\/wp\/v2\/types\/post"}],"author":[{"embeddable":true,"href":"https:\/\/www.grieta.org.mx\/index.php\/wp-json\/wp\/v2\/users\/2"}],"replies":[{"embeddable":true,"href":"https:\/\/www.grieta.org.mx\/index.php\/wp-json\/wp\/v2\/comments?post=5465"}],"version-history":[{"count":1,"href":"https:\/\/www.grieta.org.mx\/index.php\/wp-json\/wp\/v2\/posts\/5465\/revisions"}],"predecessor-version":[{"id":5466,"href":"https:\/\/www.grieta.org.mx\/index.php\/wp-json\/wp\/v2\/posts\/5465\/revisions\/5466"}],"wp:featuredmedia":[{"embeddable":true,"href":"https:\/\/www.grieta.org.mx\/index.php\/wp-json\/wp\/v2\/media\/21928"}],"wp:attachment":[{"href":"https:\/\/www.grieta.org.mx\/index.php\/wp-json\/wp\/v2\/media?parent=5465"}],"wp:term":[{"taxonomy":"category","embeddable":true,"href":"https:\/\/www.grieta.org.mx\/index.php\/wp-json\/wp\/v2\/categories?post=5465"},{"taxonomy":"post_tag","embeddable":true,"href":"https:\/\/www.grieta.org.mx\/index.php\/wp-json\/wp\/v2\/tags?post=5465"}],"curies":[{"name":"wp","href":"https:\/\/api.w.org\/{rel}","templated":true}]}}