{"id":5463,"date":"2015-06-16T03:49:54","date_gmt":"2015-06-16T03:49:54","guid":{"rendered":"http:\/\/50.22.11.12\/~grietaor\/?p=5463"},"modified":"2016-03-27T06:24:54","modified_gmt":"2016-03-27T06:24:54","slug":"movilizaciones-por-elecciones-2015-en-oaxaca","status":"publish","type":"post","link":"https:\/\/www.grieta.org.mx\/index.php\/2015\/06\/16\/movilizaciones-por-elecciones-2015-en-oaxaca\/","title":{"rendered":"Movilizaciones por elecciones 2015 en Oaxaca"},"content":{"rendered":"<p><strong>16\/06\/15. <\/strong><a href=\"http:\/\/grieta.org.mx\/index.php\/2015\/06\/16\/marcha-la-cnte-en-oaxaca-y-ciudad-de-mexico-manana-regresan-a-las-aulas\/\">Marcha la CNTE en Oaxaca y ciudad de M\u00e9xico, ma\u00f1ana regresan a las aulas<\/a><br \/><em>Voces Oaxaca<\/em><br  \/><\/p>\n<p><strong>15\/06\/15. <\/strong><a href=\"http:\/\/grieta.org.mx\/index.php\/2015\/06\/15\/gobierno-retiene-pago-a-maestros-de-oaxaca-asegura-la-seccion-22\/\">Gobierno retiene pago a maestros de Oaxaca, asegura la Secci\u00f3n 22<\/a><br \/>\n<em>P\u00e1gina 3<\/em><\/p>\n<p><strong>07\/06\/15. <\/strong><a href=\"http:\/\/grieta.org.mx\/index.php\/2015\/06\/07\/gendarmeria-y-ejercito-detiene-a-88-integrantes-de-la-s-22-y-fpr-por-quema-de-urnas-en-oaxaca\/\">Gendarmer\u00eda y Ej\u00e9rcito detiene a 88 integrantes de la S-22 y FPR por quema de urnas en Oaxaca<\/a><br \/>\n<em>Oaxaca 3.0<\/em><\/p>\n<p><strong>07\/06\/15. <\/strong><a href=\"http:\/\/grieta.org.mx\/index.php\/2015\/06\/07\/en-oaxaca-32-casillas-quemadas-bloqueos-y-protestas-magisteriales\/\">En Oaxaca 32 casillas quemadas, bloqueos y protestas magisteriales<\/a><br \/>\n<em>Proceso<\/em><\/p>\n<p><strong>07\/06\/15. <\/strong><a href=\"http:\/\/grieta.org.mx\/index.php\/2015\/06\/07\/maestros-enfrentan-a-uniformados-en-oaxaca\/\">Maestros enfrentan a uniformados en Oaxaca<\/a><br \/>\n<em>La Jornada<\/em><\/p>\n<p><strong>07\/06\/15. <\/strong><a href=\"http:\/\/grieta.org.mx\/index.php\/2015\/06\/07\/detienen-a-lider-de-la-seccion-22-del-istmo-lo-envian-a-instalaciones-de-la-pgr\/\">Detienen a l\u00edder de la Secci\u00f3n 22 del Istmo; lo env\u00edan a instalaciones de la PGR<\/a><br \/>\n<em>P\u00e1gina 3<\/em><\/p>\n","protected":false},"excerpt":{"rendered":"<p>16\/06\/15. Marcha la CNTE en Oaxaca y ciudad de M\u00e9xico, ma\u00f1ana regresan a las aulasVoces Oaxaca 15\/06\/15. Gobierno retiene pago a maestros de Oaxaca, asegura la Secci\u00f3n 22 P\u00e1gina 3 &hellip; <a href=\"https:\/\/www.grieta.org.mx\/index.php\/2015\/06\/16\/movilizaciones-por-elecciones-2015-en-oaxaca\/\" class=\"more-link\">Leer m\u00e1s<\/a><\/p>\n","protected":false},"author":2,"featured_media":21928,"comment_status":"closed","ping_status":"open","sticky":false,"template":"","format":"standard","meta":{"ngg_post_thumbnail":0,"_jetpack_newsletter_access":"","_jetpack_dont_email_post_to_subs":false,"_jetpack_newsletter_tier_id":0,"_jetpack_memberships_contains_paywalled_content":false,"_jetpack_memberships_contains_paid_content":false,"footnotes":""},"categories":[2,25],"tags":[],"class_list":["post-5463","post","type-post","status-publish","format-standard","has-post-thumbnail","hentry","category-noticias-nacionales","category-oaxaca","entry"],"jetpack_featured_media_url":"https:\/\/www.grieta.org.mx\/wp-content\/uploads\/2018\/03\/14524434_1106112876131411_958039263622046936_o.jpg","jetpack_sharing_enabled":true,"jetpack_shortlink":"https:\/\/wp.me\/p7ZJR4-1q7","jetpack_likes_enabled":false,"jetpack-related-posts":[{"id":49094,"url":"https:\/\/www.grieta.org.mx\/index.php\/2020\/04\/14\/agua-para-ayutla-ya-comunidad-en-oaxaca-enfrenta-al-covid-19-sin-agua-oaxaca\/","url_meta":{"origin":5463,"position":0},"title":"Agua para Ayutla ya: comunidad en Oaxaca enfrenta al COVID-19 sin agua (Oaxaca)","author":"grieta","date":"14 abril, 2020","format":false,"excerpt":"ANIMAL POL\u00cdTICO Ante la actual pandemia por COVID-19 los cerca de 5 mil habitantes de San Pedro y San Pablo Ayutla, Oaxaca exigen que ya se resuelva esta problem\u00e1tica. Ayutla lleva casi tres a\u00f1os sin agua desde que un grupo armado de Tamazulapan, un municipio vecino, se adue\u00f1\u00f3 del manantial\u2026","rel":"","context":"En &quot;CINTILLO&quot;","block_context":{"text":"CINTILLO","link":"https:\/\/www.grieta.org.mx\/index.php\/category\/cintillo\/"},"img":{"alt_text":"","src":"https:\/\/i0.wp.com\/www.grieta.org.mx\/wp-content\/uploads\/2018\/03\/14524434_1106112876131411_958039263622046936_o.jpg?resize=350%2C200&ssl=1","width":350,"height":200,"srcset":"https:\/\/i0.wp.com\/www.grieta.org.mx\/wp-content\/uploads\/2018\/03\/14524434_1106112876131411_958039263622046936_o.jpg?resize=350%2C200&ssl=1 1x, https:\/\/i0.wp.com\/www.grieta.org.mx\/wp-content\/uploads\/2018\/03\/14524434_1106112876131411_958039263622046936_o.jpg?resize=525%2C300&ssl=1 1.5x, https:\/\/i0.wp.com\/www.grieta.org.mx\/wp-content\/uploads\/2018\/03\/14524434_1106112876131411_958039263622046936_o.jpg?resize=700%2C400&ssl=1 2x"},"classes":[]},{"id":21076,"url":"https:\/\/www.grieta.org.mx\/index.php\/2016\/09\/02\/cierra-seccion-22-plazas-comerciales-de-oaxaca\/","url_meta":{"origin":5463,"position":1},"title":"Cierra secci\u00f3n 22 plazas comerciales de Oaxaca","author":"grieta","date":"2 septiembre, 2016","format":false,"excerpt":"Quadrat\u00edn. Luis Jer\u00f3nimo, Oaxaca.- Maestros de la Secci\u00f3n 22 del Sindicato Nacional de Trabajadores de la Educaci\u00f3n (SNTE) bloquearon los accesos a plazas comerciales de Oaxaca, en protesta contra la reforma educativa. Los docentes tomaron las entradas de la Plaza Oaxaca, Plaza del Valle y Macroplaza, en la que impidieron\u2026","rel":"","context":"En &quot;CINTILLO&quot;","block_context":{"text":"CINTILLO","link":"https:\/\/www.grieta.org.mx\/index.php\/category\/cintillo\/"},"img":{"alt_text":"","src":"https:\/\/i0.wp.com\/www.grieta.org.mx\/wp-content\/uploads\/2018\/03\/14524434_1106112876131411_958039263622046936_o.jpg?resize=350%2C200&ssl=1","width":350,"height":200,"srcset":"https:\/\/i0.wp.com\/www.grieta.org.mx\/wp-content\/uploads\/2018\/03\/14524434_1106112876131411_958039263622046936_o.jpg?resize=350%2C200&ssl=1 1x, https:\/\/i0.wp.com\/www.grieta.org.mx\/wp-content\/uploads\/2018\/03\/14524434_1106112876131411_958039263622046936_o.jpg?resize=525%2C300&ssl=1 1.5x, https:\/\/i0.wp.com\/www.grieta.org.mx\/wp-content\/uploads\/2018\/03\/14524434_1106112876131411_958039263622046936_o.jpg?resize=700%2C400&ssl=1 2x"},"classes":[]},{"id":20248,"url":"https:\/\/www.grieta.org.mx\/index.php\/2016\/08\/19\/migrantes-en-oaxaca\/","url_meta":{"origin":5463,"position":2},"title":"Migrantes en Oaxaca","author":"grieta","date":"19 agosto, 2016","format":false,"excerpt":"19\/08\/16. Por falta de dinero, Gobierno de Oaxaca no ha concluido repatriaci\u00f3n de migrantes muertos en EEUU P\u00e1gina 3 17\/08\/16. Oaxaca, primer lugar en repatriaci\u00f3n de migrantes P\u00e1gina 3 14\/08\/16. La \u201ccacer\u00eda\u201d del INM a Mar\u00eda de Jes\u00fas y sus peque\u00f1as hijas en Oaxaca En el Camino","rel":"","context":"En &quot;Migrantes&quot;","block_context":{"text":"Migrantes","link":"https:\/\/www.grieta.org.mx\/index.php\/category\/temas-nacionales\/migrantes\/"},"img":{"alt_text":"","src":"https:\/\/i0.wp.com\/www.grieta.org.mx\/wp-content\/uploads\/2018\/03\/14524434_1106112876131411_958039263622046936_o.jpg?resize=350%2C200&ssl=1","width":350,"height":200,"srcset":"https:\/\/i0.wp.com\/www.grieta.org.mx\/wp-content\/uploads\/2018\/03\/14524434_1106112876131411_958039263622046936_o.jpg?resize=350%2C200&ssl=1 1x, https:\/\/i0.wp.com\/www.grieta.org.mx\/wp-content\/uploads\/2018\/03\/14524434_1106112876131411_958039263622046936_o.jpg?resize=525%2C300&ssl=1 1.5x, https:\/\/i0.wp.com\/www.grieta.org.mx\/wp-content\/uploads\/2018\/03\/14524434_1106112876131411_958039263622046936_o.jpg?resize=700%2C400&ssl=1 2x"},"classes":[]},{"id":1915,"url":"https:\/\/www.grieta.org.mx\/index.php\/2015\/11\/08\/instalan-planton-estudiantes-de-escuela-normal-superior-federal-de-oaxaca\/","url_meta":{"origin":5463,"position":3},"title":"Instalan plant\u00f3n estudiantes de Escuela Normal Superior Federal de Oaxaca","author":"grieta","date":"8 noviembre, 2015","format":false,"excerpt":"Jorge A. P\u00e9rez Alfonso, Oaxaca Oaxaca, Oax. Estudiantes de la Escuela Normal Superior Federal de Oaxaca (ENSFO) protestaron este domingo en el z\u00f3calo de la cuidad de Oaxaca donde se instalaron en \u201cplant\u00f3n educativo\u201d, esto en rechazo de la evaluaci\u00f3n docente a realizarse el pr\u00f3ximo fin de semana. Los profesores\u2026","rel":"","context":"En &quot;CINTILLO&quot;","block_context":{"text":"CINTILLO","link":"https:\/\/www.grieta.org.mx\/index.php\/category\/cintillo\/"},"img":{"alt_text":"","src":"https:\/\/i0.wp.com\/www.grieta.org.mx\/wp-content\/uploads\/2018\/03\/14524434_1106112876131411_958039263622046936_o.jpg?resize=350%2C200&ssl=1","width":350,"height":200,"srcset":"https:\/\/i0.wp.com\/www.grieta.org.mx\/wp-content\/uploads\/2018\/03\/14524434_1106112876131411_958039263622046936_o.jpg?resize=350%2C200&ssl=1 1x, https:\/\/i0.wp.com\/www.grieta.org.mx\/wp-content\/uploads\/2018\/03\/14524434_1106112876131411_958039263622046936_o.jpg?resize=525%2C300&ssl=1 1.5x, https:\/\/i0.wp.com\/www.grieta.org.mx\/wp-content\/uploads\/2018\/03\/14524434_1106112876131411_958039263622046936_o.jpg?resize=700%2C400&ssl=1 2x"},"classes":[]},{"id":54121,"url":"https:\/\/www.grieta.org.mx\/index.php\/2020\/10\/12\/jornada-nacional-de-movilizacion-en-defensa-de-la-madre-tierra-contra-la-guerra-al-ezln-los-pueblos-y-comunidades-indigenas-en-oaxaca\/","url_meta":{"origin":5463,"position":4},"title":"Jornada Nacional de Movilizaci\u00f3n en Defensa de la Madre Tierra, contra la guerra al EZLN, los pueblos y comunidades Ind\u00edgenas en Oaxaca","author":"grieta","date":"12 octubre, 2020","format":false,"excerpt":"Radio Zapatista \/ Informaci\u00f3n CNI Mat\u00edas Romero, Oaxaca 12 de octubre 2020 En el marco de la Jornada Nacional de Movilizaci\u00f3n en Defensa de la Madre Tierra, contra la guerra al EZLN, los pueblos y comunidades Ind\u00edgenas. Mitin UCIZONI RESISTENCIA CIVIL DEL ISTMO en Estaci\u00f3n Ferrocarril de Mat\u00edas Romero Oaxaca\u2026","rel":"","context":"En &quot;CINTILLO&quot;","block_context":{"text":"CINTILLO","link":"https:\/\/www.grieta.org.mx\/index.php\/category\/cintillo\/"},"img":{"alt_text":"","src":"https:\/\/i0.wp.com\/www.grieta.org.mx\/wp-content\/uploads\/2020\/10\/r.jpg?resize=350%2C200&ssl=1","width":350,"height":200,"srcset":"https:\/\/i0.wp.com\/www.grieta.org.mx\/wp-content\/uploads\/2020\/10\/r.jpg?resize=350%2C200&ssl=1 1x, https:\/\/i0.wp.com\/www.grieta.org.mx\/wp-content\/uploads\/2020\/10\/r.jpg?resize=525%2C300&ssl=1 1.5x"},"classes":[]},{"id":11123,"url":"https:\/\/www.grieta.org.mx\/index.php\/2016\/06\/27\/movilizacion-contra-la-violencia-hacia-las-mujeres-en-oaxaca\/","url_meta":{"origin":5463,"position":5},"title":"Movilizaciones contra la violencia hacia las mujeres en Oaxaca","author":"grieta","date":"27 junio, 2016","format":false,"excerpt":"27\/06\/16. Grupo de mujeres 8 de marzo protestan en \u201cD\u00eda Naranja\u201d por la no violencia P\u00e1gina 3 24\/04\/16. Mujeres y hombres oaxaque\u00f1os marchan nuevamente contra la violencia machista NSS Oaxaca 24\/04\/16. Marchan contra feminicidios en Oaxaca La Jornada","rel":"","context":"En &quot;NOTICIAS NACIONALES&quot;","block_context":{"text":"NOTICIAS NACIONALES","link":"https:\/\/www.grieta.org.mx\/index.php\/category\/noticias-nacionales\/"},"img":{"alt_text":"","src":"https:\/\/i0.wp.com\/www.grieta.org.mx\/wp-content\/uploads\/2018\/03\/14524434_1106112876131411_958039263622046936_o.jpg?resize=350%2C200&ssl=1","width":350,"height":200,"srcset":"https:\/\/i0.wp.com\/www.grieta.org.mx\/wp-content\/uploads\/2018\/03\/14524434_1106112876131411_958039263622046936_o.jpg?resize=350%2C200&ssl=1 1x, https:\/\/i0.wp.com\/www.grieta.org.mx\/wp-content\/uploads\/2018\/03\/14524434_1106112876131411_958039263622046936_o.jpg?resize=525%2C300&ssl=1 1.5x, https:\/\/i0.wp.com\/www.grieta.org.mx\/wp-content\/uploads\/2018\/03\/14524434_1106112876131411_958039263622046936_o.jpg?resize=700%2C400&ssl=1 2x"},"classes":[]}],"_links":{"self":[{"href":"https:\/\/www.grieta.org.mx\/index.php\/wp-json\/wp\/v2\/posts\/5463","targetHints":{"allow":["GET"]}}],"collection":[{"href":"https:\/\/www.grieta.org.mx\/index.php\/wp-json\/wp\/v2\/posts"}],"about":[{"href":"https:\/\/www.grieta.org.mx\/index.php\/wp-json\/wp\/v2\/types\/post"}],"author":[{"embeddable":true,"href":"https:\/\/www.grieta.org.mx\/index.php\/wp-json\/wp\/v2\/users\/2"}],"replies":[{"embeddable":true,"href":"https:\/\/www.grieta.org.mx\/index.php\/wp-json\/wp\/v2\/comments?post=5463"}],"version-history":[{"count":1,"href":"https:\/\/www.grieta.org.mx\/index.php\/wp-json\/wp\/v2\/posts\/5463\/revisions"}],"predecessor-version":[{"id":5506,"href":"https:\/\/www.grieta.org.mx\/index.php\/wp-json\/wp\/v2\/posts\/5463\/revisions\/5506"}],"wp:featuredmedia":[{"embeddable":true,"href":"https:\/\/www.grieta.org.mx\/index.php\/wp-json\/wp\/v2\/media\/21928"}],"wp:attachment":[{"href":"https:\/\/www.grieta.org.mx\/index.php\/wp-json\/wp\/v2\/media?parent=5463"}],"wp:term":[{"taxonomy":"category","embeddable":true,"href":"https:\/\/www.grieta.org.mx\/index.php\/wp-json\/wp\/v2\/categories?post=5463"},{"taxonomy":"post_tag","embeddable":true,"href":"https:\/\/www.grieta.org.mx\/index.php\/wp-json\/wp\/v2\/tags?post=5463"}],"curies":[{"name":"wp","href":"https:\/\/api.w.org\/{rel}","templated":true}]}}