{"id":54613,"date":"2020-10-28T09:57:13","date_gmt":"2020-10-28T15:57:13","guid":{"rendered":"http:\/\/www.grieta.org.mx\/?p=54613"},"modified":"2020-10-30T10:07:36","modified_gmt":"2020-10-30T16:07:36","slug":"me-estoy-muriendo-en-vida-clama-madre-de-zayra-una-de-las-30-desaparecidas-en-oaxaca","status":"publish","type":"post","link":"https:\/\/www.grieta.org.mx\/index.php\/2020\/10\/28\/me-estoy-muriendo-en-vida-clama-madre-de-zayra-una-de-las-30-desaparecidas-en-oaxaca\/","title":{"rendered":"&#8220;Me estoy muriendo en vida&#8221;, clama madre de Zayra, una de las 30 desaparecidas en Oaxaca"},"content":{"rendered":"<p>P\u00e1gina 3 \/ Pedro Mat\u00edas<\/p>\n<p>*Acusan a Fiscal\u00eda de actuar con lentitud ante esta problem\u00e1tica. | *Familiares rompen el confinamiento para protestar frente al Palacio de Gobierno.<\/p>\n<p><img loading=\"lazy\" decoding=\"async\" data-attachment-id=\"54615\" data-permalink=\"https:\/\/www.grieta.org.mx\/index.php\/2020\/10\/28\/me-estoy-muriendo-en-vida-clama-madre-de-zayra-una-de-las-30-desaparecidas-en-oaxaca\/zayra-leticia-morales-loyola\/\" data-orig-file=\"https:\/\/www.grieta.org.mx\/wp-content\/uploads\/2020\/10\/Zayra-Leticia-Morales-Loyola.jpeg\" data-orig-size=\"950,480\" data-comments-opened=\"0\" data-image-meta=\"{&quot;aperture&quot;:&quot;0&quot;,&quot;credit&quot;:&quot;&quot;,&quot;camera&quot;:&quot;&quot;,&quot;caption&quot;:&quot;&quot;,&quot;created_timestamp&quot;:&quot;0&quot;,&quot;copyright&quot;:&quot;&quot;,&quot;focal_length&quot;:&quot;0&quot;,&quot;iso&quot;:&quot;0&quot;,&quot;shutter_speed&quot;:&quot;0&quot;,&quot;title&quot;:&quot;&quot;,&quot;orientation&quot;:&quot;1&quot;}\" data-image-title=\"Zayra-Leticia-Morales-Loyola\" data-image-description=\"\" data-image-caption=\"\" data-medium-file=\"https:\/\/www.grieta.org.mx\/wp-content\/uploads\/2020\/10\/Zayra-Leticia-Morales-Loyola-300x152.jpeg\" data-large-file=\"https:\/\/www.grieta.org.mx\/wp-content\/uploads\/2020\/10\/Zayra-Leticia-Morales-Loyola.jpeg\" class=\"alignnone wp-image-54615\" src=\"http:\/\/www.grieta.org.mx\/wp-content\/uploads\/2020\/10\/Zayra-Leticia-Morales-Loyola.jpeg\" alt=\"\" width=\"800\" height=\"404\" srcset=\"https:\/\/www.grieta.org.mx\/wp-content\/uploads\/2020\/10\/Zayra-Leticia-Morales-Loyola.jpeg 950w, https:\/\/www.grieta.org.mx\/wp-content\/uploads\/2020\/10\/Zayra-Leticia-Morales-Loyola-300x152.jpeg 300w, https:\/\/www.grieta.org.mx\/wp-content\/uploads\/2020\/10\/Zayra-Leticia-Morales-Loyola-768x388.jpeg 768w\" sizes=\"auto, (max-width: 800px) 100vw, 800px\" \/><br \/>\nEstaci\u00f3n Foto.<\/p>\n<p>OAXACA, Oax.- \u201cHija de mi vida, te amo, regresa por favor, me estoy muriendo en vida.<\/p>\n<p>\u201cMi dolor es muy grande al ver que tus hijitos te necesitan, regresa por favor.<\/p>\n<p>\u201cEncomi\u00e9ndate mucho a Dios y a nuestra Madre Sant\u00edsima, que nuestra protectora te aparezca con vida.<\/p>\n<p>\u201cNo pierdas las esperanzas, te amo Zayra, eres mi nena, la m\u00e1s chiquita, te amo Zay\u201d, esas son las palabras de una madre que busca a su hija.<\/p>\n<p>El caso de Zayra Leticia Morales Loyola es solo uno de los 30 casos de mujeres que han desaparecido en Oaxaca solo en octubre.<\/p>\n<p><img loading=\"lazy\" decoding=\"async\" data-attachment-id=\"54616\" data-permalink=\"https:\/\/www.grieta.org.mx\/index.php\/2020\/10\/28\/me-estoy-muriendo-en-vida-clama-madre-de-zayra-una-de-las-30-desaparecidas-en-oaxaca\/zayra-leticia-morales-loyola-2\/\" data-orig-file=\"https:\/\/www.grieta.org.mx\/wp-content\/uploads\/2020\/10\/Zayra-Leticia-Morales-Loyola.png\" data-orig-size=\"950,468\" data-comments-opened=\"0\" data-image-meta=\"{&quot;aperture&quot;:&quot;0&quot;,&quot;credit&quot;:&quot;&quot;,&quot;camera&quot;:&quot;&quot;,&quot;caption&quot;:&quot;&quot;,&quot;created_timestamp&quot;:&quot;0&quot;,&quot;copyright&quot;:&quot;&quot;,&quot;focal_length&quot;:&quot;0&quot;,&quot;iso&quot;:&quot;0&quot;,&quot;shutter_speed&quot;:&quot;0&quot;,&quot;title&quot;:&quot;&quot;,&quot;orientation&quot;:&quot;0&quot;}\" data-image-title=\"Zayra-Leticia-Morales-Loyola\" data-image-description=\"\" data-image-caption=\"\" data-medium-file=\"https:\/\/www.grieta.org.mx\/wp-content\/uploads\/2020\/10\/Zayra-Leticia-Morales-Loyola-300x148.png\" data-large-file=\"https:\/\/www.grieta.org.mx\/wp-content\/uploads\/2020\/10\/Zayra-Leticia-Morales-Loyola.png\" class=\"alignnone wp-image-54616\" src=\"http:\/\/www.grieta.org.mx\/wp-content\/uploads\/2020\/10\/Zayra-Leticia-Morales-Loyola.png\" alt=\"\" width=\"800\" height=\"394\" srcset=\"https:\/\/www.grieta.org.mx\/wp-content\/uploads\/2020\/10\/Zayra-Leticia-Morales-Loyola.png 950w, https:\/\/www.grieta.org.mx\/wp-content\/uploads\/2020\/10\/Zayra-Leticia-Morales-Loyola-300x148.png 300w, https:\/\/www.grieta.org.mx\/wp-content\/uploads\/2020\/10\/Zayra-Leticia-Morales-Loyola-768x378.png 768w\" sizes=\"auto, (max-width: 800px) 100vw, 800px\" \/><br \/>\nZayra Leticia Morales Loyola<\/p>\n<p>Esas cifras son del colectivo \u201cFeministas de Oaxaca\u201d.<\/p>\n<p>Es por ello que familiares, amistades y colectivos de organizaciones feministas decidieron romper el confinamiento por la pandemia de covid-19.<\/p>\n<p>Salieron a las calles la tarde de este mi\u00e9rcoles para protestar frente al Palacio de Gobierno.<\/p>\n<p>Exigieron a la Fiscal\u00eda General de Justicia Oaxaca que investigue con prontitud antes de que sea demasiado tarde.<\/p>\n<p>Las inconformes colocaron una lona y tapizaron los muros del quiosco del z\u00f3calo de Oaxaca con papeletas con los datos generales de Zayra Leticia Morales Loyola.<\/p>\n<p><img loading=\"lazy\" decoding=\"async\" data-attachment-id=\"54617\" data-permalink=\"https:\/\/www.grieta.org.mx\/index.php\/2020\/10\/28\/me-estoy-muriendo-en-vida-clama-madre-de-zayra-una-de-las-30-desaparecidas-en-oaxaca\/marcha-por-zaira\/\" data-orig-file=\"https:\/\/www.grieta.org.mx\/wp-content\/uploads\/2020\/10\/marcha-por-Zaira.jpeg\" data-orig-size=\"600,900\" data-comments-opened=\"0\" data-image-meta=\"{&quot;aperture&quot;:&quot;0&quot;,&quot;credit&quot;:&quot;&quot;,&quot;camera&quot;:&quot;&quot;,&quot;caption&quot;:&quot;&quot;,&quot;created_timestamp&quot;:&quot;0&quot;,&quot;copyright&quot;:&quot;&quot;,&quot;focal_length&quot;:&quot;0&quot;,&quot;iso&quot;:&quot;0&quot;,&quot;shutter_speed&quot;:&quot;0&quot;,&quot;title&quot;:&quot;&quot;,&quot;orientation&quot;:&quot;1&quot;}\" data-image-title=\"marcha-por-Zaira\" data-image-description=\"\" data-image-caption=\"\" data-medium-file=\"https:\/\/www.grieta.org.mx\/wp-content\/uploads\/2020\/10\/marcha-por-Zaira-200x300.jpeg\" data-large-file=\"https:\/\/www.grieta.org.mx\/wp-content\/uploads\/2020\/10\/marcha-por-Zaira.jpeg\" class=\"alignnone wp-image-54617\" src=\"http:\/\/www.grieta.org.mx\/wp-content\/uploads\/2020\/10\/marcha-por-Zaira.jpeg\" alt=\"\" width=\"800\" height=\"1200\" srcset=\"https:\/\/www.grieta.org.mx\/wp-content\/uploads\/2020\/10\/marcha-por-Zaira.jpeg 600w, https:\/\/www.grieta.org.mx\/wp-content\/uploads\/2020\/10\/marcha-por-Zaira-200x300.jpeg 200w, https:\/\/www.grieta.org.mx\/wp-content\/uploads\/2020\/10\/marcha-por-Zaira-333x500.jpeg 333w\" sizes=\"auto, (max-width: 800px) 100vw, 800px\" \/><br \/>\nMarcha por Zayra. Imagen de Estaci\u00f3n Foto.<\/p>\n<p>Zaira, de 29 a\u00f1os de edad, fue vista por \u00faltima vez el viernes 23 de octubre en Santa Mar\u00eda Xochixtlapilco, Huajuapan de Le\u00f3n.<\/p>\n<p>De acuerdo con la Unidad de B\u00fasqueda de Personas Desaparecidas y No Localizadas, Zayra tiene como se\u00f1as particulares tiene dos tatuajes.<\/p>\n<p>Uno con la figura de una v\u00edbora con una flor, en la cara interna del antebrazo izquierdo.<\/p>\n<p>Y otro con la figura de un coraz\u00f3n en la cara interna del antebrazo derecho.<\/p>\n<p>Adem\u00e1s de cicatrices en la zona del bajo vientre y un lunar en la mejilla izquierda.<\/p>\n<p>La ropa que viste es sudadera color blanca, con figuras en color amarillo, pants color crema, calza tenis color blanco y usa aretes peque\u00f1os.<\/p>\n<p><img loading=\"lazy\" decoding=\"async\" data-attachment-id=\"54618\" data-permalink=\"https:\/\/www.grieta.org.mx\/index.php\/2020\/10\/28\/me-estoy-muriendo-en-vida-clama-madre-de-zayra-una-de-las-30-desaparecidas-en-oaxaca\/marcha-por-zayra-2\/\" data-orig-file=\"https:\/\/www.grieta.org.mx\/wp-content\/uploads\/2020\/10\/Marcha-por-Zayra-2.jpeg\" data-orig-size=\"800,486\" data-comments-opened=\"0\" data-image-meta=\"{&quot;aperture&quot;:&quot;0&quot;,&quot;credit&quot;:&quot;&quot;,&quot;camera&quot;:&quot;&quot;,&quot;caption&quot;:&quot;&quot;,&quot;created_timestamp&quot;:&quot;0&quot;,&quot;copyright&quot;:&quot;&quot;,&quot;focal_length&quot;:&quot;0&quot;,&quot;iso&quot;:&quot;0&quot;,&quot;shutter_speed&quot;:&quot;0&quot;,&quot;title&quot;:&quot;&quot;,&quot;orientation&quot;:&quot;1&quot;}\" data-image-title=\"Marcha-por-Zayra-2\" data-image-description=\"\" data-image-caption=\"\" data-medium-file=\"https:\/\/www.grieta.org.mx\/wp-content\/uploads\/2020\/10\/Marcha-por-Zayra-2-300x182.jpeg\" data-large-file=\"https:\/\/www.grieta.org.mx\/wp-content\/uploads\/2020\/10\/Marcha-por-Zayra-2.jpeg\" class=\"alignnone wp-image-54618\" src=\"http:\/\/www.grieta.org.mx\/wp-content\/uploads\/2020\/10\/Marcha-por-Zayra-2.jpeg\" alt=\"\" width=\"800\" height=\"486\" srcset=\"https:\/\/www.grieta.org.mx\/wp-content\/uploads\/2020\/10\/Marcha-por-Zayra-2.jpeg 800w, https:\/\/www.grieta.org.mx\/wp-content\/uploads\/2020\/10\/Marcha-por-Zayra-2-300x182.jpeg 300w, https:\/\/www.grieta.org.mx\/wp-content\/uploads\/2020\/10\/Marcha-por-Zayra-2-768x467.jpeg 768w\" sizes=\"auto, (max-width: 800px) 100vw, 800px\" \/><br \/>\nLentitud en la Fiscal\u00eda. Zayra lleva varios d\u00edas desaparecida. Imagen: Estaci\u00f3n Foto.<\/p>\n<p>Lentas investigaciones<\/p>\n<p>Ante la lentitud de la Fiscal\u00eda General de Oaxaca para iniciar las diligencias, feministas salieron a las calles por las constantes desapariciones en la entidad.<\/p>\n<p>Tan solo en lo que va de octubre han desaparecido 30 mujeres, entre las que se encuentran:<\/p>\n<p>*Frida Pereyra Ramos, de 14 a\u00f1os, quien desapareci\u00f3 el 7 de octubre en Pochutla;<br \/>\n*Zayra Leticia Morales Loyola, desaparecida el 23 de octubre,<br \/>\n*Ingrid Patricia P\u00e9rez Hern\u00e1ndez, de 16 a\u00f1os de edad, que fue vista por \u00faltima vez el 24 de octubre en Salina Cruz.<\/p>\n<p>Las organizaciones oaxaque\u00f1as Mujeres de la Sal y Feministas de Oaxaca exigen a las autoridades de justicia atender con urgencia estas desapariciones.<\/p>\n<p>Seg\u00fan datos de la Unidad de B\u00fasqueda de Personas No Localizadas de la Fiscal\u00eda, en octubre siete mujeres siguen en esta condici\u00f3n, y 26 fueron localizadas.<\/p>\n<p><img loading=\"lazy\" decoding=\"async\" data-attachment-id=\"54619\" data-permalink=\"https:\/\/www.grieta.org.mx\/index.php\/2020\/10\/28\/me-estoy-muriendo-en-vida-clama-madre-de-zayra-una-de-las-30-desaparecidas-en-oaxaca\/marcha-por-zayra-3\/\" data-orig-file=\"https:\/\/www.grieta.org.mx\/wp-content\/uploads\/2020\/10\/Marcha-por-Zayra-3.jpeg\" data-orig-size=\"800,492\" data-comments-opened=\"0\" data-image-meta=\"{&quot;aperture&quot;:&quot;0&quot;,&quot;credit&quot;:&quot;&quot;,&quot;camera&quot;:&quot;&quot;,&quot;caption&quot;:&quot;&quot;,&quot;created_timestamp&quot;:&quot;0&quot;,&quot;copyright&quot;:&quot;&quot;,&quot;focal_length&quot;:&quot;0&quot;,&quot;iso&quot;:&quot;0&quot;,&quot;shutter_speed&quot;:&quot;0&quot;,&quot;title&quot;:&quot;&quot;,&quot;orientation&quot;:&quot;1&quot;}\" data-image-title=\"Marcha-por-Zayra 3\" data-image-description=\"\" data-image-caption=\"\" data-medium-file=\"https:\/\/www.grieta.org.mx\/wp-content\/uploads\/2020\/10\/Marcha-por-Zayra-3-300x185.jpeg\" data-large-file=\"https:\/\/www.grieta.org.mx\/wp-content\/uploads\/2020\/10\/Marcha-por-Zayra-3.jpeg\" class=\"alignnone wp-image-54619\" src=\"http:\/\/www.grieta.org.mx\/wp-content\/uploads\/2020\/10\/Marcha-por-Zayra-3.jpeg\" alt=\"\" width=\"800\" height=\"492\" srcset=\"https:\/\/www.grieta.org.mx\/wp-content\/uploads\/2020\/10\/Marcha-por-Zayra-3.jpeg 800w, https:\/\/www.grieta.org.mx\/wp-content\/uploads\/2020\/10\/Marcha-por-Zayra-3-300x185.jpeg 300w, https:\/\/www.grieta.org.mx\/wp-content\/uploads\/2020\/10\/Marcha-por-Zayra-3-768x472.jpeg 768w\" sizes=\"auto, (max-width: 800px) 100vw, 800px\" \/><br \/>\nNo alcanza el cempas\u00fachitl\u2026 frase dolorosa. Imagen: Estaci\u00f3n Foto.<\/p>\n<p>Esto sin contar que en la \u00faltima semana fueron ejecutadas tres mujeres.<\/p>\n<p>Suman 86 mujeres asesinadas del 1 enero al 28 de octubre de 2020, seg\u00fan cifras del Grupo de Estudios sobre la Mujer \u201cRosario Castellanos\u201d (GESMujer).<\/p>\n<p>Ante de concluir la protesta frente al Palacio de Gobierno, informaron que ante la inacci\u00f3n de la Fiscal\u00eda \u201cse formaron brigadas para buscar a Zayra.<\/p>\n<p>Recorrieron calles, lotes bald\u00edos, r\u00edos, caminos, veredas, callejones, parcelas, buscando cualquier pista que les lleve a dar con el paradero de Zayra, porque \u201centre m\u00e1s tiempo pasa, menos son las posibilidades de encontrar a Zayra con vida\u201d.<\/p>\n<p><a href=\"https:\/\/pagina3.mx\/2020\/10\/me-estoy-muriendo-en-vida-clama-madre-de-zayra-una-de-las-30-desaparecidas-en-oaxaca\/\" target=\"_blank\" rel=\"noopener noreferrer\">https:\/\/pagina3.mx\/2020\/10\/me-estoy-muriendo-en-vida-clama-madre-de-zayra-una-de-las-30-desaparecidas-en-oaxaca\/<\/a><\/p>\n","protected":false},"excerpt":{"rendered":"<p>P\u00e1gina 3 \/ Pedro Mat\u00edas *Acusan a Fiscal\u00eda de actuar con lentitud ante esta problem\u00e1tica. | *Familiares rompen el confinamiento para protestar frente al Palacio de Gobierno. Estaci\u00f3n Foto. OAXACA, &hellip; <a href=\"https:\/\/www.grieta.org.mx\/index.php\/2020\/10\/28\/me-estoy-muriendo-en-vida-clama-madre-de-zayra-una-de-las-30-desaparecidas-en-oaxaca\/\" class=\"more-link\">Leer m\u00e1s<\/a><\/p>\n","protected":false},"author":2,"featured_media":54615,"comment_status":"closed","ping_status":"closed","sticky":false,"template":"","format":"standard","meta":{"ngg_post_thumbnail":0,"_jetpack_newsletter_access":"","_jetpack_dont_email_post_to_subs":false,"_jetpack_newsletter_tier_id":0,"_jetpack_memberships_contains_paywalled_content":false,"_jetpack_memberships_contains_paid_content":false,"footnotes":""},"categories":[80,2832,1325,3163,2,25,1665],"tags":[],"class_list":["post-54613","post","type-post","status-publish","format-standard","has-post-thumbnail","hentry","category-cintillo","category-desaparecidos-en-oaxaca","category-feminicidios-en-oaxaca-oaxaca","category-la-lucha-de-las-mujeres-en-oaxaca","category-noticias-nacionales","category-oaxaca","category-violencia-contra-las-mujeres-en-oaxaca","entry"],"jetpack_featured_media_url":"https:\/\/www.grieta.org.mx\/wp-content\/uploads\/2020\/10\/Zayra-Leticia-Morales-Loyola.jpeg","jetpack_sharing_enabled":true,"jetpack_shortlink":"https:\/\/wp.me\/p7ZJR4-ecR","jetpack_likes_enabled":false,"jetpack-related-posts":[{"id":56734,"url":"https:\/\/www.grieta.org.mx\/index.php\/2021\/02\/01\/impotencia-dolor-y-tristeza-por-la-desaparicion-de-zayra-en-la-mixteca-de-oaxaca\/","url_meta":{"origin":54613,"position":0},"title":"Impotencia, dolor y tristeza por la desaparici\u00f3n de Zayra en la Mixteca de Oaxaca","author":"grieta","date":"1 febrero, 2021","format":false,"excerpt":"Noticias \/ Citlalli Luciana. El pasado 23 de enero se cumplieron tres meses de que Zayra Morales Loyola fuera desaparecida en Xochilxtlapilco, Huajuapan de Le\u00f3n. Luz Mar\u00eda Leticia Loyola L\u00f3pez, su madre, no oculta la tristeza, el dolor y la impotencia de no tener a su hija en casa. \u201cHan\u2026","rel":"","context":"En &quot;CINTILLO&quot;","block_context":{"text":"CINTILLO","link":"https:\/\/www.grieta.org.mx\/index.php\/category\/cintillo\/"},"img":{"alt_text":"","src":"https:\/\/i0.wp.com\/www.grieta.org.mx\/wp-content\/uploads\/2021\/02\/2.png?resize=350%2C200&ssl=1","width":350,"height":200,"srcset":"https:\/\/i0.wp.com\/www.grieta.org.mx\/wp-content\/uploads\/2021\/02\/2.png?resize=350%2C200&ssl=1 1x, https:\/\/i0.wp.com\/www.grieta.org.mx\/wp-content\/uploads\/2021\/02\/2.png?resize=525%2C300&ssl=1 1.5x, https:\/\/i0.wp.com\/www.grieta.org.mx\/wp-content\/uploads\/2021\/02\/2.png?resize=700%2C400&ssl=1 2x, https:\/\/i0.wp.com\/www.grieta.org.mx\/wp-content\/uploads\/2021\/02\/2.png?resize=1050%2C600&ssl=1 3x"},"classes":[]},{"id":63802,"url":"https:\/\/www.grieta.org.mx\/index.php\/2022\/03\/20\/en-oaxaca-fallaron-las-autoridades-los-dejaron-libres-madre-de-zayra-leticia-exige-justicia-por-su-hija-desaparecida\/","url_meta":{"origin":54613,"position":1},"title":"\u201cEn Oaxaca fallaron las autoridades, los dejaron libres\u201d: Madre de Zayra Leticia exige justicia por su hija desaparecida","author":"grieta","date":"20 marzo, 2022","format":false,"excerpt":"P\u00e1gina 3 \/ Tierra Com\u00fan. Oaxaca, Oax.- \u201cUna camioneta negra la llev\u00f3 esa noche del 23 de octubre del 2020 y desde entonces ya no s\u00e9 nada de mi hija Zayra Leticia\u201d dice su madre Luz Mar\u00eda Loyola qui\u00e9n asegura que las l\u00e1grimas ya no alcanzan para calmar la impotencia\u2026","rel":"","context":"En &quot;CINTILLO&quot;","block_context":{"text":"CINTILLO","link":"https:\/\/www.grieta.org.mx\/index.php\/category\/cintillo\/"},"img":{"alt_text":"","src":"https:\/\/i0.wp.com\/www.grieta.org.mx\/wp-content\/uploads\/2018\/03\/14524434_1106112876131411_958039263622046936_o.jpg?resize=350%2C200&ssl=1","width":350,"height":200,"srcset":"https:\/\/i0.wp.com\/www.grieta.org.mx\/wp-content\/uploads\/2018\/03\/14524434_1106112876131411_958039263622046936_o.jpg?resize=350%2C200&ssl=1 1x, https:\/\/i0.wp.com\/www.grieta.org.mx\/wp-content\/uploads\/2018\/03\/14524434_1106112876131411_958039263622046936_o.jpg?resize=525%2C300&ssl=1 1.5x, https:\/\/i0.wp.com\/www.grieta.org.mx\/wp-content\/uploads\/2018\/03\/14524434_1106112876131411_958039263622046936_o.jpg?resize=700%2C400&ssl=1 2x"},"classes":[]},{"id":56088,"url":"https:\/\/www.grieta.org.mx\/index.php\/2020\/12\/28\/a-dos-meses-de-desaparecida-familiares-y-activistas-exigen-la-aparicion-con-vida-de-zayra-oaxaca\/","url_meta":{"origin":54613,"position":2},"title":"A dos meses de desaparecida, familiares y activistas exigen la aparici\u00f3n con vida de Zayra  (Oaxaca)","author":"grieta","date":"28 diciembre, 2020","format":false,"excerpt":"Noticias \/ Citlalli Luciana. El 23 de diciembre Zayra Leticia Morales Loyola cumpli\u00f3 dos meses de haber sido desaparecida, su familia, amistades y organizaciones feministas contin\u00faan el rastreo apoyadas en redes sociales bajo el hastag Te Seguimos buscando. \u201cHace dos meses, aproximadamente a estas horas te desaparecieron prima #Zayra, te\u2026","rel":"","context":"En &quot;CINTILLO&quot;","block_context":{"text":"CINTILLO","link":"https:\/\/www.grieta.org.mx\/index.php\/category\/cintillo\/"},"img":{"alt_text":"","src":"https:\/\/i0.wp.com\/www.grieta.org.mx\/wp-content\/uploads\/2021\/01\/Z.jpg?resize=350%2C200&ssl=1","width":350,"height":200,"srcset":"https:\/\/i0.wp.com\/www.grieta.org.mx\/wp-content\/uploads\/2021\/01\/Z.jpg?resize=350%2C200&ssl=1 1x, https:\/\/i0.wp.com\/www.grieta.org.mx\/wp-content\/uploads\/2021\/01\/Z.jpg?resize=525%2C300&ssl=1 1.5x, https:\/\/i0.wp.com\/www.grieta.org.mx\/wp-content\/uploads\/2021\/01\/Z.jpg?resize=700%2C400&ssl=1 2x, https:\/\/i0.wp.com\/www.grieta.org.mx\/wp-content\/uploads\/2021\/01\/Z.jpg?resize=1050%2C600&ssl=1 3x"},"classes":[]},{"id":63820,"url":"https:\/\/www.grieta.org.mx\/index.php\/2022\/03\/21\/temo-por-mi-vida-dice-madre-de-zayra-tras-liberacion-de-sospechosos-oaxaca\/","url_meta":{"origin":54613,"position":3},"title":"\u201cTemo por mi vida\u201d, dice madre de Zayra tras liberaci\u00f3n de sospechosos (Oaxaca)","author":"grieta","date":"21 marzo, 2022","format":false,"excerpt":"Noticias \/ Citlalli L\u00f3pez Vel\u00e1zquez. Luego de se\u00f1alar que su vida y la de sus nietos corre peligro tras la liberaci\u00f3n de tres personas indiciadas con la desaparici\u00f3n de Zayra Morales Loyola cometida en Xochixtlalpilco, Huajuapan de Le\u00f3n en 2020, Leticia Loyola, madre de la joven, pidi\u00f3 al Fiscal, Arturo\u2026","rel":"","context":"En &quot;CINTILLO&quot;","block_context":{"text":"CINTILLO","link":"https:\/\/www.grieta.org.mx\/index.php\/category\/cintillo\/"},"img":{"alt_text":"","src":"https:\/\/i0.wp.com\/www.grieta.org.mx\/wp-content\/uploads\/2018\/03\/14524434_1106112876131411_958039263622046936_o.jpg?resize=350%2C200&ssl=1","width":350,"height":200,"srcset":"https:\/\/i0.wp.com\/www.grieta.org.mx\/wp-content\/uploads\/2018\/03\/14524434_1106112876131411_958039263622046936_o.jpg?resize=350%2C200&ssl=1 1x, https:\/\/i0.wp.com\/www.grieta.org.mx\/wp-content\/uploads\/2018\/03\/14524434_1106112876131411_958039263622046936_o.jpg?resize=525%2C300&ssl=1 1.5x, https:\/\/i0.wp.com\/www.grieta.org.mx\/wp-content\/uploads\/2018\/03\/14524434_1106112876131411_958039263622046936_o.jpg?resize=700%2C400&ssl=1 2x"},"classes":[]},{"id":55671,"url":"https:\/\/www.grieta.org.mx\/index.php\/2020\/11\/23\/se-cumple-un-mes-de-la-desaparicion-de-zayra-morales-en-oaxaca\/","url_meta":{"origin":54613,"position":4},"title":"Se cumple un mes de la desaparici\u00f3n de Zayra Morales en Oaxaca","author":"grieta","date":"23 noviembre, 2020","format":false,"excerpt":"Noticias \/ Citlalli Luciana. Exige Gesmujer claridad en protocolos de b\u00fasqueda La Fiscal\u00eda de Oaxaca contin\u00faa sin tener datos que lleven a la localizaci\u00f3n de Zayra Morales Loyola. Al cumplirse este d\u00eda un mes de la desaparici\u00f3n de Zayra Morales Loyola, el Grupo de Estudios Sobre la Mujer Rosario Castellanos\u2026","rel":"","context":"En &quot;CINTILLO&quot;","block_context":{"text":"CINTILLO","link":"https:\/\/www.grieta.org.mx\/index.php\/category\/cintillo\/"},"img":{"alt_text":"","src":"https:\/\/i0.wp.com\/www.grieta.org.mx\/wp-content\/uploads\/2020\/12\/A-2.jpg?resize=350%2C200&ssl=1","width":350,"height":200,"srcset":"https:\/\/i0.wp.com\/www.grieta.org.mx\/wp-content\/uploads\/2020\/12\/A-2.jpg?resize=350%2C200&ssl=1 1x, https:\/\/i0.wp.com\/www.grieta.org.mx\/wp-content\/uploads\/2020\/12\/A-2.jpg?resize=525%2C300&ssl=1 1.5x, https:\/\/i0.wp.com\/www.grieta.org.mx\/wp-content\/uploads\/2020\/12\/A-2.jpg?resize=700%2C400&ssl=1 2x, https:\/\/i0.wp.com\/www.grieta.org.mx\/wp-content\/uploads\/2020\/12\/A-2.jpg?resize=1050%2C600&ssl=1 3x"},"classes":[]},{"id":62461,"url":"https:\/\/www.grieta.org.mx\/index.php\/2021\/10\/26\/a-un-ano-de-su-desaparicion-sin-rastro-de-zayra-leticia-oaxaca\/","url_meta":{"origin":54613,"position":5},"title":"A un a\u00f1o de su desaparici\u00f3n, sin rastro de Zayra Leticia (Oaxaca)","author":"grieta","date":"26 octubre, 2021","format":false,"excerpt":"P\u00e1gina 3 \/ Nathalie G\u00f3mez Huajuapan de Le\u00f3n, Oax.(pagina3.mx).-Sali\u00f3 el 23 de octubre de 2020 a cancelar una cena a unos metros de su casa, pero no volvi\u00f3. A un a\u00f1o de su desaparici\u00f3n, de Sayra Leticia Morales Loyola no se tiene ning\u00fan rastro. Luz Mar\u00eda Leticia Loyola L\u00f3pez, madre\u2026","rel":"","context":"En &quot;CINTILLO&quot;","block_context":{"text":"CINTILLO","link":"https:\/\/www.grieta.org.mx\/index.php\/category\/cintillo\/"},"img":{"alt_text":"","src":"https:\/\/i0.wp.com\/www.grieta.org.mx\/wp-content\/uploads\/2021\/10\/1.png?resize=350%2C200&ssl=1","width":350,"height":200,"srcset":"https:\/\/i0.wp.com\/www.grieta.org.mx\/wp-content\/uploads\/2021\/10\/1.png?resize=350%2C200&ssl=1 1x, https:\/\/i0.wp.com\/www.grieta.org.mx\/wp-content\/uploads\/2021\/10\/1.png?resize=525%2C300&ssl=1 1.5x, https:\/\/i0.wp.com\/www.grieta.org.mx\/wp-content\/uploads\/2021\/10\/1.png?resize=700%2C400&ssl=1 2x"},"classes":[]}],"_links":{"self":[{"href":"https:\/\/www.grieta.org.mx\/index.php\/wp-json\/wp\/v2\/posts\/54613","targetHints":{"allow":["GET"]}}],"collection":[{"href":"https:\/\/www.grieta.org.mx\/index.php\/wp-json\/wp\/v2\/posts"}],"about":[{"href":"https:\/\/www.grieta.org.mx\/index.php\/wp-json\/wp\/v2\/types\/post"}],"author":[{"embeddable":true,"href":"https:\/\/www.grieta.org.mx\/index.php\/wp-json\/wp\/v2\/users\/2"}],"replies":[{"embeddable":true,"href":"https:\/\/www.grieta.org.mx\/index.php\/wp-json\/wp\/v2\/comments?post=54613"}],"version-history":[{"count":1,"href":"https:\/\/www.grieta.org.mx\/index.php\/wp-json\/wp\/v2\/posts\/54613\/revisions"}],"predecessor-version":[{"id":54620,"href":"https:\/\/www.grieta.org.mx\/index.php\/wp-json\/wp\/v2\/posts\/54613\/revisions\/54620"}],"wp:featuredmedia":[{"embeddable":true,"href":"https:\/\/www.grieta.org.mx\/index.php\/wp-json\/wp\/v2\/media\/54615"}],"wp:attachment":[{"href":"https:\/\/www.grieta.org.mx\/index.php\/wp-json\/wp\/v2\/media?parent=54613"}],"wp:term":[{"taxonomy":"category","embeddable":true,"href":"https:\/\/www.grieta.org.mx\/index.php\/wp-json\/wp\/v2\/categories?post=54613"},{"taxonomy":"post_tag","embeddable":true,"href":"https:\/\/www.grieta.org.mx\/index.php\/wp-json\/wp\/v2\/tags?post=54613"}],"curies":[{"name":"wp","href":"https:\/\/api.w.org\/{rel}","templated":true}]}}