{"id":54572,"date":"2020-10-28T08:55:03","date_gmt":"2020-10-28T14:55:03","guid":{"rendered":"http:\/\/www.grieta.org.mx\/?p=54572"},"modified":"2020-10-28T16:00:19","modified_gmt":"2020-10-28T22:00:19","slug":"ya-son-63-defunciones-por-covid-19-en-oaxaca-que-no-reportan-los-sso","status":"publish","type":"post","link":"https:\/\/www.grieta.org.mx\/index.php\/2020\/10\/28\/ya-son-63-defunciones-por-covid-19-en-oaxaca-que-no-reportan-los-sso\/","title":{"rendered":"Ya son 63 defunciones por COVID-19 en Oaxaca que no reportan los SSO"},"content":{"rendered":"<p>Noticias \/ Iv\u00e1n Amancio<\/p>\n<p>Ya son 63 defunciones por COVID-19 en Oaxaca que no reportan los SSO<br \/>\nSe cumplen 10 jornadas con desfase de cifras.<\/p>\n<p><img loading=\"lazy\" decoding=\"async\" data-attachment-id=\"54573\" data-permalink=\"https:\/\/www.grieta.org.mx\/index.php\/2020\/10\/28\/ya-son-63-defunciones-por-covid-19-en-oaxaca-que-no-reportan-los-sso\/a-57\/\" data-orig-file=\"https:\/\/www.grieta.org.mx\/wp-content\/uploads\/2020\/10\/A-3.jpg\" data-orig-size=\"1144,645\" data-comments-opened=\"0\" data-image-meta=\"{&quot;aperture&quot;:&quot;0&quot;,&quot;credit&quot;:&quot;&quot;,&quot;camera&quot;:&quot;&quot;,&quot;caption&quot;:&quot;&quot;,&quot;created_timestamp&quot;:&quot;0&quot;,&quot;copyright&quot;:&quot;&quot;,&quot;focal_length&quot;:&quot;0&quot;,&quot;iso&quot;:&quot;0&quot;,&quot;shutter_speed&quot;:&quot;0&quot;,&quot;title&quot;:&quot;&quot;,&quot;orientation&quot;:&quot;0&quot;}\" data-image-title=\"A\" data-image-description=\"\" data-image-caption=\"\" data-medium-file=\"https:\/\/www.grieta.org.mx\/wp-content\/uploads\/2020\/10\/A-3-300x169.jpg\" data-large-file=\"https:\/\/www.grieta.org.mx\/wp-content\/uploads\/2020\/10\/A-3-1024x577.jpg\" class=\"alignnone wp-image-54573\" src=\"http:\/\/www.grieta.org.mx\/wp-content\/uploads\/2020\/10\/A-3.jpg\" alt=\"\" width=\"800\" height=\"451\" srcset=\"https:\/\/www.grieta.org.mx\/wp-content\/uploads\/2020\/10\/A-3.jpg 1144w, https:\/\/www.grieta.org.mx\/wp-content\/uploads\/2020\/10\/A-3-300x169.jpg 300w, https:\/\/www.grieta.org.mx\/wp-content\/uploads\/2020\/10\/A-3-1024x577.jpg 1024w, https:\/\/www.grieta.org.mx\/wp-content\/uploads\/2020\/10\/A-3-768x433.jpg 768w, https:\/\/www.grieta.org.mx\/wp-content\/uploads\/2020\/10\/A-3-887x500.jpg 887w\" sizes=\"auto, (max-width: 800px) 100vw, 800px\" \/>Se cumplen 10 jornadas de desfase en el registro de m\u00e1s de 60 muertes por COVID-19 en Oaxaca, entre los registros presentados por los Servicios de Salud de Oaxaca (SSO) y los datos oficiales de la Secretar\u00eda de Salud federal (SSa).<\/p>\n<p>Mientras que los SSO reportaron un incremento de 1,613 a 1,619 defunciones por la pandemia en Oaxaca, las fuentes informativas federales reportaron un incremento de 1,675 a 1,682 v\u00edctimas mortales en la entidad.<\/p>\n<p><img loading=\"lazy\" decoding=\"async\" data-attachment-id=\"54574\" data-permalink=\"https:\/\/www.grieta.org.mx\/index.php\/2020\/10\/28\/ya-son-63-defunciones-por-covid-19-en-oaxaca-que-no-reportan-los-sso\/b-24\/\" data-orig-file=\"https:\/\/www.grieta.org.mx\/wp-content\/uploads\/2020\/10\/B-1.jpg\" data-orig-size=\"1280,720\" data-comments-opened=\"0\" data-image-meta=\"{&quot;aperture&quot;:&quot;0&quot;,&quot;credit&quot;:&quot;&quot;,&quot;camera&quot;:&quot;&quot;,&quot;caption&quot;:&quot;&quot;,&quot;created_timestamp&quot;:&quot;0&quot;,&quot;copyright&quot;:&quot;&quot;,&quot;focal_length&quot;:&quot;0&quot;,&quot;iso&quot;:&quot;0&quot;,&quot;shutter_speed&quot;:&quot;0&quot;,&quot;title&quot;:&quot;&quot;,&quot;orientation&quot;:&quot;0&quot;}\" data-image-title=\"B\" data-image-description=\"\" data-image-caption=\"\" data-medium-file=\"https:\/\/www.grieta.org.mx\/wp-content\/uploads\/2020\/10\/B-1-300x169.jpg\" data-large-file=\"https:\/\/www.grieta.org.mx\/wp-content\/uploads\/2020\/10\/B-1-1024x576.jpg\" class=\"alignnone wp-image-54574\" src=\"http:\/\/www.grieta.org.mx\/wp-content\/uploads\/2020\/10\/B-1.jpg\" alt=\"\" width=\"800\" height=\"450\" srcset=\"https:\/\/www.grieta.org.mx\/wp-content\/uploads\/2020\/10\/B-1.jpg 1280w, https:\/\/www.grieta.org.mx\/wp-content\/uploads\/2020\/10\/B-1-300x169.jpg 300w, https:\/\/www.grieta.org.mx\/wp-content\/uploads\/2020\/10\/B-1-1024x576.jpg 1024w, https:\/\/www.grieta.org.mx\/wp-content\/uploads\/2020\/10\/B-1-768x432.jpg 768w, https:\/\/www.grieta.org.mx\/wp-content\/uploads\/2020\/10\/B-1-889x500.jpg 889w\" sizes=\"auto, (max-width: 800px) 100vw, 800px\" \/><br \/>\nDesfase en aumento.<\/p>\n<p>NOTICIAS Voz e Imagen ha informado a trav\u00e9s de su servicio gratuito de difusi\u00f3n informativa por Whatsapp sobre las defunciones que no han sido ingresadas a los registros estatales.<\/p>\n<p>Entre el 18 y 22 de octubre, se mantuvo una diferencia de 61 defunciones que no fueron reportadas por los Servicios de Salud de la entidad y s\u00ed aparec\u00edan en la contabilizaci\u00f3n oficial de la gr\u00e1fica abierta de la Direcci\u00f3n General de Epidemiolog\u00eda, perteneciente a la Secretar\u00eda de Salud federal.<\/p>\n<p>Durante cuatro jornadas siguientes, del 23 al 26 de octubre, el desfase fue de 62 defunciones. Sin embargo, creci\u00f3 a 63 v\u00edctimas mortales la noche del 27 de octubre.<\/p>\n<p><img loading=\"lazy\" decoding=\"async\" data-attachment-id=\"54575\" data-permalink=\"https:\/\/www.grieta.org.mx\/index.php\/2020\/10\/28\/ya-son-63-defunciones-por-covid-19-en-oaxaca-que-no-reportan-los-sso\/c-18\/\" data-orig-file=\"https:\/\/www.grieta.org.mx\/wp-content\/uploads\/2020\/10\/C-1.jpg\" data-orig-size=\"1280,639\" data-comments-opened=\"0\" data-image-meta=\"{&quot;aperture&quot;:&quot;0&quot;,&quot;credit&quot;:&quot;&quot;,&quot;camera&quot;:&quot;&quot;,&quot;caption&quot;:&quot;&quot;,&quot;created_timestamp&quot;:&quot;0&quot;,&quot;copyright&quot;:&quot;&quot;,&quot;focal_length&quot;:&quot;0&quot;,&quot;iso&quot;:&quot;0&quot;,&quot;shutter_speed&quot;:&quot;0&quot;,&quot;title&quot;:&quot;&quot;,&quot;orientation&quot;:&quot;0&quot;}\" data-image-title=\"C\" data-image-description=\"\" data-image-caption=\"\" data-medium-file=\"https:\/\/www.grieta.org.mx\/wp-content\/uploads\/2020\/10\/C-1-300x150.jpg\" data-large-file=\"https:\/\/www.grieta.org.mx\/wp-content\/uploads\/2020\/10\/C-1-1024x511.jpg\" class=\"alignnone wp-image-54575\" src=\"http:\/\/www.grieta.org.mx\/wp-content\/uploads\/2020\/10\/C-1.jpg\" alt=\"\" width=\"800\" height=\"399\" srcset=\"https:\/\/www.grieta.org.mx\/wp-content\/uploads\/2020\/10\/C-1.jpg 1280w, https:\/\/www.grieta.org.mx\/wp-content\/uploads\/2020\/10\/C-1-300x150.jpg 300w, https:\/\/www.grieta.org.mx\/wp-content\/uploads\/2020\/10\/C-1-1024x511.jpg 1024w, https:\/\/www.grieta.org.mx\/wp-content\/uploads\/2020\/10\/C-1-768x383.jpg 768w, https:\/\/www.grieta.org.mx\/wp-content\/uploads\/2020\/10\/C-1-1002x500.jpg 1002w\" sizes=\"auto, (max-width: 800px) 100vw, 800px\" \/><\/p>\n<p>133 nuevos contagios<\/p>\n<p>Oaxaca alcanz\u00f3 un acumulado de 20 mil 720 casos confirmados por COVID-19 este 27 de octubre; 133 nuevos casos con respecto a la jornada anterior. De acuerdo con los SSO, en dicha cuenta se incluyen 18 mil 567 pacientes que se han recuperado de la enfermedad.<\/p>\n<p>SSO: Valles Centrales<\/p>\n<p>De acuerdo con los n\u00fameros presentados por los SSO, se report\u00f3 en la Jurisdicci\u00f3n Sanitaria No. 1 (Valles Centrales) pas\u00f3 de 803 a 806 v\u00edctimas mortales acumuladas.<\/p>\n<p>Oaxaca de Ju\u00e1rez alcanz\u00f3 322 defunciones, y este mi\u00e9rcoles tuvo un incremento de 30 nuevos casos confirmados en 24 horas.<\/p>\n<p>SSO: Otras Jurisdicciones<\/p>\n<p>Por otra parte, la Jurisdicci\u00f3n del Istmo report\u00f3 un acumulado 296 v\u00edctimas mortales; Tuxtepec mantuvo registros por 248 defunciones; la Costa registr\u00f3 90 v\u00edctimas mortales; la Mixteca report\u00f3 125 v\u00edctimas y la Sierra mantuvo 54 defunciones.<\/p>\n<p>643 nuevas v\u00edctimas en M\u00e9xico<\/p>\n<p>Por otra parte, la Secretar\u00eda de Salud federal dio a conocer que M\u00e9xico alcanz\u00f3 el registro de 89 mil 814 defunciones y acumula 901 mil 268 casos confirmados por COVID-19, de los cuales 29 mil 445 contagios siguen en calidad de activos.<\/p>\n<p>Estas cifras dan cuenta de un incremento por 643 defunciones y 5 mil 942 contagios confirmados durante las 24 horas transcurridas desde el corte anterior.<\/p>\n<p><a href=\"https:\/\/www.nvinoticias.com\/nota\/164729\/ya-son-63-defunciones-por-covid-19-en-oaxaca-que-no-reportan-los-sso\" target=\"_blank\" rel=\"noopener noreferrer\">https:\/\/www.nvinoticias.com\/nota\/164729\/ya-son-63-defunciones-por-covid-19-en-oaxaca-que-no-reportan-los-sso<\/a><\/p>\n","protected":false},"excerpt":{"rendered":"<p>Noticias \/ Iv\u00e1n Amancio Ya son 63 defunciones por COVID-19 en Oaxaca que no reportan los SSO Se cumplen 10 jornadas con desfase de cifras. Se cumplen 10 jornadas de &hellip; <a href=\"https:\/\/www.grieta.org.mx\/index.php\/2020\/10\/28\/ya-son-63-defunciones-por-covid-19-en-oaxaca-que-no-reportan-los-sso\/\" class=\"more-link\">Leer m\u00e1s<\/a><\/p>\n","protected":false},"author":2,"featured_media":54573,"comment_status":"closed","ping_status":"closed","sticky":false,"template":"","format":"standard","meta":{"ngg_post_thumbnail":0,"_jetpack_newsletter_access":"","_jetpack_dont_email_post_to_subs":false,"_jetpack_newsletter_tier_id":0,"_jetpack_memberships_contains_paywalled_content":false,"_jetpack_memberships_contains_paid_content":false,"footnotes":""},"categories":[80,3262,2,25],"tags":[],"class_list":["post-54572","post","type-post","status-publish","format-standard","has-post-thumbnail","hentry","category-cintillo","category-crisis-covid-19-en-oaxaca","category-noticias-nacionales","category-oaxaca","entry"],"jetpack_featured_media_url":"https:\/\/www.grieta.org.mx\/wp-content\/uploads\/2020\/10\/A-3.jpg","jetpack_sharing_enabled":true,"jetpack_shortlink":"https:\/\/wp.me\/p7ZJR4-ecc","jetpack_likes_enabled":false,"jetpack-related-posts":[{"id":52621,"url":"https:\/\/www.grieta.org.mx\/index.php\/2020\/08\/11\/brote-de-covid-19-en-hospital-civil-9-recien-nacidos-contagiados-sso-oaxaca\/","url_meta":{"origin":54572,"position":0},"title":"Brote de Covid-19 en Hospital Civil; 9 reci\u00e9n nacidos contagiados: SSO (Oaxaca)","author":"grieta","date":"11 agosto, 2020","format":false,"excerpt":"P\u00e1gina 3 \/ Pedro Mat\u00edas OAXACA, Oax.- Los Servicios de Salud de Oaxaca activaron el protocolo de bioseguridad en el \u00e1rea de Pediatr\u00eda del Hospital Civil \u201cAurelio Valdivieso\u201d al confirmar que nueve menores de edad dieron positivo a la prueba de covid-19. El encargado del hospital, Manuel S\u00e1nchez S\u00e1nchez, detall\u00f3\u2026","rel":"","context":"En &quot;CINTILLO&quot;","block_context":{"text":"CINTILLO","link":"https:\/\/www.grieta.org.mx\/index.php\/category\/cintillo\/"},"img":{"alt_text":"","src":"https:\/\/i0.wp.com\/www.grieta.org.mx\/wp-content\/uploads\/2020\/08\/1-2.jpg?resize=350%2C200&ssl=1","width":350,"height":200,"srcset":"https:\/\/i0.wp.com\/www.grieta.org.mx\/wp-content\/uploads\/2020\/08\/1-2.jpg?resize=350%2C200&ssl=1 1x, https:\/\/i0.wp.com\/www.grieta.org.mx\/wp-content\/uploads\/2020\/08\/1-2.jpg?resize=525%2C300&ssl=1 1.5x, https:\/\/i0.wp.com\/www.grieta.org.mx\/wp-content\/uploads\/2020\/08\/1-2.jpg?resize=700%2C400&ssl=1 2x, https:\/\/i0.wp.com\/www.grieta.org.mx\/wp-content\/uploads\/2020\/08\/1-2.jpg?resize=1050%2C600&ssl=1 3x"},"classes":[]},{"id":56379,"url":"https:\/\/www.grieta.org.mx\/index.php\/2021\/01\/22\/incontenibles-los-casos-de-covid19-20-hospitales-colapsados-y-solo-quedan-254-camas-disponibles-oaxaca\/","url_meta":{"origin":54572,"position":1},"title":"Incontenibles los casos de covid19; 20 hospitales colapsados y solo quedan 254 camas disponibles (Oaxaca)","author":"grieta","date":"22 enero, 2021","format":false,"excerpt":"P\u00e1gina 3 \/ Pedro Mat\u00edas. OAXACA, Oax.- Los Servicios de Salud de Oaxaca confirmaron que 20 hospitales de los 26 que forman la red de hospitales covid19 se encuentran colapsados al 100% de su capacidad, lo que significa una ocupaci\u00f3n de camas del 62.3%. El jefe de la Unidad de\u2026","rel":"","context":"En &quot;CINTILLO&quot;","block_context":{"text":"CINTILLO","link":"https:\/\/www.grieta.org.mx\/index.php\/category\/cintillo\/"},"img":{"alt_text":"","src":"https:\/\/i0.wp.com\/www.grieta.org.mx\/wp-content\/uploads\/2021\/01\/A-2.jpg?resize=350%2C200&ssl=1","width":350,"height":200,"srcset":"https:\/\/i0.wp.com\/www.grieta.org.mx\/wp-content\/uploads\/2021\/01\/A-2.jpg?resize=350%2C200&ssl=1 1x, https:\/\/i0.wp.com\/www.grieta.org.mx\/wp-content\/uploads\/2021\/01\/A-2.jpg?resize=525%2C300&ssl=1 1.5x, https:\/\/i0.wp.com\/www.grieta.org.mx\/wp-content\/uploads\/2021\/01\/A-2.jpg?resize=700%2C400&ssl=1 2x, https:\/\/i0.wp.com\/www.grieta.org.mx\/wp-content\/uploads\/2021\/01\/A-2.jpg?resize=1050%2C600&ssl=1 3x"},"classes":[]},{"id":49278,"url":"https:\/\/www.grieta.org.mx\/index.php\/2020\/05\/15\/hay-60-trabajadores-de-salud-en-oaxaca-con-covid-19\/","url_meta":{"origin":54572,"position":2},"title":"Hay 60 trabajadores de Salud en Oaxaca con COVID-19","author":"grieta","date":"15 mayo, 2020","format":false,"excerpt":"Noticias \/ Nadia Altamirano. Hay nueve trabajadores del Hospital B\u00e1sico Comunitario de 12 camas de Tamazulapam del Esp\u00edritu Santo, contagiados. De los 329 casos de COVID-19 confirmados en Oaxaca, el 18% corresponde a personal de la salud, en los que se incluyen dos defunciones y nueve trabajadores del Hospital B\u00e1sico\u2026","rel":"","context":"En &quot;CINTILLO&quot;","block_context":{"text":"CINTILLO","link":"https:\/\/www.grieta.org.mx\/index.php\/category\/cintillo\/"},"img":{"alt_text":"","src":"https:\/\/i0.wp.com\/www.grieta.org.mx\/wp-content\/uploads\/2018\/03\/14524434_1106112876131411_958039263622046936_o.jpg?resize=350%2C200&ssl=1","width":350,"height":200,"srcset":"https:\/\/i0.wp.com\/www.grieta.org.mx\/wp-content\/uploads\/2018\/03\/14524434_1106112876131411_958039263622046936_o.jpg?resize=350%2C200&ssl=1 1x, https:\/\/i0.wp.com\/www.grieta.org.mx\/wp-content\/uploads\/2018\/03\/14524434_1106112876131411_958039263622046936_o.jpg?resize=525%2C300&ssl=1 1.5x, https:\/\/i0.wp.com\/www.grieta.org.mx\/wp-content\/uploads\/2018\/03\/14524434_1106112876131411_958039263622046936_o.jpg?resize=700%2C400&ssl=1 2x"},"classes":[]},{"id":26563,"url":"https:\/\/www.grieta.org.mx\/index.php\/2018\/08\/24\/persiste-muerte-materna-en-oaxaca-15-defunciones-en-2018\/","url_meta":{"origin":54572,"position":3},"title":"Persiste muerte materna en Oaxaca; 15 defunciones en 2018","author":"grieta","date":"24 agosto, 2018","format":false,"excerpt":"Noticias. Nadia Altamirano, La mayor\u00eda de muertes maternas en Oaxaca se pudieron prevenir. De las 410 muertes maternas en el pa\u00eds en lo que va del a\u00f1o, el 3.6%, es decir 15, ha ocurrido en Oaxaca. La cifra del Observatorio de Mortalidad Materna en M\u00e9xico, reporta que hasta la semana\u2026","rel":"","context":"En &quot;CINTILLO&quot;","block_context":{"text":"CINTILLO","link":"https:\/\/www.grieta.org.mx\/index.php\/category\/cintillo\/"},"img":{"alt_text":"","src":"https:\/\/i0.wp.com\/www.grieta.org.mx\/wp-content\/uploads\/2018\/09\/image_6_276.jpg?resize=350%2C200&ssl=1","width":350,"height":200,"srcset":"https:\/\/i0.wp.com\/www.grieta.org.mx\/wp-content\/uploads\/2018\/09\/image_6_276.jpg?resize=350%2C200&ssl=1 1x, https:\/\/i0.wp.com\/www.grieta.org.mx\/wp-content\/uploads\/2018\/09\/image_6_276.jpg?resize=525%2C300&ssl=1 1.5x, https:\/\/i0.wp.com\/www.grieta.org.mx\/wp-content\/uploads\/2018\/09\/image_6_276.jpg?resize=700%2C400&ssl=1 2x, https:\/\/i0.wp.com\/www.grieta.org.mx\/wp-content\/uploads\/2018\/09\/image_6_276.jpg?resize=1050%2C600&ssl=1 3x"},"classes":[]},{"id":49588,"url":"https:\/\/www.grieta.org.mx\/index.php\/2020\/05\/18\/entre-personal-medico-suman-113-casos-de-contagiados-por-covid-19-donato-casas-oaxaca\/","url_meta":{"origin":54572,"position":4},"title":"Entre personal m\u00e9dico suman 113 casos de contagiados por Covid-19: Donato Casas  (Oaxaca)","author":"grieta","date":"18 mayo, 2020","format":false,"excerpt":"P\u00e1gina 3 \/ Pedro Mat\u00edas. *Al estar contagiado el personal m\u00e9dico se limita la atenci\u00f3n en el sector hospitalario. Pedro MAT\u00cdAS OAXACA, Oax.- El secretario de Salud de Oaxaca (SSO), Donato Casas Escamilla, reconoci\u00f3 que el personal m\u00e9dico ha sido afectado por Covid-19 al contabilizar con por lo menos 113\u2026","rel":"","context":"En &quot;CINTILLO&quot;","block_context":{"text":"CINTILLO","link":"https:\/\/www.grieta.org.mx\/index.php\/category\/cintillo\/"},"img":{"alt_text":"","src":"https:\/\/i0.wp.com\/www.grieta.org.mx\/wp-content\/uploads\/2020\/05\/777.jpg?resize=350%2C200&ssl=1","width":350,"height":200,"srcset":"https:\/\/i0.wp.com\/www.grieta.org.mx\/wp-content\/uploads\/2020\/05\/777.jpg?resize=350%2C200&ssl=1 1x, https:\/\/i0.wp.com\/www.grieta.org.mx\/wp-content\/uploads\/2020\/05\/777.jpg?resize=525%2C300&ssl=1 1.5x, https:\/\/i0.wp.com\/www.grieta.org.mx\/wp-content\/uploads\/2020\/05\/777.jpg?resize=700%2C400&ssl=1 2x"},"classes":[]},{"id":49885,"url":"https:\/\/www.grieta.org.mx\/index.php\/2020\/05\/26\/dos-hospitales-de-oaxaca-saturados-con-pacientes-covid-19\/","url_meta":{"origin":54572,"position":5},"title":"Dos hospitales de Oaxaca saturados con pacientes COVID-19","author":"grieta","date":"26 mayo, 2020","format":false,"excerpt":"P\u00e1gina 3 \/ Jaime Guerrero *Aplican campa\u00f1a \u201c\u00a1Alerta! Zona de alto contagio\u201d, en sitios p\u00fablicos. Jaime GUERRERO Los Servicios de Salud de Oaxaca reportaron que de acuerdo con el informe del nivel de disponibilidad de camas para atender pacientes COVID-19, dos hospitales est\u00e1n al 100 por ciento de su capacidad.\u2026","rel":"","context":"En &quot;CINTILLO&quot;","block_context":{"text":"CINTILLO","link":"https:\/\/www.grieta.org.mx\/index.php\/category\/cintillo\/"},"img":{"alt_text":"","src":"https:\/\/i0.wp.com\/www.grieta.org.mx\/wp-content\/uploads\/2020\/05\/Zona-de-alto-contagio.jpg?resize=350%2C200&ssl=1","width":350,"height":200,"srcset":"https:\/\/i0.wp.com\/www.grieta.org.mx\/wp-content\/uploads\/2020\/05\/Zona-de-alto-contagio.jpg?resize=350%2C200&ssl=1 1x, https:\/\/i0.wp.com\/www.grieta.org.mx\/wp-content\/uploads\/2020\/05\/Zona-de-alto-contagio.jpg?resize=525%2C300&ssl=1 1.5x, https:\/\/i0.wp.com\/www.grieta.org.mx\/wp-content\/uploads\/2020\/05\/Zona-de-alto-contagio.jpg?resize=700%2C400&ssl=1 2x"},"classes":[]}],"_links":{"self":[{"href":"https:\/\/www.grieta.org.mx\/index.php\/wp-json\/wp\/v2\/posts\/54572","targetHints":{"allow":["GET"]}}],"collection":[{"href":"https:\/\/www.grieta.org.mx\/index.php\/wp-json\/wp\/v2\/posts"}],"about":[{"href":"https:\/\/www.grieta.org.mx\/index.php\/wp-json\/wp\/v2\/types\/post"}],"author":[{"embeddable":true,"href":"https:\/\/www.grieta.org.mx\/index.php\/wp-json\/wp\/v2\/users\/2"}],"replies":[{"embeddable":true,"href":"https:\/\/www.grieta.org.mx\/index.php\/wp-json\/wp\/v2\/comments?post=54572"}],"version-history":[{"count":1,"href":"https:\/\/www.grieta.org.mx\/index.php\/wp-json\/wp\/v2\/posts\/54572\/revisions"}],"predecessor-version":[{"id":54576,"href":"https:\/\/www.grieta.org.mx\/index.php\/wp-json\/wp\/v2\/posts\/54572\/revisions\/54576"}],"wp:featuredmedia":[{"embeddable":true,"href":"https:\/\/www.grieta.org.mx\/index.php\/wp-json\/wp\/v2\/media\/54573"}],"wp:attachment":[{"href":"https:\/\/www.grieta.org.mx\/index.php\/wp-json\/wp\/v2\/media?parent=54572"}],"wp:term":[{"taxonomy":"category","embeddable":true,"href":"https:\/\/www.grieta.org.mx\/index.php\/wp-json\/wp\/v2\/categories?post=54572"},{"taxonomy":"post_tag","embeddable":true,"href":"https:\/\/www.grieta.org.mx\/index.php\/wp-json\/wp\/v2\/tags?post=54572"}],"curies":[{"name":"wp","href":"https:\/\/api.w.org\/{rel}","templated":true}]}}