{"id":54528,"date":"2020-10-24T01:43:58","date_gmt":"2020-10-24T06:43:58","guid":{"rendered":"http:\/\/www.grieta.org.mx\/?p=54528"},"modified":"2020-10-27T01:56:07","modified_gmt":"2020-10-27T07:56:07","slug":"donde-estan-el-mural-de-impunidad-en-nezahualcoyotl-estado-de-mexico","status":"publish","type":"post","link":"https:\/\/www.grieta.org.mx\/index.php\/2020\/10\/24\/donde-estan-el-mural-de-impunidad-en-nezahualcoyotl-estado-de-mexico\/","title":{"rendered":"\u00bfD\u00d3NDE EST\u00c1N?: EL MURAL DE IMPUNIDAD EN NEZAHUALC\u00d3YOTL (Estado de M\u00e9xico)"},"content":{"rendered":"<p><img loading=\"lazy\" decoding=\"async\" data-attachment-id=\"54529\" data-permalink=\"https:\/\/www.grieta.org.mx\/index.php\/2020\/10\/24\/donde-estan-el-mural-de-impunidad-en-nezahualcoyotl-estado-de-mexico\/whatsapp-image-2020-10-24-at-4-24-56-pm\/\" data-orig-file=\"https:\/\/www.grieta.org.mx\/wp-content\/uploads\/2020\/10\/WhatsApp-Image-2020-10-24-at-4.24.56-PM.jpeg\" data-orig-size=\"1040,640\" data-comments-opened=\"0\" data-image-meta=\"{&quot;aperture&quot;:&quot;0&quot;,&quot;credit&quot;:&quot;&quot;,&quot;camera&quot;:&quot;&quot;,&quot;caption&quot;:&quot;&quot;,&quot;created_timestamp&quot;:&quot;0&quot;,&quot;copyright&quot;:&quot;&quot;,&quot;focal_length&quot;:&quot;0&quot;,&quot;iso&quot;:&quot;0&quot;,&quot;shutter_speed&quot;:&quot;0&quot;,&quot;title&quot;:&quot;&quot;,&quot;orientation&quot;:&quot;0&quot;}\" data-image-title=\"WhatsApp-Image-2020-10-24-at-4.24.56-PM\" data-image-description=\"\" data-image-caption=\"\" data-medium-file=\"https:\/\/www.grieta.org.mx\/wp-content\/uploads\/2020\/10\/WhatsApp-Image-2020-10-24-at-4.24.56-PM-300x185.jpeg\" data-large-file=\"https:\/\/www.grieta.org.mx\/wp-content\/uploads\/2020\/10\/WhatsApp-Image-2020-10-24-at-4.24.56-PM-1024x630.jpeg\" class=\"alignnone  wp-image-54529\" src=\"http:\/\/www.grieta.org.mx\/wp-content\/uploads\/2020\/10\/WhatsApp-Image-2020-10-24-at-4.24.56-PM.jpeg\" alt=\"\" width=\"627\" height=\"386\" srcset=\"https:\/\/www.grieta.org.mx\/wp-content\/uploads\/2020\/10\/WhatsApp-Image-2020-10-24-at-4.24.56-PM.jpeg 1040w, https:\/\/www.grieta.org.mx\/wp-content\/uploads\/2020\/10\/WhatsApp-Image-2020-10-24-at-4.24.56-PM-300x185.jpeg 300w, https:\/\/www.grieta.org.mx\/wp-content\/uploads\/2020\/10\/WhatsApp-Image-2020-10-24-at-4.24.56-PM-1024x630.jpeg 1024w, https:\/\/www.grieta.org.mx\/wp-content\/uploads\/2020\/10\/WhatsApp-Image-2020-10-24-at-4.24.56-PM-768x473.jpeg 768w, https:\/\/www.grieta.org.mx\/wp-content\/uploads\/2020\/10\/WhatsApp-Image-2020-10-24-at-4.24.56-PM-813x500.jpeg 813w\" sizes=\"auto, (max-width: 627px) 100vw, 627px\" \/><\/p>\n<p>Texto y Fotos: Brenda Mart\u00ednez Carrera\u00a0\/ Revista Balad\u00ed<\/p>\n<p>\u201c\u00bfA d\u00f3nde vas?\u201d, \u00a0me pregunt\u00f3 mi mam\u00e1 cuando vio que me puse mi casco y mi chaleco fosforescente. \u201cS\u00f3lo voy al Palacio Municipal a hacer una entrevista\u201d, le respond\u00ed. \u201cNo me tardo\u201d.<\/p>\n<p>S\u00e9 que si le dec\u00eda que vendr\u00eda al<strong> Bordo de Xochiaca<\/strong>, el antiguo tiradero de <strong>Nezahualc\u00f3yotl<\/strong>, en la bici s\u00f3lo la preocupar\u00eda. Ese es un presentimiento que miles de madres y familiares sienten cuando una de sus hijas sale de casa en el Estado de M\u00e9xico: que al ser v\u00edctima de un delito no regrese jam\u00e1s.<\/p>\n<p>S\u00ed de por s\u00ed ser <strong>mujer<\/strong> ya es complicado, ahora ser <strong>ciclista<\/strong> en un municipio en el que no se respetan los altos, menos. Llegu\u00e9 al camell\u00f3n frente a <strong>Plaza Jard\u00edn<\/strong>, un sitio con mucho contraste: de un lado la gigantesca plaza comercial y del otro, cruzando la avenida, un terreno descuidado, seco y abandonado.<\/p>\n<p>Aqu\u00ed fue donde la <strong>Colectiva Vivas en la Memoria<\/strong> junto con familiares y otras colectivas decidieron intervenir un front\u00f3n el 21 de marzo del 2020, creando un mural con las fichas de mujeres desaparecidas tan s\u00f3lo en el municipio.<\/p>\n<p>Semanas despu\u00e9s las autoridades cercaron el lugar durante meses y ellas creyeron que hab\u00eda sido para mejorarlo. Seg\u00fan Lyn, de la colectiva, el Presidente municipal, Juan Hugo de Rosa asegur\u00f3 que ODAPAS (Organismo Descentralizado de Agua Potable, Alcantarillado y Saneamiento) mand\u00f3 a pintar el muro de blanco, mientras que un regidor orden\u00f3 poner anuncios del uso de cubrebocas a finales de agosto.<\/p>\n<p>As\u00ed que hoy ellas junto con familiares y Colectiva Moradas, Nos Queremos Vivas Neza y la Red de Mujeres del Oriente del Estado de M\u00e9xico que Luchan, vuelven a <strong>tomar simb\u00f3licamente<\/strong> las peque\u00f1as paredes para mostrar la realidad de 158 familias que buscan a sus mujeres desde 2014.<\/p>\n<p><img loading=\"lazy\" decoding=\"async\" data-attachment-id=\"54530\" data-permalink=\"https:\/\/www.grieta.org.mx\/index.php\/2020\/10\/24\/donde-estan-el-mural-de-impunidad-en-nezahualcoyotl-estado-de-mexico\/1-whatsapp-image-2020-10-24-at-12-48-43-pm1\/\" data-orig-file=\"https:\/\/www.grieta.org.mx\/wp-content\/uploads\/2020\/10\/1-WhatsApp-Image-2020-10-24-at-12.48.43-PM1.jpeg\" data-orig-size=\"1080,810\" data-comments-opened=\"0\" data-image-meta=\"{&quot;aperture&quot;:&quot;0&quot;,&quot;credit&quot;:&quot;&quot;,&quot;camera&quot;:&quot;&quot;,&quot;caption&quot;:&quot;&quot;,&quot;created_timestamp&quot;:&quot;0&quot;,&quot;copyright&quot;:&quot;&quot;,&quot;focal_length&quot;:&quot;0&quot;,&quot;iso&quot;:&quot;0&quot;,&quot;shutter_speed&quot;:&quot;0&quot;,&quot;title&quot;:&quot;&quot;,&quot;orientation&quot;:&quot;0&quot;}\" data-image-title=\"1 WhatsApp-Image-2020-10-24-at-12.48.43-PM1\" data-image-description=\"\" data-image-caption=\"\" data-medium-file=\"https:\/\/www.grieta.org.mx\/wp-content\/uploads\/2020\/10\/1-WhatsApp-Image-2020-10-24-at-12.48.43-PM1-300x225.jpeg\" data-large-file=\"https:\/\/www.grieta.org.mx\/wp-content\/uploads\/2020\/10\/1-WhatsApp-Image-2020-10-24-at-12.48.43-PM1-1024x768.jpeg\" class=\"alignnone  wp-image-54530\" src=\"http:\/\/www.grieta.org.mx\/wp-content\/uploads\/2020\/10\/1-WhatsApp-Image-2020-10-24-at-12.48.43-PM1.jpeg\" alt=\"\" width=\"631\" height=\"473\" srcset=\"https:\/\/www.grieta.org.mx\/wp-content\/uploads\/2020\/10\/1-WhatsApp-Image-2020-10-24-at-12.48.43-PM1.jpeg 1080w, https:\/\/www.grieta.org.mx\/wp-content\/uploads\/2020\/10\/1-WhatsApp-Image-2020-10-24-at-12.48.43-PM1-300x225.jpeg 300w, https:\/\/www.grieta.org.mx\/wp-content\/uploads\/2020\/10\/1-WhatsApp-Image-2020-10-24-at-12.48.43-PM1-1024x768.jpeg 1024w, https:\/\/www.grieta.org.mx\/wp-content\/uploads\/2020\/10\/1-WhatsApp-Image-2020-10-24-at-12.48.43-PM1-768x576.jpeg 768w, https:\/\/www.grieta.org.mx\/wp-content\/uploads\/2020\/10\/1-WhatsApp-Image-2020-10-24-at-12.48.43-PM1-667x500.jpeg 667w\" sizes=\"auto, (max-width: 631px) 100vw, 631px\" \/><\/p>\n<p><img loading=\"lazy\" decoding=\"async\" data-attachment-id=\"54531\" data-permalink=\"https:\/\/www.grieta.org.mx\/index.php\/2020\/10\/24\/donde-estan-el-mural-de-impunidad-en-nezahualcoyotl-estado-de-mexico\/2-whatsapp-image-2020-10-24-at-12-48-43-pm2\/\" data-orig-file=\"https:\/\/www.grieta.org.mx\/wp-content\/uploads\/2020\/10\/2-WhatsApp-Image-2020-10-24-at-12.48.43-PM2.jpeg\" data-orig-size=\"1080,810\" data-comments-opened=\"0\" data-image-meta=\"{&quot;aperture&quot;:&quot;0&quot;,&quot;credit&quot;:&quot;&quot;,&quot;camera&quot;:&quot;&quot;,&quot;caption&quot;:&quot;&quot;,&quot;created_timestamp&quot;:&quot;0&quot;,&quot;copyright&quot;:&quot;&quot;,&quot;focal_length&quot;:&quot;0&quot;,&quot;iso&quot;:&quot;0&quot;,&quot;shutter_speed&quot;:&quot;0&quot;,&quot;title&quot;:&quot;&quot;,&quot;orientation&quot;:&quot;0&quot;}\" data-image-title=\"2 WhatsApp-Image-2020-10-24-at-12.48.43-PM2\" data-image-description=\"\" data-image-caption=\"\" data-medium-file=\"https:\/\/www.grieta.org.mx\/wp-content\/uploads\/2020\/10\/2-WhatsApp-Image-2020-10-24-at-12.48.43-PM2-300x225.jpeg\" data-large-file=\"https:\/\/www.grieta.org.mx\/wp-content\/uploads\/2020\/10\/2-WhatsApp-Image-2020-10-24-at-12.48.43-PM2-1024x768.jpeg\" class=\"alignnone  wp-image-54531\" src=\"http:\/\/www.grieta.org.mx\/wp-content\/uploads\/2020\/10\/2-WhatsApp-Image-2020-10-24-at-12.48.43-PM2.jpeg\" alt=\"\" width=\"631\" height=\"473\" srcset=\"https:\/\/www.grieta.org.mx\/wp-content\/uploads\/2020\/10\/2-WhatsApp-Image-2020-10-24-at-12.48.43-PM2.jpeg 1080w, https:\/\/www.grieta.org.mx\/wp-content\/uploads\/2020\/10\/2-WhatsApp-Image-2020-10-24-at-12.48.43-PM2-300x225.jpeg 300w, https:\/\/www.grieta.org.mx\/wp-content\/uploads\/2020\/10\/2-WhatsApp-Image-2020-10-24-at-12.48.43-PM2-1024x768.jpeg 1024w, https:\/\/www.grieta.org.mx\/wp-content\/uploads\/2020\/10\/2-WhatsApp-Image-2020-10-24-at-12.48.43-PM2-768x576.jpeg 768w, https:\/\/www.grieta.org.mx\/wp-content\/uploads\/2020\/10\/2-WhatsApp-Image-2020-10-24-at-12.48.43-PM2-667x500.jpeg 667w\" sizes=\"auto, (max-width: 631px) 100vw, 631px\" \/><\/p>\n<p><img loading=\"lazy\" decoding=\"async\" data-attachment-id=\"54532\" data-permalink=\"https:\/\/www.grieta.org.mx\/index.php\/2020\/10\/24\/donde-estan-el-mural-de-impunidad-en-nezahualcoyotl-estado-de-mexico\/3-whatsapp-image-2020-10-24-at-12-48-44-pm1\/\" data-orig-file=\"https:\/\/www.grieta.org.mx\/wp-content\/uploads\/2020\/10\/3-WhatsApp-Image-2020-10-24-at-12.48.44-PM1.jpeg\" data-orig-size=\"1080,810\" data-comments-opened=\"0\" data-image-meta=\"{&quot;aperture&quot;:&quot;0&quot;,&quot;credit&quot;:&quot;&quot;,&quot;camera&quot;:&quot;&quot;,&quot;caption&quot;:&quot;&quot;,&quot;created_timestamp&quot;:&quot;0&quot;,&quot;copyright&quot;:&quot;&quot;,&quot;focal_length&quot;:&quot;0&quot;,&quot;iso&quot;:&quot;0&quot;,&quot;shutter_speed&quot;:&quot;0&quot;,&quot;title&quot;:&quot;&quot;,&quot;orientation&quot;:&quot;0&quot;}\" data-image-title=\"3 WhatsApp-Image-2020-10-24-at-12.48.44-PM1\" data-image-description=\"\" data-image-caption=\"\" data-medium-file=\"https:\/\/www.grieta.org.mx\/wp-content\/uploads\/2020\/10\/3-WhatsApp-Image-2020-10-24-at-12.48.44-PM1-300x225.jpeg\" data-large-file=\"https:\/\/www.grieta.org.mx\/wp-content\/uploads\/2020\/10\/3-WhatsApp-Image-2020-10-24-at-12.48.44-PM1-1024x768.jpeg\" class=\"alignnone  wp-image-54532\" src=\"http:\/\/www.grieta.org.mx\/wp-content\/uploads\/2020\/10\/3-WhatsApp-Image-2020-10-24-at-12.48.44-PM1.jpeg\" alt=\"\" width=\"631\" height=\"473\" srcset=\"https:\/\/www.grieta.org.mx\/wp-content\/uploads\/2020\/10\/3-WhatsApp-Image-2020-10-24-at-12.48.44-PM1.jpeg 1080w, https:\/\/www.grieta.org.mx\/wp-content\/uploads\/2020\/10\/3-WhatsApp-Image-2020-10-24-at-12.48.44-PM1-300x225.jpeg 300w, https:\/\/www.grieta.org.mx\/wp-content\/uploads\/2020\/10\/3-WhatsApp-Image-2020-10-24-at-12.48.44-PM1-1024x768.jpeg 1024w, https:\/\/www.grieta.org.mx\/wp-content\/uploads\/2020\/10\/3-WhatsApp-Image-2020-10-24-at-12.48.44-PM1-768x576.jpeg 768w, https:\/\/www.grieta.org.mx\/wp-content\/uploads\/2020\/10\/3-WhatsApp-Image-2020-10-24-at-12.48.44-PM1-667x500.jpeg 667w\" sizes=\"auto, (max-width: 631px) 100vw, 631px\" \/><\/p>\n<p><img loading=\"lazy\" decoding=\"async\" data-attachment-id=\"54533\" data-permalink=\"https:\/\/www.grieta.org.mx\/index.php\/2020\/10\/24\/donde-estan-el-mural-de-impunidad-en-nezahualcoyotl-estado-de-mexico\/4-whatsapp-image-2020-10-24-at-12-48-43-pm3\/\" data-orig-file=\"https:\/\/www.grieta.org.mx\/wp-content\/uploads\/2020\/10\/4-WhatsApp-Image-2020-10-24-at-12.48.43-PM3.jpeg\" data-orig-size=\"1080,810\" data-comments-opened=\"0\" data-image-meta=\"{&quot;aperture&quot;:&quot;0&quot;,&quot;credit&quot;:&quot;&quot;,&quot;camera&quot;:&quot;&quot;,&quot;caption&quot;:&quot;&quot;,&quot;created_timestamp&quot;:&quot;0&quot;,&quot;copyright&quot;:&quot;&quot;,&quot;focal_length&quot;:&quot;0&quot;,&quot;iso&quot;:&quot;0&quot;,&quot;shutter_speed&quot;:&quot;0&quot;,&quot;title&quot;:&quot;&quot;,&quot;orientation&quot;:&quot;0&quot;}\" data-image-title=\"4 WhatsApp-Image-2020-10-24-at-12.48.43-PM3\" data-image-description=\"\" data-image-caption=\"\" data-medium-file=\"https:\/\/www.grieta.org.mx\/wp-content\/uploads\/2020\/10\/4-WhatsApp-Image-2020-10-24-at-12.48.43-PM3-300x225.jpeg\" data-large-file=\"https:\/\/www.grieta.org.mx\/wp-content\/uploads\/2020\/10\/4-WhatsApp-Image-2020-10-24-at-12.48.43-PM3-1024x768.jpeg\" class=\"alignnone  wp-image-54533\" src=\"http:\/\/www.grieta.org.mx\/wp-content\/uploads\/2020\/10\/4-WhatsApp-Image-2020-10-24-at-12.48.43-PM3.jpeg\" alt=\"\" width=\"632\" height=\"474\" srcset=\"https:\/\/www.grieta.org.mx\/wp-content\/uploads\/2020\/10\/4-WhatsApp-Image-2020-10-24-at-12.48.43-PM3.jpeg 1080w, https:\/\/www.grieta.org.mx\/wp-content\/uploads\/2020\/10\/4-WhatsApp-Image-2020-10-24-at-12.48.43-PM3-300x225.jpeg 300w, https:\/\/www.grieta.org.mx\/wp-content\/uploads\/2020\/10\/4-WhatsApp-Image-2020-10-24-at-12.48.43-PM3-1024x768.jpeg 1024w, https:\/\/www.grieta.org.mx\/wp-content\/uploads\/2020\/10\/4-WhatsApp-Image-2020-10-24-at-12.48.43-PM3-768x576.jpeg 768w, https:\/\/www.grieta.org.mx\/wp-content\/uploads\/2020\/10\/4-WhatsApp-Image-2020-10-24-at-12.48.43-PM3-667x500.jpeg 667w\" sizes=\"auto, (max-width: 632px) 100vw, 632px\" \/><\/p>\n<p><img loading=\"lazy\" decoding=\"async\" data-attachment-id=\"54534\" data-permalink=\"https:\/\/www.grieta.org.mx\/index.php\/2020\/10\/24\/donde-estan-el-mural-de-impunidad-en-nezahualcoyotl-estado-de-mexico\/5-whatsapp-image-2020-10-24-at-12-48-43-pm\/\" data-orig-file=\"https:\/\/www.grieta.org.mx\/wp-content\/uploads\/2020\/10\/5-WhatsApp-Image-2020-10-24-at-12.48.43-PM.jpeg\" data-orig-size=\"1080,810\" data-comments-opened=\"0\" data-image-meta=\"{&quot;aperture&quot;:&quot;0&quot;,&quot;credit&quot;:&quot;&quot;,&quot;camera&quot;:&quot;&quot;,&quot;caption&quot;:&quot;&quot;,&quot;created_timestamp&quot;:&quot;0&quot;,&quot;copyright&quot;:&quot;&quot;,&quot;focal_length&quot;:&quot;0&quot;,&quot;iso&quot;:&quot;0&quot;,&quot;shutter_speed&quot;:&quot;0&quot;,&quot;title&quot;:&quot;&quot;,&quot;orientation&quot;:&quot;0&quot;}\" data-image-title=\"5 WhatsApp-Image-2020-10-24-at-12.48.43-PM\" data-image-description=\"\" data-image-caption=\"\" data-medium-file=\"https:\/\/www.grieta.org.mx\/wp-content\/uploads\/2020\/10\/5-WhatsApp-Image-2020-10-24-at-12.48.43-PM-300x225.jpeg\" data-large-file=\"https:\/\/www.grieta.org.mx\/wp-content\/uploads\/2020\/10\/5-WhatsApp-Image-2020-10-24-at-12.48.43-PM-1024x768.jpeg\" class=\"alignnone  wp-image-54534\" src=\"http:\/\/www.grieta.org.mx\/wp-content\/uploads\/2020\/10\/5-WhatsApp-Image-2020-10-24-at-12.48.43-PM.jpeg\" alt=\"\" width=\"630\" height=\"472\" srcset=\"https:\/\/www.grieta.org.mx\/wp-content\/uploads\/2020\/10\/5-WhatsApp-Image-2020-10-24-at-12.48.43-PM.jpeg 1080w, https:\/\/www.grieta.org.mx\/wp-content\/uploads\/2020\/10\/5-WhatsApp-Image-2020-10-24-at-12.48.43-PM-300x225.jpeg 300w, https:\/\/www.grieta.org.mx\/wp-content\/uploads\/2020\/10\/5-WhatsApp-Image-2020-10-24-at-12.48.43-PM-1024x768.jpeg 1024w, https:\/\/www.grieta.org.mx\/wp-content\/uploads\/2020\/10\/5-WhatsApp-Image-2020-10-24-at-12.48.43-PM-768x576.jpeg 768w, https:\/\/www.grieta.org.mx\/wp-content\/uploads\/2020\/10\/5-WhatsApp-Image-2020-10-24-at-12.48.43-PM-667x500.jpeg 667w\" sizes=\"auto, (max-width: 630px) 100vw, 630px\" \/><\/p>\n<p><img loading=\"lazy\" decoding=\"async\" data-attachment-id=\"54535\" data-permalink=\"https:\/\/www.grieta.org.mx\/index.php\/2020\/10\/24\/donde-estan-el-mural-de-impunidad-en-nezahualcoyotl-estado-de-mexico\/6-whatsapp-image-2020-10-24-at-12-48-44-pm\/\" data-orig-file=\"https:\/\/www.grieta.org.mx\/wp-content\/uploads\/2020\/10\/6-WhatsApp-Image-2020-10-24-at-12.48.44-PM.jpeg\" data-orig-size=\"1080,810\" data-comments-opened=\"0\" data-image-meta=\"{&quot;aperture&quot;:&quot;0&quot;,&quot;credit&quot;:&quot;&quot;,&quot;camera&quot;:&quot;&quot;,&quot;caption&quot;:&quot;&quot;,&quot;created_timestamp&quot;:&quot;0&quot;,&quot;copyright&quot;:&quot;&quot;,&quot;focal_length&quot;:&quot;0&quot;,&quot;iso&quot;:&quot;0&quot;,&quot;shutter_speed&quot;:&quot;0&quot;,&quot;title&quot;:&quot;&quot;,&quot;orientation&quot;:&quot;0&quot;}\" data-image-title=\"6 WhatsApp-Image-2020-10-24-at-12.48.44-PM\" data-image-description=\"\" data-image-caption=\"\" data-medium-file=\"https:\/\/www.grieta.org.mx\/wp-content\/uploads\/2020\/10\/6-WhatsApp-Image-2020-10-24-at-12.48.44-PM-300x225.jpeg\" data-large-file=\"https:\/\/www.grieta.org.mx\/wp-content\/uploads\/2020\/10\/6-WhatsApp-Image-2020-10-24-at-12.48.44-PM-1024x768.jpeg\" class=\"alignnone  wp-image-54535\" src=\"http:\/\/www.grieta.org.mx\/wp-content\/uploads\/2020\/10\/6-WhatsApp-Image-2020-10-24-at-12.48.44-PM.jpeg\" alt=\"\" width=\"631\" height=\"473\" srcset=\"https:\/\/www.grieta.org.mx\/wp-content\/uploads\/2020\/10\/6-WhatsApp-Image-2020-10-24-at-12.48.44-PM.jpeg 1080w, https:\/\/www.grieta.org.mx\/wp-content\/uploads\/2020\/10\/6-WhatsApp-Image-2020-10-24-at-12.48.44-PM-300x225.jpeg 300w, https:\/\/www.grieta.org.mx\/wp-content\/uploads\/2020\/10\/6-WhatsApp-Image-2020-10-24-at-12.48.44-PM-1024x768.jpeg 1024w, https:\/\/www.grieta.org.mx\/wp-content\/uploads\/2020\/10\/6-WhatsApp-Image-2020-10-24-at-12.48.44-PM-768x576.jpeg 768w, https:\/\/www.grieta.org.mx\/wp-content\/uploads\/2020\/10\/6-WhatsApp-Image-2020-10-24-at-12.48.44-PM-667x500.jpeg 667w\" sizes=\"auto, (max-width: 631px) 100vw, 631px\" \/><\/p>\n<p><strong>Lidia Florencio<\/strong> acudi\u00f3 a la cita, ella es madre de <strong>Diana<\/strong> una chica que desapareci\u00f3 el 2 de julio 2017 y aunque su hermana Laura, logr\u00f3 hallar el cuerpo,\u00a0 \u00e9ste fue catalogado como el de un var\u00f3n, un error pericial que retras\u00f3 el proceso.<\/p>\n<p>\u00abLa indiferencia es una cosa que vemos todos los d\u00edas desde las autoridades, el ministerio p\u00fablico que no hace su trabajo, el juez que ahora nombr\u00f3 el caso de mi hija como homicidio calificado y no como<strong>feminicidio<\/strong> a pesar de que encontraron ADN por abuso sexual, hasta la sociedad, pero estoy aqu\u00ed para levantar la voz y acompa\u00f1ar a las colectivas en las que he encontrado apoyo\u00bb, me asegur\u00f3 Lidia, con los ojos cansados.<\/p>\n<p><img loading=\"lazy\" decoding=\"async\" data-attachment-id=\"54536\" data-permalink=\"https:\/\/www.grieta.org.mx\/index.php\/2020\/10\/24\/donde-estan-el-mural-de-impunidad-en-nezahualcoyotl-estado-de-mexico\/diana-2\/\" data-orig-file=\"https:\/\/www.grieta.org.mx\/wp-content\/uploads\/2020\/10\/diana.jpeg\" data-orig-size=\"1034,776\" data-comments-opened=\"0\" data-image-meta=\"{&quot;aperture&quot;:&quot;0&quot;,&quot;credit&quot;:&quot;&quot;,&quot;camera&quot;:&quot;&quot;,&quot;caption&quot;:&quot;&quot;,&quot;created_timestamp&quot;:&quot;0&quot;,&quot;copyright&quot;:&quot;&quot;,&quot;focal_length&quot;:&quot;0&quot;,&quot;iso&quot;:&quot;0&quot;,&quot;shutter_speed&quot;:&quot;0&quot;,&quot;title&quot;:&quot;&quot;,&quot;orientation&quot;:&quot;0&quot;}\" data-image-title=\"diana\" data-image-description=\"\" data-image-caption=\"\" data-medium-file=\"https:\/\/www.grieta.org.mx\/wp-content\/uploads\/2020\/10\/diana-300x225.jpeg\" data-large-file=\"https:\/\/www.grieta.org.mx\/wp-content\/uploads\/2020\/10\/diana-1024x768.jpeg\" class=\"alignnone  wp-image-54536\" src=\"http:\/\/www.grieta.org.mx\/wp-content\/uploads\/2020\/10\/diana.jpeg\" alt=\"\" width=\"630\" height=\"473\" srcset=\"https:\/\/www.grieta.org.mx\/wp-content\/uploads\/2020\/10\/diana.jpeg 1034w, https:\/\/www.grieta.org.mx\/wp-content\/uploads\/2020\/10\/diana-300x225.jpeg 300w, https:\/\/www.grieta.org.mx\/wp-content\/uploads\/2020\/10\/diana-1024x768.jpeg 1024w, https:\/\/www.grieta.org.mx\/wp-content\/uploads\/2020\/10\/diana-768x576.jpeg 768w, https:\/\/www.grieta.org.mx\/wp-content\/uploads\/2020\/10\/diana-666x500.jpeg 666w\" sizes=\"auto, (max-width: 630px) 100vw, 630px\" \/><\/p>\n<div class=\"et_pb_module et_pb_text et_pb_text_2  et_pb_text_align_left et_pb_bg_layout_light\">\n<div class=\"et_pb_text_inner\">\n<div id=\"comp-j2v2j1u6\" class=\"txtNew\" data-packed=\"false\">\n<p>Esto s\u00f3lo es una parte de lo que la Colectiva Vivas en la Memoria realiza pues ellas bordan en una manta gigante las <strong>hojas de b\u00fasqueda<\/strong>adem\u00e1s crearon la base de datos de desaparecidas en Chimalhuac\u00e1n, Ecatepec y Nezahualc\u00f3yotl con base en los registros de la Fiscal\u00eda de General del Estado de M\u00e9xico.<\/p>\n<p>\u00abMi hija, Norma Vianney, desapareci\u00f3 hace 2 a\u00f1os 9 meses. Hubo dos detenidos, padre e hijo, uno de ellos confes\u00f3 que abus\u00f3 sexualmente de ella, la mutil\u00f3 y nos dijo donde la fueron a tirar pero no la hallamos. El hijo fue asesinado y el padre anda libre\u00bb, coment\u00f3 Mar\u00eda de Lourdes a un grupo de polic\u00edas que arribaron al lugar porque les reportaron que hab\u00eda <strong>pintas<\/strong>.<\/p>\n<p><img loading=\"lazy\" decoding=\"async\" data-attachment-id=\"54537\" data-permalink=\"https:\/\/www.grieta.org.mx\/index.php\/2020\/10\/24\/donde-estan-el-mural-de-impunidad-en-nezahualcoyotl-estado-de-mexico\/7-whatsapp-image-2020-10-24-at-4-26-28-pm\/\" data-orig-file=\"https:\/\/www.grieta.org.mx\/wp-content\/uploads\/2020\/10\/7-WhatsApp-Image-2020-10-24-at-4.26.28-PM.jpeg\" data-orig-size=\"1080,792\" data-comments-opened=\"0\" data-image-meta=\"{&quot;aperture&quot;:&quot;0&quot;,&quot;credit&quot;:&quot;&quot;,&quot;camera&quot;:&quot;&quot;,&quot;caption&quot;:&quot;&quot;,&quot;created_timestamp&quot;:&quot;0&quot;,&quot;copyright&quot;:&quot;&quot;,&quot;focal_length&quot;:&quot;0&quot;,&quot;iso&quot;:&quot;0&quot;,&quot;shutter_speed&quot;:&quot;0&quot;,&quot;title&quot;:&quot;&quot;,&quot;orientation&quot;:&quot;0&quot;}\" data-image-title=\"7 WhatsApp-Image-2020-10-24-at-4.26.28-PM\" data-image-description=\"\" data-image-caption=\"\" data-medium-file=\"https:\/\/www.grieta.org.mx\/wp-content\/uploads\/2020\/10\/7-WhatsApp-Image-2020-10-24-at-4.26.28-PM-300x220.jpeg\" data-large-file=\"https:\/\/www.grieta.org.mx\/wp-content\/uploads\/2020\/10\/7-WhatsApp-Image-2020-10-24-at-4.26.28-PM-1024x751.jpeg\" class=\"alignnone  wp-image-54537\" src=\"http:\/\/www.grieta.org.mx\/wp-content\/uploads\/2020\/10\/7-WhatsApp-Image-2020-10-24-at-4.26.28-PM.jpeg\" alt=\"\" width=\"629\" height=\"461\" srcset=\"https:\/\/www.grieta.org.mx\/wp-content\/uploads\/2020\/10\/7-WhatsApp-Image-2020-10-24-at-4.26.28-PM.jpeg 1080w, https:\/\/www.grieta.org.mx\/wp-content\/uploads\/2020\/10\/7-WhatsApp-Image-2020-10-24-at-4.26.28-PM-300x220.jpeg 300w, https:\/\/www.grieta.org.mx\/wp-content\/uploads\/2020\/10\/7-WhatsApp-Image-2020-10-24-at-4.26.28-PM-1024x751.jpeg 1024w, https:\/\/www.grieta.org.mx\/wp-content\/uploads\/2020\/10\/7-WhatsApp-Image-2020-10-24-at-4.26.28-PM-768x563.jpeg 768w, https:\/\/www.grieta.org.mx\/wp-content\/uploads\/2020\/10\/7-WhatsApp-Image-2020-10-24-at-4.26.28-PM-682x500.jpeg 682w\" sizes=\"auto, (max-width: 629px) 100vw, 629px\" \/><\/p>\n<div class=\"et_pb_module et_pb_text et_pb_text_3  et_pb_text_align_left et_pb_bg_layout_light\">\n<div class=\"et_pb_text_inner\">\n<p>Y es que las cosas en el Estado de M\u00e9xico son diferentes, ac\u00e1 no es la CDMX, ac\u00e1 pocas veces se hacen <strong>movilizaciones<\/strong>, ac\u00e1 no s\u00e9 hacen intervenciones porque inmediatamente hay intimidaci\u00f3n, arrestos y se pone en peligro la vida.<\/p>\n<p>\u00abA m\u00ed qu\u00e9 me van a venir a contar estos (polic\u00edas) s\u00ed\u00a0 me he tenido que convertir en abogada, investigadora y a la vez madre. A m\u00ed me dejaron muerta en vida. Porque no s\u00e9 d\u00f3nde est\u00e1 mi hija <strong>\u00bfEstar\u00e1 viva? \u00bfEn d\u00f3nde?<\/strong> Porque supe que su novio se dedicaba a enganchar chicas y recib\u00eda un pago de 10,000 por cada una\u00bb, contin\u00fao con la voz cortada y ojos vidriosos la madre de Vianney.<\/p>\n<\/div>\n<\/div>\n<div class=\"et_pb_module et_pb_text et_pb_text_4  et_pb_text_align_left et_pb_bg_layout_light\">\n<div class=\"et_pb_text_inner\">\n<p>Cuando una <strong>mujer<\/strong> desaparece las familias se enfrentan a una serie de obst\u00e1culos que sortean solas y con sus propios medios. Se quedan sin dinero y se convierten en <strong>abogadas<\/strong>, defensoras de Derechos Humanos e <strong>investigadoras<\/strong>.<\/p>\n<p>Da escalofr\u00edos mirar las edades de las fichas porque son mujeres desde beb\u00e9s hasta ancianas. Y mientras escucho las historias temo por mi hermana menor porque tengo miedo que un d\u00eda salga y se convierta en una <strong>ficha de b\u00fasqueda.<\/strong> Todas las familias y las colectivas denuncian la falta de apoyo de las autoridades, la nula empat\u00eda de los servidores p\u00fablicos ante la b\u00fasqueda de personas desaparecidas. Si para las autoridades es m\u00e1s f\u00e1cil pintar un muro que hacer su trabajo, las colectivas y familias continuar\u00e1n luchando y cuidando este espacio hasta que comprendan que el espacio p\u00fablico nos pertenece y sirve para denunciar.<\/p>\n<p><img loading=\"lazy\" decoding=\"async\" data-attachment-id=\"54538\" data-permalink=\"https:\/\/www.grieta.org.mx\/index.php\/2020\/10\/24\/donde-estan-el-mural-de-impunidad-en-nezahualcoyotl-estado-de-mexico\/8-whatsapp-image-2020-10-24-at-4-23-52-pm\/\" data-orig-file=\"https:\/\/www.grieta.org.mx\/wp-content\/uploads\/2020\/10\/8-WhatsApp-Image-2020-10-24-at-4.23.52-PM.jpeg\" data-orig-size=\"1040,780\" data-comments-opened=\"0\" data-image-meta=\"{&quot;aperture&quot;:&quot;0&quot;,&quot;credit&quot;:&quot;&quot;,&quot;camera&quot;:&quot;&quot;,&quot;caption&quot;:&quot;&quot;,&quot;created_timestamp&quot;:&quot;0&quot;,&quot;copyright&quot;:&quot;&quot;,&quot;focal_length&quot;:&quot;0&quot;,&quot;iso&quot;:&quot;0&quot;,&quot;shutter_speed&quot;:&quot;0&quot;,&quot;title&quot;:&quot;&quot;,&quot;orientation&quot;:&quot;0&quot;}\" data-image-title=\"8 WhatsApp-Image-2020-10-24-at-4.23.52-PM\" data-image-description=\"\" data-image-caption=\"\" data-medium-file=\"https:\/\/www.grieta.org.mx\/wp-content\/uploads\/2020\/10\/8-WhatsApp-Image-2020-10-24-at-4.23.52-PM-300x225.jpeg\" data-large-file=\"https:\/\/www.grieta.org.mx\/wp-content\/uploads\/2020\/10\/8-WhatsApp-Image-2020-10-24-at-4.23.52-PM-1024x768.jpeg\" class=\"alignnone  wp-image-54538\" src=\"http:\/\/www.grieta.org.mx\/wp-content\/uploads\/2020\/10\/8-WhatsApp-Image-2020-10-24-at-4.23.52-PM.jpeg\" alt=\"\" width=\"634\" height=\"475\" srcset=\"https:\/\/www.grieta.org.mx\/wp-content\/uploads\/2020\/10\/8-WhatsApp-Image-2020-10-24-at-4.23.52-PM.jpeg 1040w, https:\/\/www.grieta.org.mx\/wp-content\/uploads\/2020\/10\/8-WhatsApp-Image-2020-10-24-at-4.23.52-PM-300x225.jpeg 300w, https:\/\/www.grieta.org.mx\/wp-content\/uploads\/2020\/10\/8-WhatsApp-Image-2020-10-24-at-4.23.52-PM-1024x768.jpeg 1024w, https:\/\/www.grieta.org.mx\/wp-content\/uploads\/2020\/10\/8-WhatsApp-Image-2020-10-24-at-4.23.52-PM-768x576.jpeg 768w, https:\/\/www.grieta.org.mx\/wp-content\/uploads\/2020\/10\/8-WhatsApp-Image-2020-10-24-at-4.23.52-PM-667x500.jpeg 667w\" sizes=\"auto, (max-width: 634px) 100vw, 634px\" \/><\/p>\n<p><a href=\"http:\/\/revistabaladi.com\/2020\/10\/24\/donde-estan-el-mural-de-impunidad-en-nezahualcoyotl\/\" target=\"_blank\" rel=\"noopener noreferrer\">http:\/\/revistabaladi.com\/2020\/10\/24\/donde-estan-el-mural-de-impunidad-en-nezahualcoyotl\/<\/a><\/p>\n<p>&nbsp;<\/p>\n<\/div>\n<\/div>\n<\/div>\n<\/div>\n<\/div>\n<p>&nbsp;<\/p>\n","protected":false},"excerpt":{"rendered":"<p>Texto y Fotos: Brenda Mart\u00ednez Carrera\u00a0\/ Revista Balad\u00ed \u201c\u00bfA d\u00f3nde vas?\u201d, \u00a0me pregunt\u00f3 mi mam\u00e1 cuando vio que me puse mi casco y mi chaleco fosforescente. \u201cS\u00f3lo voy al Palacio &hellip; <a href=\"https:\/\/www.grieta.org.mx\/index.php\/2020\/10\/24\/donde-estan-el-mural-de-impunidad-en-nezahualcoyotl-estado-de-mexico\/\" class=\"more-link\">Leer m\u00e1s<\/a><\/p>\n","protected":false},"author":2,"featured_media":54529,"comment_status":"closed","ping_status":"closed","sticky":false,"template":"","format":"standard","meta":{"ngg_post_thumbnail":0,"_jetpack_newsletter_access":"","_jetpack_dont_email_post_to_subs":false,"_jetpack_newsletter_tier_id":0,"_jetpack_memberships_contains_paywalled_content":false,"_jetpack_memberships_contains_paid_content":false,"footnotes":""},"categories":[2798,80,87,1204,16,84,1013,1729,3035,2,83,2720,2398],"tags":[631,81],"class_list":["post-54528","post","type-post","status-publish","format-standard","has-post-thumbnail","hentry","category-abuso-policiaco-y-tortura-en-el-estado-de-mexico","category-cintillo","category-desaparecidos","category-desaparecidos-en-el-estado-de-mexico","category-estado-de-mexico","category-feminicidios","category-feminicios-en-el-estado-de-mexico","category-lucha-y-resistencia-del-pueblo-en-el-estado-de-mexico","category-movilizaciones-y-protestas-de-habitantes-en-el-estado-de-mexico","category-noticias-nacionales","category-temas-nacionales","category-violencia-contra-las-mujeres-en-el-estado-de-mexico","category-violencia-contra-luchadores-sociales-en-el-estado-de-mexico","tag-desaparecidas","tag-feminicidios","entry"],"jetpack_featured_media_url":"https:\/\/www.grieta.org.mx\/wp-content\/uploads\/2020\/10\/WhatsApp-Image-2020-10-24-at-4.24.56-PM.jpeg","jetpack_sharing_enabled":true,"jetpack_shortlink":"https:\/\/wp.me\/p7ZJR4-ebu","jetpack_likes_enabled":false,"jetpack-related-posts":[{"id":53727,"url":"https:\/\/www.grieta.org.mx\/index.php\/2020\/09\/11\/incendian-sede-de-codhem-en-ecatepec-tras-detencion-de-feministas-estado-de-mexico\/","url_meta":{"origin":54528,"position":0},"title":"Incendian sede de CODHEM en Ecatepec tras detenci\u00f3n de feministas (Estado de M\u00e9xico)","author":"grieta","date":"11 septiembre, 2020","format":false,"excerpt":"Foto: Twiter \/ @Andalalucha Carlos Guevara \/ El Sol de M\u00e9xico Un grupo de aproximadamente 50 mujeres llegaron al recinto ubicado en o en la Avenida Morelos para manifestarse en contra de la violencia policial y feminicidios Mujeres feministas incendiaron este viernes las instalaciones de la visitadur\u00eda general de la\u2026","rel":"","context":"En &quot;Abuso policiaco y tortura en el Estado de M\u00e9xico&quot;","block_context":{"text":"Abuso policiaco y tortura en el Estado de M\u00e9xico","link":"https:\/\/www.grieta.org.mx\/index.php\/category\/noticias-nacionales\/estado-de-mexico\/abuso-policiaco-y-tortura-en-el-estado-de-mexico\/"},"img":{"alt_text":"","src":"https:\/\/i0.wp.com\/www.grieta.org.mx\/wp-content\/uploads\/2020\/09\/Incendian-sede-de-CODHEM-en-Ecatepec-tras-detencion-de-feministas-edomex-sept.jpg?resize=350%2C200&ssl=1","width":350,"height":200,"srcset":"https:\/\/i0.wp.com\/www.grieta.org.mx\/wp-content\/uploads\/2020\/09\/Incendian-sede-de-CODHEM-en-Ecatepec-tras-detencion-de-feministas-edomex-sept.jpg?resize=350%2C200&ssl=1 1x, https:\/\/i0.wp.com\/www.grieta.org.mx\/wp-content\/uploads\/2020\/09\/Incendian-sede-de-CODHEM-en-Ecatepec-tras-detencion-de-feministas-edomex-sept.jpg?resize=525%2C300&ssl=1 1.5x, https:\/\/i0.wp.com\/www.grieta.org.mx\/wp-content\/uploads\/2020\/09\/Incendian-sede-de-CODHEM-en-Ecatepec-tras-detencion-de-feministas-edomex-sept.jpg?resize=700%2C400&ssl=1 2x"},"classes":[]},{"id":44350,"url":"https:\/\/www.grieta.org.mx\/index.php\/2020\/02\/14\/marchan-para-exigir-fin-a-la-violencia-contra-las-mujeres-estado-de-mexico\/","url_meta":{"origin":54528,"position":1},"title":"Marchan para exigir fin a la violencia contra las mujeres (Estado de M\u00e9xico)","author":"grieta","date":"14 febrero, 2020","format":false,"excerpt":"Aseguraron que las protestas seguir\u00e1n para crear conciencia y terminar la cultura machista que genera violencia. (Archivo) Zuleyma Garc\u00eda \/ Milenio Entre consignas y con pancartas las mujeres caminaron hasta el ayuntamiento donde donde de manera pac\u00edfica pidieron mejores resultados en seguridad. Lejos de festejar el 14 de febrero, este\u2026","rel":"","context":"En &quot;CINTILLO&quot;","block_context":{"text":"CINTILLO","link":"https:\/\/www.grieta.org.mx\/index.php\/category\/cintillo\/"},"img":{"alt_text":"","src":"https:\/\/i0.wp.com\/www.grieta.org.mx\/wp-content\/uploads\/2020\/02\/Marchan-para-exigir-fin-a-la-violencia-contra-las-mujeres-edomex-feb.jpeg?resize=350%2C200&ssl=1","width":350,"height":200,"srcset":"https:\/\/i0.wp.com\/www.grieta.org.mx\/wp-content\/uploads\/2020\/02\/Marchan-para-exigir-fin-a-la-violencia-contra-las-mujeres-edomex-feb.jpeg?resize=350%2C200&ssl=1 1x, https:\/\/i0.wp.com\/www.grieta.org.mx\/wp-content\/uploads\/2020\/02\/Marchan-para-exigir-fin-a-la-violencia-contra-las-mujeres-edomex-feb.jpeg?resize=525%2C300&ssl=1 1.5x, https:\/\/i0.wp.com\/www.grieta.org.mx\/wp-content\/uploads\/2020\/02\/Marchan-para-exigir-fin-a-la-violencia-contra-las-mujeres-edomex-feb.jpeg?resize=700%2C400&ssl=1 2x"},"classes":[]},{"id":42147,"url":"https:\/\/www.grieta.org.mx\/index.php\/2019\/12\/13\/protestaron-familias-y-clausuraron-la-fgjem-fiscal-los-desaira-estado-de-mexico\/","url_meta":{"origin":54528,"position":2},"title":"Protestaron familias y clausuraron la FGJEM; Fiscal los desaira (Estado de M\u00e9xico)","author":"grieta","date":"13 diciembre, 2019","format":false,"excerpt":"Iv\u00e1n Ju\u00e1rez \/ Quiadrat\u00edn EdoMex Toluca, Edomex, 13 de diciembre de 2019.-Para pedir resultados ante el aumento de casos de feminicidios y desapariciones, activistas junto con familiares de v\u00edctimas protestaron, adem\u00e1s, clausuraron el edificio central de la Fiscal\u00eda General de Justicia del Estado de M\u00e9xico. Las personas se reunieron en\u2026","rel":"","context":"En &quot;CINTILLO&quot;","block_context":{"text":"CINTILLO","link":"https:\/\/www.grieta.org.mx\/index.php\/category\/cintillo\/"},"img":{"alt_text":"","src":"https:\/\/i0.wp.com\/www.grieta.org.mx\/wp-content\/uploads\/2019\/12\/Protestaron-familias-y-clausuraron-la-FGJEM-Fiscal-los-desaira-edomex-dic.jpeg?resize=350%2C200&ssl=1","width":350,"height":200,"srcset":"https:\/\/i0.wp.com\/www.grieta.org.mx\/wp-content\/uploads\/2019\/12\/Protestaron-familias-y-clausuraron-la-FGJEM-Fiscal-los-desaira-edomex-dic.jpeg?resize=350%2C200&ssl=1 1x, https:\/\/i0.wp.com\/www.grieta.org.mx\/wp-content\/uploads\/2019\/12\/Protestaron-familias-y-clausuraron-la-FGJEM-Fiscal-los-desaira-edomex-dic.jpeg?resize=525%2C300&ssl=1 1.5x, https:\/\/i0.wp.com\/www.grieta.org.mx\/wp-content\/uploads\/2019\/12\/Protestaron-familias-y-clausuraron-la-FGJEM-Fiscal-los-desaira-edomex-dic.jpeg?resize=700%2C400&ssl=1 2x"},"classes":[]},{"id":57981,"url":"https:\/\/www.grieta.org.mx\/index.php\/2021\/03\/25\/feministas-marchan-en-memoria-de-mariana-estado-de-mexico\/","url_meta":{"origin":54528,"position":3},"title":"Feministas marchan en memoria de Mariana (Estado de M\u00e9xico)","author":"grieta","date":"25 marzo, 2021","format":false,"excerpt":"Foto: cortes\u00eda \/ Ricardo P\u00e9rez Orlando Salinas \/ El Sol de Toluca Integrantes de varias colectivas marcharon por calles del municipio de Nezahualc\u00f3yotl en memoria de Mariana Lima Buend\u00eda, quien cumplir\u00eda 40 a\u00f1os de edad, sin embargo, fue hallada sin vida en el a\u00f1o 2010. La tarde de este jueves\u2026","rel":"","context":"En &quot;Asesinatos de activistas en el Estado de M\u00e9xico&quot;","block_context":{"text":"Asesinatos de activistas en el Estado de M\u00e9xico","link":"https:\/\/www.grieta.org.mx\/index.php\/category\/noticias-nacionales\/estado-de-mexico\/asesinatos-de-activistas-en-el-estado-de-mexico\/"},"img":{"alt_text":"","src":"https:\/\/i0.wp.com\/www.grieta.org.mx\/wp-content\/uploads\/2021\/03\/Feministas-marchan-en-memoria-de-Mariana-edomex-mzo.jpg?resize=350%2C200&ssl=1","width":350,"height":200,"srcset":"https:\/\/i0.wp.com\/www.grieta.org.mx\/wp-content\/uploads\/2021\/03\/Feministas-marchan-en-memoria-de-Mariana-edomex-mzo.jpg?resize=350%2C200&ssl=1 1x, https:\/\/i0.wp.com\/www.grieta.org.mx\/wp-content\/uploads\/2021\/03\/Feministas-marchan-en-memoria-de-Mariana-edomex-mzo.jpg?resize=525%2C300&ssl=1 1.5x, https:\/\/i0.wp.com\/www.grieta.org.mx\/wp-content\/uploads\/2021\/03\/Feministas-marchan-en-memoria-de-Mariana-edomex-mzo.jpg?resize=700%2C400&ssl=1 2x"},"classes":[]},{"id":43853,"url":"https:\/\/www.grieta.org.mx\/index.php\/2020\/02\/01\/tras-alerta-suben-los-feminicidios-estado-de-mexico\/","url_meta":{"origin":54528,"position":4},"title":"Tras alerta, suben los feminicidios (Estado de M\u00e9xico)","author":"grieta","date":"1 febrero, 2020","format":false,"excerpt":"Reforma Desde que se implement\u00f3 en 2005 la AVGM en 11 municipios de Edomex, feminicidios aumentaron y en 2019 delito alcanz\u00f3 r\u00e9cord con 60 casos Ciudad de M\u00e9xico\u2014 Desde que se implement\u00f3 en 2015 la Alerta de Violencia de G\u00e9nero contra las Mujeres (AVGM) en 11 municipios del Estado de\u2026","rel":"","context":"En &quot;CINTILLO&quot;","block_context":{"text":"CINTILLO","link":"https:\/\/www.grieta.org.mx\/index.php\/category\/cintillo\/"},"img":{"alt_text":"","src":"https:\/\/i0.wp.com\/www.grieta.org.mx\/wp-content\/uploads\/2020\/02\/Tras-alerta-suben-los-feminicidios-edomes-ene.jpg?resize=350%2C200&ssl=1","width":350,"height":200,"srcset":"https:\/\/i0.wp.com\/www.grieta.org.mx\/wp-content\/uploads\/2020\/02\/Tras-alerta-suben-los-feminicidios-edomes-ene.jpg?resize=350%2C200&ssl=1 1x, https:\/\/i0.wp.com\/www.grieta.org.mx\/wp-content\/uploads\/2020\/02\/Tras-alerta-suben-los-feminicidios-edomes-ene.jpg?resize=525%2C300&ssl=1 1.5x, https:\/\/i0.wp.com\/www.grieta.org.mx\/wp-content\/uploads\/2020\/02\/Tras-alerta-suben-los-feminicidios-edomes-ene.jpg?resize=700%2C400&ssl=1 2x"},"classes":[]},{"id":55141,"url":"https:\/\/www.grieta.org.mx\/index.php\/2020\/11\/14\/despliegan-fuerte-operativo-ante-marcha-contra-feminicidios-estado-de-mexico\/","url_meta":{"origin":54528,"position":5},"title":"Despliegan fuerte operativo ante marcha contra feminicidios (Estado de M\u00e9xico)","author":"grieta","date":"14 noviembre, 2020","format":false,"excerpt":"Fotos tomadas de: ADNoticias V\u00edctor Castillo \/ ADNoticias La cuarta protesta en lo que va de la semana por los recientes feminicidios registrados en Toluca fue custodiada por decenas de polic\u00edas Al\u00a0menos 100 polic\u00edas estatales custodiaron la Casa de Gobierno del Estado de M\u00e9xico ubicada sobre Paseo Col\u00f3n, con un\u2026","rel":"","context":"En &quot;Abuso policiaco y tortura en el Estado de M\u00e9xico&quot;","block_context":{"text":"Abuso policiaco y tortura en el Estado de M\u00e9xico","link":"https:\/\/www.grieta.org.mx\/index.php\/category\/noticias-nacionales\/estado-de-mexico\/abuso-policiaco-y-tortura-en-el-estado-de-mexico\/"},"img":{"alt_text":"","src":"https:\/\/i0.wp.com\/www.grieta.org.mx\/wp-content\/uploads\/2020\/11\/Despliegan-fuerte-operativo-ante-marcha-contra-feminicidios-edomex-nov.jpeg?resize=350%2C200&ssl=1","width":350,"height":200,"srcset":"https:\/\/i0.wp.com\/www.grieta.org.mx\/wp-content\/uploads\/2020\/11\/Despliegan-fuerte-operativo-ante-marcha-contra-feminicidios-edomex-nov.jpeg?resize=350%2C200&ssl=1 1x, https:\/\/i0.wp.com\/www.grieta.org.mx\/wp-content\/uploads\/2020\/11\/Despliegan-fuerte-operativo-ante-marcha-contra-feminicidios-edomex-nov.jpeg?resize=525%2C300&ssl=1 1.5x, https:\/\/i0.wp.com\/www.grieta.org.mx\/wp-content\/uploads\/2020\/11\/Despliegan-fuerte-operativo-ante-marcha-contra-feminicidios-edomex-nov.jpeg?resize=700%2C400&ssl=1 2x, https:\/\/i0.wp.com\/www.grieta.org.mx\/wp-content\/uploads\/2020\/11\/Despliegan-fuerte-operativo-ante-marcha-contra-feminicidios-edomex-nov.jpeg?resize=1050%2C600&ssl=1 3x"},"classes":[]}],"_links":{"self":[{"href":"https:\/\/www.grieta.org.mx\/index.php\/wp-json\/wp\/v2\/posts\/54528","targetHints":{"allow":["GET"]}}],"collection":[{"href":"https:\/\/www.grieta.org.mx\/index.php\/wp-json\/wp\/v2\/posts"}],"about":[{"href":"https:\/\/www.grieta.org.mx\/index.php\/wp-json\/wp\/v2\/types\/post"}],"author":[{"embeddable":true,"href":"https:\/\/www.grieta.org.mx\/index.php\/wp-json\/wp\/v2\/users\/2"}],"replies":[{"embeddable":true,"href":"https:\/\/www.grieta.org.mx\/index.php\/wp-json\/wp\/v2\/comments?post=54528"}],"version-history":[{"count":1,"href":"https:\/\/www.grieta.org.mx\/index.php\/wp-json\/wp\/v2\/posts\/54528\/revisions"}],"predecessor-version":[{"id":54539,"href":"https:\/\/www.grieta.org.mx\/index.php\/wp-json\/wp\/v2\/posts\/54528\/revisions\/54539"}],"wp:featuredmedia":[{"embeddable":true,"href":"https:\/\/www.grieta.org.mx\/index.php\/wp-json\/wp\/v2\/media\/54529"}],"wp:attachment":[{"href":"https:\/\/www.grieta.org.mx\/index.php\/wp-json\/wp\/v2\/media?parent=54528"}],"wp:term":[{"taxonomy":"category","embeddable":true,"href":"https:\/\/www.grieta.org.mx\/index.php\/wp-json\/wp\/v2\/categories?post=54528"},{"taxonomy":"post_tag","embeddable":true,"href":"https:\/\/www.grieta.org.mx\/index.php\/wp-json\/wp\/v2\/tags?post=54528"}],"curies":[{"name":"wp","href":"https:\/\/api.w.org\/{rel}","templated":true}]}}