{"id":54504,"date":"2020-10-22T21:46:22","date_gmt":"2020-10-23T02:46:22","guid":{"rendered":"http:\/\/www.grieta.org.mx\/?p=54504"},"modified":"2020-10-26T21:59:39","modified_gmt":"2020-10-27T03:59:39","slug":"traficantes-de-personas-abandonan-a-dos-menores-hondurenos-en-el-rio-bravo-coahuila","status":"publish","type":"post","link":"https:\/\/www.grieta.org.mx\/index.php\/2020\/10\/22\/traficantes-de-personas-abandonan-a-dos-menores-hondurenos-en-el-rio-bravo-coahuila\/","title":{"rendered":"Traficantes de personas abandonan a dos menores hondure\u00f1os en el R\u00edo Bravo (Coahuila)"},"content":{"rendered":"<p><strong>Los hermanos, de 13 y 9 a\u00f1os, fueron rescatados por la Patrulla Fronteriza de un islote en el R\u00edo Bravo, entre Piedras Negras, Coahuila, y Eagle Pass, Texas.<\/strong><\/p>\n<figure id=\"attachment_54505\" aria-describedby=\"caption-attachment-54505\" style=\"width: 800px\" class=\"wp-caption alignnone\"><img loading=\"lazy\" decoding=\"async\" data-attachment-id=\"54505\" data-permalink=\"https:\/\/www.grieta.org.mx\/index.php\/2020\/10\/22\/traficantes-de-personas-abandonan-a-dos-menores-hondurenos-en-el-rio-bravo-coahuila\/ninos-migrantes-2\/\" data-orig-file=\"https:\/\/www.grieta.org.mx\/wp-content\/uploads\/2020\/10\/ninos-migrantes.jpg\" data-orig-size=\"800,450\" data-comments-opened=\"0\" data-image-meta=\"{&quot;aperture&quot;:&quot;0&quot;,&quot;credit&quot;:&quot;&quot;,&quot;camera&quot;:&quot;&quot;,&quot;caption&quot;:&quot;&quot;,&quot;created_timestamp&quot;:&quot;0&quot;,&quot;copyright&quot;:&quot;&quot;,&quot;focal_length&quot;:&quot;0&quot;,&quot;iso&quot;:&quot;0&quot;,&quot;shutter_speed&quot;:&quot;0&quot;,&quot;title&quot;:&quot;&quot;,&quot;orientation&quot;:&quot;0&quot;}\" data-image-title=\"ni\u00f1os migrantes\" data-image-description=\"\" data-image-caption=\"&lt;p&gt;El adolescente de 13 a\u00f1os y una ni\u00f1a de 9 fueron abandonados en un islote en el R\u00edo Bravo, entre Piedras Negras, Coahuila, y Eagle Pass, Texas.&lt;\/p&gt;\n\" data-medium-file=\"https:\/\/www.grieta.org.mx\/wp-content\/uploads\/2020\/10\/ninos-migrantes-300x169.jpg\" data-large-file=\"https:\/\/www.grieta.org.mx\/wp-content\/uploads\/2020\/10\/ninos-migrantes.jpg\" class=\"wp-image-54505 size-full\" src=\"http:\/\/www.grieta.org.mx\/wp-content\/uploads\/2020\/10\/ninos-migrantes.jpg\" alt=\"\" width=\"800\" height=\"450\" srcset=\"https:\/\/www.grieta.org.mx\/wp-content\/uploads\/2020\/10\/ninos-migrantes.jpg 800w, https:\/\/www.grieta.org.mx\/wp-content\/uploads\/2020\/10\/ninos-migrantes-300x169.jpg 300w, https:\/\/www.grieta.org.mx\/wp-content\/uploads\/2020\/10\/ninos-migrantes-768x432.jpg 768w\" sizes=\"auto, (max-width: 800px) 100vw, 800px\" \/><figcaption id=\"caption-attachment-54505\" class=\"wp-caption-text\">El adolescente de 13 a\u00f1os y una ni\u00f1a de 9 fueron abandonados en un islote en el R\u00edo Bravo, entre Piedras Negras, Coahuila, y Eagle Pass, Texas.<\/figcaption><\/figure>\n<p>PROCESO<\/p>\n<p>CIUDAD DE M\u00c9XICO (apro).- Dos hermanos hondure\u00f1os, un adolescente de 13 a\u00f1os y una ni\u00f1a de nueve, fueron abandonados por traficantes de personas en un islote en el R\u00edo Bravo, entre Piedras Negras, Coahuila, y Eagle Pass, Texas, Estados Unidos. A ambos los rescat\u00f3 la Aduana y Protecci\u00f3n Fronteriza.<\/p>\n<p>De acuerdo con reportes de esa instancia del sur de Texas, despu\u00e9s de la medianoche del mi\u00e9rcoles 21, los agentes fronterizos fueron alertados por el llanto de los ni\u00f1os.<\/p>\n<p>\u201cAfortunadamente nuestros agentes pudieron localizar r\u00e1pidamente a estos dos ni\u00f1os peque\u00f1os y llevarlos a un lugar seguro\u201d, declar\u00f3 el jefe de la polic\u00eda Austin Skero, quien coment\u00f3 \u201cque ya es com\u00fan que los padres pongan a sus hijos en manos de contrabandistas para que los ayuden a cruzar la frontera entre M\u00e9xico y Estados Unidos, pues al salir de pa\u00edses donde la violencia y la pobreza alcanzan niveles inhumanos, las familias deciden migrar a otras regiones con el fin de buscar una mejor calidad de vida\u201d,.<\/p>\n<p>Los ni\u00f1os fueron abandonados en un islote debajo del puente de ferrocarril internacional en Eagle Pass, del lado de Piedras Negras, Coahuila, y tienen buen estado de salud.<\/p>\n<p>\u201cPoco despu\u00e9s de la medianoche, dos ni\u00f1os peque\u00f1os fueron rescatados por agentes de la estaci\u00f3n Eagle Pass de una isla en R\u00edo Grande. Los ni\u00f1os fueron abandonados por contrabandistas, sin rastro de sus padres. Estos contrabandistas despiadados se aprovechan de la desesperaci\u00f3n, renunciando a toda moral para obtener beneficios econ\u00f3micos\u201d, escribi\u00f3 Skero en su cuenta de Twitter.<\/p>\n<p>Contra la trata de personas<br \/>\nEl pasado martes 20, en Estados Unidos, el Departamento de Seguridad Nacional (DHS, por sus siglas en ingl\u00e9s) cre\u00f3 el Centro para Contrarrestar la Trata de Personas (CCHT, por sus siglas en ingl\u00e9s), con el fin de combatir este delito, la explotaci\u00f3n sexual infantil y la importaci\u00f3n de bienes obtenidos con trabajo forzoso.<\/p>\n<p>Dicho centro permitir\u00e1 a la Oficina de Investigaciones de Seguridad Nacional (HSI, por sus siglas en ingl\u00e9s) del Servicio de Inmigraci\u00f3n y Control de Aduanas de Estados Unidos (ICE, por sus siglas en ingl\u00e9s) encabezar un enfoque integral, centrado en las v\u00edctimas para la investigaci\u00f3n de este flagelo.<\/p>\n<p>\u201cHSI ha sido un l\u00edder, durante muchos a\u00f1os, en la lucha global contra organizaciones trasnacionales de trata de personas, utilizando una amplia gama de sus autoridades penales migratorias y basadas en el comercio para identificar, desestabilizar y desarticular proactivamente organizaciones transfronterizas de trata de personas y minimizar el riesgo que ellas presentan para la seguridad nacional y p\u00fablica de Estados Unidos\u201d, inform\u00f3 el Servicio de Administraci\u00f3n y Control de Aduanas de Estados Unidos.<\/p>\n<p>El CCHT &#8211;anunciado de manera oficial el 8 de septiembre pasado&#8211; estar\u00e1 compuesto por personal de 16 agencias y oficinas centrales de DHS, incluidos agentes especiales y especialistas en apoyo a v\u00edctimas, as\u00ed como en investigaciones de inteligencia y otros focalizados en desestabilizar y desarticular organizaciones de trata de personas, con apoyo y protecci\u00f3n a sus v\u00edctimas.<\/p>\n<p><a href=\"https:\/\/www.proceso.com.mx\/nacional\/2020\/10\/22\/traficantes-de-personas-abandonan-dos-menores-hondurenos-en-el-rio-bravo-251419.html\" rel=\"noopener noreferrer\" target=\"_blank\">https:\/\/www.proceso.com.mx\/nacional\/2020\/10\/22\/traficantes-de-personas-abandonan-dos-menores-hondurenos-en-el-rio-bravo-251419.html<\/a><\/p>\n","protected":false},"excerpt":{"rendered":"<p>Los hermanos, de 13 y 9 a\u00f1os, fueron rescatados por la Patrulla Fronteriza de un islote en el R\u00edo Bravo, entre Piedras Negras, Coahuila, y Eagle Pass, Texas. PROCESO CIUDAD &hellip; <a href=\"https:\/\/www.grieta.org.mx\/index.php\/2020\/10\/22\/traficantes-de-personas-abandonan-a-dos-menores-hondurenos-en-el-rio-bravo-coahuila\/\" class=\"more-link\">Leer m\u00e1s<\/a><\/p>\n","protected":false},"author":2,"featured_media":54505,"comment_status":"closed","ping_status":"closed","sticky":false,"template":"","format":"standard","meta":{"ngg_post_thumbnail":0,"_jetpack_newsletter_access":"","_jetpack_dont_email_post_to_subs":false,"_jetpack_newsletter_tier_id":0,"_jetpack_memberships_contains_paywalled_content":false,"_jetpack_memberships_contains_paid_content":false,"footnotes":""},"categories":[80,419,1827,86,1390,2,83],"tags":[158,3464,2169],"class_list":["post-54504","post","type-post","status-publish","format-standard","has-post-thumbnail","hentry","category-cintillo","category-coahuila","category-la-ninez-en-la-tormenta-capitalista","category-migrantes","category-migrantes-en-coahuila","category-noticias-nacionales","category-temas-nacionales","tag-migrantes","tag-ninos","tag-trafico-de-personas","entry"],"jetpack_featured_media_url":"https:\/\/www.grieta.org.mx\/wp-content\/uploads\/2020\/10\/ninos-migrantes.jpg","jetpack_sharing_enabled":true,"jetpack_shortlink":"https:\/\/wp.me\/p7ZJR4-eb6","jetpack_likes_enabled":false,"jetpack-related-posts":[{"id":61816,"url":"https:\/\/www.grieta.org.mx\/index.php\/2021\/09\/19\/bloquean-llegada-de-mas-migrantes-a-piedras-negras-coahuila\/","url_meta":{"origin":54504,"position":0},"title":"Bloquean llegada de m\u00e1s migrantes a Piedras Negras (Coahuila)","author":"grieta","date":"19 septiembre, 2021","format":false,"excerpt":"Josu\u00e9 Rodr\u00edguez\/ VANGUARDIA MX Indocumentados arribaron a PN e intentaron burlar a polic\u00edas y agentes de migraci\u00f3n para buscar quedarse en la ciudad PIEDRAS NEGRAS.- El alcalde de Piedras Negras, Claudio Bres Garza, relat\u00f3 que, migrantes que buscaban ingresar a Piedras Negras, se bajaron de un transporte for\u00e1neo y se\u2026","rel":"","context":"En &quot;CINTILLO&quot;","block_context":{"text":"CINTILLO","link":"https:\/\/www.grieta.org.mx\/index.php\/category\/cintillo\/"},"img":{"alt_text":"","src":"https:\/\/i0.wp.com\/www.grieta.org.mx\/wp-content\/uploads\/2021\/09\/Mig16_1-268158_20210919085434.jpg?resize=350%2C200&ssl=1","width":350,"height":200,"srcset":"https:\/\/i0.wp.com\/www.grieta.org.mx\/wp-content\/uploads\/2021\/09\/Mig16_1-268158_20210919085434.jpg?resize=350%2C200&ssl=1 1x, https:\/\/i0.wp.com\/www.grieta.org.mx\/wp-content\/uploads\/2021\/09\/Mig16_1-268158_20210919085434.jpg?resize=525%2C300&ssl=1 1.5x, https:\/\/i0.wp.com\/www.grieta.org.mx\/wp-content\/uploads\/2021\/09\/Mig16_1-268158_20210919085434.jpg?resize=700%2C400&ssl=1 2x"},"classes":[]},{"id":70299,"url":"https:\/\/www.grieta.org.mx\/index.php\/2024\/10\/05\/suman-60-desaparecidos-en-contexto-de-migracion-que-atiende-famun-piedras-negras-coahuila\/","url_meta":{"origin":54504,"position":1},"title":"Suman 60 desaparecidos en contexto de migraci\u00f3n que atiende FAMUN (Piedras Negras, Coahuila)","author":"grieta","date":"5 octubre, 2024","format":false,"excerpt":"Ren\u00e9 Arellano\/El SIglo de Torre\u00f3n \u00a0 Desde el a\u00f1o 2021 y hasta la fecha, suman 60 los casos de personas desaparecidas en condici\u00f3n de migraci\u00f3n y que son atendidos por la asociaci\u00f3n civil Familias Unidas en la B\u00fasqueda y Localizaci\u00f3n de Personas Desaparecidas (FAMUN) de Piedras Negras. Juan Humberto Morales,\u2026","rel":"","context":"En &quot;CINTILLO&quot;","block_context":{"text":"CINTILLO","link":"https:\/\/www.grieta.org.mx\/index.php\/category\/cintillo\/"},"img":{"alt_text":"","src":"https:\/\/i0.wp.com\/www.grieta.org.mx\/wp-content\/uploads\/2018\/03\/14524434_1106112876131411_958039263622046936_o.jpg?resize=350%2C200&ssl=1","width":350,"height":200,"srcset":"https:\/\/i0.wp.com\/www.grieta.org.mx\/wp-content\/uploads\/2018\/03\/14524434_1106112876131411_958039263622046936_o.jpg?resize=350%2C200&ssl=1 1x, https:\/\/i0.wp.com\/www.grieta.org.mx\/wp-content\/uploads\/2018\/03\/14524434_1106112876131411_958039263622046936_o.jpg?resize=525%2C300&ssl=1 1.5x, https:\/\/i0.wp.com\/www.grieta.org.mx\/wp-content\/uploads\/2018\/03\/14524434_1106112876131411_958039263622046936_o.jpg?resize=700%2C400&ssl=1 2x"},"classes":[]},{"id":53458,"url":"https:\/\/www.grieta.org.mx\/index.php\/2020\/09\/18\/confirman-la-reapertura-albergue-para-migrantes-en-piedras-negras-coahuila\/","url_meta":{"origin":54504,"position":2},"title":"Confirman la reapertura albergue para migrantes en Piedras Negras (Coahuila)","author":"grieta","date":"18 septiembre, 2020","format":false,"excerpt":"Josu\u00e9 Rodrpiguez\/ VANGUARDIA MX La direcci\u00f3n explic\u00f3 que la reapertura es justo a tiempo, pues durante los meses de septiembre, octubre y noviembre es cuando m\u00e1s se registra una mayor cantidad de menores migrantes} Piedras Negras, Coah.-El albergue para menores migrantes Casa YMCA, anuncio el reinicio de sus actividades, luego\u2026","rel":"","context":"En &quot;CINTILLO&quot;","block_context":{"text":"CINTILLO","link":"https:\/\/www.grieta.org.mx\/index.php\/category\/cintillo\/"},"img":{"alt_text":"","src":"https:\/\/i0.wp.com\/www.grieta.org.mx\/wp-content\/uploads\/2020\/09\/albergue.jpg?resize=350%2C200&ssl=1","width":350,"height":200,"srcset":"https:\/\/i0.wp.com\/www.grieta.org.mx\/wp-content\/uploads\/2020\/09\/albergue.jpg?resize=350%2C200&ssl=1 1x, https:\/\/i0.wp.com\/www.grieta.org.mx\/wp-content\/uploads\/2020\/09\/albergue.jpg?resize=525%2C300&ssl=1 1.5x, https:\/\/i0.wp.com\/www.grieta.org.mx\/wp-content\/uploads\/2020\/09\/albergue.jpg?resize=700%2C400&ssl=1 2x"},"classes":[]},{"id":24152,"url":"https:\/\/www.grieta.org.mx\/index.php\/2018\/04\/11\/detencion-de-migrantes-genera-xenofobia-en-piedras-negras-coahuila\/","url_meta":{"origin":54504,"position":3},"title":"Detenci\u00f3n de migrantes genera xenofobia en Piedras Negras (Coahuila)","author":"grieta","date":"11 abril, 2018","format":false,"excerpt":"Ren\u00e9 Arellano\/EL SIGLO DE TORRE\u00d3N La detenci\u00f3n de tres centroamericanos indocumentados en la zona Centro de Piedras Negras, por elementos de la Polic\u00eda Preventiva municipal, es una acci\u00f3n que violenta los Derechos Humanos de los migrantes y una acci\u00f3n que no le compete a dicha corporaci\u00f3n polic\u00edaca, adem\u00e1s de genera\u2026","rel":"","context":"En &quot;CINTILLO&quot;","block_context":{"text":"CINTILLO","link":"https:\/\/www.grieta.org.mx\/index.php\/category\/cintillo\/"},"img":{"alt_text":"","src":"https:\/\/i0.wp.com\/www.grieta.org.mx\/wp-content\/uploads\/2018\/03\/14524434_1106112876131411_958039263622046936_o.jpg?resize=350%2C200&ssl=1","width":350,"height":200,"srcset":"https:\/\/i0.wp.com\/www.grieta.org.mx\/wp-content\/uploads\/2018\/03\/14524434_1106112876131411_958039263622046936_o.jpg?resize=350%2C200&ssl=1 1x, https:\/\/i0.wp.com\/www.grieta.org.mx\/wp-content\/uploads\/2018\/03\/14524434_1106112876131411_958039263622046936_o.jpg?resize=525%2C300&ssl=1 1.5x, https:\/\/i0.wp.com\/www.grieta.org.mx\/wp-content\/uploads\/2018\/03\/14524434_1106112876131411_958039263622046936_o.jpg?resize=700%2C400&ssl=1 2x"},"classes":[]},{"id":64843,"url":"https:\/\/www.grieta.org.mx\/index.php\/2022\/08\/19\/migrantes-denuncian-que-personal-de-enlace-municipal-de-piedras-negras-los-detuvieron-con-lujo-de-violencia-coahuila\/","url_meta":{"origin":54504,"position":4},"title":"Migrantes denuncian que personal de \u2018Enlace Municipal\u2019 de Piedras Negras los detuvieron con lujo de violencia (Coahuila)","author":"grieta","date":"19 agosto, 2022","format":false,"excerpt":"EL\u00a0 SIGLO DE TORRE\u00d3N\/ Miguel Sagnelli Esta situaci\u00f3n ha sido expuesta varias veces, incluso despu\u00e9s de que estas actividades parecen rebasar su jurisdicci\u00f3n El d\u00eda de ayer en Piedras Negras fue evidenciada en video, la detenci\u00f3n de un migrante por parte del personal de \u2018Enlace Municipal\u2019 con lujo de violencia.\u2026","rel":"","context":"En &quot;CINTILLO&quot;","block_context":{"text":"CINTILLO","link":"https:\/\/www.grieta.org.mx\/index.php\/category\/cintillo\/"},"img":{"alt_text":"","src":"https:\/\/i0.wp.com\/www.grieta.org.mx\/wp-content\/uploads\/2022\/08\/isabel-mateos-cuartoscuro-1568x882_1-2839533_20220819133938.jpg?resize=350%2C200&ssl=1","width":350,"height":200,"srcset":"https:\/\/i0.wp.com\/www.grieta.org.mx\/wp-content\/uploads\/2022\/08\/isabel-mateos-cuartoscuro-1568x882_1-2839533_20220819133938.jpg?resize=350%2C200&ssl=1 1x, https:\/\/i0.wp.com\/www.grieta.org.mx\/wp-content\/uploads\/2022\/08\/isabel-mateos-cuartoscuro-1568x882_1-2839533_20220819133938.jpg?resize=525%2C300&ssl=1 1.5x, https:\/\/i0.wp.com\/www.grieta.org.mx\/wp-content\/uploads\/2022\/08\/isabel-mateos-cuartoscuro-1568x882_1-2839533_20220819133938.jpg?resize=700%2C400&ssl=1 2x, https:\/\/i0.wp.com\/www.grieta.org.mx\/wp-content\/uploads\/2022\/08\/isabel-mateos-cuartoscuro-1568x882_1-2839533_20220819133938.jpg?resize=1050%2C600&ssl=1 3x"},"classes":[]},{"id":60112,"url":"https:\/\/www.grieta.org.mx\/index.php\/2021\/06\/19\/masacre-de-allende-coahuila-el-silencio-del-general\/","url_meta":{"origin":54504,"position":5},"title":"Masacre de Allende (Coahuila): el silencio del general","author":"grieta","date":"19 junio, 2021","format":false,"excerpt":"Documentos de la Sedena confirman que los comandantes de la Sexta Zona Militar y de la Guarnici\u00f3n de Piedras Negras, bajo el mando del general Luis Cresencio Sandoval, fueron informados sobre los asesinatos masivos de Los Zetas en Allende y otros municipios del norte de Coahuila, y no hicieron nada.\u2026","rel":"","context":"En &quot;CINTILLO&quot;","block_context":{"text":"CINTILLO","link":"https:\/\/www.grieta.org.mx\/index.php\/category\/cintillo\/"},"img":{"alt_text":"","src":"https:\/\/i0.wp.com\/www.grieta.org.mx\/wp-content\/uploads\/2021\/06\/SDN137306.jpg?resize=350%2C200&ssl=1","width":350,"height":200,"srcset":"https:\/\/i0.wp.com\/www.grieta.org.mx\/wp-content\/uploads\/2021\/06\/SDN137306.jpg?resize=350%2C200&ssl=1 1x, https:\/\/i0.wp.com\/www.grieta.org.mx\/wp-content\/uploads\/2021\/06\/SDN137306.jpg?resize=525%2C300&ssl=1 1.5x, https:\/\/i0.wp.com\/www.grieta.org.mx\/wp-content\/uploads\/2021\/06\/SDN137306.jpg?resize=700%2C400&ssl=1 2x, https:\/\/i0.wp.com\/www.grieta.org.mx\/wp-content\/uploads\/2021\/06\/SDN137306.jpg?resize=1050%2C600&ssl=1 3x, https:\/\/i0.wp.com\/www.grieta.org.mx\/wp-content\/uploads\/2021\/06\/SDN137306.jpg?resize=1400%2C800&ssl=1 4x"},"classes":[]}],"_links":{"self":[{"href":"https:\/\/www.grieta.org.mx\/index.php\/wp-json\/wp\/v2\/posts\/54504","targetHints":{"allow":["GET"]}}],"collection":[{"href":"https:\/\/www.grieta.org.mx\/index.php\/wp-json\/wp\/v2\/posts"}],"about":[{"href":"https:\/\/www.grieta.org.mx\/index.php\/wp-json\/wp\/v2\/types\/post"}],"author":[{"embeddable":true,"href":"https:\/\/www.grieta.org.mx\/index.php\/wp-json\/wp\/v2\/users\/2"}],"replies":[{"embeddable":true,"href":"https:\/\/www.grieta.org.mx\/index.php\/wp-json\/wp\/v2\/comments?post=54504"}],"version-history":[{"count":1,"href":"https:\/\/www.grieta.org.mx\/index.php\/wp-json\/wp\/v2\/posts\/54504\/revisions"}],"predecessor-version":[{"id":54506,"href":"https:\/\/www.grieta.org.mx\/index.php\/wp-json\/wp\/v2\/posts\/54504\/revisions\/54506"}],"wp:featuredmedia":[{"embeddable":true,"href":"https:\/\/www.grieta.org.mx\/index.php\/wp-json\/wp\/v2\/media\/54505"}],"wp:attachment":[{"href":"https:\/\/www.grieta.org.mx\/index.php\/wp-json\/wp\/v2\/media?parent=54504"}],"wp:term":[{"taxonomy":"category","embeddable":true,"href":"https:\/\/www.grieta.org.mx\/index.php\/wp-json\/wp\/v2\/categories?post=54504"},{"taxonomy":"post_tag","embeddable":true,"href":"https:\/\/www.grieta.org.mx\/index.php\/wp-json\/wp\/v2\/tags?post=54504"}],"curies":[{"name":"wp","href":"https:\/\/api.w.org\/{rel}","templated":true}]}}