{"id":54436,"date":"2020-09-07T13:50:25","date_gmt":"2020-09-07T18:50:25","guid":{"rendered":"http:\/\/www.grieta.org.mx\/?p=54436"},"modified":"2020-10-25T14:07:09","modified_gmt":"2020-10-25T20:07:09","slug":"estallan-a-huelga-trabajadores-afectados-de-la-empresa-challenger-san-luis-potosi","status":"publish","type":"post","link":"https:\/\/www.grieta.org.mx\/index.php\/2020\/09\/07\/estallan-a-huelga-trabajadores-afectados-de-la-empresa-challenger-san-luis-potosi\/","title":{"rendered":"Estallan a huelga trabajadores afectados de la empresa Challenger (San Luis Potos\u00ed)"},"content":{"rendered":"<p>Daniela Aranda\/El Sol de San Luis<br \/>\n7 septiembre 2020<\/p>\n<h3 class=\"subtitle\">Desde diciembre de 2019 no les han pagado su aguinaldo y fondo de ahorro, adem\u00e1s a partir de enero de este a\u00f1o les han dejando de pagar su salario, pues la empresa se declar\u00f3 en quiebra<\/h3>\n<p><img loading=\"lazy\" decoding=\"async\" data-attachment-id=\"54438\" data-permalink=\"https:\/\/www.grieta.org.mx\/index.php\/2020\/09\/07\/estallan-a-huelga-trabajadores-afectados-de-la-empresa-challenger-san-luis-potosi\/huelga-2\/\" data-orig-file=\"https:\/\/www.grieta.org.mx\/wp-content\/uploads\/2020\/10\/huelga.jpg\" data-orig-size=\"768,479\" data-comments-opened=\"0\" data-image-meta=\"{&quot;aperture&quot;:&quot;0&quot;,&quot;credit&quot;:&quot;&quot;,&quot;camera&quot;:&quot;&quot;,&quot;caption&quot;:&quot;&quot;,&quot;created_timestamp&quot;:&quot;0&quot;,&quot;copyright&quot;:&quot;&quot;,&quot;focal_length&quot;:&quot;0&quot;,&quot;iso&quot;:&quot;0&quot;,&quot;shutter_speed&quot;:&quot;0&quot;,&quot;title&quot;:&quot;&quot;,&quot;orientation&quot;:&quot;0&quot;}\" data-image-title=\"huelga\" data-image-description=\"\" data-image-caption=\"\" data-medium-file=\"https:\/\/www.grieta.org.mx\/wp-content\/uploads\/2020\/10\/huelga-300x187.jpg\" data-large-file=\"https:\/\/www.grieta.org.mx\/wp-content\/uploads\/2020\/10\/huelga.jpg\" class=\"alignnone size-full wp-image-54438\" src=\"http:\/\/www.grieta.org.mx\/wp-content\/uploads\/2020\/10\/huelga.jpg\" alt=\"\" width=\"768\" height=\"479\" srcset=\"https:\/\/www.grieta.org.mx\/wp-content\/uploads\/2020\/10\/huelga.jpg 768w, https:\/\/www.grieta.org.mx\/wp-content\/uploads\/2020\/10\/huelga-300x187.jpg 300w\" sizes=\"auto, (max-width: 768px) 100vw, 768px\" \/><\/p>\n<p>Tras haber denunciado que la empresa Challenger Fabrication and Distribution de M\u00e9xico incumpli\u00f3 con el pago de salarios, aguinaldo y fondo de ahorro que afect\u00f3 a 13 de sus trabajadores, en diciembre de 2019, por fin se logr\u00f3 el estallamiento a huelga por parte de estos.<\/p>\n<p>De acuerdo con testimonios de los mismos afectados, la empresa los mand\u00f3 de vacaciones en diciembre, y al regresar a sus labores se dieron cuenta de que la planta hab\u00eda cerrado; denunciaron que el gerente de la empresa, de nombre Francisco Alejandro Hern\u00e1ndez Torres, los dej\u00f3 sin ingresos econ\u00f3micos porque no les han pagado sus sueldos desde enero de este a\u00f1o, incluso hasta se qued\u00f3 con el fondo de ahorro que les correspond\u00eda, de acuerdo a lo aportado durante el 2019.<\/p>\n<p>Explicaron desde enero hasta el pasado 02 de septiembre, se realizaron varias audiencias donde se tuvieron pl\u00e1ticas para conciliar, las cuales no generaron ning\u00fan acuerdo o convenio, debido a que la empresa mostr\u00f3 poca disposici\u00f3n en la \u00faltima audiencia, que se llev\u00f3 a cabo el pasado viernes 04 de septiembre, por lo que se ratific\u00f3 ante la Junta Federal de Conciliaci\u00f3n y Arbitraje el estallamiento a huelga, el cual se realiz\u00f3 ante la presencia de un notario p\u00fablico, y donde los trabajadores colocaron banderas rojinegras en las puertas de la planta.<\/p>\n<div class=\"fb-video\" data-allowfullscreen=\"true\" data-href=\"https:\/\/www.facebook.com\/watch\/?v=607488033217682\" style=\"background-color: #fff; display: inline-block;\"><\/div>\n<p>Los empleados afectados se han apoyado por el Sindicato de Trabajadores de la Industria Metal Mec\u00e1nica Automotriz (SITIMM) y solicitaron la intervenci\u00f3n del Gobierno del Estado, a trav\u00e9s de la Secretar\u00eda del Trabajo y Previsi\u00f3n Social Estatal (STPS), pues les interesa recuperar sus sueldos y prestaciones, as\u00ed como sus empleos, sin embargo la empresa se ha declarado en quiebra desde que inici\u00f3 el a\u00f1o.<\/p>\n<p><a href=\"https:\/\/www.elsoldesanluis.com.mx\/local\/video-estallan-a-huelga-trabajadores-afectados-de-la-empresa-challenger-5728534.html\" rel=\"noopener noreferrer\" target=\"_blank\">https:\/\/www.elsoldesanluis.com.mx\/local\/video-estallan-a-huelga-trabajadores-afectados-de-la-empresa-challenger-5728534.html<\/a><\/p>\n","protected":false},"excerpt":{"rendered":"<p>Daniela Aranda\/El Sol de San Luis 7 septiembre 2020 Desde diciembre de 2019 no les han pagado su aguinaldo y fondo de ahorro, adem\u00e1s a partir de enero de este &hellip; <a href=\"https:\/\/www.grieta.org.mx\/index.php\/2020\/09\/07\/estallan-a-huelga-trabajadores-afectados-de-la-empresa-challenger-san-luis-potosi\/\" class=\"more-link\">Leer m\u00e1s<\/a><\/p>\n","protected":false},"author":2,"featured_media":54438,"comment_status":"closed","ping_status":"closed","sticky":false,"template":"","format":"standard","meta":{"ngg_post_thumbnail":0,"_jetpack_newsletter_access":"","_jetpack_dont_email_post_to_subs":false,"_jetpack_newsletter_tier_id":0,"_jetpack_memberships_contains_paywalled_content":false,"_jetpack_memberships_contains_paid_content":false,"footnotes":""},"categories":[80,910,1273,2,29,83],"tags":[2841,1082,104],"class_list":["post-54436","post","type-post","status-publish","format-standard","has-post-thumbnail","hentry","category-cintillo","category-explotacion-y-precariedad-laboral","category-explotacion-y-precariedad-laboral-en-san-luis-potosi","category-noticias-nacionales","category-san-luis-potosi","category-temas-nacionales","tag-explotacion-y-precariedad-laboral","tag-falta-de-pagos","tag-huelga","entry"],"jetpack_featured_media_url":"https:\/\/www.grieta.org.mx\/wp-content\/uploads\/2020\/10\/huelga.jpg","jetpack_sharing_enabled":true,"jetpack_shortlink":"https:\/\/wp.me\/p7ZJR4-ea0","jetpack_likes_enabled":false,"jetpack-related-posts":[{"id":55014,"url":"https:\/\/www.grieta.org.mx\/index.php\/2020\/11\/12\/trabajadores-del-canal-13-de-san-luis-potosi-estallan-huelga-por-adeudo-salarial\/","url_meta":{"origin":54436,"position":0},"title":"Trabajadores del Canal 13 de San Luis Potos\u00ed estallan huelga por adeudo salarial","author":"grieta","date":"12 noviembre, 2020","format":false,"excerpt":"Felipe C\u00e1rdenas\/El Sol de San Luis 12 noviembre 2020 Luego de 25 a\u00f1os de transmitir ininterrumpidamente la se\u00f1al de televisora potosina Canal 13 se apag\u00f3 debido a un estallamiento de huelga por adeudos salariales a la plantilla laboral. El estallamiento de huelga lo encabez\u00f3 el l\u00edder local del Sitatyr, Diego\u2026","rel":"","context":"En &quot;CINTILLO&quot;","block_context":{"text":"CINTILLO","link":"https:\/\/www.grieta.org.mx\/index.php\/category\/cintillo\/"},"img":{"alt_text":"","src":"https:\/\/i0.wp.com\/www.grieta.org.mx\/wp-content\/uploads\/2020\/11\/El-lider-del-Sitatyr-en-SLP-estallo%CC%81-la-huelga.jpg?resize=350%2C200&ssl=1","width":350,"height":200,"srcset":"https:\/\/i0.wp.com\/www.grieta.org.mx\/wp-content\/uploads\/2020\/11\/El-lider-del-Sitatyr-en-SLP-estallo%CC%81-la-huelga.jpg?resize=350%2C200&ssl=1 1x, https:\/\/i0.wp.com\/www.grieta.org.mx\/wp-content\/uploads\/2020\/11\/El-lider-del-Sitatyr-en-SLP-estallo%CC%81-la-huelga.jpg?resize=525%2C300&ssl=1 1.5x, https:\/\/i0.wp.com\/www.grieta.org.mx\/wp-content\/uploads\/2020\/11\/El-lider-del-Sitatyr-en-SLP-estallo%CC%81-la-huelga.jpg?resize=700%2C400&ssl=1 2x"},"classes":[]},{"id":34333,"url":"https:\/\/www.grieta.org.mx\/index.php\/2019\/05\/24\/con-nuevo-organismo-de-agua-sindicato-perdera-prestaciones-san-luis-potosi\/","url_meta":{"origin":54436,"position":1},"title":"Con nuevo organismo de agua, sindicato perder\u00e1 prestaciones (San Luis Potos\u00ed)","author":"grieta","date":"24 mayo, 2019","format":false,"excerpt":"El Sol de San Luis Es importante que las autoridades analicen bien la declaratoria de quiebra de DAPA Si se crea nuevo organismo de agua, los sindicalizados perder\u00e1n todas las prestaciones que han logrado, por lo que es importante que las autoridades analicen bien la declaratoria de quiebra de DAPA,\u2026","rel":"","context":"En &quot;CINTILLO&quot;","block_context":{"text":"CINTILLO","link":"https:\/\/www.grieta.org.mx\/index.php\/category\/cintillo\/"},"img":{"alt_text":"","src":"https:\/\/i0.wp.com\/www.grieta.org.mx\/wp-content\/uploads\/2019\/06\/Con-nuevo-organismo-de-agua-sindicato-perder%C3%A1-prestaciones-slp-jun.jpg?resize=350%2C200&ssl=1","width":350,"height":200,"srcset":"https:\/\/i0.wp.com\/www.grieta.org.mx\/wp-content\/uploads\/2019\/06\/Con-nuevo-organismo-de-agua-sindicato-perder%C3%A1-prestaciones-slp-jun.jpg?resize=350%2C200&ssl=1 1x, https:\/\/i0.wp.com\/www.grieta.org.mx\/wp-content\/uploads\/2019\/06\/Con-nuevo-organismo-de-agua-sindicato-perder%C3%A1-prestaciones-slp-jun.jpg?resize=525%2C300&ssl=1 1.5x, https:\/\/i0.wp.com\/www.grieta.org.mx\/wp-content\/uploads\/2019\/06\/Con-nuevo-organismo-de-agua-sindicato-perder%C3%A1-prestaciones-slp-jun.jpg?resize=700%2C400&ssl=1 2x"},"classes":[]},{"id":29536,"url":"https:\/\/www.grieta.org.mx\/index.php\/2019\/02\/24\/profesores-de-inea-denuncian-falta-de-pago-san-luis-potosi\/","url_meta":{"origin":54436,"position":2},"title":"Profesores de INEA denuncian falta de pago (San Luis Potos\u00ed)","author":"grieta","date":"24 febrero, 2019","format":false,"excerpt":"Paola De la Rosa \/ Plano Informativo Los maestros afectados son de municipios como Charcas, Venado, Matehuala, Tamazunchale, la capital entre otros, quienes est\u00e1n trabajando bajo protesta. San Luis Potos\u00ed, SLP.- La secretaria general del Sindicato de Instituto Estatal de Educaci\u00f3n para Adultos (INEA), Gabriela L\u00f3pez Andrade denunci\u00f3 que un\u2026","rel":"","context":"En &quot;CINTILLO&quot;","block_context":{"text":"CINTILLO","link":"https:\/\/www.grieta.org.mx\/index.php\/category\/cintillo\/"},"img":{"alt_text":"","src":"https:\/\/i0.wp.com\/www.grieta.org.mx\/wp-content\/uploads\/2019\/02\/Profesores-de-INEA-denuncian-falta-de-pago-slp-feb.jpg?resize=350%2C200&ssl=1","width":350,"height":200,"srcset":"https:\/\/i0.wp.com\/www.grieta.org.mx\/wp-content\/uploads\/2019\/02\/Profesores-de-INEA-denuncian-falta-de-pago-slp-feb.jpg?resize=350%2C200&ssl=1 1x, https:\/\/i0.wp.com\/www.grieta.org.mx\/wp-content\/uploads\/2019\/02\/Profesores-de-INEA-denuncian-falta-de-pago-slp-feb.jpg?resize=525%2C300&ssl=1 1.5x"},"classes":[]},{"id":31993,"url":"https:\/\/www.grieta.org.mx\/index.php\/2019\/04\/09\/privan-de-libertad-a-trabajadores-san-luis-potosi\/","url_meta":{"origin":54436,"position":3},"title":"Privan de libertad a trabajadores (San Luis Potos\u00ed)","author":"grieta","date":"9 abril, 2019","format":false,"excerpt":"Jos\u00e9 Luis Mart\u00ednez Castro \/ El Sol de San Luis Denuncian acoso y violaci\u00f3n a sus derechos laborales y humanos, tras represi\u00f3n por protestas contra empresa ganadera Posterior a que trabajadores de Praderas Huastecas fueron privados de su libertad por parte de la empresa, para obligarlos a firmar una \u201cacta\u2026","rel":"","context":"En &quot;CINTILLO&quot;","block_context":{"text":"CINTILLO","link":"https:\/\/www.grieta.org.mx\/index.php\/category\/cintillo\/"},"img":{"alt_text":"","src":"https:\/\/i0.wp.com\/www.grieta.org.mx\/wp-content\/uploads\/2019\/04\/Privan-de-libertad-a-trabajadores-slp-abr.jpg?resize=350%2C200&ssl=1","width":350,"height":200,"srcset":"https:\/\/i0.wp.com\/www.grieta.org.mx\/wp-content\/uploads\/2019\/04\/Privan-de-libertad-a-trabajadores-slp-abr.jpg?resize=350%2C200&ssl=1 1x, https:\/\/i0.wp.com\/www.grieta.org.mx\/wp-content\/uploads\/2019\/04\/Privan-de-libertad-a-trabajadores-slp-abr.jpg?resize=525%2C300&ssl=1 1.5x, https:\/\/i0.wp.com\/www.grieta.org.mx\/wp-content\/uploads\/2019\/04\/Privan-de-libertad-a-trabajadores-slp-abr.jpg?resize=700%2C400&ssl=1 2x"},"classes":[]},{"id":33100,"url":"https:\/\/www.grieta.org.mx\/index.php\/2019\/05\/02\/trabajadores-del-parque-tangamanga-reclaman-salario-san-luis-potosi\/","url_meta":{"origin":54436,"position":4},"title":"Trabajadores del Parque Tangamanga reclaman salario (San Luis Potos\u00ed)","author":"grieta","date":"2 mayo, 2019","format":false,"excerpt":"Plano Informativo Hay una presunta retenci\u00f3n del salario correspondiente a la segunda quincena del mes de abril y por la falta de seguridad social. San Luis Potos\u00ed, SLP.- Trabajadores de los parques Tangamanga I y II, se manifestaron al exterior del Palacio del Gobierno del Estado, por la presunta retenci\u00f3n\u2026","rel":"","context":"En &quot;CINTILLO&quot;","block_context":{"text":"CINTILLO","link":"https:\/\/www.grieta.org.mx\/index.php\/category\/cintillo\/"},"img":{"alt_text":"","src":"https:\/\/i0.wp.com\/www.grieta.org.mx\/wp-content\/uploads\/2019\/05\/Trabajadores-del-Parque-Tangamanga-reclaman-salario-slp-may.jpg?resize=350%2C200&ssl=1","width":350,"height":200,"srcset":"https:\/\/i0.wp.com\/www.grieta.org.mx\/wp-content\/uploads\/2019\/05\/Trabajadores-del-Parque-Tangamanga-reclaman-salario-slp-may.jpg?resize=350%2C200&ssl=1 1x, https:\/\/i0.wp.com\/www.grieta.org.mx\/wp-content\/uploads\/2019\/05\/Trabajadores-del-Parque-Tangamanga-reclaman-salario-slp-may.jpg?resize=525%2C300&ssl=1 1.5x, https:\/\/i0.wp.com\/www.grieta.org.mx\/wp-content\/uploads\/2019\/05\/Trabajadores-del-Parque-Tangamanga-reclaman-salario-slp-may.jpg?resize=700%2C400&ssl=1 2x, https:\/\/i0.wp.com\/www.grieta.org.mx\/wp-content\/uploads\/2019\/05\/Trabajadores-del-Parque-Tangamanga-reclaman-salario-slp-may.jpg?resize=1050%2C600&ssl=1 3x"},"classes":[]},{"id":35746,"url":"https:\/\/www.grieta.org.mx\/index.php\/2019\/07\/02\/empleados-de-cervecera-paran-labores-denuncian-bajos-sueldos-y-largas-jornadas-laborales-san-luis-potosi\/","url_meta":{"origin":54436,"position":5},"title":"Empleados de cervecera paran labores; denuncian bajos sueldos y largas jornadas laborales (San Luis Potos\u00ed)","author":"grieta","date":"2 julio, 2019","format":false,"excerpt":"Fotograf\u00eda: Pulso Imelda Hern\u00e1ndez \/ Pulso Alrededor de 250 empleados de la empresa Cervera Corona, ubicada en el Anillo Perif\u00e9rico iniciaron un paro de labores por tiempo indefinido, como protesta por los bajos salarios que perciben y la extensi\u00f3n en su horario de trabajo, el cual no se compensa econ\u00f3micamente.\u2026","rel":"","context":"En &quot;CINTILLO&quot;","block_context":{"text":"CINTILLO","link":"https:\/\/www.grieta.org.mx\/index.php\/category\/cintillo\/"},"img":{"alt_text":"","src":"https:\/\/i0.wp.com\/www.grieta.org.mx\/wp-content\/uploads\/2019\/07\/Empleados-de-cervecera-paran-labores-denuncian-bajos-sueldos-y-largas-jornadas-laborales-slp-jul.jpg?resize=350%2C200&ssl=1","width":350,"height":200,"srcset":"https:\/\/i0.wp.com\/www.grieta.org.mx\/wp-content\/uploads\/2019\/07\/Empleados-de-cervecera-paran-labores-denuncian-bajos-sueldos-y-largas-jornadas-laborales-slp-jul.jpg?resize=350%2C200&ssl=1 1x, https:\/\/i0.wp.com\/www.grieta.org.mx\/wp-content\/uploads\/2019\/07\/Empleados-de-cervecera-paran-labores-denuncian-bajos-sueldos-y-largas-jornadas-laborales-slp-jul.jpg?resize=525%2C300&ssl=1 1.5x"},"classes":[]}],"_links":{"self":[{"href":"https:\/\/www.grieta.org.mx\/index.php\/wp-json\/wp\/v2\/posts\/54436","targetHints":{"allow":["GET"]}}],"collection":[{"href":"https:\/\/www.grieta.org.mx\/index.php\/wp-json\/wp\/v2\/posts"}],"about":[{"href":"https:\/\/www.grieta.org.mx\/index.php\/wp-json\/wp\/v2\/types\/post"}],"author":[{"embeddable":true,"href":"https:\/\/www.grieta.org.mx\/index.php\/wp-json\/wp\/v2\/users\/2"}],"replies":[{"embeddable":true,"href":"https:\/\/www.grieta.org.mx\/index.php\/wp-json\/wp\/v2\/comments?post=54436"}],"version-history":[{"count":1,"href":"https:\/\/www.grieta.org.mx\/index.php\/wp-json\/wp\/v2\/posts\/54436\/revisions"}],"predecessor-version":[{"id":54439,"href":"https:\/\/www.grieta.org.mx\/index.php\/wp-json\/wp\/v2\/posts\/54436\/revisions\/54439"}],"wp:featuredmedia":[{"embeddable":true,"href":"https:\/\/www.grieta.org.mx\/index.php\/wp-json\/wp\/v2\/media\/54438"}],"wp:attachment":[{"href":"https:\/\/www.grieta.org.mx\/index.php\/wp-json\/wp\/v2\/media?parent=54436"}],"wp:term":[{"taxonomy":"category","embeddable":true,"href":"https:\/\/www.grieta.org.mx\/index.php\/wp-json\/wp\/v2\/categories?post=54436"},{"taxonomy":"post_tag","embeddable":true,"href":"https:\/\/www.grieta.org.mx\/index.php\/wp-json\/wp\/v2\/tags?post=54436"}],"curies":[{"name":"wp","href":"https:\/\/api.w.org\/{rel}","templated":true}]}}