{"id":54430,"date":"2020-10-22T13:01:58","date_gmt":"2020-10-22T18:01:58","guid":{"rendered":"http:\/\/www.grieta.org.mx\/?p=54430"},"modified":"2020-10-25T13:16:45","modified_gmt":"2020-10-25T19:16:45","slug":"ex-trabajadores-del-seguro-popular-exigen-trabajar-jalisco","status":"publish","type":"post","link":"https:\/\/www.grieta.org.mx\/index.php\/2020\/10\/22\/ex-trabajadores-del-seguro-popular-exigen-trabajar-jalisco\/","title":{"rendered":"Ex trabajadores del Seguro Popular exigen trabajar (Jalisco)"},"content":{"rendered":"<p><img loading=\"lazy\" decoding=\"async\" data-attachment-id=\"54431\" data-permalink=\"https:\/\/www.grieta.org.mx\/index.php\/2020\/10\/22\/ex-trabajadores-del-seguro-popular-exigen-trabajar-jalisco\/ex-trabajadores-del-seguro-popular\/\" data-orig-file=\"https:\/\/www.grieta.org.mx\/wp-content\/uploads\/2020\/10\/Ex-trabajadores-del-Seguro-Popular.jpg\" data-orig-size=\"768,479\" data-comments-opened=\"0\" data-image-meta=\"{&quot;aperture&quot;:&quot;0&quot;,&quot;credit&quot;:&quot;&quot;,&quot;camera&quot;:&quot;&quot;,&quot;caption&quot;:&quot;&quot;,&quot;created_timestamp&quot;:&quot;0&quot;,&quot;copyright&quot;:&quot;&quot;,&quot;focal_length&quot;:&quot;0&quot;,&quot;iso&quot;:&quot;0&quot;,&quot;shutter_speed&quot;:&quot;0&quot;,&quot;title&quot;:&quot;&quot;,&quot;orientation&quot;:&quot;0&quot;}\" data-image-title=\"Ex trabajadores del Seguro Popular\" data-image-description=\"\" data-image-caption=\"\" data-medium-file=\"https:\/\/www.grieta.org.mx\/wp-content\/uploads\/2020\/10\/Ex-trabajadores-del-Seguro-Popular-300x187.jpg\" data-large-file=\"https:\/\/www.grieta.org.mx\/wp-content\/uploads\/2020\/10\/Ex-trabajadores-del-Seguro-Popular.jpg\" class=\" wp-image-54431 aligncenter\" src=\"http:\/\/www.grieta.org.mx\/wp-content\/uploads\/2020\/10\/Ex-trabajadores-del-Seguro-Popular.jpg\" alt=\"\" width=\"803\" height=\"501\" srcset=\"https:\/\/www.grieta.org.mx\/wp-content\/uploads\/2020\/10\/Ex-trabajadores-del-Seguro-Popular.jpg 768w, https:\/\/www.grieta.org.mx\/wp-content\/uploads\/2020\/10\/Ex-trabajadores-del-Seguro-Popular-300x187.jpg 300w\" sizes=\"auto, (max-width: 803px) 100vw, 803px\" \/><\/p>\n<p>Foto: Elizabeth R\u00edos<\/p>\n<p class=\"subtitle\">Pues desde marzo que se quedaron sin empleo les prometieron que se abrir\u00edan vacantes en el IMSS y eso no ha pasado<\/p>\n<p>Elizabeth R\u00edos \/ El Occidental<\/p>\n<p>Trabajadores del extinto Seguro Popular se manifestaron a las afueras de Palacio de Gobierno; exigieron al gobierno estatal les proporcionen espacios para trabajar, pues desde marzo que se quedaron sin empleo les prometieron que se abrir\u00edan vacantes en el IMSS y eso no ha pasado.<\/p>\n<p>Con pancartas y algunas consignas surgieron a una mesa de di\u00e1logo, pues son alrededor de 400 ex empleados a los que no liquidaron, aseguraron, y solo les dejaron sin trabajo ante la llegada del Insabi.<\/p>\n<p>Giovanna S\u00e1nchez, una de las manifestantes, explic\u00f3 que desde entonces muchos han tenido que buscar trabajos alternos para poder subsistir ante la pandemia, sin embargo, pugnaron porque se les respeten sus derechos laborales, ya que desde que desapareci\u00f3 el Seguro Popular tanto Gobierno Federal como el Estatal se avientan culpas sin darles soluciones.<\/p>\n<p>&#8220;Desde el lunes 2 de marzo ya no nos pudimos presentar a trabajar, luego de ello nos hablaron de una supuesta liquidaci\u00f3n o finiquito, que nos iban a hablar con el paso de los d\u00edas, pero solo le hablaron a seis compa\u00f1eros solamente en donde les indican que ya pod\u00edan pasar por su cheque. Fue un cheque de risa, no alcanzaba ni los 700 pesos&#8221;.<\/p>\n<p>Manifest\u00f3 que la mayor\u00eda de afectados pertenec\u00edan a las \u00e1reas de afiliaciones, aunque tambi\u00e9n hay personal de salud, con antig\u00fcedad de trabajo que va desde los 2 hasta los 12 a\u00f1os.<\/p>\n<p>Si bien expresaron que el tema del Insabi es un tema federal, explicaron que los recursos ya est\u00e1n en el estado por lo que el Gobierno de Jalisco puede hacerse cargo de las contrataciones prometidas.<\/p>\n<p>&#8220;La respuesta est\u00e1 en el aire, est\u00e1 en ellos que tengan la voluntad de responder. Exigimos que se hagan valer nuestros derechos, que respeten los acuerdos porque le hemos batallado, hemos buscado sustento todos los d\u00edas&#8221;.<\/p>\n<p><a href=\"https:\/\/www.eloccidental.com.mx\/local\/noticias-empleo-gobierno-imss-ex-trabajadores-del-seguro-popular-exigen-trabajar-5922246.html\">https:\/\/www.eloccidental.com.mx\/local\/noticias-empleo-gobierno-imss-ex-trabajadores-del-seguro-popular-exigen-trabajar-5922246.html<\/a><\/p>\n","protected":false},"excerpt":{"rendered":"<p>Foto: Elizabeth R\u00edos Pues desde marzo que se quedaron sin empleo les prometieron que se abrir\u00edan vacantes en el IMSS y eso no ha pasado Elizabeth R\u00edos \/ El Occidental &hellip; <a href=\"https:\/\/www.grieta.org.mx\/index.php\/2020\/10\/22\/ex-trabajadores-del-seguro-popular-exigen-trabajar-jalisco\/\" class=\"more-link\">Leer m\u00e1s<\/a><\/p>\n","protected":false},"author":2,"featured_media":54431,"comment_status":"closed","ping_status":"closed","sticky":false,"template":"","format":"standard","meta":{"ngg_post_thumbnail":0,"_jetpack_newsletter_access":"","_jetpack_dont_email_post_to_subs":false,"_jetpack_newsletter_tier_id":0,"_jetpack_memberships_contains_paywalled_content":false,"_jetpack_memberships_contains_paid_content":false,"footnotes":""},"categories":[80,910,3289,20,2,83],"tags":[105,1290,3275,3222],"class_list":["post-54430","post","type-post","status-publish","format-standard","has-post-thumbnail","hentry","category-cintillo","category-explotacion-y-precariedad-laboral","category-explotacion-y-precariedad-laboral-en-jalisco","category-jalisco","category-noticias-nacionales","category-temas-nacionales","tag-derechos-laborales","tag-precariedad-laboral","tag-protestas-de-trabajadores","tag-trabajo-precario","entry"],"jetpack_featured_media_url":"https:\/\/www.grieta.org.mx\/wp-content\/uploads\/2020\/10\/Ex-trabajadores-del-Seguro-Popular.jpg","jetpack_sharing_enabled":true,"jetpack_shortlink":"https:\/\/wp.me\/p7ZJR4-e9U","jetpack_likes_enabled":false,"jetpack-related-posts":[{"id":55898,"url":"https:\/\/www.grieta.org.mx\/index.php\/2020\/12\/14\/extrabajadores-del-sistecozome-exigen-los-liquiden-como-corresponde-jaisco\/","url_meta":{"origin":54430,"position":0},"title":"Extrabajadores del Sistecozome exigen los liquiden como corresponde (Jaisco)","author":"grieta","date":"14 diciembre, 2020","format":false,"excerpt":"Foto: Elizabeth R\u00edos Elizabeth R\u00edos \/ El Occidental Porque hasta el momento no les han dado lo que les toca, a pesar de que muchos de ellos tienen ganados juicios laborales, extrabajadores del extinto Sistema de Transporte Colectivo de la Zona Metropolitana (Sistecozome) se manifestaron para exigir los liquiden conforme\u2026","rel":"","context":"En &quot;CINTILLO&quot;","block_context":{"text":"CINTILLO","link":"https:\/\/www.grieta.org.mx\/index.php\/category\/cintillo\/"},"img":{"alt_text":"","src":"https:\/\/i0.wp.com\/www.grieta.org.mx\/wp-content\/uploads\/2020\/12\/Los-manifestantes.jpeg?resize=350%2C200&ssl=1","width":350,"height":200,"srcset":"https:\/\/i0.wp.com\/www.grieta.org.mx\/wp-content\/uploads\/2020\/12\/Los-manifestantes.jpeg?resize=350%2C200&ssl=1 1x, https:\/\/i0.wp.com\/www.grieta.org.mx\/wp-content\/uploads\/2020\/12\/Los-manifestantes.jpeg?resize=525%2C300&ssl=1 1.5x, https:\/\/i0.wp.com\/www.grieta.org.mx\/wp-content\/uploads\/2020\/12\/Los-manifestantes.jpeg?resize=700%2C400&ssl=1 2x"},"classes":[]},{"id":49675,"url":"https:\/\/www.grieta.org.mx\/index.php\/2020\/05\/17\/trabajadores-despedidos-de-sistecozome-tras-el-cierre-en-2017-exigen-laudos-jalisco\/","url_meta":{"origin":54430,"position":1},"title":"Trabajadores despedidos de Sistecozome tras el cierre en 2017 exigen laudos (Jalisco)","author":"grieta","date":"17 mayo, 2020","format":false,"excerpt":"Foto: Redes Sociales Los ex conductores exigen que antes de pagar las liquidaciones respectivas a los empleados de SyT, debe cumplirse con los pagos pendientes a los trabajadores despedidos del Sistecozome Ignacio P\u00e9rez Vega \/ UDGTV Luego de que el Congreso del Estado vot\u00f3 a favor de desaparecer a la\u2026","rel":"","context":"En &quot;CINTILLO&quot;","block_context":{"text":"CINTILLO","link":"https:\/\/www.grieta.org.mx\/index.php\/category\/cintillo\/"},"img":{"alt_text":"","src":"https:\/\/i0.wp.com\/www.grieta.org.mx\/wp-content\/uploads\/2020\/05\/Justicia-Sistecozome3-Ignacio-P%C3%A9rez-Vega.jpg?resize=350%2C200&ssl=1","width":350,"height":200,"srcset":"https:\/\/i0.wp.com\/www.grieta.org.mx\/wp-content\/uploads\/2020\/05\/Justicia-Sistecozome3-Ignacio-P%C3%A9rez-Vega.jpg?resize=350%2C200&ssl=1 1x, https:\/\/i0.wp.com\/www.grieta.org.mx\/wp-content\/uploads\/2020\/05\/Justicia-Sistecozome3-Ignacio-P%C3%A9rez-Vega.jpg?resize=525%2C300&ssl=1 1.5x, https:\/\/i0.wp.com\/www.grieta.org.mx\/wp-content\/uploads\/2020\/05\/Justicia-Sistecozome3-Ignacio-P%C3%A9rez-Vega.jpg?resize=700%2C400&ssl=1 2x"},"classes":[]},{"id":58835,"url":"https:\/\/www.grieta.org.mx\/index.php\/2021\/04\/13\/exigen-jubilados-y-trabajadores-en-activo-del-imss-que-se-les-regrese-el-ahorro-de-cesantia-y-vejez-jalisco\/","url_meta":{"origin":54430,"position":2},"title":"Exigen jubilados y trabajadores en activo del IMSS que se les regrese el ahorro de cesant\u00eda y vejez (Jalisco)","author":"grieta","date":"13 abril, 2021","format":false,"excerpt":"Foto: Aurelio Maga\u00f1a Rosario Bare\u00f1o \/ El Occidental Trabajadores en activo y jubilados del Instituto Mexicano del Seguro Social (IMSS) se manifestaron frente a Expo Guadalajara. En el lugar, se desarrolla la reuni\u00f3n del Consejo Nacional del Sindicato de Trabajadores del IMSS y l\u00edderes sindicales de seccionales, en la que\u2026","rel":"","context":"En &quot;CINTILLO&quot;","block_context":{"text":"CINTILLO","link":"https:\/\/www.grieta.org.mx\/index.php\/category\/cintillo\/"},"img":{"alt_text":"","src":"https:\/\/i0.wp.com\/www.grieta.org.mx\/wp-content\/uploads\/2021\/04\/Jubilados.jpeg?resize=350%2C200&ssl=1","width":350,"height":200,"srcset":"https:\/\/i0.wp.com\/www.grieta.org.mx\/wp-content\/uploads\/2021\/04\/Jubilados.jpeg?resize=350%2C200&ssl=1 1x, https:\/\/i0.wp.com\/www.grieta.org.mx\/wp-content\/uploads\/2021\/04\/Jubilados.jpeg?resize=525%2C300&ssl=1 1.5x, https:\/\/i0.wp.com\/www.grieta.org.mx\/wp-content\/uploads\/2021\/04\/Jubilados.jpeg?resize=700%2C400&ssl=1 2x"},"classes":[]},{"id":50793,"url":"https:\/\/www.grieta.org.mx\/index.php\/2020\/06\/10\/empleados-del-siop-piden-auxilio-ante-la-existencia-de-casos-de-covid-19-en-las-oficinas-centrales-jalisco\/","url_meta":{"origin":54430,"position":3},"title":"Empleados del SIOP piden \u201cauxilio\u201d ante la existencia de casos de COVID-19 en las oficinas centrales (Jalisco)","author":"grieta","date":"10 junio, 2020","format":false,"excerpt":"Foto: Ignacio P\u00e9rez Vega Los empleados se\u00f1alaron que en la SIOP no han dejado de trabajar, ya que las obras p\u00fablicas que emprende esa dependencia se han realizado sin detenerse, pese a la emergencia sanitaria Ignacio P\u00e9rez Vega \/ UDGTV Guadalajara, Jalisco.\u00a0Empleados que laboran en las oficinas de la Secretar\u00eda\u2026","rel":"","context":"En &quot;CINTILLO&quot;","block_context":{"text":"CINTILLO","link":"https:\/\/www.grieta.org.mx\/index.php\/category\/cintillo\/"},"img":{"alt_text":"","src":"https:\/\/i0.wp.com\/www.grieta.org.mx\/wp-content\/uploads\/2020\/06\/SIOP-Ignacio-P%C3%A9rez-Vega-e1591835730737-600x451.jpeg?resize=350%2C200&ssl=1","width":350,"height":200,"srcset":"https:\/\/i0.wp.com\/www.grieta.org.mx\/wp-content\/uploads\/2020\/06\/SIOP-Ignacio-P%C3%A9rez-Vega-e1591835730737-600x451.jpeg?resize=350%2C200&ssl=1 1x, https:\/\/i0.wp.com\/www.grieta.org.mx\/wp-content\/uploads\/2020\/06\/SIOP-Ignacio-P%C3%A9rez-Vega-e1591835730737-600x451.jpeg?resize=525%2C300&ssl=1 1.5x"},"classes":[]},{"id":47494,"url":"https:\/\/www.grieta.org.mx\/index.php\/2020\/04\/08\/jalisco-se-ubica-entre-los-6-estados-que-perdieron-mas-empleos-formales-por-covid-19\/","url_meta":{"origin":54430,"position":4},"title":"Jalisco se ubica entre los 6 estados que perdieron m\u00e1s empleos formales por Covid-19","author":"grieta","date":"8 abril, 2020","format":false,"excerpt":"Foto: Cuartoscuro Son 6 empresas del estado las que se ubican en el listado de empresas a nivel nacional con \u201cdestrucci\u00f3n total de empleos\u201d Isabel Bare\u00f1o \/ El Occidental La Secretar\u00eda del Trabajo y Previsi\u00f3n Social del Gobierno de la Rep\u00fablica inform\u00f3 que del 13 de marzo al 6 de\u2026","rel":"","context":"En &quot;CINTILLO&quot;","block_context":{"text":"CINTILLO","link":"https:\/\/www.grieta.org.mx\/index.php\/category\/cintillo\/"},"img":{"alt_text":"","src":"https:\/\/i0.wp.com\/www.grieta.org.mx\/wp-content\/uploads\/2020\/04\/Empleo.jpg?resize=350%2C200&ssl=1","width":350,"height":200,"srcset":"https:\/\/i0.wp.com\/www.grieta.org.mx\/wp-content\/uploads\/2020\/04\/Empleo.jpg?resize=350%2C200&ssl=1 1x, https:\/\/i0.wp.com\/www.grieta.org.mx\/wp-content\/uploads\/2020\/04\/Empleo.jpg?resize=525%2C300&ssl=1 1.5x, https:\/\/i0.wp.com\/www.grieta.org.mx\/wp-content\/uploads\/2020\/04\/Empleo.jpg?resize=700%2C400&ssl=1 2x"},"classes":[]},{"id":59337,"url":"https:\/\/www.grieta.org.mx\/index.php\/2021\/05\/02\/trabajadores-de-telmex-a-punto-de-estallar-a-huelga-por-aumento-de-anos-para-la-jubilacion-jalisco\/","url_meta":{"origin":54430,"position":5},"title":"Trabajadores de TELMEX a punto de estallar a huelga por aumento de a\u00f1os para la jubilaci\u00f3n (Jalisco)","author":"grieta","date":"2 mayo, 2021","format":false,"excerpt":"Foto: Ignacio P\u00e9rez Vega Ignacio P\u00e9rez Vega \/ UDGTV Trabajadores de Tel\u00e9fonos de M\u00e9xico salieron a manifestarse en el D\u00eda Internacional del Trabajo para exigir que se les respete su contrato colectivo de trabajo y que se respete la jubilaci\u00f3n en los t\u00e9rminos en que actualmente est\u00e1. Mar\u00eda del Carmen\u2026","rel":"","context":"En &quot;CINTILLO&quot;","block_context":{"text":"CINTILLO","link":"https:\/\/www.grieta.org.mx\/index.php\/category\/cintillo\/"},"img":{"alt_text":"","src":"https:\/\/i0.wp.com\/www.grieta.org.mx\/wp-content\/uploads\/2021\/05\/WhatsApp-Image-2021-05-02-at-00.02.26-633x420-1.jpeg?resize=350%2C200&ssl=1","width":350,"height":200,"srcset":"https:\/\/i0.wp.com\/www.grieta.org.mx\/wp-content\/uploads\/2021\/05\/WhatsApp-Image-2021-05-02-at-00.02.26-633x420-1.jpeg?resize=350%2C200&ssl=1 1x, https:\/\/i0.wp.com\/www.grieta.org.mx\/wp-content\/uploads\/2021\/05\/WhatsApp-Image-2021-05-02-at-00.02.26-633x420-1.jpeg?resize=525%2C300&ssl=1 1.5x"},"classes":[]}],"_links":{"self":[{"href":"https:\/\/www.grieta.org.mx\/index.php\/wp-json\/wp\/v2\/posts\/54430","targetHints":{"allow":["GET"]}}],"collection":[{"href":"https:\/\/www.grieta.org.mx\/index.php\/wp-json\/wp\/v2\/posts"}],"about":[{"href":"https:\/\/www.grieta.org.mx\/index.php\/wp-json\/wp\/v2\/types\/post"}],"author":[{"embeddable":true,"href":"https:\/\/www.grieta.org.mx\/index.php\/wp-json\/wp\/v2\/users\/2"}],"replies":[{"embeddable":true,"href":"https:\/\/www.grieta.org.mx\/index.php\/wp-json\/wp\/v2\/comments?post=54430"}],"version-history":[{"count":1,"href":"https:\/\/www.grieta.org.mx\/index.php\/wp-json\/wp\/v2\/posts\/54430\/revisions"}],"predecessor-version":[{"id":54432,"href":"https:\/\/www.grieta.org.mx\/index.php\/wp-json\/wp\/v2\/posts\/54430\/revisions\/54432"}],"wp:featuredmedia":[{"embeddable":true,"href":"https:\/\/www.grieta.org.mx\/index.php\/wp-json\/wp\/v2\/media\/54431"}],"wp:attachment":[{"href":"https:\/\/www.grieta.org.mx\/index.php\/wp-json\/wp\/v2\/media?parent=54430"}],"wp:term":[{"taxonomy":"category","embeddable":true,"href":"https:\/\/www.grieta.org.mx\/index.php\/wp-json\/wp\/v2\/categories?post=54430"},{"taxonomy":"post_tag","embeddable":true,"href":"https:\/\/www.grieta.org.mx\/index.php\/wp-json\/wp\/v2\/tags?post=54430"}],"curies":[{"name":"wp","href":"https:\/\/api.w.org\/{rel}","templated":true}]}}