{"id":54394,"date":"2020-08-11T15:56:19","date_gmt":"2020-08-11T20:56:19","guid":{"rendered":"http:\/\/www.grieta.org.mx\/?p=54394"},"modified":"2020-10-23T16:17:05","modified_gmt":"2020-10-23T21:17:05","slug":"alza-de-cuotas-en-las-universidades-ahora-en-la-uaslp","status":"publish","type":"post","link":"https:\/\/www.grieta.org.mx\/index.php\/2020\/08\/11\/alza-de-cuotas-en-las-universidades-ahora-en-la-uaslp\/","title":{"rendered":"Alza de cuotas en las universidades, ahora en la UASLP"},"content":{"rendered":"<p>Joss Espinosa\/La Izquierda Diario<br \/>\n11 agosto 2020<\/p>\n<blockquote><p>La ofensiva contra la educaci\u00f3n p\u00fablica no cesa, en esta ocasi\u00f3n intentan imponer el aumento de cuotas en la Universidad Aut\u00f3noma de San Luis Potos\u00ed.<\/p><\/blockquote>\n<p><img loading=\"lazy\" decoding=\"async\" data-attachment-id=\"54395\" data-permalink=\"https:\/\/www.grieta.org.mx\/index.php\/2020\/08\/11\/alza-de-cuotas-en-las-universidades-ahora-en-la-uaslp\/arton169449-e87b4\/\" data-orig-file=\"https:\/\/www.grieta.org.mx\/wp-content\/uploads\/2020\/10\/arton169449-e87b4.jpg\" data-orig-size=\"701,395\" data-comments-opened=\"0\" data-image-meta=\"{&quot;aperture&quot;:&quot;0&quot;,&quot;credit&quot;:&quot;&quot;,&quot;camera&quot;:&quot;&quot;,&quot;caption&quot;:&quot;&quot;,&quot;created_timestamp&quot;:&quot;0&quot;,&quot;copyright&quot;:&quot;&quot;,&quot;focal_length&quot;:&quot;0&quot;,&quot;iso&quot;:&quot;0&quot;,&quot;shutter_speed&quot;:&quot;0&quot;,&quot;title&quot;:&quot;&quot;,&quot;orientation&quot;:&quot;0&quot;}\" data-image-title=\"arton169449-e87b4\" data-image-description=\"\" data-image-caption=\"\" data-medium-file=\"https:\/\/www.grieta.org.mx\/wp-content\/uploads\/2020\/10\/arton169449-e87b4-300x169.jpg\" data-large-file=\"https:\/\/www.grieta.org.mx\/wp-content\/uploads\/2020\/10\/arton169449-e87b4.jpg\" src=\"http:\/\/www.grieta.org.mx\/wp-content\/uploads\/2020\/10\/arton169449-e87b4.jpg\" alt=\"\" width=\"701\" height=\"395\" class=\"alignnone size-full wp-image-54395\" srcset=\"https:\/\/www.grieta.org.mx\/wp-content\/uploads\/2020\/10\/arton169449-e87b4.jpg 701w, https:\/\/www.grieta.org.mx\/wp-content\/uploads\/2020\/10\/arton169449-e87b4-300x169.jpg 300w\" sizes=\"auto, (max-width: 701px) 100vw, 701px\" \/><\/p>\n<p>Las autoridades de la Universidad Aut\u00f3noma de San Luis Potos\u00ed, decidi\u00f3 aumentar de forma brutal las cuotas para sus estudiantes. La justificaci\u00f3n es que la Universidad ya no puede sostenerse son aumentar las cuotas.<\/p>\n<p>Hay carreras en las que se cobraran m\u00e1s de 10 mil pesos, pese a que antes las cuotas equival\u00edan a menos de la mitad. Esta alza de cuotas hace imposible para muchos j\u00f3venes seguir coste\u00e1ndose sus estudios.<\/p>\n<p>La Defensora de Derechos Universitarios, Urenda Navarro, justific\u00f3 el aumento en las cuotas debido al d\u00e9ficit presupuestario en dicha instituci\u00f3n. Habla de que a\u00f1o con a\u00f1o no se aumenta el presupuesto para la Universidad, lo que genera que con el aumento de la inflaci\u00f3n, el presupuesto quede en n\u00fameros rojos. Sostiene que si no es por la v\u00eda de las cuotas no se puede sostener la universidad.<\/p>\n<p>Ante esta situaci\u00f3n las y los estudiantes de la UASLP protestaron el pasado 6 de Agosto. Sin embargo, estas protestas tienen antecedentes, pues en a\u00f1os pasados han intentado presentar amparos para que las cuotas no existan, procedimientos que no han podido seguir pues resultan muy costosos.<\/p>\n<p>La situaci\u00f3n en San Luis Potos\u00ed, no es un caso aislado, recientemente tambi\u00e9n han salido a protestar estudiantes de la Universidad Aut\u00f3noma de Coahuila por una situaci\u00f3n similar. Tambi\u00e9n estudiantes del Tecnol\u00f3gico de Estudios Superiores de Coacalco TESCo, recientemente tambi\u00e9n se movilizaron.<\/p>\n<p>Desde hace mucho la universidad ha dejado de ser gratuita en el interior de la rep\u00fablica y en algunas universidades de la Ciudad. Y los pocos lugares donde se preserva la gratuidad ha sido sobre la base de la lucha, como fue el caso de la Huelga de la UNAM de 1999.<\/p>\n<p>Es real el d\u00e9ficit presupuestario en las universidades, sin embargo, no debe ser el pueblo quien pague los costos de esta crisis. Es absurdo que haya medidas privatizadoras para las universidades, mientras el gobierno federal mantiene un discurso de \u201crechazo cero\u201d.<\/p>\n<p>Mientras se sigue pagando la cuantiosa deuda externa y se destina un presupuesto millonario para la Guardia Nacional, se avanza en la privatizaci\u00f3n de la educaci\u00f3n por \u201cfalta de presupuesto\u201d. Queda claro que dinero hay, pero no lo quieren destinar a las universidades, en primer lugar aquellas en quiebra t\u00e9cnica desde hace casi dos a\u00f1os, mientras Luciano Concheiro, Subsecretario de educaci\u00f3n superior de la SEP, declara que no va a haber rescate para las mismas.<\/p>\n<p>Es clave la unidad de las y los estudiantes, con trabajadores y acad\u00e9micos para enfrentar este ataque a la educaci\u00f3n, y luchar porque verdaderamente sea gratuita. A dem\u00e1s de coordinar la lucha que estudiantes y trabajadores est\u00e1n dando a nivel nacional.<\/p>\n<p><a href=\"http:\/\/www.laizquierdadiario.mx\/Alza-de-cuotas-en-las-universidades-ahora-en-la-UASLP\" rel=\"noopener noreferrer\" target=\"_blank\">http:\/\/www.laizquierdadiario.mx\/Alza-de-cuotas-en-las-universidades-ahora-en-la-UASLP<\/a><\/p>\n","protected":false},"excerpt":{"rendered":"<p>Joss Espinosa\/La Izquierda Diario 11 agosto 2020 La ofensiva contra la educaci\u00f3n p\u00fablica no cesa, en esta ocasi\u00f3n intentan imponer el aumento de cuotas en la Universidad Aut\u00f3noma de San &hellip; <a href=\"https:\/\/www.grieta.org.mx\/index.php\/2020\/08\/11\/alza-de-cuotas-en-las-universidades-ahora-en-la-uaslp\/\" class=\"more-link\">Leer m\u00e1s<\/a><\/p>\n","protected":false},"author":2,"featured_media":54395,"comment_status":"closed","ping_status":"closed","sticky":false,"template":"","format":"standard","meta":{"ngg_post_thumbnail":0,"_jetpack_newsletter_access":"","_jetpack_dont_email_post_to_subs":false,"_jetpack_newsletter_tier_id":0,"_jetpack_memberships_contains_paywalled_content":false,"_jetpack_memberships_contains_paid_content":false,"footnotes":""},"categories":[80,916,1286,2,29,83],"tags":[3696,3454,3697],"class_list":["post-54394","post","type-post","status-publish","format-standard","has-post-thumbnail","hentry","category-cintillo","category-privatizacion-del-la-educacion-publica","category-crisis-en-las-universidades-publicas-de-san-luis-potosi","category-noticias-nacionales","category-san-luis-potosi","category-temas-nacionales","tag-aumento-de-cuotas","tag-crisis-de-la-educacion-publica","tag-privatizacion-de-la-educacion","entry"],"jetpack_featured_media_url":"https:\/\/www.grieta.org.mx\/wp-content\/uploads\/2020\/10\/arton169449-e87b4.jpg","jetpack_sharing_enabled":true,"jetpack_shortlink":"https:\/\/wp.me\/p7ZJR4-e9k","jetpack_likes_enabled":false,"jetpack-related-posts":[{"id":9487,"url":"https:\/\/www.grieta.org.mx\/index.php\/2016\/03\/14\/en-defensa-de-la-educacion-publica\/","url_meta":{"origin":54394,"position":0},"title":"En defensa de la educaci\u00f3n p\u00fablica","author":"grieta","date":"14 marzo, 2016","format":false,"excerpt":"14\/03\/16. Estudiantes de la Universidad Aut\u00f3noma de SLP marchan en defensa de la soberan\u00eda de la instituci\u00f3nSin Embargo 20\/09\/15. Protestan por cuotas elevadas en UASLP","rel":"","context":"En &quot;San Luis Potos\u00ed&quot;","block_context":{"text":"San Luis Potos\u00ed","link":"https:\/\/www.grieta.org.mx\/index.php\/category\/noticias-nacionales\/san-luis-potosi\/"},"img":{"alt_text":"","src":"https:\/\/i0.wp.com\/www.grieta.org.mx\/wp-content\/uploads\/2018\/03\/14524434_1106112876131411_958039263622046936_o.jpg?resize=350%2C200&ssl=1","width":350,"height":200,"srcset":"https:\/\/i0.wp.com\/www.grieta.org.mx\/wp-content\/uploads\/2018\/03\/14524434_1106112876131411_958039263622046936_o.jpg?resize=350%2C200&ssl=1 1x, https:\/\/i0.wp.com\/www.grieta.org.mx\/wp-content\/uploads\/2018\/03\/14524434_1106112876131411_958039263622046936_o.jpg?resize=525%2C300&ssl=1 1.5x, https:\/\/i0.wp.com\/www.grieta.org.mx\/wp-content\/uploads\/2018\/03\/14524434_1106112876131411_958039263622046936_o.jpg?resize=700%2C400&ssl=1 2x"},"classes":[]},{"id":9492,"url":"https:\/\/www.grieta.org.mx\/index.php\/2015\/10\/29\/protestan-por-cuotas-elevadas-en-uaslp\/","url_meta":{"origin":54394,"position":1},"title":"Protestan por cuotas elevadas en UASLP","author":"grieta","date":"29 octubre, 2015","format":false,"excerpt":"En un documento dirigido al Gobernador Juan Manuel Carreras L\u00f3pez, estudiantes de la UASLP se quejan del alto cobro de cuotas y de no contar con la infraestructura ni el material suficiente para su desarrollo acad\u00e9mico, en los espacios universitarios. Lo anterior fue dado a conocer por Luis Alberto Su\u00e1rez\u2026","rel":"","context":"En &quot;CINTILLO&quot;","block_context":{"text":"CINTILLO","link":"https:\/\/www.grieta.org.mx\/index.php\/category\/cintillo\/"},"img":{"alt_text":"","src":"https:\/\/i0.wp.com\/www.grieta.org.mx\/wp-content\/uploads\/2018\/03\/14524434_1106112876131411_958039263622046936_o.jpg?resize=350%2C200&ssl=1","width":350,"height":200,"srcset":"https:\/\/i0.wp.com\/www.grieta.org.mx\/wp-content\/uploads\/2018\/03\/14524434_1106112876131411_958039263622046936_o.jpg?resize=350%2C200&ssl=1 1x, https:\/\/i0.wp.com\/www.grieta.org.mx\/wp-content\/uploads\/2018\/03\/14524434_1106112876131411_958039263622046936_o.jpg?resize=525%2C300&ssl=1 1.5x, https:\/\/i0.wp.com\/www.grieta.org.mx\/wp-content\/uploads\/2018\/03\/14524434_1106112876131411_958039263622046936_o.jpg?resize=700%2C400&ssl=1 2x"},"classes":[]},{"id":52761,"url":"https:\/\/www.grieta.org.mx\/index.php\/2020\/08\/14\/alumnos-de-la-uadec-protestan-por-alza-de-cuotas-en-plena-pandemia-coahuila\/","url_meta":{"origin":54394,"position":2},"title":"Alumnos de la UAdeC protestan por alza de cuotas en plena pandemia (Coahuila)","author":"grieta","date":"14 agosto, 2020","format":false,"excerpt":"Juan Alberto Cedillo\/ PROCESO SALTILLO, Coah. (apro).- Alumnos de la Universidad Aut\u00f3noma de Coahuila (UAdeC) organizados en el \u201cMovimiento Estudiantil Coahuilense\u201d rechazaron el aumento de cuotas decretada por la Rector\u00eda en medio de la pandemia del covid-19, \u201calza que est\u00e1 provocando que numerosos estudiantes se vean imposibilitados de seguir sus\u2026","rel":"","context":"En &quot;CINTILLO&quot;","block_context":{"text":"CINTILLO","link":"https:\/\/www.grieta.org.mx\/index.php\/category\/cintillo\/"},"img":{"alt_text":"","src":"https:\/\/i0.wp.com\/www.grieta.org.mx\/wp-content\/uploads\/2020\/08\/UAdeC-alza-cuotas-pandemia-870x522-1.jpeg?resize=350%2C200&ssl=1","width":350,"height":200,"srcset":"https:\/\/i0.wp.com\/www.grieta.org.mx\/wp-content\/uploads\/2020\/08\/UAdeC-alza-cuotas-pandemia-870x522-1.jpeg?resize=350%2C200&ssl=1 1x, https:\/\/i0.wp.com\/www.grieta.org.mx\/wp-content\/uploads\/2020\/08\/UAdeC-alza-cuotas-pandemia-870x522-1.jpeg?resize=525%2C300&ssl=1 1.5x, https:\/\/i0.wp.com\/www.grieta.org.mx\/wp-content\/uploads\/2020\/08\/UAdeC-alza-cuotas-pandemia-870x522-1.jpeg?resize=700%2C400&ssl=1 2x"},"classes":[]},{"id":23349,"url":"https:\/\/www.grieta.org.mx\/index.php\/2018\/05\/29\/sege-analiza-caso-de-8-profesores-despedidos-de-la-universidad-tecnologica-san-luis-potosi\/","url_meta":{"origin":54394,"position":3},"title":"Sege analiza caso de 8 profesores despedidos de la Universidad Tecnol\u00f3gica (San Luis Potos\u00ed)","author":"grieta","date":"29 mayo, 2018","format":false,"excerpt":"Redaccion El Heraldo SLP Debido a la situaci\u00f3n financiera del sector educativo se est\u00e1n tomando ajustes administrativos, justifica el titular de la dependencia El secretario de Educaci\u00f3n de Gobierno del Estado (SEGE), Joel Ram\u00edrez D\u00edaz se\u00f1al\u00f3 que hay mesas de trabajo con los profesores de la Universidad Tecnol\u00f3gica de San\u2026","rel":"","context":"En &quot;CINTILLO&quot;","block_context":{"text":"CINTILLO","link":"https:\/\/www.grieta.org.mx\/index.php\/category\/cintillo\/"},"img":{"alt_text":"","src":"https:\/\/i0.wp.com\/www.grieta.org.mx\/wp-content\/uploads\/2018\/05\/Sege-analiza-caso-de-8-profesores-despedidos-de-la-Universidad-Tecnol%C3%B3gica.jpg?resize=350%2C200&ssl=1","width":350,"height":200,"srcset":"https:\/\/i0.wp.com\/www.grieta.org.mx\/wp-content\/uploads\/2018\/05\/Sege-analiza-caso-de-8-profesores-despedidos-de-la-Universidad-Tecnol%C3%B3gica.jpg?resize=350%2C200&ssl=1 1x, https:\/\/i0.wp.com\/www.grieta.org.mx\/wp-content\/uploads\/2018\/05\/Sege-analiza-caso-de-8-profesores-despedidos-de-la-Universidad-Tecnol%C3%B3gica.jpg?resize=525%2C300&ssl=1 1.5x"},"classes":[]},{"id":52214,"url":"https:\/\/www.grieta.org.mx\/index.php\/2020\/07\/31\/directores-centaveros-cobran-cuotas-escolares-en-nayarit-las-autoridades-ausentes\/","url_meta":{"origin":54394,"position":4},"title":"Directores centaveros cobran cuotas escolares en Nayarit, las autoridades ausentes","author":"grieta","date":"31 julio, 2020","format":false,"excerpt":"Foto: Realidades de Nayarit Ver\u00f3nica Ram\u00edrez Tepic, Nayarit. Viernes 31 de julio del 2020.- Inaudito, directivos centaveros cobran cuotas escolares voluntariamente a fuerzas en las escuelas p\u00fablicas de Nayarit en plena pandemia del Covid-19 sin que haya clases presenciales. A\u00fan no hay fecha para el arranque del ciclo escolar 2020-2021\u2026","rel":"","context":"En &quot;CINTILLO&quot;","block_context":{"text":"CINTILLO","link":"https:\/\/www.grieta.org.mx\/index.php\/category\/cintillo\/"},"img":{"alt_text":"","src":"https:\/\/i0.wp.com\/www.grieta.org.mx\/wp-content\/uploads\/2018\/03\/14524434_1106112876131411_958039263622046936_o.jpg?resize=350%2C200&ssl=1","width":350,"height":200,"srcset":"https:\/\/i0.wp.com\/www.grieta.org.mx\/wp-content\/uploads\/2018\/03\/14524434_1106112876131411_958039263622046936_o.jpg?resize=350%2C200&ssl=1 1x, https:\/\/i0.wp.com\/www.grieta.org.mx\/wp-content\/uploads\/2018\/03\/14524434_1106112876131411_958039263622046936_o.jpg?resize=525%2C300&ssl=1 1.5x, https:\/\/i0.wp.com\/www.grieta.org.mx\/wp-content\/uploads\/2018\/03\/14524434_1106112876131411_958039263622046936_o.jpg?resize=700%2C400&ssl=1 2x"},"classes":[]},{"id":314,"url":"https:\/\/www.grieta.org.mx\/index.php\/2015\/09\/11\/toma-indefinida-de-instalaciones-de-la-uabjo-por-aumento-en-las-cuotas\/","url_meta":{"origin":54394,"position":5},"title":"Toma indefinida de instalaciones de la UABJO por aumento en las cuotas","author":"grieta","date":"11 septiembre, 2015","format":false,"excerpt":"J\u00f3venes del Frente de Estudiantes Universitarios (FEU) tomaron las instalaciones de la Universidad Aut\u00f3noma Benito Ju\u00e1rez de Oaxaca (UABJO) en demanda de descuentos en las cuotas que se cobran en la Facultad de Enfermer\u00eda. Alrededor de 30 manifestantes cerraron los accesos a Ciudad Universitaria, en la capital del Estado, donde\u2026","rel":"","context":"En &quot;CINTILLO&quot;","block_context":{"text":"CINTILLO","link":"https:\/\/www.grieta.org.mx\/index.php\/category\/cintillo\/"},"img":{"alt_text":"","src":"https:\/\/i0.wp.com\/www.grieta.org.mx\/wp-content\/uploads\/2018\/03\/14524434_1106112876131411_958039263622046936_o.jpg?resize=350%2C200&ssl=1","width":350,"height":200,"srcset":"https:\/\/i0.wp.com\/www.grieta.org.mx\/wp-content\/uploads\/2018\/03\/14524434_1106112876131411_958039263622046936_o.jpg?resize=350%2C200&ssl=1 1x, https:\/\/i0.wp.com\/www.grieta.org.mx\/wp-content\/uploads\/2018\/03\/14524434_1106112876131411_958039263622046936_o.jpg?resize=525%2C300&ssl=1 1.5x, https:\/\/i0.wp.com\/www.grieta.org.mx\/wp-content\/uploads\/2018\/03\/14524434_1106112876131411_958039263622046936_o.jpg?resize=700%2C400&ssl=1 2x"},"classes":[]}],"_links":{"self":[{"href":"https:\/\/www.grieta.org.mx\/index.php\/wp-json\/wp\/v2\/posts\/54394","targetHints":{"allow":["GET"]}}],"collection":[{"href":"https:\/\/www.grieta.org.mx\/index.php\/wp-json\/wp\/v2\/posts"}],"about":[{"href":"https:\/\/www.grieta.org.mx\/index.php\/wp-json\/wp\/v2\/types\/post"}],"author":[{"embeddable":true,"href":"https:\/\/www.grieta.org.mx\/index.php\/wp-json\/wp\/v2\/users\/2"}],"replies":[{"embeddable":true,"href":"https:\/\/www.grieta.org.mx\/index.php\/wp-json\/wp\/v2\/comments?post=54394"}],"version-history":[{"count":1,"href":"https:\/\/www.grieta.org.mx\/index.php\/wp-json\/wp\/v2\/posts\/54394\/revisions"}],"predecessor-version":[{"id":54396,"href":"https:\/\/www.grieta.org.mx\/index.php\/wp-json\/wp\/v2\/posts\/54394\/revisions\/54396"}],"wp:featuredmedia":[{"embeddable":true,"href":"https:\/\/www.grieta.org.mx\/index.php\/wp-json\/wp\/v2\/media\/54395"}],"wp:attachment":[{"href":"https:\/\/www.grieta.org.mx\/index.php\/wp-json\/wp\/v2\/media?parent=54394"}],"wp:term":[{"taxonomy":"category","embeddable":true,"href":"https:\/\/www.grieta.org.mx\/index.php\/wp-json\/wp\/v2\/categories?post=54394"},{"taxonomy":"post_tag","embeddable":true,"href":"https:\/\/www.grieta.org.mx\/index.php\/wp-json\/wp\/v2\/tags?post=54394"}],"curies":[{"name":"wp","href":"https:\/\/api.w.org\/{rel}","templated":true}]}}