{"id":54382,"date":"2020-10-21T12:14:24","date_gmt":"2020-10-21T17:14:24","guid":{"rendered":"http:\/\/www.grieta.org.mx\/?p=54382"},"modified":"2020-10-22T12:20:49","modified_gmt":"2020-10-22T17:20:49","slug":"oaxaca-pueblo-ayuuk-clausura-oficinas-del-inpi-en-solidaridad-con-otomies-en-cdmx-oaxaca","status":"publish","type":"post","link":"https:\/\/www.grieta.org.mx\/index.php\/2020\/10\/21\/oaxaca-pueblo-ayuuk-clausura-oficinas-del-inpi-en-solidaridad-con-otomies-en-cdmx-oaxaca\/","title":{"rendered":"Pueblo Ayuuk clausura oficinas del INPI en solidaridad con otom\u00edes en CDMX (Oaxaca)"},"content":{"rendered":"<p>Sipaz \/ Corresponsales.<\/p>\n<p><img loading=\"lazy\" decoding=\"async\" data-attachment-id=\"54383\" data-permalink=\"https:\/\/www.grieta.org.mx\/index.php\/2020\/10\/21\/oaxaca-pueblo-ayuuk-clausura-oficinas-del-inpi-en-solidaridad-con-otomies-en-cdmx-oaxaca\/1-106\/\" data-orig-file=\"https:\/\/www.grieta.org.mx\/wp-content\/uploads\/2020\/10\/1-5.jpg\" data-orig-size=\"400,300\" data-comments-opened=\"0\" data-image-meta=\"{&quot;aperture&quot;:&quot;0&quot;,&quot;credit&quot;:&quot;&quot;,&quot;camera&quot;:&quot;&quot;,&quot;caption&quot;:&quot;&quot;,&quot;created_timestamp&quot;:&quot;0&quot;,&quot;copyright&quot;:&quot;&quot;,&quot;focal_length&quot;:&quot;0&quot;,&quot;iso&quot;:&quot;0&quot;,&quot;shutter_speed&quot;:&quot;0&quot;,&quot;title&quot;:&quot;&quot;,&quot;orientation&quot;:&quot;0&quot;}\" data-image-title=\"1\" data-image-description=\"\" data-image-caption=\"\" data-medium-file=\"https:\/\/www.grieta.org.mx\/wp-content\/uploads\/2020\/10\/1-5-300x225.jpg\" data-large-file=\"https:\/\/www.grieta.org.mx\/wp-content\/uploads\/2020\/10\/1-5.jpg\" class=\"alignnone wp-image-54383\" src=\"http:\/\/www.grieta.org.mx\/wp-content\/uploads\/2020\/10\/1-5.jpg\" alt=\"\" width=\"800\" height=\"600\" srcset=\"https:\/\/www.grieta.org.mx\/wp-content\/uploads\/2020\/10\/1-5.jpg 400w, https:\/\/www.grieta.org.mx\/wp-content\/uploads\/2020\/10\/1-5-300x225.jpg 300w\" sizes=\"auto, (max-width: 800px) 100vw, 800px\" \/><\/p>\n<p>El 20 de octubre, alrededor de 400 ind\u00edgenas mixes (ayuuk) clausuraron las instalaciones del centro coordinador del Instituto Nacional de Pueblos Ind\u00edgenas (INPI) de San Juan Guichicovi, Oaxaca, en solidaridad con el pueblo otom\u00ed (h\u00f1\u00f6h\u00f1o) que tom\u00f3 las oficinas del la misma dependencia, INPI, en la Ciudad de M\u00e9xico el 12 de octubre pasado.<\/p>\n<p>Adem\u00e1s quienes clausuraron las oficinas en Oaxaca exigieron la liberaci\u00f3n inmediata de la defensora de derechos humanos Kenia Hern\u00e1ndez, quien fue detenida, por segunda ocasi\u00f3n, el 19 de octubre.<\/p>\n<p>Condenaron la actuaci\u00f3n del titular del INPI Adelfo Regino, por \u201cla simulaci\u00f3n de la consulta para imponer el megaproyecto Corredor Interoce\u00e1nico\u201d, inform\u00f3 la Uni\u00f3n de las Comunidades de la Zona Norte del Istmo (UCIZONI).<\/p>\n<p>Por otro lado, el peri\u00f3dico \u201cEl Universal\u201d inform\u00f3 que este mismo 20 de octubre fue difundido un escrito redacatado por autoridades municipales y agrarias de diferentes municipio mixes que expresaron molestia por la toma del INPI, instancia que consideran \u201caliada de los pueblos ind\u00edgenas\u201d.<\/p>\n<p>Los manifestants se\u00f1alaron que van a continuar ocupando la dependencia por tiempo indefinido.<\/p>\n<p><a href=\"https:\/\/sipaz.wordpress.com\/2020\/10\/21\/oaxaca-pueblo-ayuuk-clausura-oficinas-del-inpi-en-solidaridad-con-otomies-en-cdmx\/\" target=\"_blank\" rel=\"noopener noreferrer\">https:\/\/sipaz.wordpress.com\/2020\/10\/21\/oaxaca-pueblo-ayuuk-clausura-oficinas-del-inpi-en-solidaridad-con-otomies-en-cdmx\/<\/a><\/p>\n","protected":false},"excerpt":{"rendered":"<p>Sipaz \/ Corresponsales. El 20 de octubre, alrededor de 400 ind\u00edgenas mixes (ayuuk) clausuraron las instalaciones del centro coordinador del Instituto Nacional de Pueblos Ind\u00edgenas (INPI) de San Juan Guichicovi, &hellip; <a href=\"https:\/\/www.grieta.org.mx\/index.php\/2020\/10\/21\/oaxaca-pueblo-ayuuk-clausura-oficinas-del-inpi-en-solidaridad-con-otomies-en-cdmx-oaxaca\/\" class=\"more-link\">Leer m\u00e1s<\/a><\/p>\n","protected":false},"author":2,"featured_media":21928,"comment_status":"closed","ping_status":"closed","sticky":false,"template":"","format":"standard","meta":{"ngg_post_thumbnail":0,"_jetpack_newsletter_access":"","_jetpack_dont_email_post_to_subs":false,"_jetpack_newsletter_tier_id":0,"_jetpack_memberships_contains_paywalled_content":false,"_jetpack_memberships_contains_paid_content":false,"footnotes":""},"categories":[80,1358,1708,1705,2,25,2909],"tags":[],"class_list":["post-54382","post","type-post","status-publish","format-standard","has-post-thumbnail","hentry","category-cintillo","category-conflictos-por-megaproyectos-en-oaxaca","category-corredor-del-istmo-de-tehuantepec","category-el-camino-del-cin-cig-en-oaxaca","category-noticias-nacionales","category-oaxaca","category-resistencias-y-rebeldias-en-oaxaca","entry"],"jetpack_featured_media_url":"https:\/\/www.grieta.org.mx\/wp-content\/uploads\/2018\/03\/14524434_1106112876131411_958039263622046936_o.jpg","jetpack_sharing_enabled":true,"jetpack_shortlink":"https:\/\/wp.me\/p7ZJR4-e98","jetpack_likes_enabled":false,"jetpack-related-posts":[{"id":36583,"url":"https:\/\/www.grieta.org.mx\/index.php\/2019\/07\/16\/rechazan-consulta-para-reforma-constitucional-sobre-derechos-de-pueblos-indigenas-oaxaca\/","url_meta":{"origin":54382,"position":0},"title":"Rechazan consulta para Reforma Constitucional sobre derechos de pueblos ind\u00edgenas (Oaxaca)","author":"grieta","date":"16 julio, 2019","format":false,"excerpt":"Redacci\u00f3n \/ La Cooperacha. Se realiza etapa deliberativa sin llevar a cabo la informativa, se\u00f1alan pueblos y organizaciones de Oaxaca y Veracruz. Ciudad de M\u00e9xico.- Pueblos y organizaciones de Oaxaca y Veracruz, pertenecientes a la campa\u00f1a El Istmo es Nuestro, rechazaron el proceso de consulta para la Reforma Constitucional sobre\u2026","rel":"","context":"En &quot;CINTILLO&quot;","block_context":{"text":"CINTILLO","link":"https:\/\/www.grieta.org.mx\/index.php\/category\/cintillo\/"},"img":{"alt_text":"","src":"https:\/\/i0.wp.com\/www.grieta.org.mx\/wp-content\/uploads\/2019\/07\/Rechazan-consulta-para-reforma-constitucional-sobre-Pueblos-Indigenas-2019.jpg?resize=350%2C200&ssl=1","width":350,"height":200,"srcset":"https:\/\/i0.wp.com\/www.grieta.org.mx\/wp-content\/uploads\/2019\/07\/Rechazan-consulta-para-reforma-constitucional-sobre-Pueblos-Indigenas-2019.jpg?resize=350%2C200&ssl=1 1x, https:\/\/i0.wp.com\/www.grieta.org.mx\/wp-content\/uploads\/2019\/07\/Rechazan-consulta-para-reforma-constitucional-sobre-Pueblos-Indigenas-2019.jpg?resize=525%2C300&ssl=1 1.5x, https:\/\/i0.wp.com\/www.grieta.org.mx\/wp-content\/uploads\/2019\/07\/Rechazan-consulta-para-reforma-constitucional-sobre-Pueblos-Indigenas-2019.jpg?resize=700%2C400&ssl=1 2x, https:\/\/i0.wp.com\/www.grieta.org.mx\/wp-content\/uploads\/2019\/07\/Rechazan-consulta-para-reforma-constitucional-sobre-Pueblos-Indigenas-2019.jpg?resize=1050%2C600&ssl=1 3x"},"classes":[]},{"id":46790,"url":"https:\/\/www.grieta.org.mx\/index.php\/2020\/03\/24\/exigen-disculpa-publica-de-adelfo-regino-a-mujeres-indigenas-por-minimizar-violencia-de-genero-oaxaca\/","url_meta":{"origin":54382,"position":1},"title":"Exigen disculpa p\u00fablica de Adelfo Regino a mujeres ind\u00edgenas por minimizar violencia de g\u00e9nero (Oaxaca)","author":"grieta","date":"24 marzo, 2020","format":false,"excerpt":"P\u00e1gina 3 \/ Pedro Mat\u00edas. Exigen disculpa p\u00fablica de Adelfo Regino a mujeres ind\u00edgenas por minimizar violencia de g\u00e9nero. OAXACA, Oax. (pagina3.mx).- La Red Nacional de Abogadas Ind\u00edgenas (RAI) exigi\u00f3 al titular del Instituto Nacional de Pueblos Ind\u00edgenas (INPI), Adelfo Regino Montes ofrezca una disculpa p\u00fablica a la denunciante y\u2026","rel":"","context":"En &quot;CINTILLO&quot;","block_context":{"text":"CINTILLO","link":"https:\/\/www.grieta.org.mx\/index.php\/category\/cintillo\/"},"img":{"alt_text":"","src":"https:\/\/i0.wp.com\/www.grieta.org.mx\/wp-content\/uploads\/2020\/03\/Adelfo-Regino-INPI-696x359.jpeg?resize=350%2C200&ssl=1","width":350,"height":200,"srcset":"https:\/\/i0.wp.com\/www.grieta.org.mx\/wp-content\/uploads\/2020\/03\/Adelfo-Regino-INPI-696x359.jpeg?resize=350%2C200&ssl=1 1x, https:\/\/i0.wp.com\/www.grieta.org.mx\/wp-content\/uploads\/2020\/03\/Adelfo-Regino-INPI-696x359.jpeg?resize=525%2C300&ssl=1 1.5x"},"classes":[]},{"id":71549,"url":"https:\/\/www.grieta.org.mx\/index.php\/2025\/04\/06\/nombrar-los-abusos-sexuales-y-la-orfandad-en-comunidades-indigenas-es-tambien-defensa-del-territorio-senala-activista-ayuuk-oaxaca\/","url_meta":{"origin":54382,"position":2},"title":"Nombrar los abusos sexuales y la orfandad en comunidades ind\u00edgenas es tambi\u00e9n defensa del territorio se\u00f1ala Activista Ayuuk (Oaxaca)","author":"grieta","date":"6 abril, 2025","format":false,"excerpt":"Imagen: Istmo Press Diana Mnaz \/ Istmo Press Oaxaca, Oax.- Para el activista Ayuuk, Filadelfo Desiderio Aldaz, nombrar y visibilizar los abusos sexuales y la orfandad en comunidades ind\u00edgenas es tambi\u00e9n defensa del territorio. Originario de la comunidad Ayuuk de Estancia de Morelos e del municipio de Santiago Atitl\u00e1n, Oaxaca\u2026","rel":"","context":"En &quot;CINTILLO&quot;","block_context":{"text":"CINTILLO","link":"https:\/\/www.grieta.org.mx\/index.php\/category\/cintillo\/"},"img":{"alt_text":"","src":"https:\/\/i0.wp.com\/www.grieta.org.mx\/wp-content\/uploads\/2025\/04\/254e8cb3-6bfe-40a9-9cee-3e0c3774db2e-800x445-1.jpeg?resize=350%2C200&ssl=1","width":350,"height":200,"srcset":"https:\/\/i0.wp.com\/www.grieta.org.mx\/wp-content\/uploads\/2025\/04\/254e8cb3-6bfe-40a9-9cee-3e0c3774db2e-800x445-1.jpeg?resize=350%2C200&ssl=1 1x, https:\/\/i0.wp.com\/www.grieta.org.mx\/wp-content\/uploads\/2025\/04\/254e8cb3-6bfe-40a9-9cee-3e0c3774db2e-800x445-1.jpeg?resize=525%2C300&ssl=1 1.5x, https:\/\/i0.wp.com\/www.grieta.org.mx\/wp-content\/uploads\/2025\/04\/254e8cb3-6bfe-40a9-9cee-3e0c3774db2e-800x445-1.jpeg?resize=700%2C400&ssl=1 2x"},"classes":[]},{"id":43837,"url":"https:\/\/www.grieta.org.mx\/index.php\/2020\/01\/29\/indigenas-presentan-queja-ante-la-cndh-por-consultas-amanadas-para-corredor-transistmico-oaxaca\/","url_meta":{"origin":54382,"position":3},"title":"Ind\u00edgenas presentan queja ante la CNDH por \u201cconsultas\u201d ama\u00f1adas para corredor trans\u00edstmico (Oaxaca)","author":"grieta","date":"29 enero, 2020","format":false,"excerpt":"Proceso \/ Pedro Mat\u00edas. OAXACA, Oax. (apro).- El presidente de la Uni\u00f3n de Comunidades Ind\u00edgenas de la Zona Norte del Istmo (Ucizoni), Dagoberto Toribio, present\u00f3 una queja ante la Comisi\u00f3n Nacional de los Derechos Humanos (CNDH) por las \u201cconsultas\u201d ama\u00f1adas para \u201cla aceptaci\u00f3n del megaproyecto corredor trans\u00edstmico, a cambio de\u2026","rel":"","context":"En &quot;CINTILLO&quot;","block_context":{"text":"CINTILLO","link":"https:\/\/www.grieta.org.mx\/index.php\/category\/cintillo\/"},"img":{"alt_text":"","src":"https:\/\/i0.wp.com\/www.grieta.org.mx\/wp-content\/uploads\/2020\/02\/corredor-transistmico-870x522.jpg?resize=350%2C200&ssl=1","width":350,"height":200,"srcset":"https:\/\/i0.wp.com\/www.grieta.org.mx\/wp-content\/uploads\/2020\/02\/corredor-transistmico-870x522.jpg?resize=350%2C200&ssl=1 1x, https:\/\/i0.wp.com\/www.grieta.org.mx\/wp-content\/uploads\/2020\/02\/corredor-transistmico-870x522.jpg?resize=525%2C300&ssl=1 1.5x, https:\/\/i0.wp.com\/www.grieta.org.mx\/wp-content\/uploads\/2020\/02\/corredor-transistmico-870x522.jpg?resize=700%2C400&ssl=1 2x"},"classes":[]},{"id":62647,"url":"https:\/\/www.grieta.org.mx\/index.php\/2021\/10\/27\/buscan-a-nueve-personas-desaparecidas-en-atatlahuca-cedhapi-oaxaca\/","url_meta":{"origin":54382,"position":4},"title":"Buscan a nueve personas desaparecidas en Atatlahuca: Cedhapi (Oaxaca)","author":"grieta","date":"27 octubre, 2021","format":false,"excerpt":"Noticias \/ Lesli Aguilar \/ Corresponsal. Otros habitantes m\u00e1s permanecen en el albergue del INPI, en San Esteban Atatlahuca. HUAJUAPAN DE LE\u00d3N, Oaxaca.- El presidente del Centro de Derechos Humanos y Asesor\u00eda a Pueblos Ind\u00edgenas (Cedhapi), Maurilio Santiago Reyes, inform\u00f3 que buscan a nueve personas que est\u00e1n en calidad de\u2026","rel":"","context":"En &quot;CINTILLO&quot;","block_context":{"text":"CINTILLO","link":"https:\/\/www.grieta.org.mx\/index.php\/category\/cintillo\/"},"img":{"alt_text":"","src":"https:\/\/i0.wp.com\/www.grieta.org.mx\/wp-content\/uploads\/2021\/11\/3-1.jpg?resize=350%2C200&ssl=1","width":350,"height":200,"srcset":"https:\/\/i0.wp.com\/www.grieta.org.mx\/wp-content\/uploads\/2021\/11\/3-1.jpg?resize=350%2C200&ssl=1 1x, https:\/\/i0.wp.com\/www.grieta.org.mx\/wp-content\/uploads\/2021\/11\/3-1.jpg?resize=525%2C300&ssl=1 1.5x, https:\/\/i0.wp.com\/www.grieta.org.mx\/wp-content\/uploads\/2021\/11\/3-1.jpg?resize=700%2C400&ssl=1 2x"},"classes":[]},{"id":71251,"url":"https:\/\/www.grieta.org.mx\/index.php\/2025\/03\/05\/a-sandra-la-desaparecio-el-estado-marchan-para-exigir-aparicion-con-vida-de-la-activista-activista-ayuuk-sandra-dominguez-oaxaca\/","url_meta":{"origin":54382,"position":5},"title":"\u00a1A Sandra la desapareci\u00f3 el estado! : Marchan para exigir aparici\u00f3n con vida de la activista activista ayuuk Sandra Dom\u00ednguez (Oaxaca)","author":"grieta","date":"5 marzo, 2025","format":false,"excerpt":"Imagen: Istmo Press Diana Manzo \/ Istmo Press Oaxaca, Oax.- \u00a1A Sandra, la desapareci\u00f3 el estado, y la queremos con vida!, as\u00ed marcharon por las calles de la capital de Oaxaca, familiares, activistas y amigas de la defensora ayuuk Sandra Dom\u00ednguez para exigir su localizaci\u00f3n con vida a 5 meses\u2026","rel":"","context":"En &quot;CINTILLO&quot;","block_context":{"text":"CINTILLO","link":"https:\/\/www.grieta.org.mx\/index.php\/category\/cintillo\/"},"img":{"alt_text":"","src":"https:\/\/i0.wp.com\/www.grieta.org.mx\/wp-content\/uploads\/2025\/03\/71725775-070a-4a72-ba97-890138cc96a0-800x445-1.jpeg?resize=350%2C200&ssl=1","width":350,"height":200,"srcset":"https:\/\/i0.wp.com\/www.grieta.org.mx\/wp-content\/uploads\/2025\/03\/71725775-070a-4a72-ba97-890138cc96a0-800x445-1.jpeg?resize=350%2C200&ssl=1 1x, https:\/\/i0.wp.com\/www.grieta.org.mx\/wp-content\/uploads\/2025\/03\/71725775-070a-4a72-ba97-890138cc96a0-800x445-1.jpeg?resize=525%2C300&ssl=1 1.5x, https:\/\/i0.wp.com\/www.grieta.org.mx\/wp-content\/uploads\/2025\/03\/71725775-070a-4a72-ba97-890138cc96a0-800x445-1.jpeg?resize=700%2C400&ssl=1 2x"},"classes":[]}],"_links":{"self":[{"href":"https:\/\/www.grieta.org.mx\/index.php\/wp-json\/wp\/v2\/posts\/54382","targetHints":{"allow":["GET"]}}],"collection":[{"href":"https:\/\/www.grieta.org.mx\/index.php\/wp-json\/wp\/v2\/posts"}],"about":[{"href":"https:\/\/www.grieta.org.mx\/index.php\/wp-json\/wp\/v2\/types\/post"}],"author":[{"embeddable":true,"href":"https:\/\/www.grieta.org.mx\/index.php\/wp-json\/wp\/v2\/users\/2"}],"replies":[{"embeddable":true,"href":"https:\/\/www.grieta.org.mx\/index.php\/wp-json\/wp\/v2\/comments?post=54382"}],"version-history":[{"count":1,"href":"https:\/\/www.grieta.org.mx\/index.php\/wp-json\/wp\/v2\/posts\/54382\/revisions"}],"predecessor-version":[{"id":54385,"href":"https:\/\/www.grieta.org.mx\/index.php\/wp-json\/wp\/v2\/posts\/54382\/revisions\/54385"}],"wp:featuredmedia":[{"embeddable":true,"href":"https:\/\/www.grieta.org.mx\/index.php\/wp-json\/wp\/v2\/media\/21928"}],"wp:attachment":[{"href":"https:\/\/www.grieta.org.mx\/index.php\/wp-json\/wp\/v2\/media?parent=54382"}],"wp:term":[{"taxonomy":"category","embeddable":true,"href":"https:\/\/www.grieta.org.mx\/index.php\/wp-json\/wp\/v2\/categories?post=54382"},{"taxonomy":"post_tag","embeddable":true,"href":"https:\/\/www.grieta.org.mx\/index.php\/wp-json\/wp\/v2\/tags?post=54382"}],"curies":[{"name":"wp","href":"https:\/\/api.w.org\/{rel}","templated":true}]}}