{"id":54376,"date":"2020-10-21T10:56:49","date_gmt":"2020-10-21T15:56:49","guid":{"rendered":"http:\/\/www.grieta.org.mx\/?p=54376"},"modified":"2020-10-22T12:55:50","modified_gmt":"2020-10-22T17:55:50","slug":"arrasan-inmobiliarias-con-predios-ejidales-y-costeros-de-yucatan","status":"publish","type":"post","link":"https:\/\/www.grieta.org.mx\/index.php\/2020\/10\/21\/arrasan-inmobiliarias-con-predios-ejidales-y-costeros-de-yucatan\/","title":{"rendered":"Arrasan inmobiliarias con predios ejidales y costeros de Yucat\u00e1n"},"content":{"rendered":"<p><img loading=\"lazy\" decoding=\"async\" data-attachment-id=\"54378\" data-permalink=\"https:\/\/www.grieta.org.mx\/index.php\/2020\/10\/21\/arrasan-inmobiliarias-con-predios-ejidales-y-costeros-de-yucatan\/arrasan\/\" data-orig-file=\"https:\/\/www.grieta.org.mx\/wp-content\/uploads\/2020\/10\/Arrasan-e1603382874550.png\" data-orig-size=\"800,448\" data-comments-opened=\"0\" data-image-meta=\"{&quot;aperture&quot;:&quot;0&quot;,&quot;credit&quot;:&quot;&quot;,&quot;camera&quot;:&quot;&quot;,&quot;caption&quot;:&quot;&quot;,&quot;created_timestamp&quot;:&quot;0&quot;,&quot;copyright&quot;:&quot;&quot;,&quot;focal_length&quot;:&quot;0&quot;,&quot;iso&quot;:&quot;0&quot;,&quot;shutter_speed&quot;:&quot;0&quot;,&quot;title&quot;:&quot;&quot;,&quot;orientation&quot;:&quot;0&quot;}\" data-image-title=\"Arrasan\" data-image-description=\"\" data-image-caption=\"\" data-medium-file=\"https:\/\/www.grieta.org.mx\/wp-content\/uploads\/2020\/10\/Arrasan-300x168.png\" data-large-file=\"https:\/\/www.grieta.org.mx\/wp-content\/uploads\/2020\/10\/Arrasan-e1603382874550.png\" src=\"http:\/\/www.grieta.org.mx\/wp-content\/uploads\/2020\/10\/Arrasan-e1603382874550.png\" alt=\"\" width=\"800\" height=\"448\" class=\"alignnone size-full wp-image-54378\" \/><\/p>\n<p>Rebeca Gonz\u00e1lez \/ La Verdad<br \/>\nEn la costa yucateca, desde Sisal hasta Telchac Puerto, pasando por Progreso, decenas de empresas desarrolladoras de vivienda de lujo entre las que sobresalen Torre Aura Smart Luxury, Torre Aura, Aura Marena, Aura beach y Tao Sisal, se han apoderado de terrenos dejando a su paso devastaci\u00f3n, enfrentamiento y pobreza en los n\u00facleos ejidales ante la permisividad de las autoridades municipales, federales y el gobierno de Yucat\u00e1n, que autoriza el crecimiento de asentamientos humanos afectando la flora y fauna, denunciaron l\u00edderes ejidales.<\/p>\n<p>Organizaciones civiles y representantes de comunidades mayas revelaron que la expansi\u00f3n de megaproyectos, desarrollos de vivienda y proyectos tur\u00edsticos en la Pen\u00ednsula, siguen arrasando con las tierras de comunidades y pueblos mayas, incluso con la costa y la biodiversidad.<\/p>\n<p>El colectivo GeoComunes, el Consejo Civil Mexicano para la Silvicultura Sostenible, A.C. (Ccmss) y Articulaci\u00f3n Yucat\u00e1n, sostienen que los llamados megaproyectos est\u00e1n apegados \u201cal modelo de desarrollo basado en el despojo y la ruptura del tejido social comunitario, y afectan la calidad de vida de sus habitantes y la sostenibilidad de la regi\u00f3n\u201d.<\/p>\n<p>En los \u00faltimos diez a\u00f1os, cinco sectores econ\u00f3micos: inmobiliario, tur\u00edstico, agroindustrial, industrial y energ\u00e9tico, han tenido exponencial expansi\u00f3n en la Pen\u00ednsula a costa de recursos naturales del territorio maya.<\/p>\n<p><img loading=\"lazy\" decoding=\"async\" data-attachment-id=\"54380\" data-permalink=\"https:\/\/www.grieta.org.mx\/index.php\/2020\/10\/21\/arrasan-inmobiliarias-con-predios-ejidales-y-costeros-de-yucatan\/arrasan2\/\" data-orig-file=\"https:\/\/www.grieta.org.mx\/wp-content\/uploads\/2020\/10\/Arrasan2.png\" data-orig-size=\"446,289\" data-comments-opened=\"0\" data-image-meta=\"{&quot;aperture&quot;:&quot;0&quot;,&quot;credit&quot;:&quot;&quot;,&quot;camera&quot;:&quot;&quot;,&quot;caption&quot;:&quot;&quot;,&quot;created_timestamp&quot;:&quot;0&quot;,&quot;copyright&quot;:&quot;&quot;,&quot;focal_length&quot;:&quot;0&quot;,&quot;iso&quot;:&quot;0&quot;,&quot;shutter_speed&quot;:&quot;0&quot;,&quot;title&quot;:&quot;&quot;,&quot;orientation&quot;:&quot;0&quot;}\" data-image-title=\"Arrasan2\" data-image-description=\"\" data-image-caption=\"\" data-medium-file=\"https:\/\/www.grieta.org.mx\/wp-content\/uploads\/2020\/10\/Arrasan2-300x194.png\" data-large-file=\"https:\/\/www.grieta.org.mx\/wp-content\/uploads\/2020\/10\/Arrasan2.png\" src=\"http:\/\/www.grieta.org.mx\/wp-content\/uploads\/2020\/10\/Arrasan2.png\" alt=\"\" width=\"446\" height=\"289\" class=\"alignnone size-full wp-image-54380\" srcset=\"https:\/\/www.grieta.org.mx\/wp-content\/uploads\/2020\/10\/Arrasan2.png 446w, https:\/\/www.grieta.org.mx\/wp-content\/uploads\/2020\/10\/Arrasan2-300x194.png 300w\" sizes=\"auto, (max-width: 446px) 100vw, 446px\" \/><br \/>\nProyectos inmobiliarios en la costa de Yucat\u00e1n<\/p>\n<p>Alterando la calidad de vida de sus habitantes y la sostenibilidad de la regi\u00f3n, e incrementando la vulnerabilidad de las comunidades y las personas a causa del da\u00f1o a los sistemas ambientales.<\/p>\n<p>En su cat\u00e1logo de fen\u00f3menos denominado \u201cAmenazas al territorio en la Pen\u00ednsula de Yucat\u00e1n\u201d advierten del avance da\u00f1ino de los proyectos.<\/p>\n<p>Alfonso Hoil, representante de San Jos\u00e9 Tipceh, ejido de Muna, dijo que los proyectos urban\u00edsticos y de construcci\u00f3n, ponen en peligro la vida del pueblo maya, pues las instituciones gubernamentales dan autorizaciones sin considerar que se trata de territorios ind\u00edgenas.<\/p>\n<p>\u201cQueremos que el gobierno respete la ley y que los funcionarios comprendan que se est\u00e1n violentando los derechos de los pueblos y las personas\u201d, manifest\u00f3.<\/p>\n<p>Mar\u00eda Eu\u00e1n, integrante de la Asamblea de Defensores del Territorio Maya Mu\u00fach\u2019 Xiinbal, dijo que \u201cse est\u00e1 dando un proceso para despojarnos de nuestra tierra e instalar un proyecto de energ\u00eda solar, y como estamos defendiendo el territorio, somos discriminados\u201d.<\/p>\n<p>\u201cPero ni as\u00ed vamos a permitir que alguna empresa nos venga a desalojar, quieren quedarse con m\u00e1s de 700 hect\u00e1reas en las que los vecinos trabajamos\u201d, dijo la representante femenil.<\/p>\n<p>Gregorio Hau, representante de Valladolid e integrante de la Asamblea de Defensores del Territorio Maya, dijo que proyectos e\u00f3licos y fotovoltaicos est\u00e1n generando un incremento en la violencia, pobreza ruptura del tejido social cultural y familiar en las comunidades, tambi\u00e9n est\u00e1n generando especulaci\u00f3n con las tierras despojos con amenazas y violencia eso es lo que est\u00e1 sucediendo en San Jos\u00e9 Tipceh, Muna y Ebt\u00fan.<br \/>\nSin visi\u00f3n a largo plazo<\/p>\n<p>Sara Cuervo y Adri\u00e1n Flores coincidieron en mencionar que las inversiones en la regi\u00f3n han perseguido las ganancias monetarias sin una visi\u00f3n de sustentabilidad de largo plazo.<\/p>\n<p>Cuando la inversi\u00f3n en un sector deja de ser rentable, el capital transita hacia otros sectores, como pas\u00f3 cuando la crisis del sector agr\u00edcola -madera, chicle y henequ\u00e9n-, redirigi\u00f3 inversiones hacia el turismo y a la agroindustria de la soya transg\u00e9nica, el sorgo y la palma de aceite.<\/p>\n<p>Tambi\u00e9n ilustra c\u00f3mo leyes, instituciones y pol\u00edticas de Estado han sido modificadas estructuralmente para favorecer las estrategias de este modelo depredador.<\/p>\n<p>A finales del 2019 se hab\u00eda anunciado la inversi\u00f3n de m\u00e1s de 11 mil millones de pesos en proyectos de construcci\u00f3n y desarrollo de viviendas y complejos tur\u00edsticos principalmente de playa o cerca de la playa de Yucat\u00e1n.<\/p>\n<p>Como ejemplo de lo anterior, los desarrollos inmobiliarios como: Torre Aura Smart Luxury, Torre Aura, Aura Marena, Aura beach y Tao Sisal, fueron frenados durante meses por la llegada a Yucat\u00e1n de la pandemia de coronavirus.<\/p>\n<p>Dichos proyectos est\u00e1n enfocados al turismo extranjero y nacional, en el puerto de Telchac y en las playas de la costa de Sisal.<\/p>\n<p>Despojo en Dzilam de Bravo<\/p>\n<p>La llamada mafia inmobiliaria que opera en Yucat\u00e1n desde hace 12 a\u00f1os, no solo ha incrementado sus actividades en los desarrollos inmobiliarios de periferia de M\u00e9rida y la zona conurbada, sino que se ha extendido hacia la costa de Yucat\u00e1n como es el caso del despojo de terrenos nacionales en una franja de playa de 2.5 kil\u00f3metros.<\/p>\n<p>Las tierras se ubican en el municipio costero de Dzilam Bravo, donde se construye un parque e\u00f3lico.<\/p>\n<p>Sin embargo, no es el \u00fanico caso pues tambi\u00e9n esta mafia inmobiliaria costera lleg\u00f3 hasta Celest\u00fan.<\/p>\n<p><img loading=\"lazy\" decoding=\"async\" data-attachment-id=\"54381\" data-permalink=\"https:\/\/www.grieta.org.mx\/index.php\/2020\/10\/21\/arrasan-inmobiliarias-con-predios-ejidales-y-costeros-de-yucatan\/arrasan3\/\" data-orig-file=\"https:\/\/www.grieta.org.mx\/wp-content\/uploads\/2020\/10\/Arrasan3.png\" data-orig-size=\"593,400\" data-comments-opened=\"0\" data-image-meta=\"{&quot;aperture&quot;:&quot;0&quot;,&quot;credit&quot;:&quot;&quot;,&quot;camera&quot;:&quot;&quot;,&quot;caption&quot;:&quot;&quot;,&quot;created_timestamp&quot;:&quot;0&quot;,&quot;copyright&quot;:&quot;&quot;,&quot;focal_length&quot;:&quot;0&quot;,&quot;iso&quot;:&quot;0&quot;,&quot;shutter_speed&quot;:&quot;0&quot;,&quot;title&quot;:&quot;&quot;,&quot;orientation&quot;:&quot;0&quot;}\" data-image-title=\"Arrasan3\" data-image-description=\"\" data-image-caption=\"\" data-medium-file=\"https:\/\/www.grieta.org.mx\/wp-content\/uploads\/2020\/10\/Arrasan3-300x202.png\" data-large-file=\"https:\/\/www.grieta.org.mx\/wp-content\/uploads\/2020\/10\/Arrasan3.png\" src=\"http:\/\/www.grieta.org.mx\/wp-content\/uploads\/2020\/10\/Arrasan3.png\" alt=\"\" width=\"593\" height=\"400\" class=\"alignnone size-full wp-image-54381\" srcset=\"https:\/\/www.grieta.org.mx\/wp-content\/uploads\/2020\/10\/Arrasan3.png 593w, https:\/\/www.grieta.org.mx\/wp-content\/uploads\/2020\/10\/Arrasan3-300x202.png 300w\" sizes=\"auto, (max-width: 593px) 100vw, 593px\" \/><br \/>\nLa costa de Yucat\u00e1n en manos de las inmobiliarias<\/p>\n<p>El despojo a la naci\u00f3n en Dzilam Bravo sali\u00f3 a la luz p\u00fablica a ra\u00edz de un pleito legal entre la Marina Armada de M\u00e9xico, que proyecta construir una estaci\u00f3n naval en dichos terrenos, y uno de los supuestos propietarios, que supuestamente posee t\u00edtulos falsos.<\/p>\n<p>En todas las operaciones sale a relucir el nombre de Mario Peraza Ram\u00edrez, quien fue director del Catastro en el sexenio pasado, pero tambi\u00e9n el nombre de Rafael Acosta Sol\u00eds como prestanombre de varios inversionistas.<\/p>\n<p>Para el despojo de la franja costera, el modus operandi fue que a trav\u00e9s de una sesi\u00f3n de cabildo, fue declarada como parte del fundo legal la franja costera; posteriormente fueron cedidas a t\u00edtulo de donaci\u00f3n a empresas inmobiliarias, que posteriormente las vendieron a particulares. Negocio redondo sin arriesgar un solo peso.<\/p>\n<p>Quienes adquirieron esos predios han sido v\u00edctimas de un millonario fraude que involucra a autoridades municipales, escribanos, notarios, catastro, y hasta personal del Insejupy y otras dependencias que avalaron los tr\u00e1mites.<\/p>\n<p>Cecilio Cisneros Rivero, del Consejo de Vigilancia de Ixil; Gilberto Chan Ak\u00e9, presidente del comisariado de Yaxkukul; Isidro Pech Canch\u00e9, ejidatario de Baca; Lorenzo Balam Canul, de Samahil; Luis Tz\u00e1 S\u00e1nchez, de Motul, y Matilde May Chan, de Sey\u00e9. Pidieron que los poderosos despachos de los compradores de tierras sean objeto de auditor\u00edas para saber el origen de sus recursos.<\/p>\n<p>Con la complicidad de autoridades civiles, agrarias y representantes ejidales en las comunidades rurales, durante los 10 \u00faltimos a\u00f1os ha aumentado la compra venta de tierras; pagando a 5 pesos el metro cuadrado.<\/p>\n<p>\u201csomos respetuosos de las leyes; hemos confiado en las instituciones pero hasta ahora nos han fallado\u201d indicaron los ejidatarios, quienes se han agrupado en el Frente Campesino en Defensa de la Tierra y la Vida.<\/p>\n<p>En lo ejidos el modus operandi para concretar el despojo se basa en la realizaci\u00f3n de asambleas ficticias, en las cuales algunos comisarios act\u00faan en contubernio con las presidencias municipales y cada vez son m\u00e1s seguidas y graves porque las dependencias, sabiendo el origen viciado del proceso, las validan sin objetar.<br \/>\nTierras en manos de acaparadores<\/p>\n<p>En Yucat\u00e1n existe una superficie de 2 millones 160 mil hect\u00e1reas de tierras ejidales, de las cuales, desde la reforma al art\u00edculo 27 Constitucional, han sido regularizadas de acuerdo con registros en la Procuradur\u00eda Agraria, un mill\u00f3n 500 mil hect\u00e1reas, de estas un 50 por ciento, es decir, unas 750 mil hect\u00e1reas ya son propiedad de minifundistas, empresarios e inversionistas.<\/p>\n<p>Los interesados en apoderarse de las tierras ejidales de los yucatecos, campesinos en su gran mayor\u00eda maya-hablantes que no entienden del todo el espa\u00f1ol mucho menos saben leer o escribir en este idioma, buscan establecer desde peque\u00f1as empresas tur\u00edsticas, como peque\u00f1os hostales, restaurantes, plazas,  desarrollos viviend\u00edsticos, grandes hoteles, almacenes, bodegas, industrias diversas hasta parques fotovoltaicos, aprovechando para ellos los recursos naturales que provee la tierra y el sistema de cenotes subterr\u00e1neos y abiertos.<\/p>\n<p>El pleito por las tierras ejidales resurgi\u00f3 con las reformas al Art\u00edculo 27 constitucional en el a\u00f1o 1992; se abr\u00eda la posibilidad de que personas externas y ajenas al campo pero con solvencia econ\u00f3mica se \u201casociaran\u201d a los campesinos para invertir en las tierras, supuestamente hacerlas producir con el uso de las nuevas tecnolog\u00edas en el riego y la producci\u00f3n, este nuevo esquema era interpretado tanto por los inversionistas como por las autoridades de acuerdo a los intereses econ\u00f3micos de cada quien, plantea Bartolom\u00e9 Puga Torres, representante de la Coalici\u00f3n Nacional Campesina y Urbana.<\/p>\n<p>Aunque la ley no establec\u00eda el t\u00e9rmino compra \u2013venta en tierras ejidales, sino enajenaci\u00f3n y cesi\u00f3n de derechos, las primeras transacciones entre \u201cinversionistas\u201d y ejidatarios yucatecos se dieron por la v\u00eda econ\u00f3mica, aunque nunca se han pagado precios justos por la tierra, estas transacciones sirvieron para viciar a los campesinos.<\/p>\n<p>\u201cLos empresarios han arrasado \u2013en los \u00faltimos 10 a\u00f1os- con miles de hect\u00e1reas en los municipios del interior de Yucat\u00e1n; se meten a las asambleas, dividen a los ejidatarios y los convencen de \u201cvender\u201d en 5 pesos el metro cuadrado\u201d, expone el representante campesino.<\/p>\n<p>Pero los ciclos inmobiliarios se cumplen, y en M\u00e9rida viene un reajuste \u201cnatural\u201d de su ciclo inmobiliario, de acuerdo con el director de UnoConsulting, Cristian Canto, quien estima que en 24, m\u00e1ximo 36 meses, puede presentarse \u201cuna ca\u00edda significativa\u201d.<\/p>\n<p>Pero asegura que la plusval\u00eda se mantendr\u00e1 por las condiciones de calidad de vida y seguridad que ofrece la entidad.<\/p>\n<p>Una de las principales limitantes es que la sobreoferta est\u00e1 haciendo mella.<\/p>\n<p>Adem\u00e1s M\u00e9rida tiene muy poca densificaci\u00f3n y la expansi\u00f3n de la ciudad de los n\u00facleos urban\u00edsticos est\u00e1 generando problemas en el traspaso de proyectos por la lejan\u00eda, \u201cmuchas de las obras que se realizan est\u00e1n fuera del perif\u00e9rico de la ciudad\u201d, record\u00f3 Canto.<\/p>\n<p>Explic\u00f3 que la mayor\u00eda de los desarrolladores, muchos inexpertos, se van por tierra m\u00e1s barata, fuera del perif\u00e9rico, pero eso cobrar\u00e1 factura.<\/p>\n<p>La expansi\u00f3n inmobiliaria de M\u00e9rida se ha realizado sin ning\u00fan plan urbano que ordene, norme y l\u00edmite la expansi\u00f3n. El caso m\u00e1s demostrativo es el tema de los llamados \u201clotes de inversi\u00f3n\u201d, una oferta de terrenos que en realidad es un \u201ctimo\u201d, asegura Cristian Canto.<\/p>\n<p>Para el consultor, esta \u201ces la verdadera burbuja inmobiliaria en M\u00e9rida\u201d, pues se oferta tierra supuestamente barata, a 40 km de distancia de la ciudad, sin ning\u00fan valor, sin ning\u00fan servicio. \u201cLas personas la compran por especulaci\u00f3n, a ra\u00edz del boom inmobiliario, pero es un timo a la gente, no tiene valor, y hay que tener cuidado\u201d.<\/p>\n<p>    2,160,000<\/p>\n<p>Hect\u00e1reas ejidales<\/p>\n<p>    1.500,000<\/p>\n<p>Hect\u00e1reas regularizadas<\/p>\n<p>    750,000<\/p>\n<p>propiedad de minifundistas,empresarios e inversionistas.<\/p>\n<p>    <a href=\"https:\/\/laverdadnoticias.com\/yucatan\/Arrasan-inmobiliarias-con-predios-ejidales-y-costeros-de-Yucatan-20201021-0258.html\" rel=\"noopener noreferrer\" target=\"_blank\">https:\/\/laverdadnoticias.com\/yucatan\/Arrasan-inmobiliarias-con-predios-ejidales-y-costeros-de-Yucatan-20201021-0258.html<\/a><\/p>\n","protected":false},"excerpt":{"rendered":"<p>Rebeca Gonz\u00e1lez \/ La Verdad En la costa yucateca, desde Sisal hasta Telchac Puerto, pasando por Progreso, decenas de empresas desarrolladoras de vivienda de lujo entre las que sobresalen Torre &hellip; <a href=\"https:\/\/www.grieta.org.mx\/index.php\/2020\/10\/21\/arrasan-inmobiliarias-con-predios-ejidales-y-costeros-de-yucatan\/\" class=\"more-link\">Leer m\u00e1s<\/a><\/p>\n","protected":false},"author":2,"featured_media":54378,"comment_status":"closed","ping_status":"closed","sticky":false,"template":"","format":"standard","meta":{"ngg_post_thumbnail":0,"_jetpack_newsletter_access":"","_jetpack_dont_email_post_to_subs":false,"_jetpack_newsletter_tier_id":0,"_jetpack_memberships_contains_paywalled_content":false,"_jetpack_memberships_contains_paid_content":false,"footnotes":""},"categories":[80,1269,3,922,952,2,1051,1058,420,36],"tags":[1704,2942,96,262,1817],"class_list":["post-54376","post","type-post","status-publish","format-standard","has-post-thumbnail","hentry","category-cintillo","category-protestas-ante-despojo-por-proyectos-inmobiliarios-en-yucatan","category-megaproyectos","category-megaproyectos-estados","category-mp-yucatan","category-noticias-nacionales","category-parques-eolicos-y-solares-en-yucatan","category-parques-eolicos-y-solares-en-yucatan-mp-yucatan","category-parques-solares","category-yucatan","tag-desarrollos-inmobiliarios","tag-despojo-de-tierras-por-inmobiliarias","tag-megaproyectos","tag-parque-solar","tag-tierras-ejidales","entry"],"jetpack_featured_media_url":"https:\/\/www.grieta.org.mx\/wp-content\/uploads\/2020\/10\/Arrasan-e1603382874550.png","jetpack_sharing_enabled":true,"jetpack_shortlink":"https:\/\/wp.me\/p7ZJR4-e92","jetpack_likes_enabled":false,"jetpack-related-posts":[{"id":35945,"url":"https:\/\/www.grieta.org.mx\/index.php\/2019\/07\/05\/expansion-de-megaproyectos-en-la-peninsula-de-yucatan-video\/","url_meta":{"origin":54376,"position":0},"title":"Expansi\u00f3n de Megaproyectos en la Pen\u00ednsula de Yucat\u00e1n (Video)","author":"grieta","date":"5 julio, 2019","format":false,"excerpt":"https:\/\/youtu.be\/qLBARIAaBsI","rel":"","context":"En &quot;Campeche&quot;","block_context":{"text":"Campeche","link":"https:\/\/www.grieta.org.mx\/index.php\/category\/noticias-nacionales\/campeche\/"},"img":{"alt_text":"","src":"https:\/\/i0.wp.com\/img.youtube.com\/vi\/qLBARIAaBsI\/0.jpg?resize=350%2C200","width":350,"height":200},"classes":[]},{"id":58003,"url":"https:\/\/www.grieta.org.mx\/index.php\/2021\/03\/27\/son-proyectos-que-no-estan-siendo-consultados-por-tren-maya-se-harian-10-parques-solares-activistas-de-yucatan-no-quieren-mas-despojo-de-tierras\/","url_meta":{"origin":54376,"position":1},"title":"\u201cSon proyectos que no est\u00e1n siendo consultados\u201d: Por Tren Maya, se har\u00edan 10 parques solares; activistas de Yucat\u00e1n no quieren m\u00e1s despojo de tierras","author":"grieta","date":"27 marzo, 2021","format":false,"excerpt":"Itzel Chan \/ Noticaribe M\u00c9RIDA, MX.- Ante el anuncio relacionado con la construcci\u00f3n de 10 parques de energ\u00eda solar para abastecer los tramos electrificados del Tren Maya, integrantes de la Asamblea de Defensores del Territorio Maya M\u00fauch\u2019 X\u00edinbal, se pronuncian desde ahora que se oponen a m\u00e1s despojo de tierras.\u2026","rel":"","context":"En &quot;Campeche&quot;","block_context":{"text":"Campeche","link":"https:\/\/www.grieta.org.mx\/index.php\/category\/noticias-nacionales\/campeche\/"},"img":{"alt_text":"","src":"https:\/\/i0.wp.com\/www.grieta.org.mx\/wp-content\/uploads\/2021\/03\/ParquesSolaresTrenMalla-e1616978369383.png?resize=350%2C200&ssl=1","width":350,"height":200,"srcset":"https:\/\/i0.wp.com\/www.grieta.org.mx\/wp-content\/uploads\/2021\/03\/ParquesSolaresTrenMalla-e1616978369383.png?resize=350%2C200&ssl=1 1x, https:\/\/i0.wp.com\/www.grieta.org.mx\/wp-content\/uploads\/2021\/03\/ParquesSolaresTrenMalla-e1616978369383.png?resize=525%2C300&ssl=1 1.5x, https:\/\/i0.wp.com\/www.grieta.org.mx\/wp-content\/uploads\/2021\/03\/ParquesSolaresTrenMalla-e1616978369383.png?resize=700%2C400&ssl=1 2x"},"classes":[]},{"id":54206,"url":"https:\/\/www.grieta.org.mx\/index.php\/2020\/10\/14\/parques-eolicos-causaron-las-inundaciones-afirman-ejidatarios-de-ixil-yucatan\/","url_meta":{"origin":54376,"position":2},"title":"\u201cParques e\u00f3licos causaron las inundaciones\u201d, afirman ejidatarios de Ixil (Yucat\u00e1n)","author":"grieta","date":"14 octubre, 2020","format":false,"excerpt":"MayaPolitikon \u201cTengo sesenta a\u00f1os y jam\u00e1s hab\u00eda visto inundaciones como estas que padecemos hoy\u201d, dice Cecilio Cisneros, un ejidatario de Ixil cuyo comisariado encabeza la resistencia a la entrada de parques e\u00f3licos en el territorio. \u00bf\u201dHacia d\u00f3nde quieren que corra el agua, si le han bloqueado el paso hacia la\u2026","rel":"","context":"En &quot;CINTILLO&quot;","block_context":{"text":"CINTILLO","link":"https:\/\/www.grieta.org.mx\/index.php\/category\/cintillo\/"},"img":{"alt_text":"","src":"https:\/\/i0.wp.com\/www.grieta.org.mx\/wp-content\/uploads\/2020\/10\/CecilioCisneros.png?resize=350%2C200","width":350,"height":200},"classes":[]},{"id":30641,"url":"https:\/\/www.grieta.org.mx\/index.php\/2019\/03\/11\/energias-limpias-con-procedimientos-puercos-en-yucatan\/","url_meta":{"origin":54376,"position":3},"title":"\u2018Energ\u00edas limpias\u2019 con procedimientos puercos en Yucat\u00e1n","author":"grieta","date":"11 marzo, 2019","format":false,"excerpt":"Yucat\u00e1n Ahora Representantes ejidales de Valladolid, Sinanch\u00e9, Muna e Ixil declararon que promotores de empresas fotovoltaicas y e\u00f3licas que pretenden instalarse en Yucat\u00e1n los han despojado de sus tierras bajo enga\u00f1os. En conferencia de prensa, los afectados informaron que han este estos hechos han interpuesto demandas ante el Tribunal Agrario\u2026","rel":"","context":"En &quot;16. Pueblo Maya&quot;","block_context":{"text":"16. Pueblo Maya","link":"https:\/\/www.grieta.org.mx\/index.php\/category\/espejos-de-la-resistencia\/16-pueblo-maya\/"},"img":{"alt_text":"","src":"https:\/\/i0.wp.com\/www.grieta.org.mx\/wp-content\/uploads\/2019\/03\/EnergiasLimpiasProcedimientosPuercos.png?resize=350%2C200&ssl=1","width":350,"height":200,"srcset":"https:\/\/i0.wp.com\/www.grieta.org.mx\/wp-content\/uploads\/2019\/03\/EnergiasLimpiasProcedimientosPuercos.png?resize=350%2C200&ssl=1 1x, https:\/\/i0.wp.com\/www.grieta.org.mx\/wp-content\/uploads\/2019\/03\/EnergiasLimpiasProcedimientosPuercos.png?resize=525%2C300&ssl=1 1.5x, https:\/\/i0.wp.com\/www.grieta.org.mx\/wp-content\/uploads\/2019\/03\/EnergiasLimpiasProcedimientosPuercos.png?resize=700%2C400&ssl=1 2x, https:\/\/i0.wp.com\/www.grieta.org.mx\/wp-content\/uploads\/2019\/03\/EnergiasLimpiasProcedimientosPuercos.png?resize=1050%2C600&ssl=1 3x"},"classes":[]},{"id":6189,"url":"https:\/\/www.grieta.org.mx\/index.php\/2016\/08\/29\/avanzan-proyectos-de-parques-eolicos-en-yucatan\/","url_meta":{"origin":54376,"position":4},"title":"Avanzan proyectos de parques e\u00f3licos en Yucat\u00e1n","author":"grieta","date":"29 agosto, 2016","format":false,"excerpt":"29\/08\/16. Sorpresa en obra e\u00f3lica (Yucat\u00e1n) Diario de Yucat\u00e1n 11\/06\/16. En Yucat\u00e1n, empresas de energ\u00eda e\u00f3lica obtendr\u00e1n cr\u00e9ditos hipotecando tierras mayas Mayapolitikon 31\/03\/16. Motul y Ticul \u201cacaparan\u201d parques e\u00f3licos y solares en Yucat\u00e1n Mayapolitikon 03\/12\/15. Pronto nuevo parque e\u00f3lico Diario de Yucat\u00e1n 23\/10\/15. Primer parque e\u00f3lico de Yucat\u00e1n 'alimentar\u00e1' todos\u2026","rel":"","context":"En &quot;16. Pueblo Maya&quot;","block_context":{"text":"16. Pueblo Maya","link":"https:\/\/www.grieta.org.mx\/index.php\/category\/espejos-de-la-resistencia\/16-pueblo-maya\/"},"img":{"alt_text":"","src":"https:\/\/i0.wp.com\/www.grieta.org.mx\/wp-content\/uploads\/2018\/03\/14524434_1106112876131411_958039263622046936_o.jpg?resize=350%2C200&ssl=1","width":350,"height":200,"srcset":"https:\/\/i0.wp.com\/www.grieta.org.mx\/wp-content\/uploads\/2018\/03\/14524434_1106112876131411_958039263622046936_o.jpg?resize=350%2C200&ssl=1 1x, https:\/\/i0.wp.com\/www.grieta.org.mx\/wp-content\/uploads\/2018\/03\/14524434_1106112876131411_958039263622046936_o.jpg?resize=525%2C300&ssl=1 1.5x, https:\/\/i0.wp.com\/www.grieta.org.mx\/wp-content\/uploads\/2018\/03\/14524434_1106112876131411_958039263622046936_o.jpg?resize=700%2C400&ssl=1 2x"},"classes":[]},{"id":39054,"url":"https:\/\/www.grieta.org.mx\/index.php\/2019\/09\/08\/parques-eolicos-y-solares-un-riesgo-regional-yucatan\/","url_meta":{"origin":54376,"position":5},"title":"Parques e\u00f3licos y solares, un riesgo regional (Yucat\u00e1n)","author":"grieta","date":"8 septiembre, 2019","format":false,"excerpt":"Estos megaproyectos se levantan a pesar de que no se realiz\u00f3 una evaluaci\u00f3n regional de las afectaciones ambientales y conflictos sociales que provocan en la Pen\u00ednsula de Yucat\u00e1n. Por Herbeth Escalante\/Fotograf\u00eda de Cuauht\u00e9moc Moreno\/Haz ruido M\u00e9rida, Yucat\u00e1n.- Investigadores de la asociaci\u00f3n Articulaci\u00f3n Yucat\u00e1n insisten en que la instalaci\u00f3n de m\u00e1s\u2026","rel":"","context":"En &quot;CINTILLO&quot;","block_context":{"text":"CINTILLO","link":"https:\/\/www.grieta.org.mx\/index.php\/category\/cintillo\/"},"img":{"alt_text":"","src":"https:\/\/i0.wp.com\/www.grieta.org.mx\/wp-content\/uploads\/2019\/09\/parque-eolico-560x416.jpg?resize=350%2C200&ssl=1","width":350,"height":200,"srcset":"https:\/\/i0.wp.com\/www.grieta.org.mx\/wp-content\/uploads\/2019\/09\/parque-eolico-560x416.jpg?resize=350%2C200&ssl=1 1x, https:\/\/i0.wp.com\/www.grieta.org.mx\/wp-content\/uploads\/2019\/09\/parque-eolico-560x416.jpg?resize=525%2C300&ssl=1 1.5x"},"classes":[]}],"_links":{"self":[{"href":"https:\/\/www.grieta.org.mx\/index.php\/wp-json\/wp\/v2\/posts\/54376","targetHints":{"allow":["GET"]}}],"collection":[{"href":"https:\/\/www.grieta.org.mx\/index.php\/wp-json\/wp\/v2\/posts"}],"about":[{"href":"https:\/\/www.grieta.org.mx\/index.php\/wp-json\/wp\/v2\/types\/post"}],"author":[{"embeddable":true,"href":"https:\/\/www.grieta.org.mx\/index.php\/wp-json\/wp\/v2\/users\/2"}],"replies":[{"embeddable":true,"href":"https:\/\/www.grieta.org.mx\/index.php\/wp-json\/wp\/v2\/comments?post=54376"}],"version-history":[{"count":1,"href":"https:\/\/www.grieta.org.mx\/index.php\/wp-json\/wp\/v2\/posts\/54376\/revisions"}],"predecessor-version":[{"id":54386,"href":"https:\/\/www.grieta.org.mx\/index.php\/wp-json\/wp\/v2\/posts\/54376\/revisions\/54386"}],"wp:featuredmedia":[{"embeddable":true,"href":"https:\/\/www.grieta.org.mx\/index.php\/wp-json\/wp\/v2\/media\/54378"}],"wp:attachment":[{"href":"https:\/\/www.grieta.org.mx\/index.php\/wp-json\/wp\/v2\/media?parent=54376"}],"wp:term":[{"taxonomy":"category","embeddable":true,"href":"https:\/\/www.grieta.org.mx\/index.php\/wp-json\/wp\/v2\/categories?post=54376"},{"taxonomy":"post_tag","embeddable":true,"href":"https:\/\/www.grieta.org.mx\/index.php\/wp-json\/wp\/v2\/tags?post=54376"}],"curies":[{"name":"wp","href":"https:\/\/api.w.org\/{rel}","templated":true}]}}