{"id":54373,"date":"2020-10-20T21:36:15","date_gmt":"2020-10-21T02:36:15","guid":{"rendered":"http:\/\/www.grieta.org.mx\/?p=54373"},"modified":"2020-10-22T11:07:33","modified_gmt":"2020-10-22T16:07:33","slug":"54373","status":"publish","type":"post","link":"https:\/\/www.grieta.org.mx\/index.php\/2020\/10\/20\/54373\/","title":{"rendered":"Sistema econ\u00f3mico impuesto desde el siglo pasado, el fondo del problema por el agua en Chihuahua"},"content":{"rendered":"<div class=\"content\">\n<div class=\"moz-reader-content reader-show-element\">\n<div id=\"readability-page-1\" class=\"page\">\n<p><img decoding=\"async\" src=\"https:\/\/i1.wp.com\/terceravia.mx\/wp-content\/uploads\/2020\/09\/Captura-de-pantalla-de-2020-09-09-13-05-45.png?fit=750%2C419&amp;ssl=1\" \/><\/p>\n<p>Foto: Tercervia<\/p>\n<p><em>Jaime Armend\u00e1riz \/ Ra\u00edchali<\/em><\/p>\n<p>A mediados del siglo pasado se impuls\u00f3 en M\u00e9xico la llamada revoluci\u00f3n verde como modelo de desarrollo agr\u00edcola y econ\u00f3mico para las zonas des\u00e9rticas. La idea era hacer productivas tierras \u201cimproductivas\u201d. Chihuahua no fue la excepci\u00f3n y ha mantenido ese modelo en la actualidad, sin embargo hoy en d\u00eda la escasez de agua ha llevado a confrontaciones continuas entre pobladores y con la autoridad.<\/p>\n<p>Voces de expertos como Federico J. Mancera-Valencia, investigador del Centro de Investigaci\u00f3n y Docencia, y Bernardo Manzano, director de la organizaci\u00f3n ambiental Pies de la Tierra AC, advierten que las consecuencias y la lucha por el recurso h\u00eddrico ser\u00e1 cada vez mayor de no modificar el modelo de desarrollo o dirigir correctamente pol\u00edticas p\u00fablicas, espec\u00edficamente para atender la zona serrana, donde finalmente se cultiva el agua.<\/p>\n<p>En un evento virtual organizado por Ra\u00edchali para hablar del conflicto que ha escalado durante todo \u00e9ste a\u00f1o, tanto Mancera como Manzano coincidieron en que los actores pol\u00edticos se han enfocado en buscar culpables sin encontrar soluciones de fondo para toda la entidad.<\/p>\n<p>La lucha por el recurso se agudiz\u00f3 en diciembre del a\u00f1o pasado cuando el Gobierno Federal orden\u00f3 la extracci\u00f3n de agua de las presas El Granero, Las V\u00edrgenes y La Boquilla, con el argumento de pagar el Tratado de Aguas entre M\u00e9xico y Estados Unidos, vigente desde 1944 y que obliga a ambas naciones a entregar cierta cantidad de l\u00edquido cada a\u00f1o y\/o cada quinquenio, pero tambi\u00e9n para llevar agua a otros estados como Nuevo Le\u00f3n y Tamaulipas.<\/p>\n<p>Eso provoc\u00f3 una confrontaci\u00f3n directa entre l\u00edderes pol\u00edticos, campesinos y elementos de la Guardia Nacional (GN), quienes han protagonizado peleas en varios escenarios de las 3 presas. La m\u00e1s reciente se dio el 08 de septiembre, cuando productores irrumpieron en la presa La Boquilla y corrieron a los miembros de la GN, con la finalidad de detener la extracci\u00f3n de agua, hecho en el que destac\u00f3 el asesinato de J\u00e9sica Silva, presuntamente atacada por agentes federales esa misma noche.<\/p>\n<p>Con ese contexto, Bernardo Manzano explic\u00f3 que el problema inicia por malos manejos en la administraci\u00f3n del agua misma, de instituciones que manejan el recurso sin contrapesos, como es la Comisi\u00f3n Nacional del Agua (Conagua), que pocas veces se les audita o cuestiona.<\/p>\n<p>\u201cPero la raz\u00f3n m\u00e1s importante, y que enmarca la punta del iceberg, es el sistema econ\u00f3mico al que estamos acostumbrados. Un sistema econ\u00f3mico basado en el crecimiento infinito a partir de recursos finitos, como es el bosque, el suelo, el aire\u201d.<\/p>\n<p>Para Federico Mancera es algo similar: se trata de un tema pol\u00edtico cada a\u00f1o pero en el fondo estamos viendo sequ\u00edas m\u00e1s prolongadas, que aunque son normales en zonas des\u00e9rticas, deben atenderse con pol\u00edticas p\u00fablicas bien dirigidas y aplicadas.<\/p>\n<p>Puso como ejemplo el Plan H\u00eddrico 2040, creado por el gobierno de Javier Corral en abril del 2019 pero sin aplicarse hasta el momento.<\/p>\n<p>En ese ordenamiento, creado por Gobierno del Estado con apoyo del Instituto Mexicano de Tecnolog\u00eda del Agua, se habla del manejo de las cuencas en la sierra, el abastecimiento de acu\u00edferos, con planes para sistemas de cosecha del agua en ciudades del desierto y la sierra, pero pareciera que Corral espera llegar a la Presidencia de la Rep\u00fablica para impulsarlo, reflexion\u00f3.<\/p>\n<p>\u201cSi buscas las soluciones al problema hay que ver la sierra tarahumara. En el plan se habla de servicios ecosist\u00e9micos para la tarahumara, porque si no se conserva eso, no hay humedad. Es un problema en lo macro y debe atenderse\u201d.<\/p>\n<p>Y es que el agua que llega a los municipios que hoy se encuentran en conflicto, como Delicias y Camargo, llega mediante escurrimientos desde la parte alta del estado, pues desde el bosque templado se tiene vegetaci\u00f3n que transporta, evapora y atrae la humedad del mar. Por eso se dice que el agua se cosecha en la sierra, dado que alrededor del 40 por ciento de las lluvias se da en esa zona y es importante que se conserve, plante\u00f3 Bernardo.<\/p>\n<p>Hasta antes de mediados del siglo pasado, los habitantes de los bosques y de la sierra lograron conservar el agua y sus espacios, pero en la actualidad est\u00e1n constantemente amenazados por grandes proyectos tur\u00edsticos, mineros, \u201cde desarrollo\u201d, y otros m\u00e1s que provocan un desplazamiento obligado.<\/p>\n<figure>\n<div><\/div>\n<\/figure>\n<p>Todo eso se les suma a la sequ\u00eda de este a\u00f1o que por lo menos en la sierra no ha permitido la cosecha de frijol y ma\u00edz para autoconsumo.<\/p>\n<p>\u201cEn ning\u00fan discurso en defensa del agua se ha mencionado a las comunidades, el beneficio que generan las t\u00e9cnica de conservaci\u00f3n, y lo que tiene que ver con su cultura. Los rar\u00e1muri han ayudado a que se mantenga el agua a pesar de las pol\u00edticas o proyecto extractivistas\u201d, precis\u00f3 Manzano, de Pies de la tierra AC.<\/p>\n<p>El investigador Federico Mancera dice que debe repensarse la manera de producir en el desierto, revisar lo que debe pagarse de agua, cu\u00e1ntos cuesta en espec\u00edfico para producir nogal, por ejemplo.<\/p>\n<p>\u201cDebemos entender que hay una historia social distinta en cada regi\u00f3n. No hay gobernanza en los desiertos pero no todo est\u00e1 perdido. Existen \u00e1reas protegidas que habr\u00eda que verlas como reserva de la bi\u00f3sfera para que se siga manteniendo la humedad, porque ya no funciona la llamada revoluci\u00f3n verde para Chihuahua\u201d.<\/p>\n<\/div>\n<blockquote class=\"wp-embedded-content\" data-secret=\"QzRuEtHMGO\"><p><a href=\"https:\/\/raichali.com\/2020\/10\/19\/sistema-economico-impuesto-desde-el-siglo-pasado-el-fondo-del-problema-por-el-agua-en-chihuahua\/\">Sistema econ\u00f3mico impuesto desde el siglo pasado, el fondo del problema por el agua en Chihuahua<\/a><\/p><\/blockquote>\n<p><iframe loading=\"lazy\" class=\"wp-embedded-content\" sandbox=\"allow-scripts\" security=\"restricted\" style=\"position: absolute; clip: rect(1px, 1px, 1px, 1px);\" title=\"&#8220;Sistema econ\u00f3mico impuesto desde el siglo pasado, el fondo del problema por el agua en Chihuahua&#8221; &#8212; Raichali\" src=\"https:\/\/raichali.com\/2020\/10\/19\/sistema-economico-impuesto-desde-el-siglo-pasado-el-fondo-del-problema-por-el-agua-en-chihuahua\/embed\/#?secret=QzRuEtHMGO\" data-secret=\"QzRuEtHMGO\" width=\"600\" height=\"338\" frameborder=\"0\" marginwidth=\"0\" marginheight=\"0\" scrolling=\"no\"><\/iframe><\/p>\n<\/div>\n<\/div>\n","protected":false},"excerpt":{"rendered":"<p>Foto: Tercervia Jaime Armend\u00e1riz \/ Ra\u00edchali A mediados del siglo pasado se impuls\u00f3 en M\u00e9xico la llamada revoluci\u00f3n verde como modelo de desarrollo agr\u00edcola y econ\u00f3mico para las zonas des\u00e9rticas. &hellip; <a href=\"https:\/\/www.grieta.org.mx\/index.php\/2020\/10\/20\/54373\/\" class=\"more-link\">Leer m\u00e1s<\/a><\/p>\n","protected":false},"author":2,"featured_media":54374,"comment_status":"closed","ping_status":"closed","sticky":false,"template":"","format":"standard","meta":{"ngg_post_thumbnail":0,"_jetpack_newsletter_access":"","_jetpack_dont_email_post_to_subs":false,"_jetpack_newsletter_tier_id":0,"_jetpack_memberships_contains_paywalled_content":false,"_jetpack_memberships_contains_paid_content":false,"footnotes":""},"categories":[12,80,1227],"tags":[184],"class_list":["post-54373","post","type-post","status-publish","format-standard","has-post-thumbnail","hentry","category-chihuahua","category-cintillo","category-conflictos-por-recursos-hidricos-en-chihuahua","tag-despojo","entry"],"jetpack_featured_media_url":"https:\/\/www.grieta.org.mx\/wp-content\/uploads\/2020\/10\/Captura-de-pantalla-de-2020-09-09-13-05-45.png","jetpack_sharing_enabled":true,"jetpack_shortlink":"https:\/\/wp.me\/s7ZJR4-54373","jetpack_likes_enabled":false,"jetpack-related-posts":[{"id":25986,"url":"https:\/\/www.grieta.org.mx\/index.php\/2018\/08\/31\/protestan-trabajadores-en-el-aeropuerto-chihuahua\/","url_meta":{"origin":54373,"position":0},"title":"Protestan trabajadores en el aeropuerto (Chihuahua)","author":"grieta","date":"31 agosto, 2018","format":false,"excerpt":"EL DIARIO DE CHIHUAHUA Chihuahua.- Empleados de la empresa OMA se manifestaron en el aeropuerto Roberto Fierro por la falta de pago desde el a\u00f1o pasado. Los trabajadores manifestaron que les adeudan los pagos de mayo y noviembre del a\u00f1o pasado, pese a que entregaron en tiempo y forma su\u2026","rel":"","context":"En &quot;Chihuahua&quot;","block_context":{"text":"Chihuahua","link":"https:\/\/www.grieta.org.mx\/index.php\/category\/noticias-nacionales\/chihuahua\/"},"img":{"alt_text":"","src":"https:\/\/i0.wp.com\/www.grieta.org.mx\/wp-content\/uploads\/2018\/08\/aero-trab.jpg?resize=350%2C200&ssl=1","width":350,"height":200,"srcset":"https:\/\/i0.wp.com\/www.grieta.org.mx\/wp-content\/uploads\/2018\/08\/aero-trab.jpg?resize=350%2C200&ssl=1 1x, https:\/\/i0.wp.com\/www.grieta.org.mx\/wp-content\/uploads\/2018\/08\/aero-trab.jpg?resize=525%2C300&ssl=1 1.5x, https:\/\/i0.wp.com\/www.grieta.org.mx\/wp-content\/uploads\/2018\/08\/aero-trab.jpg?resize=700%2C400&ssl=1 2x"},"classes":[]},{"id":32653,"url":"https:\/\/www.grieta.org.mx\/index.php\/2019\/04\/27\/reportan-5-casos-diarios-de-desnutricion-infantil-en-chihuahua\/","url_meta":{"origin":54373,"position":1},"title":"Reportan 5 casos diarios de desnutrici\u00f3n infantil en Chihuahua","author":"grieta","date":"27 abril, 2019","format":false,"excerpt":"En las primeras 15 semanas del 2019 van 586 consultas EL DIARIO Chihuahua.- En el estado de Chihuahua se registran cinco casos diarios por desnutrici\u00f3n en menores de 9 a\u00f1os de edad en las primeras 15 semanas del 2019 de acuerdo a los datos estad\u00edsticos de morbilidad proporcionados por la\u2026","rel":"","context":"En &quot;Chihuahua&quot;","block_context":{"text":"Chihuahua","link":"https:\/\/www.grieta.org.mx\/index.php\/category\/noticias-nacionales\/chihuahua\/"},"img":{"alt_text":"","src":"https:\/\/i0.wp.com\/www.grieta.org.mx\/wp-content\/uploads\/2019\/04\/desnutricion-infantil.jpg?resize=350%2C200&ssl=1","width":350,"height":200,"srcset":"https:\/\/i0.wp.com\/www.grieta.org.mx\/wp-content\/uploads\/2019\/04\/desnutricion-infantil.jpg?resize=350%2C200&ssl=1 1x, https:\/\/i0.wp.com\/www.grieta.org.mx\/wp-content\/uploads\/2019\/04\/desnutricion-infantil.jpg?resize=525%2C300&ssl=1 1.5x, https:\/\/i0.wp.com\/www.grieta.org.mx\/wp-content\/uploads\/2019\/04\/desnutricion-infantil.jpg?resize=700%2C400&ssl=1 2x"},"classes":[]},{"id":24217,"url":"https:\/\/www.grieta.org.mx\/index.php\/2018\/06\/26\/convoca-asamblea-popular-comunitaria-frente-vs-la-privatizacion-del-agua-chihuahua\/","url_meta":{"origin":54373,"position":2},"title":"Convoca Asamblea Popular Comunitaria frente vs la privatizaci\u00f3n del agua (Chihuahua)","author":"grieta","date":"26 junio, 2018","format":false,"excerpt":"Gustavo Ramos\/EL PUEBLO Ante el despojo de las empresas e industrias a comunidades, ejidos y zonas urbanas Al denunciar p\u00fablicamente de la concesi\u00f3n de un pozo comunitario a la filial de Coca-Cola en Sacramento Chihuahua, la Asamblea Popular Comunitaria convoc\u00f3 a los ciudadanos y organizaciones, conformar un frente contra la\u2026","rel":"","context":"En &quot;Chihuahua&quot;","block_context":{"text":"Chihuahua","link":"https:\/\/www.grieta.org.mx\/index.php\/category\/noticias-nacionales\/chihuahua\/"},"img":{"alt_text":"","src":"https:\/\/i0.wp.com\/www.grieta.org.mx\/wp-content\/uploads\/2018\/07\/Agua-chihuahua.jpg?resize=350%2C200&ssl=1","width":350,"height":200,"srcset":"https:\/\/i0.wp.com\/www.grieta.org.mx\/wp-content\/uploads\/2018\/07\/Agua-chihuahua.jpg?resize=350%2C200&ssl=1 1x, https:\/\/i0.wp.com\/www.grieta.org.mx\/wp-content\/uploads\/2018\/07\/Agua-chihuahua.jpg?resize=525%2C300&ssl=1 1.5x"},"classes":[]},{"id":53183,"url":"https:\/\/www.grieta.org.mx\/index.php\/2020\/09\/09\/acusan-a-guardia-nacional-de-asesinar-a-pareja-de-productores-en-chihuahua\/","url_meta":{"origin":54373,"position":3},"title":"Acusan a Guardia Nacional de asesinar a pareja de productores en Chihuahua","author":"grieta","date":"9 septiembre, 2020","format":false,"excerpt":"Reporte \u00cdndigo\/Indigo Staff Foto: Reporte \u00cdndigo Elementos de la Guardia Nacional fueron acusados de asesinar a una pareja de productores en Chihuahua que participaban en el enfrentamiento con los uniformados por el control de la presa La Boquilla. Productores agr\u00edcolas del sur del estado, en la localidad de Delicias, aseguran\u2026","rel":"","context":"En &quot;Chihuahua&quot;","block_context":{"text":"Chihuahua","link":"https:\/\/www.grieta.org.mx\/index.php\/category\/noticias-nacionales\/chihuahua\/"},"img":{"alt_text":"","src":"https:\/\/i0.wp.com\/www.grieta.org.mx\/wp-content\/uploads\/2020\/09\/Foto.jpg?resize=350%2C200&ssl=1","width":350,"height":200,"srcset":"https:\/\/i0.wp.com\/www.grieta.org.mx\/wp-content\/uploads\/2020\/09\/Foto.jpg?resize=350%2C200&ssl=1 1x, https:\/\/i0.wp.com\/www.grieta.org.mx\/wp-content\/uploads\/2020\/09\/Foto.jpg?resize=525%2C300&ssl=1 1.5x, https:\/\/i0.wp.com\/www.grieta.org.mx\/wp-content\/uploads\/2020\/09\/Foto.jpg?resize=700%2C400&ssl=1 2x"},"classes":[]},{"id":7038,"url":"https:\/\/www.grieta.org.mx\/index.php\/2015\/11\/20\/minera-canadiense-contamina-los-arroyos-de-la-sierra-de-chihuahua-en-riesgo-salud-de-los-habitantes\/","url_meta":{"origin":54373,"position":4},"title":"Minera canadiense contamina los arroyos de la sierra de Chihuahua, en riesgo salud de los habitantes","author":"grieta","date":"20 noviembre, 2015","format":false,"excerpt":"Revoluci\u00f3n Tres Punto Cero La minera canadiense Dia Bras Mexicana contamina los arroyos de la sierra de Chihuahua al desechar sus residuos t\u00f3xicos en \u00e9stas, lo que pone en riesgo la salud de las y los pobladores, de su ganado y animales de la regi\u00f3n, denunciaron habitantes del municipio de\u2026","rel":"","context":"En &quot;chihuahua&quot;","block_context":{"text":"chihuahua","link":"https:\/\/www.grieta.org.mx\/index.php\/category\/chihuahua\/"},"img":{"alt_text":"","src":"https:\/\/i0.wp.com\/www.grieta.org.mx\/wp-content\/uploads\/2018\/03\/14524434_1106112876131411_958039263622046936_o.jpg?resize=350%2C200&ssl=1","width":350,"height":200,"srcset":"https:\/\/i0.wp.com\/www.grieta.org.mx\/wp-content\/uploads\/2018\/03\/14524434_1106112876131411_958039263622046936_o.jpg?resize=350%2C200&ssl=1 1x, https:\/\/i0.wp.com\/www.grieta.org.mx\/wp-content\/uploads\/2018\/03\/14524434_1106112876131411_958039263622046936_o.jpg?resize=525%2C300&ssl=1 1.5x, https:\/\/i0.wp.com\/www.grieta.org.mx\/wp-content\/uploads\/2018\/03\/14524434_1106112876131411_958039263622046936_o.jpg?resize=700%2C400&ssl=1 2x"},"classes":[]},{"id":50898,"url":"https:\/\/www.grieta.org.mx\/index.php\/2020\/06\/11\/protestan-en-ojinaga-por-plan-para-enviar-agua-a-estados-unidos-chihuahua\/","url_meta":{"origin":54373,"position":5},"title":"Protestan en Ojinaga por plan para enviar agua a Estados Unidos (Chihuahua)","author":"grieta","date":"11 junio, 2020","format":false,"excerpt":"Proceso\/Patricia Mayorga CIUDAD DE M\u00c9XICO (apro).- Un grupo de productores y habitantes del municipio de Ojinaga tomaron el puente internacional de Presidio, Texas, y la caseta de la carretera a Chihuahua, e incendiaron tres veh\u00edculos del gobierno federal, frente a la presidencia municipal. Tambi\u00e9n retuvieron durante varias horas al delegado\u2026","rel":"","context":"En &quot;Chihuahua&quot;","block_context":{"text":"Chihuahua","link":"https:\/\/www.grieta.org.mx\/index.php\/category\/noticias-nacionales\/chihuahua\/"},"img":{"alt_text":"","src":"https:\/\/i0.wp.com\/www.grieta.org.mx\/wp-content\/uploads\/2020\/06\/ojinaga-3-870x459.jpg?resize=350%2C200&ssl=1","width":350,"height":200,"srcset":"https:\/\/i0.wp.com\/www.grieta.org.mx\/wp-content\/uploads\/2020\/06\/ojinaga-3-870x459.jpg?resize=350%2C200&ssl=1 1x, https:\/\/i0.wp.com\/www.grieta.org.mx\/wp-content\/uploads\/2020\/06\/ojinaga-3-870x459.jpg?resize=525%2C300&ssl=1 1.5x, https:\/\/i0.wp.com\/www.grieta.org.mx\/wp-content\/uploads\/2020\/06\/ojinaga-3-870x459.jpg?resize=700%2C400&ssl=1 2x"},"classes":[]}],"_links":{"self":[{"href":"https:\/\/www.grieta.org.mx\/index.php\/wp-json\/wp\/v2\/posts\/54373","targetHints":{"allow":["GET"]}}],"collection":[{"href":"https:\/\/www.grieta.org.mx\/index.php\/wp-json\/wp\/v2\/posts"}],"about":[{"href":"https:\/\/www.grieta.org.mx\/index.php\/wp-json\/wp\/v2\/types\/post"}],"author":[{"embeddable":true,"href":"https:\/\/www.grieta.org.mx\/index.php\/wp-json\/wp\/v2\/users\/2"}],"replies":[{"embeddable":true,"href":"https:\/\/www.grieta.org.mx\/index.php\/wp-json\/wp\/v2\/comments?post=54373"}],"version-history":[{"count":1,"href":"https:\/\/www.grieta.org.mx\/index.php\/wp-json\/wp\/v2\/posts\/54373\/revisions"}],"predecessor-version":[{"id":54379,"href":"https:\/\/www.grieta.org.mx\/index.php\/wp-json\/wp\/v2\/posts\/54373\/revisions\/54379"}],"wp:featuredmedia":[{"embeddable":true,"href":"https:\/\/www.grieta.org.mx\/index.php\/wp-json\/wp\/v2\/media\/54374"}],"wp:attachment":[{"href":"https:\/\/www.grieta.org.mx\/index.php\/wp-json\/wp\/v2\/media?parent=54373"}],"wp:term":[{"taxonomy":"category","embeddable":true,"href":"https:\/\/www.grieta.org.mx\/index.php\/wp-json\/wp\/v2\/categories?post=54373"},{"taxonomy":"post_tag","embeddable":true,"href":"https:\/\/www.grieta.org.mx\/index.php\/wp-json\/wp\/v2\/tags?post=54373"}],"curies":[{"name":"wp","href":"https:\/\/api.w.org\/{rel}","templated":true}]}}