{"id":54366,"date":"2020-10-16T21:20:49","date_gmt":"2020-10-17T02:20:49","guid":{"rendered":"http:\/\/www.grieta.org.mx\/?p=54366"},"modified":"2020-10-21T21:25:02","modified_gmt":"2020-10-22T02:25:02","slug":"tres-bebes-murieron-en-hospital-de-chihuahua-familias-acusan-negligencia","status":"publish","type":"post","link":"https:\/\/www.grieta.org.mx\/index.php\/2020\/10\/16\/tres-bebes-murieron-en-hospital-de-chihuahua-familias-acusan-negligencia\/","title":{"rendered":"Tres beb\u00e9s murieron en hospital de Chihuahua. Familias acusan negligencia"},"content":{"rendered":"<p><em>Tres beb\u00e9s murieron casi al nacer en el Hospital de la Familia, un hospital privado en Chihuahua. Las familias se encontraron en el duelo y decidieron iniciar un proceso para obtener justicia<\/em><\/p>\n<p>Texto y fotos:\u00a0Karen Cano<\/p>\n<p>Tras nueve meses de gestaci\u00f3n, Jos\u00e9 Jasiel naci\u00f3 el 10 de mayo del 2020 en el Hospital de la Familia (FEMAP), pero muri\u00f3 casi de inmediato. Sus padres acusan al nosocomio de negligencia m\u00e9dica y exigen justicia para su hijo.<\/p>\n<p>Cuando el beb\u00e9 asom\u00f3 su cabeza por entre las piernas de su madre el doctor que atend\u00eda el parto lo empuj\u00f3 y lo devolvi\u00f3 al \u00fatero, porque a\u00fan no se encontraban en el quir\u00f3fano. Con su acci\u00f3n le provoc\u00f3 la muerte por asfixia, denuncian la mam\u00e1 y el pap\u00e1 del ni\u00f1o.<\/p>\n<p>\u201cHasta me grit\u00f3, cuando \u00e9l regres\u00f3 al beb\u00e9 me cerr\u00f3 las piernas y me dijo que no las abriera y que no pujara, que ah\u00ed no era para aliviarme, que ten\u00eda que esperarme a entrar a quir\u00f3fano, pero yo ya no aguantaba, lo agarr\u00e9 y \u00e9l se enoj\u00f3 y me dijo que lo soltara.<\/p>\n<p>\u201cCuando ya naci\u00f3 el beb\u00e9 empez\u00f3 a gritarles a todos que se apuraran, que vinieran a cortar el cord\u00f3n y ya se fueron, y ah\u00ed me dejaron con hemorragia, ya hasta despu\u00e9s volvieron por m\u00ed y como a los 10 minutos me dijeron que ya hab\u00eda fallecido, que supuestamente hab\u00eda estado 20 minutos vivo, pero eso no es cierto\u201d, relata Johany Salas, de 21 a\u00f1os, mam\u00e1 de Jos\u00e9 Jasiel.<\/p>\n<p>Ella y su marido ahora reclama justicia por su hijo. Lo hacen junto a otras dos familias que tambi\u00e9n culpan de negligencia al hospital de Femap por la muerte de sus beb\u00e9s durante el parto: otro ni\u00f1o y una ni\u00f1a. Una familia m\u00e1s denuncia da\u00f1o cerebral para su hija durante el nacimiento.<\/p>\n<figure class=\"wp-block-image size-large\"><img loading=\"lazy\" decoding=\"async\" class=\"wp-image-47831\" src=\"https:\/\/piedepagina.mx\/wp-content\/uploads\/2020\/10\/Foto-negligencia_femap_denuncia_karen-cano.jpg\" sizes=\"auto, (max-width: 850px) 100vw, 850px\" srcset=\"https:\/\/piedepagina.mx\/wp-content\/uploads\/2020\/10\/Foto-negligencia_femap_denuncia_karen-cano.jpg 850w, https:\/\/piedepagina.mx\/wp-content\/uploads\/2020\/10\/Foto-negligencia_femap_denuncia_karen-cano-480x300.jpg 480w, https:\/\/piedepagina.mx\/wp-content\/uploads\/2020\/10\/Foto-negligencia_femap_denuncia_karen-cano-768x480.jpg 768w\" alt=\"\" width=\"850\" height=\"531\" \/><\/figure>\n<h3>Organizarse para denunciar<\/h3>\n<p>Las cuatro familias decidieron unirse y buscar que se haga justicia para sus hijos. Este mi\u00e9rcoles un par de abogados acudieron en su representaci\u00f3n a la Comisi\u00f3n Estatal de los Derechos Humanos (CEDH) en Ciudad Ju\u00e1rez para interponer una queja en contra de la instituci\u00f3n m\u00e9dica.<\/p>\n<p>\u201cAunque se trata de un hospital privado, no est\u00e1 exento de supervisi\u00f3n, por lo cual se tiene que realizar justicia al respecto y que se le apliquen las sanciones debidas por parte del Servicio Estatal de Salud\u201d, declar\u00f3 Carlos Guti\u00e9rrez Casas, abogado y uno de los asesores de este grupo de padres y madres.<\/p>\n<p>Ante las acusaciones,\u00a0<strong>La Verdad<\/strong>\u00a0busc\u00f3 la postura del hospital de FEMAP, sin embargo, a trav\u00e9s del departamento de Trabajo Social se respondi\u00f3 que el responsable de atenci\u00f3n a medios se encontraba incapacitado, por lo que no se dar\u00edan declaraciones al respecto.<\/p>\n<figure class=\"wp-block-image size-large\"><img loading=\"lazy\" decoding=\"async\" class=\"wp-image-47830\" src=\"https:\/\/piedepagina.mx\/wp-content\/uploads\/2020\/10\/Foto-negligencia_femap_papas-2_karen-cano.jpg\" sizes=\"auto, (max-width: 850px) 100vw, 850px\" srcset=\"https:\/\/piedepagina.mx\/wp-content\/uploads\/2020\/10\/Foto-negligencia_femap_papas-2_karen-cano.jpg 850w, https:\/\/piedepagina.mx\/wp-content\/uploads\/2020\/10\/Foto-negligencia_femap_papas-2_karen-cano-480x300.jpg 480w, https:\/\/piedepagina.mx\/wp-content\/uploads\/2020\/10\/Foto-negligencia_femap_papas-2_karen-cano-768x480.jpg 768w\" alt=\"\" width=\"850\" height=\"531\" \/><\/figure>\n<h3>Duelo el D\u00eda de las madres<\/h3>\n<p>El D\u00eda de las madres Johany lleg\u00f3 al Hospital de la Familia (FEMAP) a las siete de la tarde, acompa\u00f1ada de su marido, Jos\u00e9 Enr\u00edquez de 43 a\u00f1os.<\/p>\n<p>Todo estaba en orden para la pareja, quienes aseguran que mes a mes daban seguimiento m\u00e9dico a la gestaci\u00f3n de su segundo hijo, su primog\u00e9nita tiene cinco a\u00f1os.<\/p>\n<p>Jos\u00e9 explica que apenas llegando al hospital le pidieron a su esposa que se pusiera a caminar, pues consideraban que a\u00fan faltaba para que iniciara el alumbramiento; mientras eso ocurr\u00eda, a \u00e9l le cobraron por adelantado los servicios que se le iban a prestar.<\/p>\n<p>\u201cEl doctor S\u00e1enz que atendi\u00f3 el parto me pidi\u00f3 el pago por adelantado, le dije que me diera unas horas para completarlo, \u00e9l se molest\u00f3 y me exigi\u00f3 el deposito dos veces, quiero pensar que por eso hizo el acto, tal vez pens\u00f3 que no le \u00edbamos a pagar\u201d, relata Jos\u00e9.<\/p>\n<p>Al momento de estar ah\u00ed, Johany se percat\u00f3 que otra de las madres atendidas en labor de parto era trabajadora del hospital, y sinti\u00f3 que todas las atenciones se volcaron hacia ella, siendo este otro factor que les dej\u00f3 con la percepci\u00f3n de que no fueron debidamente atendidos.<\/p>\n<p>\u201cNosotros siempre vimos que el beb\u00e9 se mov\u00eda (en el vientre), nunca hubo una complicaci\u00f3n, ah\u00ed le pusieron que muerte por asfixia al nacer, yo les dije que no concuerdo con eso porque yo lo vi 9 meses y ella nunca se complic\u00f3, no coincide. De hecho, a m\u00ed (el doctor) me rega\u00f1\u00f3, de que no la llevaba a revisar y me pregunt\u00f3 qu\u00e9 si ten\u00eda ultrasonidos, y le dije que s\u00ed\u201d.<\/p>\n<p>Mientras Jos\u00e9 terminaba de reunir el dinero que le estaba siendo solicitado, dice que recibi\u00f3 la noticia de que su beb\u00e9 hab\u00eda nacido y que a los minutos hab\u00eda muerto, presuntamente por problemas en su sistema respiratorio.<\/p>\n<p>\u201cSe contradijeron todos, ah\u00ed le pusieron que 20 minutos vivo (en el acta de defunci\u00f3n), a m\u00ed me dijeron que naci\u00f3 a las 9:55 y que muri\u00f3 a las 10, y la versi\u00f3n que me dio el doctor es que ten\u00eda problemas respiratorios\u201d, relata el hombre.<\/p>\n<p>Luego de escuchar la versi\u00f3n de su esposa, ambos tuvieron la certeza de que lo que hab\u00eda ocurrido era una negligencia, comenta durante la conferencia de prensa donde anunciaron la queja que interpusieron ante la CEDH contra el hospital.<\/p>\n<p>En medio de su duelo, dice que en junio pasado tuvieron conocimiento, a trav\u00e9s de redes sociales, de una madre que tambi\u00e9n tuvo su parto dentro del mismo hospital, y que denunciaba malos tratos y omisiones.<\/p>\n<p>En su caso, ella decidi\u00f3 firmar su acta voluntaria y llamar una ambulancia para llevar a su hija reci\u00e9n nacida y a\u00fan con vida a otro nosocomio donde fue atendida.<\/p>\n<p>Sin embargo, debido a la presunta falta de atenci\u00f3n en el alumbramiento, la ni\u00f1a tuvo problemas con la oxigenaci\u00f3n y ahora tiene una discapacidad, raz\u00f3n por la cual tendr\u00e1 que ser atendida de por vida con terapias especiales.<\/p>\n<p>Al mensaje de la mam\u00e1 de la beb\u00e9 que qued\u00f3 con secuelas por el trato que recibi\u00f3 durante el parto en el Hospital de la Familia respondieron otras dos familias de otros dos beb\u00e9s que tambi\u00e9n murieron en medio de una serie de supuestas irregularidades, en marzo y en junio.<\/p>\n<p>Las cuatro familias decidieron unirse y buscar justicia para sus hijos. Este mi\u00e9rcoles 14 de octubre, un par de abogados acudieron en su representaci\u00f3n a la Comisi\u00f3n Estatal de los Derechos Humanos para interponer una queja en contra de la instituci\u00f3n.<\/p>\n<figure class=\"wp-block-image size-large\"><img loading=\"lazy\" decoding=\"async\" data-attachment-id=\"47829\" data-permalink=\"https:\/\/www.grieta.org.mx\/index.php\/2020\/04\/14\/familiares-de-internos-del-penal-de-cuautitlan-estado-de-mexico-enfrentan-a-policias\/cuauti\/\" data-orig-file=\"https:\/\/www.grieta.org.mx\/wp-content\/uploads\/2020\/04\/cuauti.jpg\" data-orig-size=\"275,183\" data-comments-opened=\"0\" data-image-meta=\"{&quot;aperture&quot;:&quot;0&quot;,&quot;credit&quot;:&quot;&quot;,&quot;camera&quot;:&quot;&quot;,&quot;caption&quot;:&quot;&quot;,&quot;created_timestamp&quot;:&quot;0&quot;,&quot;copyright&quot;:&quot;&quot;,&quot;focal_length&quot;:&quot;0&quot;,&quot;iso&quot;:&quot;0&quot;,&quot;shutter_speed&quot;:&quot;0&quot;,&quot;title&quot;:&quot;&quot;,&quot;orientation&quot;:&quot;0&quot;}\" data-image-title=\"cuauti\" data-image-description=\"\" data-image-caption=\"\" data-medium-file=\"https:\/\/www.grieta.org.mx\/wp-content\/uploads\/2020\/04\/cuauti.jpg\" data-large-file=\"https:\/\/www.grieta.org.mx\/wp-content\/uploads\/2020\/04\/cuauti.jpg\" class=\"wp-image-47829\" src=\"https:\/\/piedepagina.mx\/wp-content\/uploads\/2020\/10\/Foto-negligencia_femap_papas-1_karen-cano.jpg\" sizes=\"auto, (max-width: 850px) 100vw, 850px\" srcset=\"https:\/\/piedepagina.mx\/wp-content\/uploads\/2020\/10\/Foto-negligencia_femap_papas-1_karen-cano.jpg 850w, https:\/\/piedepagina.mx\/wp-content\/uploads\/2020\/10\/Foto-negligencia_femap_papas-1_karen-cano-480x300.jpg 480w, https:\/\/piedepagina.mx\/wp-content\/uploads\/2020\/10\/Foto-negligencia_femap_papas-1_karen-cano-768x480.jpg 768w\" alt=\"\" width=\"850\" height=\"531\" \/><\/figure>\n<h3><strong>Morir al nacer<\/strong><\/h3>\n<p>Otro de los beb\u00e9s que muri\u00f3 fue Ulises, \u00e9l no alcanz\u00f3 a nacer. Su madre, una menor de edad, narra que durante la ma\u00f1ana del d\u00eda de nacimiento se le rompi\u00f3 la fuente, por lo que acudi\u00f3 al hospital con su esposo.<\/p>\n<p>Toda la tarde de ese d\u00eda estuvo en labor de parto, luego dur\u00f3 toda la madrugada con 8 de dilataci\u00f3n. Fue hasta la ma\u00f1ana del d\u00eda siguiente cuando alguien lleg\u00f3 y reviso al beb\u00e9 a\u00fan dentro del vientre.<\/p>\n<p>Durante la revisi\u00f3n m\u00e9dica se determin\u00f3 que su frecuencia cardiaca variaba y que ella ya se encontraba muy fatigada; su beb\u00e9 tuvo que salir por la fuerza, sin embargo, fue reportado como muerto al nacer. A ella le dijeron que su hijo falleci\u00f3 porque hab\u00eda comido excremento.<\/p>\n<p>Esto mientras que, al padre, que no abandon\u00f3 el hospital, se le inform\u00f3 que el cord\u00f3n umbilical hab\u00eda perdido comunicaci\u00f3n con la madre lo que provoc\u00f3 la muerte del beb\u00e9. Para ambos, esta es una irregularidad que muestra una negligencia.<\/p>\n<p>Durante la conferencia de prensa se denunci\u00f3 que tres de los cuatro partos exhibidos ocurrieron durante la madrugada, y que consideran que las madres no fueron atendidas a tiempo ni de forma debida porque el hospital no contaba con un doctor de guardia.<\/p>\n<p>Carlos Guti\u00e9rrez Casas, uno de los asesores de este grupo de padres y madres, dijo que la intenci\u00f3n es llevar estos casos a todas las instancias disponibles, para que se cuestione y sancione el proceder del personal del hospital.<\/p>\n<p>Otro de los abogados de los casos, Aar\u00f3n Gonz\u00e1lez, dice que el primer acercamiento fue con el FEMAP, pero ellos s\u00f3lo se limitaron a ofrecer atenci\u00f3n psicol\u00f3gica a los padres de familia, la cual fue rechazada.<\/p>\n<p>Guti\u00e9rrez Casas comenta que el nosocomio de FEMAP se ostenta como un organismo altruista, y que de hecho recibe donaciones por parte del estado, por lo que con m\u00e1s raz\u00f3n es necesario una vigilancia de su actuar hacia los pacientes, especialmente en el caso de estas v\u00edctimas.<\/p>\n<p>\u201cTodo esto sucedi\u00f3 porque no existen los protocolos debidos, no los cumplieron o no sabemos si quiera si los tienen\u201d afirma.<\/p>\n<p>En compa\u00f1\u00eda de algunos de los padres de los beb\u00e9s exigi\u00f3 p\u00fablicamente a la CEDH que no evada su responsabilidad para proteger a un hospital privado.<\/p>\n<p>\u201cSabemos qui\u00e9n lo administra, pertenece a una familia poderosa y por lo cual no permitiremos de ninguna manera que queden absueltos o impunes en esta situaci\u00f3n de la que hablamos\u201d, afirma sin abundar en nombre.<\/p>\n<p>En la p\u00e1gina electr\u00f3nica del nosocomio aparece como presidenta vitalicia Guadalupe Arizpe de De la Vega, quien es mam\u00e1 de Alejandra de la Vega Arizpe, empresaria y secretaria de Innovaci\u00f3n y Desarrollo Econ\u00f3mico en el gobernador Javier Corral Jurado, quien al igual que su hermana Guadalupe aparece como parte del consejo directivo de esta instituci\u00f3n m\u00e9dica.<\/p>\n<p>Toda esa historia es ajena para Jos\u00e9, pap\u00e1 de Jos\u00e9 Jasiel, quien dice a\u00fan no supera el duelo por la muerte de su beb\u00e9.<\/p>\n<p>Se le cuestiona si con su denuncia busca una indemnizaci\u00f3n, pero el hombre asegura que solo quiere que su sufrimiento no se repita en otros padres.<\/p>\n<p>Aunque asegura que la situaci\u00f3n gener\u00f3 a su familia gastos no contemplados como los pagos por servicios funerarios y de sepultura, m\u00e1s que una compensaci\u00f3n monetaria lo que quieren es que otras familias no pasen por el dolor que su esposa y \u00e9l est\u00e1n viviendo.<\/p>\n<p>\u201cQue corran al doctor a m\u00ed no me sirve de nada, a nosotros no se nos puede reparar el da\u00f1o, pero a otras familias si puede ayudarles (que lo quiten)\u201d, dice.<\/p>\n<blockquote class=\"wp-embedded-content\" data-secret=\"bLEpJmnizw\"><p><a href=\"https:\/\/piedepagina.mx\/tres-bebes-murieron-en-hospital-de-chihuahua-acusan-negligencia\/\">Tres beb\u00e9s murieron en hospital de Chihuahua. Familias acusan negligencia<\/a><\/p><\/blockquote>\n<p><iframe loading=\"lazy\" class=\"wp-embedded-content\" sandbox=\"allow-scripts\" security=\"restricted\" style=\"position: absolute; clip: rect(1px, 1px, 1px, 1px);\" title=\"\u00abTres beb\u00e9s murieron en hospital de Chihuahua. Familias acusan negligencia\u00bb \u2014 Pie de P\u00e1gina\" src=\"https:\/\/piedepagina.mx\/tres-bebes-murieron-en-hospital-de-chihuahua-acusan-negligencia\/embed\/#?secret=bLEpJmnizw\" data-secret=\"bLEpJmnizw\" width=\"600\" height=\"338\" frameborder=\"0\" marginwidth=\"0\" marginheight=\"0\" scrolling=\"no\"><\/iframe><\/p>\n","protected":false},"excerpt":{"rendered":"<p>Tres beb\u00e9s murieron casi al nacer en el Hospital de la Familia, un hospital privado en Chihuahua. Las familias se encontraron en el duelo y decidieron iniciar un proceso para &hellip; <a href=\"https:\/\/www.grieta.org.mx\/index.php\/2020\/10\/16\/tres-bebes-murieron-en-hospital-de-chihuahua-familias-acusan-negligencia\/\" class=\"more-link\">Leer m\u00e1s<\/a><\/p>\n","protected":false},"author":2,"featured_media":54367,"comment_status":"closed","ping_status":"closed","sticky":false,"template":"","format":"standard","meta":{"ngg_post_thumbnail":0,"_jetpack_newsletter_access":"","_jetpack_dont_email_post_to_subs":false,"_jetpack_newsletter_tier_id":0,"_jetpack_memberships_contains_paywalled_content":false,"_jetpack_memberships_contains_paid_content":false,"footnotes":""},"categories":[12,2184],"tags":[3133],"class_list":["post-54366","post","type-post","status-publish","format-standard","has-post-thumbnail","hentry","category-chihuahua","category-criminalizacion-de-la-pobreza-en-chihuahua","tag-crisis-del-sector-salud","entry"],"jetpack_featured_media_url":"https:\/\/www.grieta.org.mx\/wp-content\/uploads\/2020\/10\/Foto-negligencia_femap_papas_karen-cano.jpg","jetpack_sharing_enabled":true,"jetpack_shortlink":"https:\/\/wp.me\/p7ZJR4-e8S","jetpack_likes_enabled":false,"jetpack-related-posts":[{"id":46060,"url":"https:\/\/www.grieta.org.mx\/index.php\/2020\/03\/03\/mueren-dos-bebes-en-hospital-en-tampico-padres-acusan-que-fue-por-bacterias-tamaulipas\/","url_meta":{"origin":54366,"position":0},"title":"Mueren dos beb\u00e9s en hospital en Tampico; padres acusan que fue por bacterias (Tamaulipas)","author":"grieta","date":"3 marzo, 2020","format":false,"excerpt":"Jes\u00fas Alberto Garc\u00eda\/Milenio 3 marzo 2020 Los padres reportaron la presencia de supuestas bacterias al interior del \u00e1rea de Uncin, la cual mantiene a una decena de beb\u00e9s en graves condiciones de salud. Dos beb\u00e9s perdieron la vida al interior del Hospital General de Tampico \u201cDr. Carlos Canseco\u201d debido a\u2026","rel":"","context":"En &quot;CINTILLO&quot;","block_context":{"text":"CINTILLO","link":"https:\/\/www.grieta.org.mx\/index.php\/category\/cintillo\/"},"img":{"alt_text":"","src":"https:\/\/i0.wp.com\/www.grieta.org.mx\/wp-content\/uploads\/2020\/03\/hospital-dr-carlos-canseco-tampico-2_9_0_940_583.jpg?resize=350%2C200&ssl=1","width":350,"height":200,"srcset":"https:\/\/i0.wp.com\/www.grieta.org.mx\/wp-content\/uploads\/2020\/03\/hospital-dr-carlos-canseco-tampico-2_9_0_940_583.jpg?resize=350%2C200&ssl=1 1x, https:\/\/i0.wp.com\/www.grieta.org.mx\/wp-content\/uploads\/2020\/03\/hospital-dr-carlos-canseco-tampico-2_9_0_940_583.jpg?resize=525%2C300&ssl=1 1.5x, https:\/\/i0.wp.com\/www.grieta.org.mx\/wp-content\/uploads\/2020\/03\/hospital-dr-carlos-canseco-tampico-2_9_0_940_583.jpg?resize=700%2C400&ssl=1 2x"},"classes":[]},{"id":53183,"url":"https:\/\/www.grieta.org.mx\/index.php\/2020\/09\/09\/acusan-a-guardia-nacional-de-asesinar-a-pareja-de-productores-en-chihuahua\/","url_meta":{"origin":54366,"position":1},"title":"Acusan a Guardia Nacional de asesinar a pareja de productores en Chihuahua","author":"grieta","date":"9 septiembre, 2020","format":false,"excerpt":"Reporte \u00cdndigo\/Indigo Staff Foto: Reporte \u00cdndigo Elementos de la Guardia Nacional fueron acusados de asesinar a una pareja de productores en Chihuahua que participaban en el enfrentamiento con los uniformados por el control de la presa La Boquilla. Productores agr\u00edcolas del sur del estado, en la localidad de Delicias, aseguran\u2026","rel":"","context":"En &quot;Chihuahua&quot;","block_context":{"text":"Chihuahua","link":"https:\/\/www.grieta.org.mx\/index.php\/category\/noticias-nacionales\/chihuahua\/"},"img":{"alt_text":"","src":"https:\/\/i0.wp.com\/www.grieta.org.mx\/wp-content\/uploads\/2020\/09\/Foto.jpg?resize=350%2C200&ssl=1","width":350,"height":200,"srcset":"https:\/\/i0.wp.com\/www.grieta.org.mx\/wp-content\/uploads\/2020\/09\/Foto.jpg?resize=350%2C200&ssl=1 1x, https:\/\/i0.wp.com\/www.grieta.org.mx\/wp-content\/uploads\/2020\/09\/Foto.jpg?resize=525%2C300&ssl=1 1.5x, https:\/\/i0.wp.com\/www.grieta.org.mx\/wp-content\/uploads\/2020\/09\/Foto.jpg?resize=700%2C400&ssl=1 2x"},"classes":[]},{"id":67972,"url":"https:\/\/www.grieta.org.mx\/index.php\/2023\/10\/21\/67972\/","url_meta":{"origin":54366,"position":2},"title":"A m\u00e1s de 30 a\u00f1os\u2026","author":"grieta","date":"21 octubre, 2023","format":false,"excerpt":"A m\u00e1s de 30 a\u00f1os de que se empezaron a documentar los asesinatos de mujeres en Chihuahua y Ciudad Ju\u00e1rez, cientos de familias de v\u00edctimas a\u00fan no tienen acceso a la justicia Feminicidios: Paula y Julia, primeras v\u00edctimas, \u00edconos de la lucha por justicia en Ciudad Ju\u00e1rez.A m\u00e1s de 30\u2026","rel":"","context":"En &quot;Chihuahua&quot;","block_context":{"text":"Chihuahua","link":"https:\/\/www.grieta.org.mx\/index.php\/category\/noticias-nacionales\/chihuahua\/"},"img":{"alt_text":"","src":"https:\/\/i0.wp.com\/www.grieta.org.mx\/wp-content\/uploads\/2023\/10\/imagen.jpg?resize=350%2C200&ssl=1","width":350,"height":200,"srcset":"https:\/\/i0.wp.com\/www.grieta.org.mx\/wp-content\/uploads\/2023\/10\/imagen.jpg?resize=350%2C200&ssl=1 1x, https:\/\/i0.wp.com\/www.grieta.org.mx\/wp-content\/uploads\/2023\/10\/imagen.jpg?resize=525%2C300&ssl=1 1.5x, https:\/\/i0.wp.com\/www.grieta.org.mx\/wp-content\/uploads\/2023\/10\/imagen.jpg?resize=700%2C400&ssl=1 2x"},"classes":[]},{"id":48012,"url":"https:\/\/www.grieta.org.mx\/index.php\/2020\/04\/20\/exigen-justicia-por-multihomicidio-en-la-tarahumara-chihuahua\/","url_meta":{"origin":54366,"position":3},"title":"Exigen justicia por multihomicidio en la Tarahumara (Chihuahua)","author":"grieta","date":"20 abril, 2020","format":false,"excerpt":"Patricia Mayorga (Proceso) Foto tomada de SinEmbargo CIUDAD DE M\u00c9XICO (apro).- .\u00a0El obispo de la Tarahumara, Juan Manuel Gonz\u00e1lez Sandoval, exigi\u00f3 justicia y pidi\u00f3 que las autoridades ejerzan su trabajo para dar una respuesta pronta y eficaz a las familias de las v\u00edctimas que fueron asesinadas por un grupo armado\u2026","rel":"","context":"En &quot;Chihuahua&quot;","block_context":{"text":"Chihuahua","link":"https:\/\/www.grieta.org.mx\/index.php\/category\/noticias-nacionales\/chihuahua\/"},"img":{"alt_text":"","src":"https:\/\/i0.wp.com\/www.grieta.org.mx\/wp-content\/uploads\/2020\/04\/foto-principal-1024x683.jpg?resize=350%2C200&ssl=1","width":350,"height":200,"srcset":"https:\/\/i0.wp.com\/www.grieta.org.mx\/wp-content\/uploads\/2020\/04\/foto-principal-1024x683.jpg?resize=350%2C200&ssl=1 1x, https:\/\/i0.wp.com\/www.grieta.org.mx\/wp-content\/uploads\/2020\/04\/foto-principal-1024x683.jpg?resize=525%2C300&ssl=1 1.5x, https:\/\/i0.wp.com\/www.grieta.org.mx\/wp-content\/uploads\/2020\/04\/foto-principal-1024x683.jpg?resize=700%2C400&ssl=1 2x, https:\/\/i0.wp.com\/www.grieta.org.mx\/wp-content\/uploads\/2020\/04\/foto-principal-1024x683.jpg?resize=1050%2C600&ssl=1 3x"},"classes":[]},{"id":19770,"url":"https:\/\/www.grieta.org.mx\/index.php\/2016\/08\/16\/en-menos-de-un-ano-murieron-54-bebes-en-el-imss-de-sinaloa\/","url_meta":{"origin":54366,"position":4},"title":"En menos de un a\u00f1o murieron 54 beb\u00e9s en el IMSS de Sinaloa","author":"grieta","date":"16 agosto, 2016","format":false,"excerpt":"Son 54 los beb\u00e9s que han muerto en el hospital general regional n\u00famero uno del Instituto Mexicano del Seguro Social (IMSS) de Culiac\u00e1n, Sinaloa entre diciembre de 2014 y octubre de 2015, asegur\u00f3 Francisco Javier Cortez Mora, padre de uno de los infantes que perdieron la vida en dicha instancia\u2026","rel":"","context":"En &quot;CINTILLO&quot;","block_context":{"text":"CINTILLO","link":"https:\/\/www.grieta.org.mx\/index.php\/category\/cintillo\/"},"img":{"alt_text":"","src":"https:\/\/i0.wp.com\/www.grieta.org.mx\/wp-content\/uploads\/2018\/03\/14524434_1106112876131411_958039263622046936_o.jpg?resize=350%2C200&ssl=1","width":350,"height":200,"srcset":"https:\/\/i0.wp.com\/www.grieta.org.mx\/wp-content\/uploads\/2018\/03\/14524434_1106112876131411_958039263622046936_o.jpg?resize=350%2C200&ssl=1 1x, https:\/\/i0.wp.com\/www.grieta.org.mx\/wp-content\/uploads\/2018\/03\/14524434_1106112876131411_958039263622046936_o.jpg?resize=525%2C300&ssl=1 1.5x, https:\/\/i0.wp.com\/www.grieta.org.mx\/wp-content\/uploads\/2018\/03\/14524434_1106112876131411_958039263622046936_o.jpg?resize=700%2C400&ssl=1 2x"},"classes":[]},{"id":63919,"url":"https:\/\/www.grieta.org.mx\/index.php\/2022\/03\/25\/caminan-en-chihuahua-por-los-desaparecidos\/","url_meta":{"origin":54366,"position":5},"title":"Caminan en Chihuahua por los desaparecidos","author":"grieta","date":"25 marzo, 2022","format":false,"excerpt":"En reiteradas ocasiones, familiares de desparecidos han pedido una reuni\u00f3n con el fiscal general del Estado, Roberto Fierro. Pero desde que asumi\u00f3 al cargo, 6 meses atr\u00e1s no los ha recibido. Texto: Daniela Rea\/Pie de P\u00e1gina Fotos: CEDHEM CIUDAD DE M\u00c9XICO.- Este viernes familiares de personas desaparecidas de Chihuahua arrancaron\u2026","rel":"","context":"En &quot;Chihuahua&quot;","block_context":{"text":"Chihuahua","link":"https:\/\/www.grieta.org.mx\/index.php\/category\/noticias-nacionales\/chihuahua\/"},"img":{"alt_text":"","src":"https:\/\/i0.wp.com\/www.grieta.org.mx\/wp-content\/uploads\/2022\/04\/desaparecidos1_chihuahua_CEDEHM-1.jpg?resize=350%2C200&ssl=1","width":350,"height":200,"srcset":"https:\/\/i0.wp.com\/www.grieta.org.mx\/wp-content\/uploads\/2022\/04\/desaparecidos1_chihuahua_CEDEHM-1.jpg?resize=350%2C200&ssl=1 1x, https:\/\/i0.wp.com\/www.grieta.org.mx\/wp-content\/uploads\/2022\/04\/desaparecidos1_chihuahua_CEDEHM-1.jpg?resize=525%2C300&ssl=1 1.5x, https:\/\/i0.wp.com\/www.grieta.org.mx\/wp-content\/uploads\/2022\/04\/desaparecidos1_chihuahua_CEDEHM-1.jpg?resize=700%2C400&ssl=1 2x"},"classes":[]}],"_links":{"self":[{"href":"https:\/\/www.grieta.org.mx\/index.php\/wp-json\/wp\/v2\/posts\/54366","targetHints":{"allow":["GET"]}}],"collection":[{"href":"https:\/\/www.grieta.org.mx\/index.php\/wp-json\/wp\/v2\/posts"}],"about":[{"href":"https:\/\/www.grieta.org.mx\/index.php\/wp-json\/wp\/v2\/types\/post"}],"author":[{"embeddable":true,"href":"https:\/\/www.grieta.org.mx\/index.php\/wp-json\/wp\/v2\/users\/2"}],"replies":[{"embeddable":true,"href":"https:\/\/www.grieta.org.mx\/index.php\/wp-json\/wp\/v2\/comments?post=54366"}],"version-history":[{"count":1,"href":"https:\/\/www.grieta.org.mx\/index.php\/wp-json\/wp\/v2\/posts\/54366\/revisions"}],"predecessor-version":[{"id":54368,"href":"https:\/\/www.grieta.org.mx\/index.php\/wp-json\/wp\/v2\/posts\/54366\/revisions\/54368"}],"wp:featuredmedia":[{"embeddable":true,"href":"https:\/\/www.grieta.org.mx\/index.php\/wp-json\/wp\/v2\/media\/54367"}],"wp:attachment":[{"href":"https:\/\/www.grieta.org.mx\/index.php\/wp-json\/wp\/v2\/media?parent=54366"}],"wp:term":[{"taxonomy":"category","embeddable":true,"href":"https:\/\/www.grieta.org.mx\/index.php\/wp-json\/wp\/v2\/categories?post=54366"},{"taxonomy":"post_tag","embeddable":true,"href":"https:\/\/www.grieta.org.mx\/index.php\/wp-json\/wp\/v2\/tags?post=54366"}],"curies":[{"name":"wp","href":"https:\/\/api.w.org\/{rel}","templated":true}]}}